{"id":3489,"date":"2018-07-25T18:31:06","date_gmt":"2018-07-25T21:31:06","guid":{"rendered":"https:\/\/www.greenpeace.org\/brasil\/?p=3489"},"modified":"2019-11-06T05:20:28","modified_gmt":"2019-11-06T08:20:28","slug":"greenpeace-e-cimi-denunciam-mais-de-10-mil-hectares-de-floresta-ja-foram-destruidos-na-terra-indigena-karipuna","status":"publish","type":"post","link":"https:\/\/www.greenpeace.org\/brasil\/blog\/greenpeace-e-cimi-denunciam-mais-de-10-mil-hectares-de-floresta-ja-foram-destruidos-na-terra-indigena-karipuna\/","title":{"rendered":"Mais de 10 mil hectares de  floresta j\u00e1 foram destru\u00eddos na Terra Ind\u00edgena Karipuna"},"content":{"rendered":"<h4>Ap\u00f3s sobrevoo, Greenpeace e Cimi apresentaram uma den\u00fancia ao MPF com imagens que comprovam que a destrui\u00e7\u00e3o \u00e9 quase quatro vezes maior do que os dados oficiais mostram<\/h4>\n<div id=\"attachment_3499\" style=\"width: 1034px\" class=\"wp-caption alignnone\"><img loading=\"lazy\" decoding=\"async\" aria-describedby=\"caption-attachment-3499\" class=\"wp-image-3499 size-large\" src=\"https:\/\/www.greenpeace.org\/static\/planet4-brasil-stateless\/2018\/07\/12-sobrevoo-junho-2018_Christian-Braga-1024x684.jpg\" alt=\"\" width=\"1024\" height=\"684\" srcset=\"https:\/\/www.greenpeace.org\/static\/planet4-brasil-stateless\/2018\/07\/12-sobrevoo-junho-2018_Christian-Braga-1024x684.jpg 1024w, https:\/\/www.greenpeace.org\/static\/planet4-brasil-stateless\/2018\/07\/12-sobrevoo-junho-2018_Christian-Braga-300x200.jpg 300w, https:\/\/www.greenpeace.org\/static\/planet4-brasil-stateless\/2018\/07\/12-sobrevoo-junho-2018_Christian-Braga-768x513.jpg 768w, https:\/\/www.greenpeace.org\/static\/planet4-brasil-stateless\/2018\/07\/12-sobrevoo-junho-2018_Christian-Braga-2046x1366.jpg 2046w, https:\/\/www.greenpeace.org\/static\/planet4-brasil-stateless\/2018\/07\/12-sobrevoo-junho-2018_Christian-Braga-510x340.jpg 510w\" sizes=\"auto, (max-width: 1024px) 100vw, 1024px\" \/><p id=\"caption-attachment-3499\" class=\"wp-caption-text\">Sobrevoo permitiu verificar a intensifica\u00e7\u00e3o da degrada\u00e7\u00e3o do territ\u00f3rio &#8211; a floresta est\u00e1 sendo destru\u00edda silenciosamente<\/p><\/div>\n<p>Neste m\u00eas de julho, o <strong>Greenpeace<\/strong> e o <strong>Conselho Indigenista Mission\u00e1rio (Cimi)<\/strong> protocolaram no Minist\u00e9rio P\u00fablico Federal de Rond\u00f4nia (MPF-RO) uma den\u00fancia que explicita que a destrui\u00e7\u00e3o da floresta na Terra Ind\u00edgena Karipuna \u00e9 quase quatro vezes maior do que os dados oficiais do Estado consideram. As an\u00e1lises evidenciam ainda que o processo de devasta\u00e7\u00e3o tem se intensificado expressivamente nos \u00faltimos anos. A den\u00fancia foi enviada tamb\u00e9m ao Minist\u00e9rio da Justi\u00e7a (MJ), ao Instituto Brasileiro do Meio Ambiente e dos Recursos Naturais Renov\u00e1veis (Ibama) e \u00e0 Funda\u00e7\u00e3o Nacional do \u00cdndio (Funai).<\/p>\n<p>Segundo os dados oficiais do Programa de C\u00e1lculo do Desflorestamento da Amaz\u00f4nia (Prodes), entre 1988 e 2017,<strong> 2.823 hectares (ha)<\/strong> dos 152 mil hectares da Terra Ind\u00edgena Karipuna foram desmatados. Sendo que 40% deste total, o que corresponde a <strong>1.139 ha<\/strong>, ocorreu <strong>entre 2015 e 2017<\/strong>.<\/p>\n<p>Mas s\u00e3o os dados de degrada\u00e7\u00e3o (n\u00e3o divulgados pelo governo brasileiro desde 2014) que mostram a tr\u00e1gica dimens\u00e3o da destrui\u00e7\u00e3o do territ\u00f3rio Karipuna. Utilizando imagens de dois sat\u00e9lites diferentes, analistas de geoprocessamento do Greenpeace detectaram que, <strong>entre setembro de 2015 e maio de 2018<\/strong>, pelo menos <strong>7.640 ha <\/strong>de floresta foram degradados dentro da TI.<\/p>\n<p>Cabe ressaltar que dos <strong>10.463 ha<\/strong> de florestas degradados e desmatados dentro da TI Karipuna desde 1988, <strong>mais de 80% ocorreram entre 2015 e 2018<\/strong>.<\/p>\n<p><a href=\"https:\/\/www.greenpeace.org\/static\/planet4-brasil-stateless\/2018\/07\/Denuncia_MPF_Karipuna.pdf\">Leia aqui a den\u00fancia feita ao MPF<\/a>.<\/p>\n<h3>Sobrevoo e registro da destrui\u00e7\u00e3o<\/h3>\n<p>Acompanhado de ativistas do Greenpeace e de um representante do Cimi, a lideran\u00e7a Andr\u00e9 Karipuna p\u00f4de constatar do alto, durante um sobrevoo realizado no in\u00edcio de junho, a extensa e complexa rede de estradas constru\u00eddas ilegalmente para acessar o territ\u00f3rio de seu povo. Do avi\u00e3o, foi poss\u00edvel identificar amplas \u00e1reas de floresta alvos de extra\u00e7\u00e3o de madeira e clareiras com grande volume de toras na imin\u00eancia de serem transportadas.<\/p>\n<div id=\"attachment_3491\" style=\"width: 2058px\" class=\"wp-caption alignnone\"><img loading=\"lazy\" decoding=\"async\" aria-describedby=\"caption-attachment-3491\" class=\"wp-image-3491 size-full\" src=\"https:\/\/www.greenpeace.org\/static\/planet4-brasil-stateless\/2018\/07\/Mapa-com-fotos_sobrevoo.jpg\" alt=\"\" width=\"2048\" height=\"1448\" srcset=\"https:\/\/www.greenpeace.org\/static\/planet4-brasil-stateless\/2018\/07\/Mapa-com-fotos_sobrevoo.jpg 2048w, https:\/\/www.greenpeace.org\/static\/planet4-brasil-stateless\/2018\/07\/Mapa-com-fotos_sobrevoo-300x212.jpg 300w, https:\/\/www.greenpeace.org\/static\/planet4-brasil-stateless\/2018\/07\/Mapa-com-fotos_sobrevoo-768x543.jpg 768w, https:\/\/www.greenpeace.org\/static\/planet4-brasil-stateless\/2018\/07\/Mapa-com-fotos_sobrevoo-1024x724.jpg 1024w, https:\/\/www.greenpeace.org\/static\/planet4-brasil-stateless\/2018\/07\/Mapa-com-fotos_sobrevoo-1932x1366.jpg 1932w, https:\/\/www.greenpeace.org\/static\/planet4-brasil-stateless\/2018\/07\/Mapa-com-fotos_sobrevoo-481x340.jpg 481w\" sizes=\"auto, (max-width: 2048px) 100vw, 2048px\" \/><p id=\"caption-attachment-3491\" class=\"wp-caption-text\">Fotos georeferenciadas evidenciam \u00e1reas invadidas e o roubo de madeira dentro da Terra Ind\u00edgena Karipuna<\/p><\/div>\n<p>\u201cN\u00e3o restam d\u00favidas quanto \u00e0 gravidade do processo de invas\u00e3o e destrui\u00e7\u00e3o do territ\u00f3rio Karipuna. O desafio agora \u00e9 identificar os respons\u00e1veis por estes crimes e continuar pressionando o Estado brasileiro para que revise sua estrat\u00e9gia de prote\u00e7\u00e3o desta e de outras terras ind\u00edgenas na Amaz\u00f4nia; especialmente em Rond\u00f4nia onde, na pr\u00e1tica, a pilhagem destes territ\u00f3rios virou regra\u201d, afirma Danicley de Aguiar, especialista em Amaz\u00f4nia do Greenpeace.<\/p>\n<p>A Terra Ind\u00edgena (TI) Karipuna, localizada a 280 km da capital Porto Velho (RO) foi homologada pela Presid\u00eancia da Rep\u00fablica em 1998. Desde setembro de 2017, mesmo diante de diversas amea\u00e7as e intimida\u00e7\u00f5es, lideran\u00e7as Karipuna denunciam aos \u00f3rg\u00e3os do Estado brasileiro a dram\u00e1tica realidade enfrentada pelo seu povo. Em abril deste ano, <a href=\"https:\/\/www.greenpeace.org\/brasil\/blog\/adriano-karipuna-vai-a-onu-denunciar-graves-violencias-contra-seu-povo\/\">Adriano Karipuna levou o caso ao conhecimento internacional<\/a> na 17\u00aa Sess\u00e3o do F\u00f3rum Permanente sobre Assuntos Ind\u00edgenas da Organiza\u00e7\u00e3o das Na\u00e7\u00f5es Unidas (ONU), realizada em Nova Iorque.<\/p>\n<p>No \u00faltimo dia 12 de junho, o juiz federal Shamyl Cipriano determinou que uma a\u00e7\u00e3o compartilhada entre as For\u00e7as Armadas, a Pol\u00edcia Militar Ambiental, a Pol\u00edcia Militar, a Secretaria de Estado de Desenvolvimento Ambiental (Sedam) e a Funai colocasse em pr\u00e1tica um plano de prote\u00e7\u00e3o territorial \u00e0 TI Karipuna.<\/p>\n<p>De acordo com a coordenadora do Cimi em Rond\u00f4nia, Laura Vicu\u00f1a Pereira Manso, o que se observa \u00e9 um avan\u00e7o das investidas de grupos econ\u00f4micos para legitimar a\u00e7\u00f5es de diminui\u00e7\u00e3o da TI Karipuna. \u201cSe isso acontece em uma terra ind\u00edgena j\u00e1 homologada, h\u00e1 o perigo de que estas investidas se propaguem para outros territ\u00f3rios na Amaz\u00f4nia, e no Brasil\u201d, alerta.<\/p>\n<h3>Todos os Olhos na Amaz\u00f4nia<\/h3>\n<p>A Associa\u00e7\u00e3o Ind\u00edgena do Povo Karipuna Abytucu Apoika, o Greenpeace e o Cimi est\u00e3o trabalhando juntos no monitoramento da invas\u00e3o da TI Karipuna, e para que os criminosos sejam responsabilizados. Estas organiza\u00e7\u00f5es fazem parte da coalis\u00e3o \u201cTodos os Olhos na Amaz\u00f4nia\u201d, que tem como objetivo principal apoiar a luta de povos ind\u00edgenas e comunidades tradicionais pela conserva\u00e7\u00e3o de suas florestas. Outros parceiros nesta iniciativa s\u00e3o a Fase-Amaz\u00f4nia, a Coiab e a Artigo 19, no Brasil, e a Witness e a Hivos, dentre outras que atuam no cen\u00e1rio internacional.<\/p>\n","protected":false},"excerpt":{"rendered":"<p>Ap\u00f3s sobrevoo, as duas organiza\u00e7\u00f5es apresentaram uma den\u00fancia ao MPF com imagens que comprovam que a destrui\u00e7\u00e3o \u00e9 quase quatro vezes maior do que os dados oficiais mostram<\/p>\n","protected":false},"author":28,"featured_media":3518,"comment_status":"open","ping_status":"closed","sticky":false,"template":"","format":"standard","meta":{"ep_exclude_from_search":false,"p4_og_title":"","p4_og_description":"","p4_og_image":"","p4_og_image_id":"","p4_seo_canonical_url":"","p4_campaign_name":"","p4_local_project":"","p4_basket_name":"","p4_department":"","footnotes":""},"categories":[2],"tags":[22,23],"p4-page-type":[16],"class_list":["post-3489","post","type-post","status-publish","format-standard","has-post-thumbnail","hentry","category-transforme-a-sociedade","tag-florestas","tag-mobilizacao","p4-page-type-blog"],"_links":{"self":[{"href":"https:\/\/www.greenpeace.org\/brasil\/wp-json\/wp\/v2\/posts\/3489","targetHints":{"allow":["GET"]}}],"collection":[{"href":"https:\/\/www.greenpeace.org\/brasil\/wp-json\/wp\/v2\/posts"}],"about":[{"href":"https:\/\/www.greenpeace.org\/brasil\/wp-json\/wp\/v2\/types\/post"}],"author":[{"embeddable":true,"href":"https:\/\/www.greenpeace.org\/brasil\/wp-json\/wp\/v2\/users\/28"}],"replies":[{"embeddable":true,"href":"https:\/\/www.greenpeace.org\/brasil\/wp-json\/wp\/v2\/comments?post=3489"}],"version-history":[{"count":7,"href":"https:\/\/www.greenpeace.org\/brasil\/wp-json\/wp\/v2\/posts\/3489\/revisions"}],"predecessor-version":[{"id":3510,"href":"https:\/\/www.greenpeace.org\/brasil\/wp-json\/wp\/v2\/posts\/3489\/revisions\/3510"}],"wp:featuredmedia":[{"embeddable":true,"href":"https:\/\/www.greenpeace.org\/brasil\/wp-json\/wp\/v2\/media\/3518"}],"wp:attachment":[{"href":"https:\/\/www.greenpeace.org\/brasil\/wp-json\/wp\/v2\/media?parent=3489"}],"wp:term":[{"taxonomy":"category","embeddable":true,"href":"https:\/\/www.greenpeace.org\/brasil\/wp-json\/wp\/v2\/categories?post=3489"},{"taxonomy":"post_tag","embeddable":true,"href":"https:\/\/www.greenpeace.org\/brasil\/wp-json\/wp\/v2\/tags?post=3489"},{"taxonomy":"p4-page-type","embeddable":true,"href":"https:\/\/www.greenpeace.org\/brasil\/wp-json\/wp\/v2\/p4-page-type?post=3489"}],"curies":[{"name":"wp","href":"https:\/\/api.w.org\/{rel}","templated":true}]}}