{"id":34958,"date":"2021-11-13T17:36:58","date_gmt":"2021-11-13T20:36:58","guid":{"rendered":"https:\/\/www.greenpeace.org\/brasil\/?p=34958"},"modified":"2022-04-25T10:37:40","modified_gmt":"2022-04-25T13:37:40","slug":"cop26-chega-ao-fim-mas-ainda-ha-muito-a-ser-feito","status":"publish","type":"post","link":"https:\/\/www.greenpeace.org\/brasil\/blog\/cop26-chega-ao-fim-mas-ainda-ha-muito-a-ser-feito\/","title":{"rendered":"COP26 chega ao fim, mas ainda h\u00e1 muito a ser feito"},"content":{"rendered":"\n<h4 class=\"wp-block-heading\">O texto final de Glasgow refor\u00e7a o compromisso dos pa\u00edses para a redu\u00e7\u00e3o de emiss\u00f5es dos gases do efeito estufa, mas n\u00e3o cumpre a meta de 1,5\u00b0C<\/h4>\n\n<figure class=\"wp-block-image size-full\"><img loading=\"lazy\" decoding=\"async\" width=\"800\" height=\"533\" src=\"https:\/\/www.greenpeace.org\/static\/planet4-brasil-stateless\/2021\/11\/aad4ca08-gp1swk5m_web_size.jpg\" alt=\"\" class=\"wp-image-34959\" srcset=\"https:\/\/www.greenpeace.org\/static\/planet4-brasil-stateless\/2021\/11\/aad4ca08-gp1swk5m_web_size.jpg 800w, https:\/\/www.greenpeace.org\/static\/planet4-brasil-stateless\/2021\/11\/aad4ca08-gp1swk5m_web_size-300x200.jpg 300w, https:\/\/www.greenpeace.org\/static\/planet4-brasil-stateless\/2021\/11\/aad4ca08-gp1swk5m_web_size-768x512.jpg 768w, https:\/\/www.greenpeace.org\/static\/planet4-brasil-stateless\/2021\/11\/aad4ca08-gp1swk5m_web_size-510x340.jpg 510w\" sizes=\"auto, (max-width: 800px) 100vw, 800px\" \/><figcaption>Ativistas do Greenpeace erguem uma faixa dizendo \u201cN\u00c3O EST\u00c1 \u00c0 VENDA\u201d no ic\u00f4nico globo gigante no centro da sala de confer\u00eancias da COP26 em Glasgow, enquanto as negocia\u00e7\u00f5es chegam \u00e0s suas horas finais. \u00a9 Emily Macinnes \/ Greenpeace<\/figcaption><\/figure>\n\n<p>A COP 26 chega ao fim neste s\u00e1bado extrapolando os dias marcados para a negocia\u00e7\u00e3o e, apesar de alguns avan\u00e7os, com decis\u00f5es ainda muito distantes do ideal.&nbsp;<\/p>\n\n<p>O texto final da <strong>26a Confer\u00eancia do Clima da ONU<\/strong>, realizada em Glasgow, na Esc\u00f3cia, cita a elimina\u00e7\u00e3o progressiva dos subs\u00eddios ao carv\u00e3o e aos combust\u00edveis f\u00f3sseis, com um texto ainda insuficiente. Apesar disso, o foco em uma transi\u00e7\u00e3o justa continua sendo essencial.&nbsp;<\/p>\n\n<p>H\u00e1 tamb\u00e9m o apelo para a redu\u00e7\u00e3o de 45% das emiss\u00f5es globais at\u00e9 o final desta d\u00e9cada para o cumprimento da meta da temperatura m\u00e9dia do planeta abaixo de 1,5\u00b0C, a fim de evitarmos cat\u00e1strofes ainda maiores, conforme a ci\u00eancia vem alertando. A quest\u00e3o \u00e9 que as palavras no texto precisam ser de fato implementadas pelos pa\u00edses e se tornarem a\u00e7\u00f5es!<\/p>\n\n<p>O texto traz alguns progressos para a<strong> adapta\u00e7\u00e3o clim\u00e1tica<\/strong>. Os pa\u00edses desenvolvidos finalmente come\u00e7am a responder aos apelos dos pa\u00edses em desenvolvimento por financiamento e recursos para lidar com o aumento das temperaturas. Houve reconhecimento de que os pa\u00edses em situa\u00e7\u00e3o de vulnerabilidade est\u00e3o sofrendo perdas e danos reais com a crise clim\u00e1tica, mas o que foi prometido at\u00e9 agora ainda est\u00e1 longe das necessidades dos territ\u00f3rios. Essa quest\u00e3o deve estar no topo da agenda dos pa\u00edses desenvolvidos, principalmente na COP 27, que ser\u00e1 realizada em 2022, no Egito.<\/p>\n\n<p>Apesar de alguns aparentes avan\u00e7os, <strong>a Confer\u00eancia impulsionou falsas solu\u00e7\u00f5es, como esquemas de compensa\u00e7\u00e3o de carbono que acabaram ganhando espa\u00e7o colocando em risco o meio ambiente, os povos tradicionais e a meta de 1,5\u00baC.<\/strong> O Secret\u00e1rio-Geral da ONU anunciou que um grupo de especialistas ir\u00e1 analisar esses processos de compensa\u00e7\u00e3o, mas muito trabalho ainda precisa ser feito para impedir a <a href=\"https:\/\/www.instagram.com\/p\/CV_SxMjMGb5\/?utm_source=ig_web_copy_link\">maquiagem verde<\/a>, a trapa\u00e7a e as brechas que d\u00e3o um passe para grandes emissores e corpora\u00e7\u00f5es.<\/p>\n\n<p>O Brasil deixa a Confer\u00eancia com a assinatura de dois acordos, e o compromisso de revis\u00e3o das NDCs no ano que vem,  as Contribui\u00e7\u00f5es Nacionalmente Determinadas, que correspondem \u00e0s metas de emiss\u00e3o.\u00a0<\/p>\n\n<p><strong>As promessas brasileiras:<\/strong><\/p>\n\n<p><strong>Revis\u00e3o das NDCs<\/strong> &#8211; tornar-se carbono neutro at\u00e9 2050 e cortar em 50% as emiss\u00f5es at\u00e9 2030. Quanto a se tornar carbono neutro, o governo sinaliza que o far\u00e1 por meio de compensa\u00e7\u00f5es em vez do corte das emiss\u00f5es de gases de efeito estufa (GEE). O discurso atual \u00e9 que a meta seja alcan\u00e7ada por meio de compensa\u00e7\u00f5es via <a href=\"https:\/\/www.instagram.com\/p\/CVfeaD7Lo6U\/?utm_source=ig_web_copy_link\">mercado de carbono<\/a>, o que n\u00e3o faz com que haja uma real diminui\u00e7\u00e3o das emiss\u00f5es, e sim uma concess\u00e3o para que os grandes poluidores continuem poluindo por meio da compra de cr\u00e9ditos de carbono.\u00a0\u00a0<\/p>\n\n<p><strong>Redu\u00e7\u00e3o em 30% da emiss\u00e3o de metano at\u00e9 o final da d\u00e9cada, <\/strong>em rela\u00e7\u00e3o a 2020, em conjunto com mais de 100 pa\u00edses. Para isso o pa\u00eds precisar\u00e1 diminuir seu rebanho bovino, principal emissor desses gases no Brasil e respons\u00e1vel por mais de <a href=\"https:\/\/climainfo.org.br\/2021\/11\/05\/emissoes-de-metano-no-brasil-chegou-a-hora-de-cortar-na-carne\/\">&nbsp;70% das emiss\u00f5es de metano<\/a>.<\/p>\n\n<p><strong>Fim do desmatamento at\u00e9 2030<\/strong>, em conjunto com mais de 100 pa\u00edses, com a mobiliza\u00e7\u00e3o de 19,2 bilh\u00f5es de d\u00f3lares para esse esfor\u00e7o. Na pr\u00e1tica, essa meta d\u00e1 <a href=\"https:\/\/www.greenpeace.org\/brasil\/blog\/cop26-acordo-entre-paises-para-conter-desmatamento-e-sinal-verde-para-mais-uma-decada-de-destruicao\/\">luz verde a mais uma d\u00e9cada<\/a> de destrui\u00e7\u00e3o da floresta.\u00a0<\/p>\n\n<p>Com cara de discurso pintado de maquiagem verde, ao mesmo tempo em que o governo Bolsonaro tenta melhorar a imagem perante o mundo e diz assumir compromissos para o enfrentamento da crise clim\u00e1tica, na pr\u00e1tica, ele implementa uma pol\u00edtica de legaliza\u00e7\u00e3o da destrui\u00e7\u00e3o da floresta, com avan\u00e7os na desregulamenta\u00e7\u00e3o e<a href=\"https:\/\/www.greenpeace.org\/brasil\/blog\/e-tao-tragico-a-corrida-pela-aprovacao-de-leis-anti-socioambientais\/\"> fragiliza\u00e7\u00e3o da legisla\u00e7\u00e3o ambiental <\/a>e promove <a href=\"https:\/\/www.greenpeace.org\/brasil\/blog\/genocidio-sim-assassinato-de-indigenas-aumenta-61\/\">amea\u00e7as aos direitos dos povos e comunidades tradicionais<\/a>.<\/p>\n\n<p>Um dia antes da finaliza\u00e7\u00e3o da COP26, os dados do sistema DETER-B, do Instituto de Pesquisas Espaciais (Inpe), apontam a realidade: <a href=\"https:\/\/www.greenpeace.org\/brasil\/blog\/deter-2021-registra-o-pior-outubro-da-serie-historica\/\">uma \u00e1rea desmatada na Amaz\u00f4nia<\/a> de 877 km\u00b2, com o pior resultado para o m\u00eas de outubro da s\u00e9rie hist\u00f3rica do sistema, que come\u00e7ou em 2016.<\/p>\n\n<p>As a\u00e7\u00f5es do Brasil refletem no distanciamento mundial para conter a crise do clima. <strong>De acordo com o Carbon Action Tracker, somadas as promessas de todos os pa\u00edses, ainda teremos&nbsp; um aumento acima de 2 graus Celsius at\u00e9 o final do s\u00e9culo, com consequ\u00eancias devastadoras.<\/strong> As quest\u00f5es que est\u00e3o em jogo s\u00e3o se as promessas ser\u00e3o cumpridas pelos pa\u00edses e quando o mundo ver\u00e1 mais ambi\u00e7\u00f5es e financiamento adequado para conter a crise do clima.<\/p>\n\n<p>Apesar da delega\u00e7\u00e3o oficial brasileira nos espa\u00e7os de negocia\u00e7\u00e3o da COP ter deixado de fora a sociedade civil, que deveria ser parte integrante do debate, ela se fez presente e marcou a hist\u00f3ria da luta pelo enfrentamento da crise clim\u00e1tica. Al\u00e9m da maior delega\u00e7\u00e3o ind\u00edgena de todos os tempos, contou tamb\u00e9m com a representatividade das comunidades tradicionais,<a href=\"https:\/\/www.greenpeace.org\/brasil\/blog\/juventude-marca-presenca-na-cop26-e-fortalece-luta-por-justica-climatica\/\"> juventudes<\/a> e movimentos sociais, como o negro e feminista, e organiza\u00e7\u00f5es n\u00e3o-governamentais. E apesar das dificuldades impostas pela pandemia e restri\u00e7\u00f5es do governo ingl\u00eas no que foi uma das COPs menos acess\u00edveis j\u00e1 existentes, deixou seu recado: estamos de olho!<\/p>\n","protected":false},"excerpt":{"rendered":"<p>O texto final de Glasgow refor\u00e7a o compromisso dos pa\u00edses para a redu\u00e7\u00e3o de emiss\u00f5es dos gases do efeito estufa, mas n\u00e3o cumpre a meta de 1,5\u00b0C <\/p>\n","protected":false},"author":67,"featured_media":34959,"comment_status":"open","ping_status":"closed","sticky":false,"template":"","format":"standard","meta":{"ep_exclude_from_search":false,"p4_og_title":"","p4_og_description":"","p4_og_image":"","p4_og_image_id":"","p4_seo_canonical_url":"","p4_campaign_name":"not set","p4_local_project":"not set","p4_basket_name":"not set","p4_department":"","footnotes":""},"categories":[48],"tags":[42],"p4-page-type":[16],"class_list":["post-34958","post","type-post","status-publish","format-standard","has-post-thumbnail","hentry","category-justica-climatica","tag-justica-climatica","p4-page-type-blog"],"_links":{"self":[{"href":"https:\/\/www.greenpeace.org\/brasil\/wp-json\/wp\/v2\/posts\/34958","targetHints":{"allow":["GET"]}}],"collection":[{"href":"https:\/\/www.greenpeace.org\/brasil\/wp-json\/wp\/v2\/posts"}],"about":[{"href":"https:\/\/www.greenpeace.org\/brasil\/wp-json\/wp\/v2\/types\/post"}],"author":[{"embeddable":true,"href":"https:\/\/www.greenpeace.org\/brasil\/wp-json\/wp\/v2\/users\/67"}],"replies":[{"embeddable":true,"href":"https:\/\/www.greenpeace.org\/brasil\/wp-json\/wp\/v2\/comments?post=34958"}],"version-history":[{"count":19,"href":"https:\/\/www.greenpeace.org\/brasil\/wp-json\/wp\/v2\/posts\/34958\/revisions"}],"predecessor-version":[{"id":34978,"href":"https:\/\/www.greenpeace.org\/brasil\/wp-json\/wp\/v2\/posts\/34958\/revisions\/34978"}],"wp:featuredmedia":[{"embeddable":true,"href":"https:\/\/www.greenpeace.org\/brasil\/wp-json\/wp\/v2\/media\/34959"}],"wp:attachment":[{"href":"https:\/\/www.greenpeace.org\/brasil\/wp-json\/wp\/v2\/media?parent=34958"}],"wp:term":[{"taxonomy":"category","embeddable":true,"href":"https:\/\/www.greenpeace.org\/brasil\/wp-json\/wp\/v2\/categories?post=34958"},{"taxonomy":"post_tag","embeddable":true,"href":"https:\/\/www.greenpeace.org\/brasil\/wp-json\/wp\/v2\/tags?post=34958"},{"taxonomy":"p4-page-type","embeddable":true,"href":"https:\/\/www.greenpeace.org\/brasil\/wp-json\/wp\/v2\/p4-page-type?post=34958"}],"curies":[{"name":"wp","href":"https:\/\/api.w.org\/{rel}","templated":true}]}}