{"id":34986,"date":"2021-11-17T15:16:25","date_gmt":"2021-11-17T18:16:25","guid":{"rendered":"https:\/\/www.greenpeace.org\/brasil\/?p=34986"},"modified":"2025-07-02T04:27:22","modified_gmt":"2025-07-02T07:27:22","slug":"pressao-da-uniao-europeia-e-ate-mesmo-da-china-contra-compra-de-produtos-de-area-de-desmatamento-aumenta-isolamento-do-brasil-de-bolsonaro","status":"publish","type":"post","link":"https:\/\/www.greenpeace.org\/brasil\/blog\/pressao-da-uniao-europeia-e-ate-mesmo-da-china-contra-compra-de-produtos-de-area-de-desmatamento-aumenta-isolamento-do-brasil-de-bolsonaro\/","title":{"rendered":"Press\u00e3o da Uni\u00e3o Europeia e at\u00e9 mesmo da China contra compra de produtos de \u00e1rea de desmatamento aumenta isolamento do Brasil de Bolsonaro"},"content":{"rendered":"\n<p>Pa\u00eds asi\u00e1tico vinha se mantendo distante das negocia\u00e7\u00f5es sobre o clima, mas se comprometeu a combater o desflorestamento.<\/p>\n\n<figure class=\"wp-block-image size-full\"><img loading=\"lazy\" decoding=\"async\" width=\"600\" height=\"400\" src=\"https:\/\/www.greenpeace.org\/static\/planet4-brasil-stateless\/2021\/11\/72971dd8-gp1sufyt_low_res_with_credit_line.jpg\" alt=\"\" class=\"wp-image-34988\" srcset=\"https:\/\/www.greenpeace.org\/static\/planet4-brasil-stateless\/2021\/11\/72971dd8-gp1sufyt_low_res_with_credit_line.jpg 600w, https:\/\/www.greenpeace.org\/static\/planet4-brasil-stateless\/2021\/11\/72971dd8-gp1sufyt_low_res_with_credit_line-300x200.jpg 300w, https:\/\/www.greenpeace.org\/static\/planet4-brasil-stateless\/2021\/11\/72971dd8-gp1sufyt_low_res_with_credit_line-510x340.jpg 510w\" sizes=\"auto, (max-width: 600px) 100vw, 600px\" \/><\/figure>\n\n<p>A Comiss\u00e3o da Uni\u00e3o Europeia divulgou hoje o <a href=\"https:\/\/ec.europa.eu\/commission\/presscorner\/detail\/en\/ip_21_5916\">projeto <\/a>de uma nova legisla\u00e7\u00e3o que pro\u00edbe a compra de produtos oriundos de \u00e1reas desmatadas. O plano do bloco econ\u00f4mico prev\u00ea incluir a restri\u00e7\u00e3o a produtos como carne, madeira, caf\u00e9, cacau e \u00f3leo de palma de regi\u00f5es desflorestadas. No entanto, a proposta de lei visa apenas proteger as florestas, deixando outros ecossistemas vulner\u00e1veis, como savanas, que \u00e9 o caso do Cerrado brasileiro e \u00e1reas \u00famidas como o Pantanal. Isso d\u00e1 um passe livre para as ind\u00fastrias de soja que abastecem fazendas industriais obterem grandes lucros destruindo outros importantes ecossistemas n\u00e3o florestais.<\/p>\n\n<p>A lei cobriria apenas um n\u00famero limitado de produtos ligados \u00e0 destrui\u00e7\u00e3o do ecossistema, ignorando muitos produtos ligados \u00e0 destrui\u00e7\u00e3o da natureza, como borracha, milho, carne de porco e aves. A ideia surge em paralelo aos entraves \u00e0 ratifica\u00e7\u00e3o do acordo comercial entre Mercosul e o bloco europeu, que tem entre as quest\u00f5es ambientais um dos seus principais impasses. O projeto segue agora para discuss\u00f5es entre o Parlamento Europeu e ministros dos pa\u00edses membros.<\/p>\n\n<p>Em 2019, Bolsonaro chegou a celebrar a aproxima\u00e7\u00e3o de um desfecho entre os dois blocos, mas a pol\u00edtica antiambiental de seu governo acabou suspendendo as negocia\u00e7\u00f5es. O presidente franc\u00eas Emmanuel Macron tem liderado o movimento de governantes europeus que cobram o Brasil no combate ao desmatamento. As declara\u00e7\u00f5es provocaram reclama\u00e7\u00f5es p\u00fablicas de Bolsonaro contra o colega franc\u00eas.<\/p>\n\n<p>A Uni\u00e3o Europeia \u00e9 o terceiro maior mercado consumidor de alimentos do mundo, atr\u00e1s apenas dos Estados Unidos e China. De acordo com um levantamento da <a href=\"https:\/\/www.wwf.eu\/?2831941\/EU-consumption-responsible-for-16-of-tropical-deforestation-linked-to-international-trade\">WWF<\/a>, o consumo de produtos como carne, \u00f3leo de palma e soja pela Uni\u00e3o Europeia \u00e9 respons\u00e1vel por 17% do desmatamento em \u00e1reas tropicais do planeta.&nbsp;<\/p>\n\n<p>A esperada nova legisla\u00e7\u00e3o anti desmatamento \u00e9 resultado da press\u00e3o de ONGs e sociedade civil. De setembro a dezembro de 2020, a Comiss\u00e3o Europeia divulgou uma consulta p\u00fablica sobre como ela deveria contribuir contra o desflorestamento global e a destrui\u00e7\u00e3o de florestas. Cerca de 1,2 milh\u00e3o de pessoas responderam \u00e0 chamada, o maior n\u00famero de respostas para uma consulta p\u00fablica j\u00e1 feita pelo bloco relativa ao meio ambiente e a segunda maior j\u00e1 registrada.&nbsp;<\/p>\n\n<p>A popula\u00e7\u00e3o pediu ao \u00f3rg\u00e3o a publica\u00e7\u00e3o de uma lei que solicitasse \u00e0s companhias que vendem na regi\u00e3o do bloco econ\u00f4mico que provem que sua cadeia de produ\u00e7\u00e3o \u00e9 livre da destrui\u00e7\u00e3o do ecossistema ou do abuso de direitos humanos. Apesar da press\u00e3o, diversos setores empresariais ainda t\u00eam feito lobby para reduzir o alcance da lei, como mostrou o Greenpeace em um <a href=\"https:\/\/www.greenpeace.org\/static\/planet4-eu-unit-stateless\/2021\/08\/a9b27e82-2021-06-24-sabotage-companies-lobby-against-eu-protection-worlds-forests-updated.pdf\">relat\u00f3rio <\/a>recente.<\/p>\n\n<p>N\u00e3o bastasse a press\u00e3o do continente europeu contra o Brasil, os Estados Unidos e a China assinaram um acordo bilateral na Cop26 para que os dois pa\u00edses se comprometam a combater o desmatamento ilegal para enfrentar o aquecimento global. O ingresso da China no documento pegou a todos de surpresa em fun\u00e7\u00e3o de sua postura recente de n\u00e3o coopera\u00e7\u00e3o em acordos clim\u00e1ticos. A China \u00e9 o maior consumidor de carne bovina e soja do Brasil, as duas principais commodities associadas ao desmatamento na Amaz\u00f4nia e Cerrado, respectivamente.<\/p>\n\n<p>&#8220;Reconhecendo que a elimina\u00e7\u00e3o do desmatamento ilegal global contribuiria significativamente para o esfor\u00e7o de atingir as metas de Paris, os dois pa\u00edses acolhem com satisfa\u00e7\u00e3o a Declara\u00e7\u00e3o dos L\u00edderes de Glasgow sobre Florestas e Uso da Terra. Os dois lados pretendem se engajar de forma colaborativa no apoio \u00e0 elimina\u00e7\u00e3o do desmatamento ilegal global por meio da aplica\u00e7\u00e3o efetiva de suas respectivas leis de proibi\u00e7\u00e3o de importa\u00e7\u00f5es ilegais&#8221;, diz o texto assinado por EUA e China.&nbsp;<\/p>\n\n<p>A assinatura dos compromissos deve aumentar o isolamento e pressionar o governo Bolsonaro em suas pol\u00edticas ambientais. Segundo o porta voz do Greenpeace Romulo Batista, as medidas assumidas por Uni\u00e3o Europeia e China assim como os demais signat\u00e1rios do \u201cacordo de florestas\u201d na COP \u00e9 um passo \u00e0 frente, por\u00e9m preocupa por somente abranger o desmatamento ilegal e n\u00e3o se estender a todos os biomas.<\/p>\n\n<p>&nbsp;\u201cInfelizmente com atual governo e parte do congresso nacional o que hoje \u00e9 ilegal amanh\u00e3 pode passar a ser legalizado. Basta ver a destrui\u00e7\u00e3o causada no sistema de fiscaliza\u00e7\u00e3o controle ambiental, IBAMA e ICMBIO. Em especial, os projetos de lei como o PL910 que abrem as terras ind\u00edgenas para explora\u00e7\u00e3o econ\u00f4mica que aguarda vota\u00e7\u00e3o na c\u00e2mara dos deputados. O PL 2633 poder\u00e1 legalizar milh\u00f5es de hectares de terras griladas\/roubadas e tamb\u00e9m desmatadas e , j\u00e1 aprovado na C\u00e2mara dos Deputados e com enorme press\u00e3o para que a boiada passe no Senado tamb\u00e9m\u201d.<\/p>\n","protected":false},"excerpt":{"rendered":"<p>Pa\u00eds asi\u00e1tico vinha se mantendo distante das negocia\u00e7\u00f5es sobre o clima, mas se comprometeu a combater o desflorestamento ilegal<\/p>\n","protected":false},"author":95,"featured_media":34988,"comment_status":"open","ping_status":"closed","sticky":false,"template":"","format":"standard","meta":{"ep_exclude_from_search":false,"p4_og_title":"","p4_og_description":"","p4_og_image":"","p4_og_image_id":"","p4_seo_canonical_url":"","p4_campaign_name":"not set","p4_local_project":"not set","p4_basket_name":"not set","p4_department":"","footnotes":""},"categories":[3],"tags":[22],"p4-page-type":[16],"class_list":["post-34986","post","type-post","status-publish","format-standard","has-post-thumbnail","hentry","category-proteja-a-natureza","tag-florestas","p4-page-type-blog"],"_links":{"self":[{"href":"https:\/\/www.greenpeace.org\/brasil\/wp-json\/wp\/v2\/posts\/34986","targetHints":{"allow":["GET"]}}],"collection":[{"href":"https:\/\/www.greenpeace.org\/brasil\/wp-json\/wp\/v2\/posts"}],"about":[{"href":"https:\/\/www.greenpeace.org\/brasil\/wp-json\/wp\/v2\/types\/post"}],"author":[{"embeddable":true,"href":"https:\/\/www.greenpeace.org\/brasil\/wp-json\/wp\/v2\/users\/95"}],"replies":[{"embeddable":true,"href":"https:\/\/www.greenpeace.org\/brasil\/wp-json\/wp\/v2\/comments?post=34986"}],"version-history":[{"count":6,"href":"https:\/\/www.greenpeace.org\/brasil\/wp-json\/wp\/v2\/posts\/34986\/revisions"}],"predecessor-version":[{"id":58611,"href":"https:\/\/www.greenpeace.org\/brasil\/wp-json\/wp\/v2\/posts\/34986\/revisions\/58611"}],"wp:featuredmedia":[{"embeddable":true,"href":"https:\/\/www.greenpeace.org\/brasil\/wp-json\/wp\/v2\/media\/34988"}],"wp:attachment":[{"href":"https:\/\/www.greenpeace.org\/brasil\/wp-json\/wp\/v2\/media?parent=34986"}],"wp:term":[{"taxonomy":"category","embeddable":true,"href":"https:\/\/www.greenpeace.org\/brasil\/wp-json\/wp\/v2\/categories?post=34986"},{"taxonomy":"post_tag","embeddable":true,"href":"https:\/\/www.greenpeace.org\/brasil\/wp-json\/wp\/v2\/tags?post=34986"},{"taxonomy":"p4-page-type","embeddable":true,"href":"https:\/\/www.greenpeace.org\/brasil\/wp-json\/wp\/v2\/p4-page-type?post=34986"}],"curies":[{"name":"wp","href":"https:\/\/api.w.org\/{rel}","templated":true}]}}