{"id":35997,"date":"2022-01-27T17:13:44","date_gmt":"2022-01-27T20:13:44","guid":{"rendered":"https:\/\/www.greenpeace.org\/brasil\/?p=35997"},"modified":"2022-04-25T10:23:50","modified_gmt":"2022-04-25T13:23:50","slug":"por-um-brasil-mais-justo-verde-e-pacifico","status":"publish","type":"post","link":"https:\/\/www.greenpeace.org\/brasil\/blog\/por-um-brasil-mais-justo-verde-e-pacifico\/","title":{"rendered":"Por um Brasil mais justo, verde e pac\u00edfico!"},"content":{"rendered":"\n<h4 class=\"wp-block-heading\"><strong>Para 2022, os votos do Greenpeace Brasil n\u00e3o poderiam ser diferentes: mais vida e menos destrui\u00e7\u00e3o<\/strong><\/h4>\n<div data-render=\"planet4-blocks\/gallery\" data-attributes=\"{&quot;attributes&quot;:{&quot;multiple_image&quot;:&quot;36001&quot;,&quot;image_data&quot;:[{&quot;url&quot;:&quot;https:\\\/\\\/www.greenpeace.org\\\/static\\\/planet4-brasil-stateless\\\/2022\\\/01\\\/1114cdf2-gp1sw5um.jpg&quot;,&quot;focalPoint&quot;:{&quot;x&quot;:0.5,&quot;y&quot;:0.5},&quot;id&quot;:36001}],&quot;gallery_block_style&quot;:0,&quot;gallery_block_title&quot;:&quot;&quot;,&quot;gallery_block_description&quot;:&quot;&quot;,&quot;gallery_block_focus_points&quot;:&quot;&quot;,&quot;images&quot;:[{&quot;image_src&quot;:&quot;https:\\\/\\\/www.greenpeace.org\\\/static\\\/planet4-brasil-stateless\\\/2022\\\/01\\\/1114cdf2-gp1sw5um.jpg&quot;,&quot;image_srcset&quot;:&quot;https:\\\/\\\/www.greenpeace.org\\\/static\\\/planet4-brasil-stateless\\\/2022\\\/01\\\/1114cdf2-gp1sw5um.jpg 1200w, https:\\\/\\\/www.greenpeace.org\\\/static\\\/planet4-brasil-stateless\\\/2022\\\/01\\\/1114cdf2-gp1sw5um-300x200.jpg 300w, https:\\\/\\\/www.greenpeace.org\\\/static\\\/planet4-brasil-stateless\\\/2022\\\/01\\\/1114cdf2-gp1sw5um-1024x683.jpg 1024w, https:\\\/\\\/www.greenpeace.org\\\/static\\\/planet4-brasil-stateless\\\/2022\\\/01\\\/1114cdf2-gp1sw5um-768x512.jpg 768w, https:\\\/\\\/www.greenpeace.org\\\/static\\\/planet4-brasil-stateless\\\/2022\\\/01\\\/1114cdf2-gp1sw5um-510x340.jpg 510w&quot;,&quot;image_sizes&quot;:false,&quot;alt_text&quot;:&quot;Global Climate Strike in S\\u00e3o Paulo, Brazil. \\u00a9 Victor Bravo \\\/ Greenpeace&quot;,&quot;caption&quot;:&quot;Greve Global pelo Clima em S\\u00e3o Paulo, Brasil (edi\\u00e7\\u00e3o 2021)&quot;,&quot;focus_image&quot;:&quot;&quot;,&quot;credits&quot;:&quot;\\u00a9 Victor Bravo \\\/ Greenpeace&quot;}]}}\"><\/div>\n<p>Em tempos de emerg\u00eancia e crise clim\u00e1tica \u2013 que tem <a href=\"https:\/\/www.greenpeace.org\/brasil\/blog\/fortes-chuvas-escancaram-negligencia-do-brasil-diante-da-crise-climatica\/\">intensificado as chuvas<\/a> e as secas em todo o pa\u00eds \u2013, o cuidado com as pessoas em situa\u00e7\u00e3o de vulnerabilidade e com o meio ambiente deve fazer parte das prioridades pol\u00edticas, ainda mais em um ano eleitoral, em que o <strong>resultado das urnas pode mudar o rumo do pa\u00eds e das pr\u00f3ximas gera\u00e7\u00f5es.&nbsp;<\/strong><\/p>\n\n<p>Mais do que nunca, <strong>\u00e9 urgente e poss\u00edvel um governo ambientalmente respons\u00e1vel<\/strong>, que se preocupa com o bem-estar de toda popula\u00e7\u00e3o e com a biodiversidade brasileira. Mas isso \u00e9 <a href=\"https:\/\/www.greenpeace.org\/brasil\/blog\/o-pior-presidente-para-o-meio-ambiente-em-30-anos\/\">o contr\u00e1rio do que temos visto sob a atual gest\u00e3o<\/a>, conforme mostra a plataforma<strong> \u201c<\/strong><a href=\"https:\/\/governodadestruicao.org\/\"><strong>Governo da Destrui\u00e7\u00e3o<\/strong><\/a><strong>\u201d, <\/strong>que traz uma linha do tempo com as principais a\u00e7\u00f5es e desmontes antiambientais ocorridos durante o mandato de Jair Bolsonaro<strong>.&nbsp;<\/strong><br><br>Mas ainda d\u00e1 para reverter este cen\u00e1rio! <a href=\"https:\/\/www.greenpeace.org\/brasil\/blog\/2022-nao-sera-facil-mas-nao-estaremos-sos\/\">Neste ano<\/a>, n\u00f3s vamos poder escolher qual futuro queremos para o Brasil e quais governantes v\u00e3o nos representar nessa jornada. <strong>E para contribuir nessa reflex\u00e3o coletiva, nossos ativistas contaram seus votos para 2022:<\/strong><\/p>\n\n<div class=\"wp-block-group is-layout-flow wp-block-group-is-layout-flow\">\n<div class=\"wp-block-group is-layout-flow wp-block-group-is-layout-flow\">\n<p class=\"has-green-500-background-color has-background\">\u201cA destrui\u00e7\u00e3o causada pelas chuvas intensas, e enfrentada por popula\u00e7\u00f5es de diversos estados, escancara e denuncia o descaso pol\u00edtico e a neglig\u00eancia do Brasil com a crise clim\u00e1tica. Em um ano de elei\u00e7\u00f5es, temos a<strong> chance de cobrar compromissos efetivos dos governos em rela\u00e7\u00e3o \u00e0 emerg\u00eancia clim\u00e1tica<\/strong>, para que criem medidas de adapta\u00e7\u00e3o a fim de desenvolver a\u00e7\u00f5es de enfrentamento.&#8221; <em>Rodrigo Jesus, Campanha de Clima e Justi\u00e7a.<\/em><\/p>\n\n\n\n<p class=\"has-green-500-background-color has-background\">&#8220;Apesar de Bolsonaro, <strong>2022 tr\u00e1s mais uma oportunidade para o Brasil reafirmar nosso compromisso com a transi\u00e7\u00e3o ecol\u00f3gica<\/strong>, que deve reorientar nossas rela\u00e7\u00f5es de produ\u00e7\u00e3o e consumo, romper com a economia da destrui\u00e7\u00e3o e abrir caminho para que possamos instituir uma economia capaz de respeitar direitos, desconcentrar a renda e conviver com a floresta.&#8221; <em>Danicley Saraiva de Aguiar, Campanha da Amaz\u00f4nia<\/em><\/p>\n\n\n\n<p class=\"has-green-500-background-color has-background\">\u201cPrecisamos continuar questionando essa velha forma de produzir alimentos, que utiliza veneno, agride o meio ambiente e desrespeita direitos. Infelizmente, o que temos visto acontecer no rumo das pol\u00edticas p\u00fablicas e no Congresso refor\u00e7a tudo isso, mas n\u00e3o precisa ser assim. A redu\u00e7\u00e3o do uso de agrot\u00f3xicos \u00e9 poss\u00edvel e necess\u00e1ria na constru\u00e7\u00e3o de uma agricultura verdadeiramente sustent\u00e1vel, uma alimenta\u00e7\u00e3o mais saud\u00e1vel e mais acess\u00edvel, e um modelo socioecon\u00f4mico mais justo. <strong>E a agroecologia segue sendo o caminho para sa\u00fade, solu\u00e7\u00e3o e justi\u00e7a alimentar!<\/strong>\u201d <em>Marina Lacorte, Campanha de Agricultura e Alimenta\u00e7\u00e3o<\/em><\/p>\n\n\n\n<p class=\"has-green-500-background-color has-background\">&#8220;A luta ind\u00edgena \u00e9 a luta pela vida, a coexist\u00eancia com a natureza e os valores de conserva\u00e7\u00e3o s\u00e3o inerentes \u00e0 exist\u00eancia dos povos origin\u00e1rios, ao reproduzirem seu modo de vida e cultura. Sendo, dessa maneira, respons\u00e1veis pela prote\u00e7\u00e3o de uma vasta por\u00e7\u00e3o das florestas no Brasil. Portanto, <strong>as pol\u00edticas ambientais que buscam a conserva\u00e7\u00e3o da natureza precisam garantir os direitos ind\u00edgenas.<\/strong> Para 2022 esperamos a rejei\u00e7\u00e3o definitiva da tese do Marco Temporal pelo Supremo Tribunal Federal e a retomada dos processos de demarca\u00e7\u00e3o de terras ind\u00edgenas no Brasil.&#8221; <em>Carolina Mar\u00e7al, Campanha de Todos os Olhos na Amaz\u00f4nia<\/em><\/p>\n\n\n\n<p class=\"has-green-500-background-color has-background\">&#8220;Al\u00e9m de fazermos o enfrentamento contra as amea\u00e7as do Executivo e Legislativo, 2022 \u00e9 o ano de propormos juntos uma <strong>transi\u00e7\u00e3o de modelo de desenvolvimento para regi\u00e3o amaz\u00f4nica<\/strong> que considere as especificidades em rela\u00e7\u00e3o \u00e0 cultura e riquezas naturais, e que permita a cada brasileiro saber que a defesa pela conserva\u00e7\u00e3o do meio ambiente n\u00e3o diz respeito apenas a ambientalistas, mas a todos n\u00f3s.&#8221; <em>Andr\u00e9 Freitas, Campanha da Amaz\u00f4nia<\/em><\/p>\n<\/div>\n<\/div>\n\n<p><strong>Pessoas como voc\u00ea, que defendem a vida e a natureza, fazem parte desse Brasil que queremos!<\/strong> Para continuar nos apoiando, voc\u00ea pode usar a sua voz e espalhar essa causa, ou tamb\u00e9m pode contribuir doando seu tempo: fa\u00e7a parte da nossa rede <a href=\"https:\/\/conexaoverde.greenpeace.org.br\/dashboard\/pagina-inicial-dash\">de voluntariado<\/a> e <a href=\"https:\/\/doe.greenpeace.org.br\/\">de doadores<\/a>! O planeta agradece. <\/p>\n","protected":false},"excerpt":{"rendered":"<p>Para 2022, os votos do Greenpeace Brasil n\u00e3o poderiam ser diferentes: mais vida e menos destrui\u00e7\u00e3o <\/p>\n","protected":false},"author":28,"featured_media":36001,"comment_status":"open","ping_status":"closed","sticky":false,"template":"","format":"standard","meta":{"ep_exclude_from_search":false,"p4_og_title":"","p4_og_description":"","p4_og_image":"","p4_og_image_id":"","p4_seo_canonical_url":"","p4_campaign_name":"not set","p4_local_project":"not set","p4_basket_name":"not set","p4_department":"","footnotes":""},"categories":[5],"tags":[50],"p4-page-type":[16],"class_list":["post-35997","post","type-post","status-publish","format-standard","has-post-thumbnail","hentry","category-greenpeace","tag-institucional","p4-page-type-blog"],"_links":{"self":[{"href":"https:\/\/www.greenpeace.org\/brasil\/wp-json\/wp\/v2\/posts\/35997","targetHints":{"allow":["GET"]}}],"collection":[{"href":"https:\/\/www.greenpeace.org\/brasil\/wp-json\/wp\/v2\/posts"}],"about":[{"href":"https:\/\/www.greenpeace.org\/brasil\/wp-json\/wp\/v2\/types\/post"}],"author":[{"embeddable":true,"href":"https:\/\/www.greenpeace.org\/brasil\/wp-json\/wp\/v2\/users\/28"}],"replies":[{"embeddable":true,"href":"https:\/\/www.greenpeace.org\/brasil\/wp-json\/wp\/v2\/comments?post=35997"}],"version-history":[{"count":11,"href":"https:\/\/www.greenpeace.org\/brasil\/wp-json\/wp\/v2\/posts\/35997\/revisions"}],"predecessor-version":[{"id":36061,"href":"https:\/\/www.greenpeace.org\/brasil\/wp-json\/wp\/v2\/posts\/35997\/revisions\/36061"}],"wp:featuredmedia":[{"embeddable":true,"href":"https:\/\/www.greenpeace.org\/brasil\/wp-json\/wp\/v2\/media\/36001"}],"wp:attachment":[{"href":"https:\/\/www.greenpeace.org\/brasil\/wp-json\/wp\/v2\/media?parent=35997"}],"wp:term":[{"taxonomy":"category","embeddable":true,"href":"https:\/\/www.greenpeace.org\/brasil\/wp-json\/wp\/v2\/categories?post=35997"},{"taxonomy":"post_tag","embeddable":true,"href":"https:\/\/www.greenpeace.org\/brasil\/wp-json\/wp\/v2\/tags?post=35997"},{"taxonomy":"p4-page-type","embeddable":true,"href":"https:\/\/www.greenpeace.org\/brasil\/wp-json\/wp\/v2\/p4-page-type?post=35997"}],"curies":[{"name":"wp","href":"https:\/\/api.w.org\/{rel}","templated":true}]}}