{"id":36224,"date":"2022-02-15T15:20:26","date_gmt":"2022-02-15T18:20:26","guid":{"rendered":"https:\/\/www.greenpeace.org\/brasil\/?p=36224"},"modified":"2022-04-25T10:19:00","modified_gmt":"2022-04-25T13:19:00","slug":"governadores-decretem-emergencia-climatica","status":"publish","type":"post","link":"https:\/\/www.greenpeace.org\/brasil\/blog\/governadores-decretem-emergencia-climatica\/","title":{"rendered":"Governadores, decretem Emerg\u00eancia Clim\u00e1tica!"},"content":{"rendered":"\n<h4 class=\"wp-block-heading\">Confira nosso banco de tweets e participe da press\u00e3o nas redes sociais para que governadores decretem #Emerg\u00eanciaClim\u00e1tica&nbsp;<\/h4>\n\n<figure class=\"wp-block-image size-large\"><img loading=\"lazy\" decoding=\"async\" width=\"1024\" height=\"577\" src=\"https:\/\/www.greenpeace.org\/static\/planet4-brasil-stateless\/2022\/02\/d4dd176c-facebook-1024x577.png\" alt=\"\" class=\"wp-image-36225\" srcset=\"https:\/\/www.greenpeace.org\/static\/planet4-brasil-stateless\/2022\/02\/d4dd176c-facebook-1024x577.png 1024w, https:\/\/www.greenpeace.org\/static\/planet4-brasil-stateless\/2022\/02\/d4dd176c-facebook-300x169.png 300w, https:\/\/www.greenpeace.org\/static\/planet4-brasil-stateless\/2022\/02\/d4dd176c-facebook-768x433.png 768w, https:\/\/www.greenpeace.org\/static\/planet4-brasil-stateless\/2022\/02\/d4dd176c-facebook-1536x865.png 1536w, https:\/\/www.greenpeace.org\/static\/planet4-brasil-stateless\/2022\/02\/d4dd176c-facebook-510x287.png 510w, https:\/\/www.greenpeace.org\/static\/planet4-brasil-stateless\/2022\/02\/d4dd176c-facebook.png 1640w\" sizes=\"auto, (max-width: 1024px) 100vw, 1024px\" \/><\/figure>\n\n<p>O Brasil tem sido gravemente afetado pelos eventos extremos, cada vez mais frequentes, como as chuvas e secas intensas que<a href=\"https:\/\/www.greenpeace.org\/brasil\/blog\/fortes-chuvas-escancaram-negligencia-do-brasil-diante-da-crise-climatica\/\" data-type=\"URL\" data-id=\"https:\/\/www.greenpeace.org\/brasil\/blog\/fortes-chuvas-escancaram-negligencia-do-brasil-diante-da-crise-climatica\/\"> atingem alguns estados brasileiros <\/a>desde o ano passado, com consequ\u00eancias que continuam impactando a vida das pessoas e a biodiversidade em 2022.<br><br>Apesar dos danos reca\u00edrem sobre toda a vida no planeta, neste momento quem mais sofre com as grandes cat\u00e1strofes s\u00e3o as popula\u00e7\u00f5es de baixa renda, que vivem em <strong>situa\u00e7\u00e3o de vulnerabilidade<\/strong> por condi\u00e7\u00f5es prec\u00e1rias de moradia e de acesso a direitos fundamentais.<br><br>Chega de descaso pol\u00edtico com a crise clim\u00e1tica! Ainda que a responsabiliza\u00e7\u00e3o das tr\u00eas esferas p\u00fablicas seja urgente e necess\u00e1ria, as <a href=\"https:\/\/www.greenpeace.org\/brasil\/blog\/governadores-decretem-emergencia-climatica\/\">m<\/a><a href=\"https:\/\/www.greenpeace.org\/brasil\/blog\/o-que-e-um-plano-de-adaptacao-climatica\/\">edidas de adapta\u00e7\u00e3o aos eventos extremos <\/a>precisam ser pensadas de acordo com a din\u00e2mica da realidade de cada territ\u00f3rio. Por isso <strong><a rel=\"noreferrer noopener\" href=\"https:\/\/www.greenpeace.org.br\/emergencia-climatica\" data-type=\"URL\" data-id=\"https:\/\/www.greenpeace.org.br\/emergencia-climatica\" target=\"_blank\">fazemos um chamado aos governadores <\/a><\/strong>para que decretem emerg\u00eancia clim\u00e1tica e executem planos de adapta\u00e7\u00e3o.<br><br>As redes sociais hoje s\u00e3o uma importante ferramenta de press\u00e3o do poder p\u00fablico! Al\u00e9m de<a href=\"https:\/\/www.greenpeace.org.br\/emergencia-climatica\" data-type=\"URL\" data-id=\"https:\/\/www.greenpeace.org.br\/emergencia-climatica\"> assinar nosso abaixo-assinado<\/a>, fa\u00e7a uma postagem, marque o governador de sua escolha, use a <strong>#DecreteEmerg\u00eanciaClim\u00e1tica <\/strong>e ajude a engrossar esse caldo!<\/p>\n\n<p>Em um primeiro momento do nosso <a href=\"https:\/\/www.greenpeace.org.br\/emergencia-climatica\" data-type=\"URL\" data-id=\"https:\/\/www.greenpeace.org.br\/emergencia-climatica\">abaixo-assinado<\/a>, estamos focando nos dez estados mais afetados por eventos extremos no \u00faltimo per\u00edodo. S\u00e3o eles: Bahia, Minas Gerais, Par\u00e1, Goi\u00e1s, Maranh\u00e3o, Rio de Janeiro, Tocantins, Piau\u00ed, S\u00e3o Paulo e Rio Grande do Sul. <\/p>\n\n<h3 class=\"wp-block-heading\">Confira algumas op\u00e7\u00f5es de tweets:<br><\/h3>\n\n<p>\u2022 A<strong> #Emerg\u00eanciaClim\u00e1tica<\/strong> j\u00e1 \u00e9 realidade e impacta principalmente as popula\u00e7\u00f5es em situa\u00e7\u00e3o de vulnerabilidade, <strong>@(governadorquevoc\u00eaquerpressionar)<\/strong>! Planos de adapta\u00e7\u00e3o clim\u00e1tica s\u00e3o urgentes e precisam sair do papel. <strong>#DecreteEmerg\u00eanciaClim\u00e1tica<\/strong><\/p>\n\n<p>\u2022 Onde est\u00e3o os planos de adapta\u00e7\u00e3o clim\u00e1tica que diminuam os impactos dos #EventosExtremos, <strong>@(governadorquevoc\u00eaquerpressionar) #DecreteEmerg\u00eanciaClim\u00e1tica<\/strong><\/p>\n\n<p>\u2022 <strong>@(governadorquevoc\u00eaquerpressionar) <\/strong>qual o or\u00e7amento destinado para perdas e danos daqueles que mais sofrem com as fortes chuvas? <strong>#DecreteEmerg\u00eanciaClim\u00e1tica<\/strong><\/p>\n\n<p>\u2022 Decretar <strong>#Emerg\u00eanciaClim\u00e1tica<\/strong> \u00e9 salvar vidas. <strong>@(governadorquevoc\u00eaquerpressionar)<\/strong> n\u00e3o permita que trag\u00e9dias continuem a se repetir!<\/p>\n\n<p>\u2022 <strong>@(governadorquevoc\u00eaquerpressionar)<\/strong> N\u00e3o h\u00e1 nada de \u201cnormal\u201d no que estamos vivendo!<strong> #DecreteEmerg\u00eanciaClim\u00e1tica<\/strong> e possibilite uma resposta efetiva do nosso estado \u00e0 crise do clima.<\/p>\n\n<p>\u2022 Todos os anos a popula\u00e7\u00e3o lida com os estragos das fortes chuvas. <strong>@(governadorquevoc\u00eaquerpressionar) <\/strong>evite que trag\u00e9dias se repitam em nosso estado e <strong>#DecreteEmerg\u00eanciaClim\u00e1tica<\/strong>!<\/p>\n\n<p>\u2022 Precisamos de audi\u00eancias p\u00fablicas com quem sente na pele as consequ\u00eancias dos #EventosExtremos.<strong> @(governadorquevoc\u00eaquerpressionar) #DecreteEmerg\u00eanciaClim\u00e1tica<\/strong> e dialogue com a popula\u00e7\u00e3o!<\/p>\n\n<p>Alguns poucos estados como Minas Gerais, Rio de Janeiro, S\u00e3o Paulo, Tocantins, Rio Grande do Sul e Goi\u00e1s, j\u00e1 apresentaram planos de adapta\u00e7\u00e3o \u00e0s mudan\u00e7as clim\u00e1ticas, mas que, conforme escancara a realidade, est\u00e3o apenas no papel. Vem com a gente e nos ajude a cobr\u00e1-los por a\u00e7\u00f5es efetivas!<\/p>\n\n<p>\u2022 De nada adianta planos que n\u00e3o s\u00e3o efetivados na pr\u00e1tica! <strong>@(governadorquevoc\u00eaquerpressionar)<\/strong> A hora de agir \u00e9 agora! <strong>#DecreteEmerg\u00eanciaClim\u00e1tica<\/strong><br><br>\u2022 <strong>@(governadorquevoc\u00eaquerpressionar) <\/strong>onde est\u00e1 o or\u00e7amento destinado para perdas e danos daqueles que mais sofrem com as fortes chuvas? <strong>#DecreteEmerg\u00eanciaClim\u00e1tica<\/strong><\/p>\n\n<h3 class=\"wp-block-heading\"><strong>Perfis oficiais dos governadore<\/strong>s<\/h3>\n\n<p><strong>BAHIA<\/strong><br>Governador: Rui Costa<br>Twitter:<a href=\"https:\/\/twitter.com\/costa_rui\" data-type=\"URL\" data-id=\"https:\/\/twitter.com\/costa_rui\" target=\"_blank\" rel=\"noreferrer noopener\"> @costa_rui<\/a><br>Instagram: <a href=\"https:\/\/www.instagram.com\/ruicostaoficial\/\" data-type=\"URL\" data-id=\"https:\/\/www.instagram.com\/ruicostaoficial\/\" target=\"_blank\" rel=\"noreferrer noopener\">@ruicostaoficial<\/a><\/p>\n\n<p><strong>MINAS GERAIS<\/strong><br>Governador: Romeu Zema<br>Twitter: <a href=\"https:\/\/twitter.com\/RomeuZema\" data-type=\"URL\" data-id=\"https:\/\/twitter.com\/RomeuZema\" target=\"_blank\" rel=\"noreferrer noopener\">@romeuzema<\/a><br>Instagram: <a href=\"https:\/\/www.instagram.com\/romeuzemaoficial\/\" data-type=\"URL\" data-id=\"https:\/\/www.instagram.com\/romeuzemaoficial\/\" target=\"_blank\" rel=\"noreferrer noopener\">@romeuzemaoficial<\/a><\/p>\n\n<p><strong>GOI\u00c1S<\/strong><br>Governador: Ronaldo Caiado<br>Twitter: <a href=\"https:\/\/twitter.com\/ronaldocaiado\" target=\"_blank\" rel=\"noreferrer noopener\">@ronaldocaiado<\/a><br>Instagram: <a href=\"https:\/\/www.instagram.com\/ronaldocaiado\/\" target=\"_blank\" rel=\"noreferrer noopener\">@ronaldocaiado<\/a><\/p>\n\n<p><strong>MARANH\u00c3O<\/strong><br>Governador: Fl\u00e1vio Dino<br>Twitter: <a href=\"https:\/\/twitter.com\/FlavioDino\" target=\"_blank\" rel=\"noreferrer noopener\">@FlavioDino<\/a><br>Instagram: <a href=\"https:\/\/www.instagram.com\/flaviodino\/\" target=\"_blank\" rel=\"noreferrer noopener\">@flaviodino<\/a><\/p>\n\n<p><strong>PAR\u00c1<\/strong><br>Governador: Helder Barbalho<br>Twitter: <a href=\"https:\/\/twitter.com\/helderbarbalho\" data-type=\"URL\" data-id=\"https:\/\/twitter.com\/helderbarbalho\" target=\"_blank\" rel=\"noreferrer noopener\">@helderbarbalho<\/a><br>Instagram: <a href=\"https:\/\/www.instagram.com\/helderbarbalho\/\" data-type=\"URL\" data-id=\"https:\/\/www.instagram.com\/helderbarbalho\/\" target=\"_blank\" rel=\"noreferrer noopener\">@helderbarbalho<\/a><\/p>\n\n<p><strong>RIO DE JANEIRO<\/strong><br>Governador: Cl\u00e1udio Castro<br>Twitter: <a href=\"https:\/\/twitter.com\/claudiocastroRJ\" data-type=\"URL\" data-id=\"https:\/\/twitter.com\/claudiocastroRJ\" target=\"_blank\" rel=\"noreferrer noopener\">@claudiocastrorj<\/a><br>Instagram: <a href=\"https:\/\/www.instagram.com\/claudiocastrorj\/\" data-type=\"URL\" data-id=\"https:\/\/www.instagram.com\/claudiocastrorj\/\" target=\"_blank\" rel=\"noreferrer noopener\">@claudiocastroRJ<\/a><\/p>\n\n<p><strong>TOCANTINS<br><\/strong>Governador: Wanderlei Barbosa <br>Twitter: <a rel=\"noreferrer noopener\" href=\"https:\/\/twitter.com\/maurocarlesse\" data-type=\"URL\" data-id=\"https:\/\/twitter.com\/maurocarlesse\" target=\"_blank\">@wanderleiTO<\/a><br>Instagram: <a href=\"https:\/\/www.instagram.com\/wanderlei__barbosa\/\" data-type=\"URL\" data-id=\"https:\/\/www.instagram.com\/wanderlei__barbosa\/\">@wanderlei__barbosa <\/a><\/p>\n\n<p><strong>PIAU\u00cd<\/strong><br>Governador: Wellington Dias<br>Twitter: <a href=\"https:\/\/twitter.com\/wdiaspi\" target=\"_blank\" rel=\"noreferrer noopener\">@wdiaspi<\/a><br>Instagram: <a href=\"https:\/\/www.instagram.com\/wellingtondiasoficial\/\" target=\"_blank\" rel=\"noreferrer noopener\">@wellingtondiasoficial<\/a><\/p>\n\n<p><strong>S\u00c3O PAULO<\/strong><br>Governador: Jo\u00e3o Doria<br>Twitter: <a href=\"https:\/\/twitter.com\/jdoriajr\" data-type=\"URL\" data-id=\"https:\/\/twitter.com\/jdoriajr\" target=\"_blank\" rel=\"noreferrer noopener\">@jdoriajr<\/a><br>Instagram: <a href=\"https:\/\/www.instagram.com\/jdoriajr\/\" target=\"_blank\" rel=\"noreferrer noopener\">@jdoriajr<\/a><\/p>\n\n<p><strong>RIO GRANDE DO SUL<\/strong><br>Governador: Eduardo Leite<br>Twitter: <a href=\"https:\/\/twitter.com\/EduardoLeite_\">@Eduard<\/a><a href=\"https:\/\/twitter.com\/EduardoLeite_\" target=\"_blank\" rel=\"noreferrer noopener\">o<\/a><a href=\"https:\/\/twitter.com\/EduardoLeite_\">Leite_<\/a><br>Instagram: <a href=\"https:\/\/www.instagram.com\/eduardoleite45\/\" target=\"_blank\" rel=\"noreferrer noopener\">@eduardoleite45<\/a><\/p>\n","protected":false},"excerpt":{"rendered":"<p>Confira nosso banco de tweets e participe da press\u00e3o nas redes sociais para que governadores decretem #Emerg\u00eanciaClim\u00e1tica\u00a0<\/p>\n","protected":false},"author":98,"featured_media":36225,"comment_status":"open","ping_status":"closed","sticky":false,"template":"","format":"standard","meta":{"ep_exclude_from_search":false,"p4_og_title":"","p4_og_description":"","p4_og_image":"","p4_og_image_id":"","p4_seo_canonical_url":"","p4_campaign_name":"not set","p4_local_project":"not set","p4_basket_name":"not set","p4_department":"","footnotes":""},"categories":[48],"tags":[42],"p4-page-type":[16],"class_list":["post-36224","post","type-post","status-publish","format-standard","has-post-thumbnail","hentry","category-justica-climatica","tag-justica-climatica","p4-page-type-blog"],"_links":{"self":[{"href":"https:\/\/www.greenpeace.org\/brasil\/wp-json\/wp\/v2\/posts\/36224","targetHints":{"allow":["GET"]}}],"collection":[{"href":"https:\/\/www.greenpeace.org\/brasil\/wp-json\/wp\/v2\/posts"}],"about":[{"href":"https:\/\/www.greenpeace.org\/brasil\/wp-json\/wp\/v2\/types\/post"}],"author":[{"embeddable":true,"href":"https:\/\/www.greenpeace.org\/brasil\/wp-json\/wp\/v2\/users\/98"}],"replies":[{"embeddable":true,"href":"https:\/\/www.greenpeace.org\/brasil\/wp-json\/wp\/v2\/comments?post=36224"}],"version-history":[{"count":8,"href":"https:\/\/www.greenpeace.org\/brasil\/wp-json\/wp\/v2\/posts\/36224\/revisions"}],"predecessor-version":[{"id":36241,"href":"https:\/\/www.greenpeace.org\/brasil\/wp-json\/wp\/v2\/posts\/36224\/revisions\/36241"}],"wp:featuredmedia":[{"embeddable":true,"href":"https:\/\/www.greenpeace.org\/brasil\/wp-json\/wp\/v2\/media\/36225"}],"wp:attachment":[{"href":"https:\/\/www.greenpeace.org\/brasil\/wp-json\/wp\/v2\/media?parent=36224"}],"wp:term":[{"taxonomy":"category","embeddable":true,"href":"https:\/\/www.greenpeace.org\/brasil\/wp-json\/wp\/v2\/categories?post=36224"},{"taxonomy":"post_tag","embeddable":true,"href":"https:\/\/www.greenpeace.org\/brasil\/wp-json\/wp\/v2\/tags?post=36224"},{"taxonomy":"p4-page-type","embeddable":true,"href":"https:\/\/www.greenpeace.org\/brasil\/wp-json\/wp\/v2\/p4-page-type?post=36224"}],"curies":[{"name":"wp","href":"https:\/\/api.w.org\/{rel}","templated":true}]}}