{"id":36520,"date":"2022-03-18T12:19:14","date_gmt":"2022-03-18T15:19:14","guid":{"rendered":"https:\/\/www.greenpeace.org\/brasil\/?p=36520"},"modified":"2023-02-28T10:01:38","modified_gmt":"2023-02-28T13:01:38","slug":"por-que-precisamos-de-um-tratado-global-dos-oceanos","status":"publish","type":"post","link":"https:\/\/www.greenpeace.org\/brasil\/blog\/por-que-precisamos-de-um-tratado-global-dos-oceanos\/","title":{"rendered":"Por que precisamos de um Tratado Global dos Oceanos?"},"content":{"rendered":"\n<h4 class=\"wp-block-heading\"><em>L\u00edderes mundiais falham em fechar acordo internacional que poderia proteger 30% dos mares at\u00e9 2030 e garantir a preserva\u00e7\u00e3o da biodiversidade<\/em><\/h4>\n\n<figure class=\"wp-block-image size-large\"><img loading=\"lazy\" decoding=\"async\" width=\"1024\" height=\"683\" src=\"https:\/\/www.greenpeace.org\/static\/planet4-brasil-stateless\/2022\/03\/15736fcb-gp0stp7x0_medium_res-1024x683.jpg\" alt=\"\" class=\"wp-image-36522\" srcset=\"https:\/\/www.greenpeace.org\/static\/planet4-brasil-stateless\/2022\/03\/15736fcb-gp0stp7x0_medium_res-1024x683.jpg 1024w, https:\/\/www.greenpeace.org\/static\/planet4-brasil-stateless\/2022\/03\/15736fcb-gp0stp7x0_medium_res-300x200.jpg 300w, https:\/\/www.greenpeace.org\/static\/planet4-brasil-stateless\/2022\/03\/15736fcb-gp0stp7x0_medium_res-768x512.jpg 768w, https:\/\/www.greenpeace.org\/static\/planet4-brasil-stateless\/2022\/03\/15736fcb-gp0stp7x0_medium_res-510x340.jpg 510w, https:\/\/www.greenpeace.org\/static\/planet4-brasil-stateless\/2022\/03\/15736fcb-gp0stp7x0_medium_res.jpg 1200w\" sizes=\"auto, (max-width: 1024px) 100vw, 1024px\" \/><figcaption class=\"wp-element-caption\">  A cria\u00e7\u00e3o dos chamados santu\u00e1rios oce\u00e2nicos, ou \u00e1reas de prote\u00e7\u00e3o marinha, \u00e9 fundamental para ajudar os ecossistemas marinhos (Gary Farr\/Greenpeace)<\/figcaption><\/figure>\n\n<p>Crise clim\u00e1tica, explora\u00e7\u00e3o petrol\u00edfera, pesca predat\u00f3ria, minera\u00e7\u00e3o marinha, polui\u00e7\u00e3o\u2026 S\u00e3o muitas as <strong><a href=\"https:\/\/www.greenpeace.org\/brasil\/blog\/a-crise-climatica-e-reflexo-do-que-acontece-com-os-oceanos-diz-relatorio\/\" data-type=\"URL\" data-id=\"https:\/\/www.greenpeace.org\/brasil\/blog\/a-crise-climatica-e-reflexo-do-que-acontece-com-os-oceanos-diz-relatorio\/\">amea\u00e7as contra a biodiversidade<\/a> <\/strong>dos nossos oceanos. Ainda assim, n\u00e3o existe, hoje, um instrumento internacional que proteja os mares que est\u00e3o al\u00e9m das fronteiras dos pa\u00edses.<\/p>\n\n<p>Entre os dias 7 e 18 de mar\u00e7o, representantes da Organiza\u00e7\u00e3o das Na\u00e7\u00f5es Unidas (ONU) se reuniram em Nova Iorque para discutir a implementa\u00e7\u00e3o de um <strong>mecanismo global de prote\u00e7\u00e3o dos oceanos,<\/strong> mas, mais uma vez, as negocia\u00e7\u00f5es deixaram a desejar.<\/p>\n\n<p>O encontro, que deveria ter acontecido em 2020 mas foi adiado em raz\u00e3o da pandemia, chega ao fim sem um <strong><a href=\"https:\/\/www.greenpeace.org\/brasil\/blog\/tratado-global-dos-oceanos-o-caminho-para-proteger-os-corais-da-amazonia\/\" data-type=\"URL\" data-id=\"https:\/\/www.greenpeace.org\/brasil\/blog\/tratado-global-dos-oceanos-o-caminho-para-proteger-os-corais-da-amazonia\/\">Tratado Global dos Oceanos<\/a><\/strong> robusto, que possibilite a coopera\u00e7\u00e3o internacional na preserva\u00e7\u00e3o dos ecossistemas marinhos.<\/p>\n\n<p>H\u00e1 anos, o Greenpeace atua em defesa de um acordo internacional que garanta a <a href=\"https:\/\/www.greenpeace.org\/brasil\/blog\/o-caminho-para-a-protecao-dos-oceanos\/\" data-type=\"URL\" data-id=\"https:\/\/www.greenpeace.org\/brasil\/blog\/o-caminho-para-a-protecao-dos-oceanos\/\">prote\u00e7\u00e3o de 30% dos oceanos at\u00e9 2030<\/a>. A cria\u00e7\u00e3o dos chamados santu\u00e1rios oce\u00e2nicos, ou \u00e1reas de prote\u00e7\u00e3o marinha, \u00e9 fundamental para ajudar os ecossistemas marinhos a se recuperarem e para que possamos proteger efetivamente milhares de habitats e esp\u00e9cies.<\/p>\n\n<p>Precisamos avan\u00e7ar nas discuss\u00f5es entre os pa\u00edses para transformarmos completamente o sistema fragmentado de governan\u00e7a dos mares como conhecemos hoje, que privilegia a ind\u00fastria e o lucro em <a href=\"https:\/\/www.greenpeace.org\/brasil\/blog\/onde-ha-baleia-ha-vida\/\" data-type=\"URL\" data-id=\"https:\/\/www.greenpeace.org\/brasil\/blog\/onde-ha-baleia-ha-vida\/\">detrimento da biodiversidade. <\/a>Uma l\u00f3gica que coloca em risco at\u00e9 mesmo esp\u00e9cies e formas de vida at\u00e9 ent\u00e3o desconhecidas pela ci\u00eancia.<\/p>\n\n<p>Um <strong>Tratado Global dos Oceanos <\/strong>que tenha a meta 30&#215;30 como principal, poderia melhorar a capacidade de resposta dos oceanos globais ao aquecimento global considerando que os mares funcionam como um grande reservat\u00f3rio de capta\u00e7\u00e3o de carbono. As \u00e1guas oce\u00e2nicas s\u00e3o respons\u00e1veis por produzir metade do oxig\u00eanio do planeta, sendo essenciais para o <a href=\"https:\/\/www.greenpeace.org\/brasil\/blog\/o-que-os-oceanos-tem-a-ver-com-o-clima\/\" data-type=\"URL\" data-id=\"https:\/\/www.greenpeace.org\/brasil\/blog\/o-que-os-oceanos-tem-a-ver-com-o-clima\/\">equil\u00edbrio clim\u00e1tico.<\/a><\/p>\n\n<p>A import\u00e2ncia da prote\u00e7\u00e3o dos oceanos tamb\u00e9m foi refor\u00e7ada no<a href=\"https:\/\/www.greenpeace.org\/brasil\/blog\/relatorio-ipcc-a-crise-do-clima-ja-apresenta-consequencias-irreversiveis\/\" data-type=\"URL\" data-id=\"https:\/\/www.greenpeace.org\/brasil\/blog\/relatorio-ipcc-a-crise-do-clima-ja-apresenta-consequencias-irreversiveis\/\"> \u00faltimo relat\u00f3rio do IPCC<\/a> (Painel Intergovernamental Sobre Mudan\u00e7as Clim\u00e1ticas), divulgado em 9 de mar\u00e7o. O documento afirmou enfaticamente que, apesar de alguns impactos ambientais j\u00e1 serem irrevers\u00edveis, a manuten\u00e7\u00e3o dos servi\u00e7os ecossist\u00eamicos depende da<strong> conserva\u00e7\u00e3o efetiva de aproximadamente 30% a 50% das \u00e1reas terrestres, de \u00e1gua doce e oce\u00e2nicas do planeta.<\/strong><\/p>\n\n<p>A defesa dos mares tamb\u00e9m traz enormes benef\u00edcios para as comunidades costeiras e locais, cuja seguran\u00e7a alimentar e meios de subsist\u00eancia est\u00e3o amea\u00e7ados pelo avan\u00e7o do n\u00edvel do mar, pela polui\u00e7\u00e3o, pelas altera\u00e7\u00f5es clim\u00e1ticas e pr\u00e1ticas insustent\u00e1veis de pesca industrial.<\/p>\n\n<h3 class=\"wp-block-heading\"><strong>Mobiliza\u00e7\u00e3o<\/strong><\/h3>\n\n<p>Na semana passada, quando as discuss\u00f5es tiveram in\u00edcio em Nova Iorque, ativistas do Greenpeace se manifestaram em frente ao local onde aconteceu o encontro da ONU.<\/p>\n\n<p>Al\u00e9m dos cartazes em defesa da meta 30&#215;30 e da cr\u00edtica \u00e0 participa\u00e7\u00e3o restrita da sociedade civil, tamb\u00e9m projetamos pelas ruas da cidade relatos de pessoas que vivem em comunidades costeiras afetadas pela destrui\u00e7\u00e3o dos oceanos.<\/p>\n<div data-render=\"planet4-blocks\/gallery\" data-attributes=\"{&quot;attributes&quot;:{&quot;multiple_image&quot;:&quot;36528,36527,36532,36533,36526,36525&quot;,&quot;image_data&quot;:[{&quot;url&quot;:&quot;https:\\\/\\\/www.greenpeace.org\\\/static\\\/planet4-brasil-stateless\\\/2022\\\/03\\\/3201905d-gp1sx19p_medium_res-copia.jpg&quot;,&quot;focalPoint&quot;:{&quot;x&quot;:0.5,&quot;y&quot;:0.5},&quot;id&quot;:36528},{&quot;url&quot;:&quot;https:\\\/\\\/www.greenpeace.org\\\/static\\\/planet4-brasil-stateless\\\/2022\\\/03\\\/2b29ff57-gp1sx19s_medium_res.jpg&quot;,&quot;focalPoint&quot;:{&quot;x&quot;:0.5,&quot;y&quot;:0.5},&quot;id&quot;:36527},{&quot;url&quot;:&quot;https:\\\/\\\/www.greenpeace.org\\\/static\\\/planet4-brasil-stateless\\\/2022\\\/03\\\/ff6f9147-gp1sx1a4_medium_res.jpg&quot;,&quot;focalPoint&quot;:{&quot;x&quot;:0.5,&quot;y&quot;:0.5},&quot;id&quot;:36532},{&quot;url&quot;:&quot;https:\\\/\\\/www.greenpeace.org\\\/static\\\/planet4-brasil-stateless\\\/2022\\\/03\\\/e90dbc20-gp1sx1a0_medium_res-copia.jpg&quot;,&quot;focalPoint&quot;:{&quot;x&quot;:0.5,&quot;y&quot;:0.5},&quot;id&quot;:36533},{&quot;url&quot;:&quot;https:\\\/\\\/www.greenpeace.org\\\/static\\\/planet4-brasil-stateless\\\/2022\\\/03\\\/af0ad640-gp1sx1a5_medium_res-copia.jpg&quot;,&quot;focalPoint&quot;:{&quot;x&quot;:0.5,&quot;y&quot;:0.5},&quot;id&quot;:36526},{&quot;url&quot;:&quot;https:\\\/\\\/www.greenpeace.org\\\/static\\\/planet4-brasil-stateless\\\/2022\\\/03\\\/3f9d929e-gp1sx1a8_medium_res.jpg&quot;,&quot;focalPoint&quot;:{&quot;x&quot;:0.5,&quot;y&quot;:0.5},&quot;id&quot;:36525}],&quot;gallery_block_style&quot;:0,&quot;gallery_block_title&quot;:&quot;&quot;,&quot;gallery_block_description&quot;:&quot;&quot;,&quot;gallery_block_focus_points&quot;:&quot;&quot;,&quot;images&quot;:[{&quot;image_src&quot;:&quot;https:\\\/\\\/www.greenpeace.org\\\/static\\\/planet4-brasil-stateless\\\/2022\\\/03\\\/3201905d-gp1sx19p_medium_res-copia.jpg&quot;,&quot;image_srcset&quot;:&quot;https:\\\/\\\/www.greenpeace.org\\\/static\\\/planet4-brasil-stateless\\\/2022\\\/03\\\/3201905d-gp1sx19p_medium_res-copia.jpg 1200w, https:\\\/\\\/www.greenpeace.org\\\/static\\\/planet4-brasil-stateless\\\/2022\\\/03\\\/3201905d-gp1sx19p_medium_res-copia-300x200.jpg 300w, https:\\\/\\\/www.greenpeace.org\\\/static\\\/planet4-brasil-stateless\\\/2022\\\/03\\\/3201905d-gp1sx19p_medium_res-copia-1024x684.jpg 1024w, https:\\\/\\\/www.greenpeace.org\\\/static\\\/planet4-brasil-stateless\\\/2022\\\/03\\\/3201905d-gp1sx19p_medium_res-copia-768x513.jpg 768w, https:\\\/\\\/www.greenpeace.org\\\/static\\\/planet4-brasil-stateless\\\/2022\\\/03\\\/3201905d-gp1sx19p_medium_res-copia-510x340.jpg 510w&quot;,&quot;image_sizes&quot;:false,&quot;alt_text&quot;:&quot;&quot;,&quot;caption&quot;:&quot;Ativistas protestaram em defesa da implementa\\u00e7\\u00e3o de do Tratado Global dos Oceanos, em Nova York&quot;,&quot;focus_image&quot;:&quot;&quot;,&quot;credits&quot;:&quot;\\u00a9 Stephanie Keith \\\/ Greenpeace&quot;},{&quot;image_src&quot;:&quot;https:\\\/\\\/www.greenpeace.org\\\/static\\\/planet4-brasil-stateless\\\/2022\\\/03\\\/2b29ff57-gp1sx19s_medium_res.jpg&quot;,&quot;image_srcset&quot;:&quot;https:\\\/\\\/www.greenpeace.org\\\/static\\\/planet4-brasil-stateless\\\/2022\\\/03\\\/2b29ff57-gp1sx19s_medium_res.jpg 1200w, https:\\\/\\\/www.greenpeace.org\\\/static\\\/planet4-brasil-stateless\\\/2022\\\/03\\\/2b29ff57-gp1sx19s_medium_res-300x200.jpg 300w, https:\\\/\\\/www.greenpeace.org\\\/static\\\/planet4-brasil-stateless\\\/2022\\\/03\\\/2b29ff57-gp1sx19s_medium_res-1024x684.jpg 1024w, https:\\\/\\\/www.greenpeace.org\\\/static\\\/planet4-brasil-stateless\\\/2022\\\/03\\\/2b29ff57-gp1sx19s_medium_res-768x513.jpg 768w, https:\\\/\\\/www.greenpeace.org\\\/static\\\/planet4-brasil-stateless\\\/2022\\\/03\\\/2b29ff57-gp1sx19s_medium_res-510x340.jpg 510w&quot;,&quot;image_sizes&quot;:false,&quot;alt_text&quot;:&quot;&quot;,&quot;caption&quot;:&quot;Ativistas protestaram em defesa da implementa\\u00e7\\u00e3o de do Tratado Global dos Oceanos, em Nova York&quot;,&quot;focus_image&quot;:&quot;&quot;,&quot;credits&quot;:&quot;\\u00a9 Stephanie Keith \\\/ Greenpeace&quot;},{&quot;image_src&quot;:&quot;https:\\\/\\\/www.greenpeace.org\\\/static\\\/planet4-brasil-stateless\\\/2022\\\/03\\\/ff6f9147-gp1sx1a4_medium_res.jpg&quot;,&quot;image_srcset&quot;:&quot;https:\\\/\\\/www.greenpeace.org\\\/static\\\/planet4-brasil-stateless\\\/2022\\\/03\\\/ff6f9147-gp1sx1a4_medium_res.jpg 1200w, https:\\\/\\\/www.greenpeace.org\\\/static\\\/planet4-brasil-stateless\\\/2022\\\/03\\\/ff6f9147-gp1sx1a4_medium_res-300x200.jpg 300w, https:\\\/\\\/www.greenpeace.org\\\/static\\\/planet4-brasil-stateless\\\/2022\\\/03\\\/ff6f9147-gp1sx1a4_medium_res-1024x684.jpg 1024w, https:\\\/\\\/www.greenpeace.org\\\/static\\\/planet4-brasil-stateless\\\/2022\\\/03\\\/ff6f9147-gp1sx1a4_medium_res-768x513.jpg 768w, https:\\\/\\\/www.greenpeace.org\\\/static\\\/planet4-brasil-stateless\\\/2022\\\/03\\\/ff6f9147-gp1sx1a4_medium_res-510x340.jpg 510w&quot;,&quot;image_sizes&quot;:false,&quot;alt_text&quot;:&quot;&quot;,&quot;caption&quot;:&quot;O Greenpeace projetou imagens e depoimentos de pessoas que vivem em comunidades costeiras impactadas pela destrui\\u00e7\\u00e3o dos oceanos pelas ruas de Nova York&quot;,&quot;focus_image&quot;:&quot;&quot;,&quot;credits&quot;:&quot;\\u00a9 Stephanie Keith \\\/ Greenpeace&quot;},{&quot;image_src&quot;:&quot;https:\\\/\\\/www.greenpeace.org\\\/static\\\/planet4-brasil-stateless\\\/2022\\\/03\\\/e90dbc20-gp1sx1a0_medium_res-copia.jpg&quot;,&quot;image_srcset&quot;:&quot;https:\\\/\\\/www.greenpeace.org\\\/static\\\/planet4-brasil-stateless\\\/2022\\\/03\\\/e90dbc20-gp1sx1a0_medium_res-copia.jpg 1200w, https:\\\/\\\/www.greenpeace.org\\\/static\\\/planet4-brasil-stateless\\\/2022\\\/03\\\/e90dbc20-gp1sx1a0_medium_res-copia-300x200.jpg 300w, https:\\\/\\\/www.greenpeace.org\\\/static\\\/planet4-brasil-stateless\\\/2022\\\/03\\\/e90dbc20-gp1sx1a0_medium_res-copia-1024x684.jpg 1024w, https:\\\/\\\/www.greenpeace.org\\\/static\\\/planet4-brasil-stateless\\\/2022\\\/03\\\/e90dbc20-gp1sx1a0_medium_res-copia-768x513.jpg 768w, https:\\\/\\\/www.greenpeace.org\\\/static\\\/planet4-brasil-stateless\\\/2022\\\/03\\\/e90dbc20-gp1sx1a0_medium_res-copia-510x340.jpg 510w&quot;,&quot;image_sizes&quot;:false,&quot;alt_text&quot;:&quot;&quot;,&quot;caption&quot;:&quot;O Greenpeace projetou imagens e depoimentos de pessoas que vivem em comunidades costeiras impactadas pela destrui\\u00e7\\u00e3o dos oceanos pelas ruas de Nova York&quot;,&quot;focus_image&quot;:&quot;&quot;,&quot;credits&quot;:&quot;\\u00a9 Stephanie Keith \\\/ Greenpeace&quot;},{&quot;image_src&quot;:&quot;https:\\\/\\\/www.greenpeace.org\\\/static\\\/planet4-brasil-stateless\\\/2022\\\/03\\\/af0ad640-gp1sx1a5_medium_res-copia.jpg&quot;,&quot;image_srcset&quot;:&quot;https:\\\/\\\/www.greenpeace.org\\\/static\\\/planet4-brasil-stateless\\\/2022\\\/03\\\/af0ad640-gp1sx1a5_medium_res-copia.jpg 1200w, https:\\\/\\\/www.greenpeace.org\\\/static\\\/planet4-brasil-stateless\\\/2022\\\/03\\\/af0ad640-gp1sx1a5_medium_res-copia-300x200.jpg 300w, https:\\\/\\\/www.greenpeace.org\\\/static\\\/planet4-brasil-stateless\\\/2022\\\/03\\\/af0ad640-gp1sx1a5_medium_res-copia-1024x684.jpg 1024w, https:\\\/\\\/www.greenpeace.org\\\/static\\\/planet4-brasil-stateless\\\/2022\\\/03\\\/af0ad640-gp1sx1a5_medium_res-copia-768x513.jpg 768w, https:\\\/\\\/www.greenpeace.org\\\/static\\\/planet4-brasil-stateless\\\/2022\\\/03\\\/af0ad640-gp1sx1a5_medium_res-copia-510x340.jpg 510w&quot;,&quot;image_sizes&quot;:false,&quot;alt_text&quot;:&quot;&quot;,&quot;caption&quot;:&quot;O Greenpeace projetou imagens e depoimentos de pessoas que vivem em comunidades costeiras impactadas pela destrui\\u00e7\\u00e3o dos oceanos pelas ruas de Nova York&quot;,&quot;focus_image&quot;:&quot;&quot;,&quot;credits&quot;:&quot;\\u00a9 Stephanie Keith \\\/ Greenpeace&quot;},{&quot;image_src&quot;:&quot;https:\\\/\\\/www.greenpeace.org\\\/static\\\/planet4-brasil-stateless\\\/2022\\\/03\\\/3f9d929e-gp1sx1a8_medium_res.jpg&quot;,&quot;image_srcset&quot;:&quot;https:\\\/\\\/www.greenpeace.org\\\/static\\\/planet4-brasil-stateless\\\/2022\\\/03\\\/3f9d929e-gp1sx1a8_medium_res.jpg 1200w, https:\\\/\\\/www.greenpeace.org\\\/static\\\/planet4-brasil-stateless\\\/2022\\\/03\\\/3f9d929e-gp1sx1a8_medium_res-300x200.jpg 300w, https:\\\/\\\/www.greenpeace.org\\\/static\\\/planet4-brasil-stateless\\\/2022\\\/03\\\/3f9d929e-gp1sx1a8_medium_res-1024x684.jpg 1024w, https:\\\/\\\/www.greenpeace.org\\\/static\\\/planet4-brasil-stateless\\\/2022\\\/03\\\/3f9d929e-gp1sx1a8_medium_res-768x513.jpg 768w, https:\\\/\\\/www.greenpeace.org\\\/static\\\/planet4-brasil-stateless\\\/2022\\\/03\\\/3f9d929e-gp1sx1a8_medium_res-510x340.jpg 510w&quot;,&quot;image_sizes&quot;:false,&quot;alt_text&quot;:&quot;&quot;,&quot;caption&quot;:&quot;O Greenpeace projetou imagens e depoimentos de pessoas que vivem em comunidades costeiras impactadas pela destrui\\u00e7\\u00e3o dos oceanos pelas ruas de Nova York&quot;,&quot;focus_image&quot;:&quot;&quot;,&quot;credits&quot;:&quot;\\u00a9 Stephanie Keith \\\/ Greenpeace&quot;}]}}\"><\/div>\n<p>At\u00e9 o momento, n\u00f3s j\u00e1 reunimos mais de <a href=\"https:\/\/www.greenpeace.org\/international\/act\/protect-the-oceans\/\" data-type=\"URL\" data-id=\"https:\/\/www.greenpeace.org\/international\/act\/protect-the-oceans\/\">quatro milh\u00f5es de assinaturas <\/a>para pressionar os l\u00edderes mundiais a aprovar um acordo ambicioso ainda este ano.<\/p>\n\n<p>Dezenas de pa\u00edses j\u00e1 anunciaram que defendem a prote\u00e7\u00e3o de ao menos 30% dos oceanos globais at\u00e9 2030 e as negocia\u00e7\u00f5es devem continuar na <a href=\"https:\/\/unric.org\/pt\/conferencia-dos-oceanos\/#:~:text=As%20Na%C3%A7%C3%B5es%20Unidas%2C%20com%20o,1%20de%20julho%20de%202022.\" data-type=\"URL\" data-id=\"https:\/\/unric.org\/pt\/conferencia-dos-oceanos\/#:~:text=As%20Na%C3%A7%C3%B5es%20Unidas%2C%20com%20o,1%20de%20julho%20de%202022.\">Confer\u00eancia dos Oceanos da ONU<\/a>, que acontecer\u00e1 em Lisboa no segundo semestre.<\/p>\n\n<p>Mas precisamos mais do que palavras e discuss\u00f5es: Somente um Tratado Global dos Oceanos garantir\u00e1 a vida dos nossos oceanos!<\/p>\n","protected":false},"excerpt":{"rendered":"<p>L\u00edderes mundiais falham em fechar acordo internacional que poderia proteger 30% dos mares at\u00e9 2030 e garantir a preserva\u00e7\u00e3o da biodiversidade<\/p>\n","protected":false},"author":98,"featured_media":36522,"comment_status":"open","ping_status":"closed","sticky":false,"template":"","format":"standard","meta":{"ep_exclude_from_search":false,"p4_og_title":"","p4_og_description":"","p4_og_image":"","p4_og_image_id":"","p4_seo_canonical_url":"","p4_campaign_name":"not set","p4_local_project":"not set","p4_basket_name":"not set","p4_department":"","footnotes":""},"categories":[5],"tags":[47],"p4-page-type":[16],"class_list":["post-36520","post","type-post","status-publish","format-standard","has-post-thumbnail","hentry","category-greenpeace","tag-internacional","p4-page-type-blog"],"_links":{"self":[{"href":"https:\/\/www.greenpeace.org\/brasil\/wp-json\/wp\/v2\/posts\/36520","targetHints":{"allow":["GET"]}}],"collection":[{"href":"https:\/\/www.greenpeace.org\/brasil\/wp-json\/wp\/v2\/posts"}],"about":[{"href":"https:\/\/www.greenpeace.org\/brasil\/wp-json\/wp\/v2\/types\/post"}],"author":[{"embeddable":true,"href":"https:\/\/www.greenpeace.org\/brasil\/wp-json\/wp\/v2\/users\/98"}],"replies":[{"embeddable":true,"href":"https:\/\/www.greenpeace.org\/brasil\/wp-json\/wp\/v2\/comments?post=36520"}],"version-history":[{"count":5,"href":"https:\/\/www.greenpeace.org\/brasil\/wp-json\/wp\/v2\/posts\/36520\/revisions"}],"predecessor-version":[{"id":45043,"href":"https:\/\/www.greenpeace.org\/brasil\/wp-json\/wp\/v2\/posts\/36520\/revisions\/45043"}],"wp:featuredmedia":[{"embeddable":true,"href":"https:\/\/www.greenpeace.org\/brasil\/wp-json\/wp\/v2\/media\/36522"}],"wp:attachment":[{"href":"https:\/\/www.greenpeace.org\/brasil\/wp-json\/wp\/v2\/media?parent=36520"}],"wp:term":[{"taxonomy":"category","embeddable":true,"href":"https:\/\/www.greenpeace.org\/brasil\/wp-json\/wp\/v2\/categories?post=36520"},{"taxonomy":"post_tag","embeddable":true,"href":"https:\/\/www.greenpeace.org\/brasil\/wp-json\/wp\/v2\/tags?post=36520"},{"taxonomy":"p4-page-type","embeddable":true,"href":"https:\/\/www.greenpeace.org\/brasil\/wp-json\/wp\/v2\/p4-page-type?post=36520"}],"curies":[{"name":"wp","href":"https:\/\/api.w.org\/{rel}","templated":true}]}}