{"id":3662,"date":"2015-09-29T13:05:31","date_gmt":"2015-09-29T16:05:31","guid":{"rendered":"https:\/\/www.greenpeace.org\/brasil\/?p=3662"},"modified":"2019-11-06T05:21:20","modified_gmt":"2019-11-06T08:21:20","slug":"barragens-do-rio-tapajos","status":"publish","type":"post","link":"https:\/\/www.greenpeace.org\/brasil\/publicacoes\/barragens-do-rio-tapajos\/","title":{"rendered":"Barragens do Rio Tapaj\u00f3s"},"content":{"rendered":"<p><a href=\"http:\/\/greenpeace.org.br\/tapajos\/docs\/analise-eia-rima.pdf\"><img loading=\"lazy\" decoding=\"async\" class=\"size-medium wp-image-3663 aligncenter\" src=\"https:\/\/www.greenpeace.org\/static\/planet4-brasil-stateless\/2018\/08\/e9e69da2-01082018-captura-de-tela-2018-08-01-a\u0300s-13.10.43-223x300.jpg\" alt=\"\" width=\"223\" height=\"300\" srcset=\"https:\/\/www.greenpeace.org\/static\/planet4-brasil-stateless\/2018\/08\/e9e69da2-01082018-captura-de-tela-2018-08-01-a\u0300s-13.10.43-223x300.jpg 223w, https:\/\/www.greenpeace.org\/static\/planet4-brasil-stateless\/2018\/08\/e9e69da2-01082018-captura-de-tela-2018-08-01-a\u0300s-13.10.43-768x1031.jpg 768w, https:\/\/www.greenpeace.org\/static\/planet4-brasil-stateless\/2018\/08\/e9e69da2-01082018-captura-de-tela-2018-08-01-a\u0300s-13.10.43-763x1024.jpg 763w, https:\/\/www.greenpeace.org\/static\/planet4-brasil-stateless\/2018\/08\/e9e69da2-01082018-captura-de-tela-2018-08-01-a\u0300s-13.10.43-253x340.jpg 253w, https:\/\/www.greenpeace.org\/static\/planet4-brasil-stateless\/2018\/08\/e9e69da2-01082018-captura-de-tela-2018-08-01-a\u0300s-13.10.43.jpg 870w\" sizes=\"auto, (max-width: 223px) 100vw, 223px\" \/><\/a><\/p>\n<p>O Greenpeace Brasil apresenta o relat\u00f3rio <a href=\"http:\/\/greenpeace.org.br\/tapajos\/docs\/analise-eia-rima.pdf\">&#8220;Barragens do Rio Tapaj\u00f3s: Uma avalia\u00e7\u00e3o cr\u00edtica do Estudo e Relat\u00f3rio de Impacto Ambiental (EIA\/RIMA) do Aproveitamento Hidrel\u00e9trico S\u00e3o Luiz do Tapaj\u00f3s&#8221;<\/a>. O documento foi elaborado a partir da an\u00e1lise do Estudo e o Relat\u00f3rio de Impacto Ambiental (EIA\/RIMA) do Aproveitamento Hidrel\u00e9trico (AHE) S\u00e3o Luiz do Tapaj\u00f3s, elaborado pela empresa CNEC Worley Parsons Engenharia S.A. e apresentado ao \u00f3rg\u00e3o licenciador (IBAMA) como parte do processo de licenciamento ambiental.<\/p>\n<p>Este processo prev\u00ea a participa\u00e7\u00e3o popular por meio de audi\u00eancias p\u00fablicas, e, por serem documentos de livre acesso, tanto o EIA quanto o RIMA podem e devem ser analisados e avaliados de forma independente. Segundo o pesquisador da Universidade Federal de Pernambuco (UFPE) e coordenador do estudo, Luciano Naka, a regi\u00e3o onde se pretende construir a hidrel\u00e9trica tem uma riqueza biol\u00f3gica extraordin\u00e1ria e \u00e9 lar de esp\u00e9cies end\u00eamicas.<\/p>\n<p>O relat\u00f3rio foi elaborado a partir da avalia\u00e7\u00e3o de nove renomados e experientes pesquisadores, associados a importantes institui\u00e7\u00f5es de pesquisa e ensino, como o Instituto Nacional de Pesquisas da Amaz\u00f4nia (INPA), o Museu Paraense Emilio Goeldi (MPEG) e a Universidade Federal de Pernambuco (UFPE).<\/p>\n<p>O intuito do documento \u00e9 oferecer uma avalia\u00e7\u00e3o cr\u00edtica e informativa para que a sociedade possa compreender e dimensionar as potenciais consequ\u00eancias da constru\u00e7\u00e3o do AHE S\u00e3o Luiz do Tapaj\u00f3s; al\u00e9m de oferecer subs\u00eddios t\u00e9cnicos para que o poder p\u00fablico e os \u00f3rg\u00e3os licenciadores possam avaliar tecnicamente o material apresentado pela empresa interessada.<\/p>\n<h4 style=\"text-align: center;\"><a href=\"http:\/\/greenpeace.org.br\/tapajos\/docs\/analise-eia-rima.pdf\">Clique aqui e baixe o relat\u00f3rio completo<\/a><\/h4>\n","protected":false},"excerpt":{"rendered":"<p>O relat\u00f3rio produzido pelo Greenpeace Brasil foi elaborado a partir da an\u00e1lise do Estudo e o Relat\u00f3rio de Impacto Ambiental para a constru\u00e7\u00e3o da hidrel\u00e9trica S\u00e3o Luiz dos Tapaj\u00f3s com o intuito de oferecer uma avalia\u00e7\u00e3o cr\u00edtica e independente para a sociedade e oferecer subs\u00eddios para avalia\u00e7\u00e3o t\u00e9cnica dos \u00f3rg\u00e3os licenciadores.<\/p>\n","protected":false},"author":28,"featured_media":3663,"comment_status":"open","ping_status":"closed","sticky":false,"template":"","format":"standard","meta":{"ep_exclude_from_search":false,"p4_og_title":"","p4_og_description":"","p4_og_image":"","p4_og_image_id":"","p4_seo_canonical_url":"","p4_campaign_name":"","p4_local_project":"","p4_basket_name":"","p4_department":"","footnotes":""},"categories":[2],"tags":[8,22],"p4-page-type":[15],"class_list":["post-3662","post","type-post","status-publish","format-standard","has-post-thumbnail","hentry","category-transforme-a-sociedade","tag-resista","tag-florestas","p4-page-type-publicacoes"],"_links":{"self":[{"href":"https:\/\/www.greenpeace.org\/brasil\/wp-json\/wp\/v2\/posts\/3662","targetHints":{"allow":["GET"]}}],"collection":[{"href":"https:\/\/www.greenpeace.org\/brasil\/wp-json\/wp\/v2\/posts"}],"about":[{"href":"https:\/\/www.greenpeace.org\/brasil\/wp-json\/wp\/v2\/types\/post"}],"author":[{"embeddable":true,"href":"https:\/\/www.greenpeace.org\/brasil\/wp-json\/wp\/v2\/users\/28"}],"replies":[{"embeddable":true,"href":"https:\/\/www.greenpeace.org\/brasil\/wp-json\/wp\/v2\/comments?post=3662"}],"version-history":[{"count":3,"href":"https:\/\/www.greenpeace.org\/brasil\/wp-json\/wp\/v2\/posts\/3662\/revisions"}],"predecessor-version":[{"id":3666,"href":"https:\/\/www.greenpeace.org\/brasil\/wp-json\/wp\/v2\/posts\/3662\/revisions\/3666"}],"wp:featuredmedia":[{"embeddable":true,"href":"https:\/\/www.greenpeace.org\/brasil\/wp-json\/wp\/v2\/media\/3663"}],"wp:attachment":[{"href":"https:\/\/www.greenpeace.org\/brasil\/wp-json\/wp\/v2\/media?parent=3662"}],"wp:term":[{"taxonomy":"category","embeddable":true,"href":"https:\/\/www.greenpeace.org\/brasil\/wp-json\/wp\/v2\/categories?post=3662"},{"taxonomy":"post_tag","embeddable":true,"href":"https:\/\/www.greenpeace.org\/brasil\/wp-json\/wp\/v2\/tags?post=3662"},{"taxonomy":"p4-page-type","embeddable":true,"href":"https:\/\/www.greenpeace.org\/brasil\/wp-json\/wp\/v2\/p4-page-type?post=3662"}],"curies":[{"name":"wp","href":"https:\/\/api.w.org\/{rel}","templated":true}]}}