{"id":36808,"date":"2022-04-06T00:55:12","date_gmt":"2022-04-06T03:55:12","guid":{"rendered":"https:\/\/www.greenpeace.org\/brasil\/?p=36808"},"modified":"2022-04-25T10:07:59","modified_gmt":"2022-04-25T13:07:59","slug":"voluntarios-e-artistas-homenageiam-liderancas-indigenas-com-mural-gigante","status":"publish","type":"post","link":"https:\/\/www.greenpeace.org\/brasil\/blog\/voluntarios-e-artistas-homenageiam-liderancas-indigenas-com-mural-gigante\/","title":{"rendered":"Volunt\u00e1rios e artistas homenageiam lideran\u00e7as ind\u00edgenas com mural gigante"},"content":{"rendered":"\n<p><em>A interven\u00e7\u00e3o art\u00edstica exalta Cl\u00e1udia Bar\u00e9 e Samela Sater\u00e9-Maw\u00e9, refer\u00eancias do movimento ind\u00edgena<\/em> no Amazonas<\/p>\n\n<figure class=\"wp-block-image size-large\"><img loading=\"lazy\" decoding=\"async\" width=\"1024\" height=\"683\" src=\"https:\/\/www.greenpeace.org\/static\/planet4-brasil-stateless\/2022\/04\/3190ab7e-gp1sx9b9_pressmedia-1024x683.jpg\" alt=\"\" class=\"wp-image-36811\" srcset=\"https:\/\/www.greenpeace.org\/static\/planet4-brasil-stateless\/2022\/04\/3190ab7e-gp1sx9b9_pressmedia-1024x683.jpg 1024w, https:\/\/www.greenpeace.org\/static\/planet4-brasil-stateless\/2022\/04\/3190ab7e-gp1sx9b9_pressmedia-300x200.jpg 300w, https:\/\/www.greenpeace.org\/static\/planet4-brasil-stateless\/2022\/04\/3190ab7e-gp1sx9b9_pressmedia-768x512.jpg 768w, https:\/\/www.greenpeace.org\/static\/planet4-brasil-stateless\/2022\/04\/3190ab7e-gp1sx9b9_pressmedia-1536x1024.jpg 1536w, https:\/\/www.greenpeace.org\/static\/planet4-brasil-stateless\/2022\/04\/3190ab7e-gp1sx9b9_pressmedia-2048x1366.jpg 2048w, https:\/\/www.greenpeace.org\/static\/planet4-brasil-stateless\/2022\/04\/3190ab7e-gp1sx9b9_pressmedia-510x340.jpg 510w\" sizes=\"auto, (max-width: 1024px) 100vw, 1024px\" \/><figcaption>Artistas demoraram dez dias para pintar o mural de mais de 23 metros de comprimento. Foto: Larissa Martins\/Greenpeace<\/figcaption><\/figure>\n\n<p>Na \u00faltima semana, os volunt\u00e1rios e volunt\u00e1rias do grupo de Manaus (AM) participaram da inaugura\u00e7\u00e3o de uma obra de arte que mistura ativismo, mem\u00f3ria e resist\u00eancia. O grafite de 23 metros de comprimento foi pintado na avenida Djalma Batista, localizada na zona Centro-Sul de Manaus &#8211; uma das vias mais movimentadas da capital amazonense. Com essa a\u00e7\u00e3o, o grupo local busca fortalecer a luta dos povos ind\u00edgenas pela demarca\u00e7\u00e3o de suas terras e homenageia as lideran\u00e7as ind\u00edgenas Cl\u00e1udia Bar\u00e9 e Samela Sater\u00e9-Maw\u00e9.<\/p>\n\n<p>Por tr\u00e1s de tanto talento e mobiliza\u00e7\u00e3o, estavam os artistas visuais Sarah Campelo, Cria e Kina Kokama, que passaram dez dias seguidos, ao lado dos volunt\u00e1rios do grupo de Manaus, empenhados na produ\u00e7\u00e3o para que a finaliza\u00e7\u00e3o do mural sa\u00edsse perfeita.&nbsp;<\/p>\n\n<figure class=\"wp-block-image size-large\"><img loading=\"lazy\" decoding=\"async\" width=\"1024\" height=\"683\" src=\"https:\/\/www.greenpeace.org\/static\/planet4-brasil-stateless\/2022\/04\/136f303c-gp1sx9ap_pressmedia-1024x683.jpg\" alt=\"\" class=\"wp-image-36815\" srcset=\"https:\/\/www.greenpeace.org\/static\/planet4-brasil-stateless\/2022\/04\/136f303c-gp1sx9ap_pressmedia-1024x683.jpg 1024w, https:\/\/www.greenpeace.org\/static\/planet4-brasil-stateless\/2022\/04\/136f303c-gp1sx9ap_pressmedia-300x200.jpg 300w, https:\/\/www.greenpeace.org\/static\/planet4-brasil-stateless\/2022\/04\/136f303c-gp1sx9ap_pressmedia-768x512.jpg 768w, https:\/\/www.greenpeace.org\/static\/planet4-brasil-stateless\/2022\/04\/136f303c-gp1sx9ap_pressmedia-1536x1024.jpg 1536w, https:\/\/www.greenpeace.org\/static\/planet4-brasil-stateless\/2022\/04\/136f303c-gp1sx9ap_pressmedia-2048x1366.jpg 2048w, https:\/\/www.greenpeace.org\/static\/planet4-brasil-stateless\/2022\/04\/136f303c-gp1sx9ap_pressmedia-510x340.jpg 510w\" sizes=\"auto, (max-width: 1024px) 100vw, 1024px\" \/><figcaption>Refer\u00eancia do movimento ind\u00edgena amazonense, a professora Claudia Bar\u00e9 foi uma das homenageadas no mural pintado numa das principais avenidas de Manaus. Foto: Larissa Martins\/Greenpeace<div class=\"credit icon-left\"> \u00a9 Larissa Martins \/ Greenpeace<\/div><\/figcaption><\/figure>\n\n<p>Entretanto, a arte e a homenagem n\u00e3o eram as \u00fanicas protagonistas da a\u00e7\u00e3o. O projeto tamb\u00e9m busca, desde sua idealiza\u00e7\u00e3o, fortalecer a mensagem <strong>#MarcoTemporalN\u00e3o<\/strong>! Os volunt\u00e1rios e artistas se juntam a diversos outros atores que apontam a inconstitucionalidade da tese do Marco Temporal, marcada para ser julgada no Supremo Tribunal Federal (STF) em junho e que vai definir o futuro das Terras Ind\u00edgenas do Brasil.&nbsp;<\/p>\n\n<p>Essa tese afirma que apenas os povos ind\u00edgenas que ocupavam seus territ\u00f3rios em 5 de outubro de 1988 poderiam requerer suas terras. Diversos especialistas e lideran\u00e7as afirmam, no entanto, que esse pensamento ignora e desconsidera as in\u00fameras viol\u00eancias cometidas contra os povos ind\u00edgenas em sua hist\u00f3ria, como massacres, remo\u00e7\u00f5es for\u00e7adas e genoc\u00eddios. Al\u00e9m disso, vai contra o texto da Constitui\u00e7\u00e3o Federal de 88, que diz em seu artigo 231 que os direitos dos povos ind\u00edgenas s\u00e3o \u201corigin\u00e1rios\u201d, ou seja, se aplicam at\u00e9 mesmo antes da forma\u00e7\u00e3o do Estado Brasileiro, do Pa\u00eds chamado Brasil. Por isso, a tese do Marco Temporal \u00e9 muito criticada e s\u00f3 \u00e9 defendida pela bancada ruralista e por quem tem interesse na explora\u00e7\u00e3o econ\u00f4mica de terras ind\u00edgenas.&nbsp; &nbsp;<\/p>\n\n<figure class=\"wp-block-image size-large\"><img loading=\"lazy\" decoding=\"async\" width=\"1024\" height=\"683\" src=\"https:\/\/www.greenpeace.org\/static\/planet4-brasil-stateless\/2022\/04\/68c939be-gp1sx9ah_pressmedia-1024x683.jpg\" alt=\"\" class=\"wp-image-36823\" srcset=\"https:\/\/www.greenpeace.org\/static\/planet4-brasil-stateless\/2022\/04\/68c939be-gp1sx9ah_pressmedia-1024x683.jpg 1024w, https:\/\/www.greenpeace.org\/static\/planet4-brasil-stateless\/2022\/04\/68c939be-gp1sx9ah_pressmedia-300x200.jpg 300w, https:\/\/www.greenpeace.org\/static\/planet4-brasil-stateless\/2022\/04\/68c939be-gp1sx9ah_pressmedia-768x512.jpg 768w, https:\/\/www.greenpeace.org\/static\/planet4-brasil-stateless\/2022\/04\/68c939be-gp1sx9ah_pressmedia-1536x1024.jpg 1536w, https:\/\/www.greenpeace.org\/static\/planet4-brasil-stateless\/2022\/04\/68c939be-gp1sx9ah_pressmedia-2048x1366.jpg 2048w, https:\/\/www.greenpeace.org\/static\/planet4-brasil-stateless\/2022\/04\/68c939be-gp1sx9ah_pressmedia-510x340.jpg 510w\" sizes=\"auto, (max-width: 1024px) 100vw, 1024px\" \/><figcaption>&#8220;Esse mural \u00e9 uma tentativa de di\u00e1logo, de colocar um assunto na pauta e gerar discuss\u00e3o na rua&#8221;, disse a artista visual Sarah Campelo. Foto: Larissa Martins\/Greenpeace<\/figcaption><\/figure>\n\n<p>De acordo com a artista visual Sarah Campelo &#8211; uma das idealizadoras do ato&nbsp; &#8211; a ideia de abordar o Marco Temporal na interven\u00e7\u00e3o art\u00edstica vem da import\u00e2ncia que o assunto possui para o futuro do Brasil. \u201cEstamos na Amaz\u00f4nia e precisamos pensar nas consequ\u00eancias que a aprova\u00e7\u00e3o do Marco Temporal teria para n\u00f3s, aqui no Norte do Brasil. Esse mural \u00e9 uma tentativa de di\u00e1logo, de colocar esse assunto na pauta e gerar discuss\u00e3o sobre esse tema num espa\u00e7o muito importante, que \u00e9 a rua\u201d, explicou Sarah.<\/p>\n\n<figure class=\"wp-block-image size-large\"><img loading=\"lazy\" decoding=\"async\" width=\"1024\" height=\"576\" src=\"https:\/\/www.greenpeace.org\/static\/planet4-brasil-stateless\/2022\/04\/1794a9ab-gp1sx9af_pressmedia-1024x576.jpg\" alt=\"\" class=\"wp-image-36824\" srcset=\"https:\/\/www.greenpeace.org\/static\/planet4-brasil-stateless\/2022\/04\/1794a9ab-gp1sx9af_pressmedia-1024x576.jpg 1024w, https:\/\/www.greenpeace.org\/static\/planet4-brasil-stateless\/2022\/04\/1794a9ab-gp1sx9af_pressmedia-300x169.jpg 300w, https:\/\/www.greenpeace.org\/static\/planet4-brasil-stateless\/2022\/04\/1794a9ab-gp1sx9af_pressmedia-768x432.jpg 768w, https:\/\/www.greenpeace.org\/static\/planet4-brasil-stateless\/2022\/04\/1794a9ab-gp1sx9af_pressmedia-1536x864.jpg 1536w, https:\/\/www.greenpeace.org\/static\/planet4-brasil-stateless\/2022\/04\/1794a9ab-gp1sx9af_pressmedia-2048x1153.jpg 2048w, https:\/\/www.greenpeace.org\/static\/planet4-brasil-stateless\/2022\/04\/1794a9ab-gp1sx9af_pressmedia-510x287.jpg 510w\" sizes=\"auto, (max-width: 1024px) 100vw, 1024px\" \/><figcaption>O mural fica na zona Centro-Sul de Manaus e possui 23 metros de comprimento por 4,5 metros de altura. Foto: Larissa Martins\/Greenpeace<\/figcaption><\/figure>\n\n<p>O lan\u00e7amento do mural tamb\u00e9m dialoga com as discuss\u00f5es que v\u00e3o ocorrer na 18\u00aa edi\u00e7\u00e3o do Acampamento Terra Livre (ATL), que ocorre esta semana em Bras\u00edlia (DF) e que tem como tema \u201cRetomando o Brasil: demarcar territ\u00f3rios e aldear a pol\u00edtica\u201d. O acampamento vai denunciar a omiss\u00e3o do poder executivo no reconhecimento e demarca\u00e7\u00e3o de terras ind\u00edgenas, al\u00e9m de estimular o debate sobre a import\u00e2ncia da participa\u00e7\u00e3o de representantes ind\u00edgenas no fortalecimento da democracia brasileira.<\/p>\n\n<figure class=\"wp-block-embed is-type-video is-provider-youtube wp-block-embed-youtube wp-embed-aspect-16-9 wp-has-aspect-ratio\"><div class=\"wp-block-embed__wrapper\">\n<lite-youtube style=\"background-image: url('https:\/\/i.ytimg.com\/vi\/rV8M5b78_C8\/hqdefault.jpg');\" videoid=\"rV8M5b78_C8\" params=\"rel=0\"><\/lite-youtube>\n<\/div><\/figure>\n","protected":false},"excerpt":{"rendered":"<p>A interven\u00e7\u00e3o art\u00edstica exalta Cl\u00e1udia Bar\u00e9 e Samela Sater\u00e9-Maw\u00e9, refer\u00eancias do movimento ind\u00edgena no Amazonas<\/p>\n","protected":false},"author":90,"featured_media":36811,"comment_status":"open","ping_status":"closed","sticky":false,"template":"","format":"standard","meta":{"ep_exclude_from_search":false,"p4_og_title":"","p4_og_description":"","p4_og_image":"","p4_og_image_id":"","p4_seo_canonical_url":"","p4_campaign_name":"not set","p4_local_project":"not set","p4_basket_name":"not set","p4_department":"","footnotes":""},"categories":[5],"tags":[43,23],"p4-page-type":[16],"class_list":["post-36808","post","type-post","status-publish","format-standard","has-post-thumbnail","hentry","category-greenpeace","tag-povos-e-territorios","tag-mobilizacao","p4-page-type-blog"],"_links":{"self":[{"href":"https:\/\/www.greenpeace.org\/brasil\/wp-json\/wp\/v2\/posts\/36808","targetHints":{"allow":["GET"]}}],"collection":[{"href":"https:\/\/www.greenpeace.org\/brasil\/wp-json\/wp\/v2\/posts"}],"about":[{"href":"https:\/\/www.greenpeace.org\/brasil\/wp-json\/wp\/v2\/types\/post"}],"author":[{"embeddable":true,"href":"https:\/\/www.greenpeace.org\/brasil\/wp-json\/wp\/v2\/users\/90"}],"replies":[{"embeddable":true,"href":"https:\/\/www.greenpeace.org\/brasil\/wp-json\/wp\/v2\/comments?post=36808"}],"version-history":[{"count":6,"href":"https:\/\/www.greenpeace.org\/brasil\/wp-json\/wp\/v2\/posts\/36808\/revisions"}],"predecessor-version":[{"id":36827,"href":"https:\/\/www.greenpeace.org\/brasil\/wp-json\/wp\/v2\/posts\/36808\/revisions\/36827"}],"wp:featuredmedia":[{"embeddable":true,"href":"https:\/\/www.greenpeace.org\/brasil\/wp-json\/wp\/v2\/media\/36811"}],"wp:attachment":[{"href":"https:\/\/www.greenpeace.org\/brasil\/wp-json\/wp\/v2\/media?parent=36808"}],"wp:term":[{"taxonomy":"category","embeddable":true,"href":"https:\/\/www.greenpeace.org\/brasil\/wp-json\/wp\/v2\/categories?post=36808"},{"taxonomy":"post_tag","embeddable":true,"href":"https:\/\/www.greenpeace.org\/brasil\/wp-json\/wp\/v2\/tags?post=36808"},{"taxonomy":"p4-page-type","embeddable":true,"href":"https:\/\/www.greenpeace.org\/brasil\/wp-json\/wp\/v2\/p4-page-type?post=36808"}],"curies":[{"name":"wp","href":"https:\/\/api.w.org\/{rel}","templated":true}]}}