{"id":36857,"date":"2022-04-11T22:19:45","date_gmt":"2022-04-12T01:19:45","guid":{"rendered":"https:\/\/www.greenpeace.org\/brasil\/?p=36857"},"modified":"2022-04-26T09:11:43","modified_gmt":"2022-04-26T12:11:43","slug":"atl2022-indigenas-se-pintam-de-sangue-e-lama-em-protesto-contra-o-garimpo","status":"publish","type":"post","link":"https:\/\/www.greenpeace.org\/brasil\/blog\/atl2022-indigenas-se-pintam-de-sangue-e-lama-em-protesto-contra-o-garimpo\/","title":{"rendered":"#ATL2022: Ind\u00edgenas se pintam de sangue e lama em protesto contra o garimpo"},"content":{"rendered":"\n<p><em>Lideran\u00e7as devolveram ao governo a sujeira e destrui\u00e7\u00e3o que a atividade deixa nos territ\u00f3rios<\/em><\/p>\n\n<figure class=\"wp-block-image size-large\"><img loading=\"lazy\" decoding=\"async\" width=\"1024\" height=\"683\" src=\"https:\/\/www.greenpeace.org\/static\/planet4-brasil-stateless\/2022\/04\/99660b1f-gp1sxb25_pressmedia-1024x683.jpg\" alt=\"\" class=\"wp-image-36860\" srcset=\"https:\/\/www.greenpeace.org\/static\/planet4-brasil-stateless\/2022\/04\/99660b1f-gp1sxb25_pressmedia-1024x683.jpg 1024w, https:\/\/www.greenpeace.org\/static\/planet4-brasil-stateless\/2022\/04\/99660b1f-gp1sxb25_pressmedia-300x200.jpg 300w, https:\/\/www.greenpeace.org\/static\/planet4-brasil-stateless\/2022\/04\/99660b1f-gp1sxb25_pressmedia-768x512.jpg 768w, https:\/\/www.greenpeace.org\/static\/planet4-brasil-stateless\/2022\/04\/99660b1f-gp1sxb25_pressmedia-1536x1024.jpg 1536w, https:\/\/www.greenpeace.org\/static\/planet4-brasil-stateless\/2022\/04\/99660b1f-gp1sxb25_pressmedia-2048x1366.jpg 2048w, https:\/\/www.greenpeace.org\/static\/planet4-brasil-stateless\/2022\/04\/99660b1f-gp1sxb25_pressmedia-510x340.jpg 510w\" sizes=\"auto, (max-width: 1024px) 100vw, 1024px\" \/><figcaption>Barras de ouro extra\u00eddas ilegalmente foram representadas na marcha desta segunda-feira (11). Foto: Tuane Fernandes\/Greenpeace<\/figcaption><\/figure>\n\n<p>A marcha desta segunda-feira (11) ocorrida dentro da programa\u00e7\u00e3o do Acampamento Terra Livre (ATL) teve um prop\u00f3sito especial: protestar contra o garimpo, contra o Projeto de Lei 191\/2020, que libera a minera\u00e7\u00e3o e o garimpo em Terras Ind\u00edgenas, e devolver ao poder p\u00fablico toda a sujeira e destrui\u00e7\u00e3o que essa atividade deixa nos territ\u00f3rios origin\u00e1rios.&nbsp;&nbsp;<\/p>\n\n<p>Lideran\u00e7as ind\u00edgenas marcharam pelo Eixo Monumental carregando barras de ouro e deixando em frente ao Minist\u00e9rio de Minas e Energia (MME) um rastro de sujeira similar \u00e0quele que o garimpo tem deixado para povos como os Yanomami, os Munduruku e os Kayap\u00f3 &#8211; alguns dos mais afetados hoje pelos problemas trazidos pelo garimpo.&nbsp;<\/p>\n\n<p>O ato teve in\u00edcio por volta das 13h, quando o artista baiano Ibraim Nascimento realizou uma performance art\u00edstica ao lado da plen\u00e1ria central do Acampamento Terra Livre (ATL). Na ocasi\u00e3o, o artista desenhou num painel gigante &#8211; com 14 metros de largura por 9 metros de altura &#8211; uma ilustra\u00e7\u00e3o que remeteu \u00e0 guerra que os ind\u00edgenas travam contra o garimpo. Feita com tinta, lama e sangue cenogr\u00e1fico, o painel contou com intera\u00e7\u00f5es de representantes de diversos povos, que usaram suas m\u00e3os e seus p\u00e9s para encher o painel de sangue e sujeira.<\/p>\n\n<figure class=\"wp-block-image size-large\"><img loading=\"lazy\" decoding=\"async\" width=\"1024\" height=\"683\" src=\"https:\/\/www.greenpeace.org\/static\/planet4-brasil-stateless\/2022\/04\/471a89d0-gp1sxb1p_pressmedia-1024x683.jpg\" alt=\"\" class=\"wp-image-36862\" srcset=\"https:\/\/www.greenpeace.org\/static\/planet4-brasil-stateless\/2022\/04\/471a89d0-gp1sxb1p_pressmedia-1024x683.jpg 1024w, https:\/\/www.greenpeace.org\/static\/planet4-brasil-stateless\/2022\/04\/471a89d0-gp1sxb1p_pressmedia-300x200.jpg 300w, https:\/\/www.greenpeace.org\/static\/planet4-brasil-stateless\/2022\/04\/471a89d0-gp1sxb1p_pressmedia-768x512.jpg 768w, https:\/\/www.greenpeace.org\/static\/planet4-brasil-stateless\/2022\/04\/471a89d0-gp1sxb1p_pressmedia-1536x1024.jpg 1536w, https:\/\/www.greenpeace.org\/static\/planet4-brasil-stateless\/2022\/04\/471a89d0-gp1sxb1p_pressmedia-2048x1366.jpg 2048w, https:\/\/www.greenpeace.org\/static\/planet4-brasil-stateless\/2022\/04\/471a89d0-gp1sxb1p_pressmedia-510x340.jpg 510w\" sizes=\"auto, (max-width: 1024px) 100vw, 1024px\" \/><figcaption>O artista baiano Ibraim Nascimento desenhou um mural de 14 x 9 metros e contou com interven\u00e7\u00f5es dos ind\u00edgenas presentes no Acampamento Terra Livre. Foto: Tuane Fernandes\/Diego Baravelli<\/figcaption><\/figure>\n\n<p><strong>Barras de ouro<\/strong><\/p>\n\n<p>\u201cN\u00e3o s\u00e3o s\u00f3 os povos ind\u00edgenas. Todos n\u00f3s estamos com lama at\u00e9 o pesco\u00e7o e saturados com esse cen\u00e1rio de horror que estamos vivendo. Estamos matando pessoas, destruindo culturas e isso n\u00e3o pode continuar. Essa arte tem um significado especial porque faz parte de uma luta, \u00e9 um ato de ativismo\u201d, contou Ibraim.<\/p>\n\n<p>Por volta das 15h, todo o acampamento saiu em marcha em dire\u00e7\u00e3o ao MME. Durante a caminhada, estiveram presentes ativistas e lideran\u00e7as sujos de sangue cenogr\u00e1fico e lama, assim como barras de ouro gigantes representando o fruto do crime que \u00e9 cometido nas Terras Ind\u00edgenas de nosso Pa\u00eds. Em algumas delas, era poss\u00edvel ler algumas letras, que juntas formavam a palavra \u201cCrime!\u201d. Em frente ao Minist\u00e9rio, os participantes do ato empilharam as barras de ouro e tamb\u00e9m as sujaram de sangue e lama, numa esp\u00e9cie de \u201cdevolu\u00e7\u00e3o\u201d de tudo aquilo de ruim que o garimpo leva \u00e0s Terras Ind\u00edgenas.<\/p>\n\n<p>Os manifestantes tamb\u00e9m levaram cartazes se posicionando contra o Projeto de Lei 191\/2020, que libera minera\u00e7\u00e3o em terras ind\u00edgenas. Este PL permite atividades como constru\u00e7\u00e3o de estradas e hidrel\u00e9tricas dentro dos territ\u00f3rios. Especialistas afirmam que a aprova\u00e7\u00e3o deste PL, que se encontra hoje em aprecia\u00e7\u00e3o num grupo de trabalho espec\u00edfico na C\u00e2mara dos Deputados, colocaria em risco as florestas brasileiras e os modos de vida dos diversos povos origin\u00e1rios. <a href=\"https:\/\/amazoniareal.com.br\/cumplicidade-na-destruicao\/\">Publica\u00e7\u00e3o recente da Amazon Watch<\/a> mostra que a aprova\u00e7\u00e3o do PL pode causar a perda de 160 mil quil\u00f4metros quadrados de florestas na Amaz\u00f4nia \u2013 uma \u00e1rea maior que a superf\u00edcie da Inglaterra.<\/p>\n<div data-render=\"planet4-blocks\/gallery\" data-attributes=\"{&quot;attributes&quot;:{&quot;multiple_image&quot;:&quot;36864,36876,36877,36878,36879,36880&quot;,&quot;image_data&quot;:[{&quot;url&quot;:&quot;https:\\\/\\\/www.greenpeace.org\\\/static\\\/planet4-brasil-stateless\\\/2022\\\/04\\\/7200f8d8-gp1sxb0w_pressmedia.jpg&quot;,&quot;focalPoint&quot;:{&quot;x&quot;:0.5,&quot;y&quot;:0.5},&quot;id&quot;:36864},{&quot;url&quot;:&quot;https:\\\/\\\/www.greenpeace.org\\\/static\\\/planet4-brasil-stateless\\\/2022\\\/04\\\/034da135-img_8013.jpg&quot;,&quot;focalPoint&quot;:{&quot;x&quot;:0.5,&quot;y&quot;:0.5},&quot;id&quot;:36876},{&quot;url&quot;:&quot;https:\\\/\\\/www.greenpeace.org\\\/static\\\/planet4-brasil-stateless\\\/2022\\\/04\\\/15b565df-b1_1407-scaled.jpg&quot;,&quot;focalPoint&quot;:{&quot;x&quot;:0.5,&quot;y&quot;:0.5},&quot;id&quot;:36877},{&quot;url&quot;:&quot;https:\\\/\\\/www.greenpeace.org\\\/static\\\/planet4-brasil-stateless\\\/2022\\\/04\\\/47b5b791-b1_1541-scaled.jpg&quot;,&quot;focalPoint&quot;:{&quot;x&quot;:0.5,&quot;y&quot;:0.5},&quot;id&quot;:36878},{&quot;url&quot;:&quot;https:\\\/\\\/www.greenpeace.org\\\/static\\\/planet4-brasil-stateless\\\/2022\\\/04\\\/26489dcf-dsc09528-scaled.jpg&quot;,&quot;focalPoint&quot;:{&quot;x&quot;:0.5,&quot;y&quot;:0.5},&quot;id&quot;:36879},{&quot;url&quot;:&quot;https:\\\/\\\/www.greenpeace.org\\\/static\\\/planet4-brasil-stateless\\\/2022\\\/04\\\/bd7498da-dsc09845-scaled.jpg&quot;,&quot;focalPoint&quot;:{&quot;x&quot;:0.5,&quot;y&quot;:0.5},&quot;id&quot;:36880}],&quot;gallery_block_style&quot;:0,&quot;gallery_block_title&quot;:&quot;&quot;,&quot;gallery_block_description&quot;:&quot;&quot;,&quot;gallery_block_focus_points&quot;:&quot;&quot;,&quot;images&quot;:[{&quot;image_src&quot;:&quot;https:\\\/\\\/www.greenpeace.org\\\/static\\\/planet4-brasil-stateless\\\/2022\\\/04\\\/7200f8d8-gp1sxb0w_pressmedia.jpg&quot;,&quot;image_srcset&quot;:&quot;https:\\\/\\\/www.greenpeace.org\\\/static\\\/planet4-brasil-stateless\\\/2022\\\/04\\\/7200f8d8-gp1sxb0w_pressmedia.jpg 2500w, https:\\\/\\\/www.greenpeace.org\\\/static\\\/planet4-brasil-stateless\\\/2022\\\/04\\\/7200f8d8-gp1sxb0w_pressmedia-300x200.jpg 300w, https:\\\/\\\/www.greenpeace.org\\\/static\\\/planet4-brasil-stateless\\\/2022\\\/04\\\/7200f8d8-gp1sxb0w_pressmedia-1024x682.jpg 1024w, https:\\\/\\\/www.greenpeace.org\\\/static\\\/planet4-brasil-stateless\\\/2022\\\/04\\\/7200f8d8-gp1sxb0w_pressmedia-768x512.jpg 768w, https:\\\/\\\/www.greenpeace.org\\\/static\\\/planet4-brasil-stateless\\\/2022\\\/04\\\/7200f8d8-gp1sxb0w_pressmedia-1536x1024.jpg 1536w, https:\\\/\\\/www.greenpeace.org\\\/static\\\/planet4-brasil-stateless\\\/2022\\\/04\\\/7200f8d8-gp1sxb0w_pressmedia-2048x1366.jpg 2048w, https:\\\/\\\/www.greenpeace.org\\\/static\\\/planet4-brasil-stateless\\\/2022\\\/04\\\/7200f8d8-gp1sxb0w_pressmedia-510x340.jpg 510w&quot;,&quot;image_sizes&quot;:false,&quot;alt_text&quot;:&quot;&quot;,&quot;caption&quot;:&quot;Foto: Diego Baravelli \\\/ Greenpeace&quot;,&quot;focus_image&quot;:&quot;&quot;,&quot;credits&quot;:&quot;&quot;},{&quot;image_src&quot;:&quot;https:\\\/\\\/www.greenpeace.org\\\/static\\\/planet4-brasil-stateless\\\/2022\\\/04\\\/034da135-img_8013.jpg&quot;,&quot;image_srcset&quot;:&quot;https:\\\/\\\/www.greenpeace.org\\\/static\\\/planet4-brasil-stateless\\\/2022\\\/04\\\/034da135-img_8013.jpg 1616w, https:\\\/\\\/www.greenpeace.org\\\/static\\\/planet4-brasil-stateless\\\/2022\\\/04\\\/034da135-img_8013-300x200.jpg 300w, https:\\\/\\\/www.greenpeace.org\\\/static\\\/planet4-brasil-stateless\\\/2022\\\/04\\\/034da135-img_8013-1024x684.jpg 1024w, https:\\\/\\\/www.greenpeace.org\\\/static\\\/planet4-brasil-stateless\\\/2022\\\/04\\\/034da135-img_8013-768x513.jpg 768w, https:\\\/\\\/www.greenpeace.org\\\/static\\\/planet4-brasil-stateless\\\/2022\\\/04\\\/034da135-img_8013-1536x1027.jpg 1536w, https:\\\/\\\/www.greenpeace.org\\\/static\\\/planet4-brasil-stateless\\\/2022\\\/04\\\/034da135-img_8013-510x340.jpg 510w&quot;,&quot;image_sizes&quot;:false,&quot;alt_text&quot;:&quot;&quot;,&quot;caption&quot;:&quot;&quot;,&quot;focus_image&quot;:&quot;&quot;,&quot;credits&quot;:&quot;\\u00a9 Tuane Fernandes \\\/ Greenpeace&quot;},{&quot;image_src&quot;:&quot;https:\\\/\\\/www.greenpeace.org\\\/static\\\/planet4-brasil-stateless\\\/2022\\\/04\\\/15b565df-b1_1407-scaled.jpg&quot;,&quot;image_srcset&quot;:&quot;https:\\\/\\\/www.greenpeace.org\\\/static\\\/planet4-brasil-stateless\\\/2022\\\/04\\\/15b565df-b1_1407-scaled.jpg 2560w, https:\\\/\\\/www.greenpeace.org\\\/static\\\/planet4-brasil-stateless\\\/2022\\\/04\\\/15b565df-b1_1407-300x200.jpg 300w, https:\\\/\\\/www.greenpeace.org\\\/static\\\/planet4-brasil-stateless\\\/2022\\\/04\\\/15b565df-b1_1407-1024x683.jpg 1024w, https:\\\/\\\/www.greenpeace.org\\\/static\\\/planet4-brasil-stateless\\\/2022\\\/04\\\/15b565df-b1_1407-768x512.jpg 768w, https:\\\/\\\/www.greenpeace.org\\\/static\\\/planet4-brasil-stateless\\\/2022\\\/04\\\/15b565df-b1_1407-1536x1024.jpg 1536w, https:\\\/\\\/www.greenpeace.org\\\/static\\\/planet4-brasil-stateless\\\/2022\\\/04\\\/15b565df-b1_1407-2048x1366.jpg 2048w, https:\\\/\\\/www.greenpeace.org\\\/static\\\/planet4-brasil-stateless\\\/2022\\\/04\\\/15b565df-b1_1407-510x340.jpg 510w&quot;,&quot;image_sizes&quot;:false,&quot;alt_text&quot;:&quot;&quot;,&quot;caption&quot;:&quot;Foto: Diego Baravelli \\\/ Greenpeace&quot;,&quot;focus_image&quot;:&quot;&quot;,&quot;credits&quot;:&quot;&quot;},{&quot;image_src&quot;:&quot;https:\\\/\\\/www.greenpeace.org\\\/static\\\/planet4-brasil-stateless\\\/2022\\\/04\\\/47b5b791-b1_1541-scaled.jpg&quot;,&quot;image_srcset&quot;:&quot;https:\\\/\\\/www.greenpeace.org\\\/static\\\/planet4-brasil-stateless\\\/2022\\\/04\\\/47b5b791-b1_1541-scaled.jpg 2560w, https:\\\/\\\/www.greenpeace.org\\\/static\\\/planet4-brasil-stateless\\\/2022\\\/04\\\/47b5b791-b1_1541-300x200.jpg 300w, https:\\\/\\\/www.greenpeace.org\\\/static\\\/planet4-brasil-stateless\\\/2022\\\/04\\\/47b5b791-b1_1541-1024x683.jpg 1024w, https:\\\/\\\/www.greenpeace.org\\\/static\\\/planet4-brasil-stateless\\\/2022\\\/04\\\/47b5b791-b1_1541-768x512.jpg 768w, https:\\\/\\\/www.greenpeace.org\\\/static\\\/planet4-brasil-stateless\\\/2022\\\/04\\\/47b5b791-b1_1541-1536x1024.jpg 1536w, https:\\\/\\\/www.greenpeace.org\\\/static\\\/planet4-brasil-stateless\\\/2022\\\/04\\\/47b5b791-b1_1541-2048x1366.jpg 2048w, https:\\\/\\\/www.greenpeace.org\\\/static\\\/planet4-brasil-stateless\\\/2022\\\/04\\\/47b5b791-b1_1541-510x340.jpg 510w&quot;,&quot;image_sizes&quot;:false,&quot;alt_text&quot;:&quot;&quot;,&quot;caption&quot;:&quot;Foto: Diego Baravelli \\\/ Greenpeace&quot;,&quot;focus_image&quot;:&quot;&quot;,&quot;credits&quot;:&quot;&quot;},{&quot;image_src&quot;:&quot;https:\\\/\\\/www.greenpeace.org\\\/static\\\/planet4-brasil-stateless\\\/2022\\\/04\\\/26489dcf-dsc09528-scaled.jpg&quot;,&quot;image_srcset&quot;:&quot;https:\\\/\\\/www.greenpeace.org\\\/static\\\/planet4-brasil-stateless\\\/2022\\\/04\\\/26489dcf-dsc09528-scaled.jpg 2560w, https:\\\/\\\/www.greenpeace.org\\\/static\\\/planet4-brasil-stateless\\\/2022\\\/04\\\/26489dcf-dsc09528-300x200.jpg 300w, https:\\\/\\\/www.greenpeace.org\\\/static\\\/planet4-brasil-stateless\\\/2022\\\/04\\\/26489dcf-dsc09528-1024x683.jpg 1024w, https:\\\/\\\/www.greenpeace.org\\\/static\\\/planet4-brasil-stateless\\\/2022\\\/04\\\/26489dcf-dsc09528-768x512.jpg 768w, https:\\\/\\\/www.greenpeace.org\\\/static\\\/planet4-brasil-stateless\\\/2022\\\/04\\\/26489dcf-dsc09528-1536x1024.jpg 1536w, https:\\\/\\\/www.greenpeace.org\\\/static\\\/planet4-brasil-stateless\\\/2022\\\/04\\\/26489dcf-dsc09528-2048x1366.jpg 2048w, https:\\\/\\\/www.greenpeace.org\\\/static\\\/planet4-brasil-stateless\\\/2022\\\/04\\\/26489dcf-dsc09528-510x340.jpg 510w&quot;,&quot;image_sizes&quot;:false,&quot;alt_text&quot;:&quot;&quot;,&quot;caption&quot;:&quot;Foto: Tuane Fernandes \\\/ Greenpeace&quot;,&quot;focus_image&quot;:&quot;&quot;,&quot;credits&quot;:&quot;&quot;},{&quot;image_src&quot;:&quot;https:\\\/\\\/www.greenpeace.org\\\/static\\\/planet4-brasil-stateless\\\/2022\\\/04\\\/bd7498da-dsc09845-scaled.jpg&quot;,&quot;image_srcset&quot;:&quot;https:\\\/\\\/www.greenpeace.org\\\/static\\\/planet4-brasil-stateless\\\/2022\\\/04\\\/bd7498da-dsc09845-scaled.jpg 2560w, https:\\\/\\\/www.greenpeace.org\\\/static\\\/planet4-brasil-stateless\\\/2022\\\/04\\\/bd7498da-dsc09845-300x200.jpg 300w, https:\\\/\\\/www.greenpeace.org\\\/static\\\/planet4-brasil-stateless\\\/2022\\\/04\\\/bd7498da-dsc09845-1024x683.jpg 1024w, https:\\\/\\\/www.greenpeace.org\\\/static\\\/planet4-brasil-stateless\\\/2022\\\/04\\\/bd7498da-dsc09845-768x512.jpg 768w, https:\\\/\\\/www.greenpeace.org\\\/static\\\/planet4-brasil-stateless\\\/2022\\\/04\\\/bd7498da-dsc09845-1536x1024.jpg 1536w, https:\\\/\\\/www.greenpeace.org\\\/static\\\/planet4-brasil-stateless\\\/2022\\\/04\\\/bd7498da-dsc09845-2048x1366.jpg 2048w, https:\\\/\\\/www.greenpeace.org\\\/static\\\/planet4-brasil-stateless\\\/2022\\\/04\\\/bd7498da-dsc09845-510x340.jpg 510w&quot;,&quot;image_sizes&quot;:false,&quot;alt_text&quot;:&quot;&quot;,&quot;caption&quot;:&quot;Foto: Tuane Fernandes \\\/ Greenpeace&quot;,&quot;focus_image&quot;:&quot;&quot;,&quot;credits&quot;:&quot;&quot;}]}}\"><\/div>\n<p><strong>Contamina\u00e7\u00e3o e devasta\u00e7\u00e3o<\/strong><\/p>\n\n<p>Para a Coordenadora-Executiva da Articula\u00e7\u00e3o dos Povos Ind\u00edgenas do Brasil (Apib), S\u00f4nia Guajajara, as pessoas precisam entender melhor os impactos que os projetos de lei inclu\u00eddos no #PacotedaDestrui\u00e7\u00e3o podem causar.<\/p>\n\n<p>\u201cPara muitas pessoas, falar do Projeto de Lei 191 ou do Projeto de Lei 490 soa quase como uma abstra\u00e7\u00e3o, como algo que n\u00e3o existe de verdade. Para n\u00f3s, povos ind\u00edgenas, n\u00e3o \u00e9 assim. Esses projetos significam para n\u00f3s rios polu\u00eddos, dificuldades de pescar, invas\u00e3o de terras e expuls\u00e3o de parentes dos nossos territ\u00f3rios. A sociedade precisa ter isso claro na mente quando falamos desses projetos de lei que flexibilizam as leis ambientais\u201d, disse S\u00f4nia.<\/p>\n\n<p>Segundo o relat\u00f3rio <em>\u201cCumplicidade na Destrui\u00e7\u00e3o IV: Como mineradoras e investidores internacionais contribuem para a viola\u00e7\u00e3o dos direitos ind\u00edgenas e amea\u00e7am o futuro da Amaz\u00f4nia\u201d<\/em> &#8211; lan\u00e7ado recentemente pela Amazon Watch e pela Articula\u00e7\u00e3o dos Povos Ind\u00edgenas do Brasil (Apib) em compara\u00e7\u00e3o com 2018, o ano de 2021 apresentou um aumento de 62% do desmatamento ligado \u00e0 minera\u00e7\u00e3o na Amaz\u00f4nia. A atividade mineradora tamb\u00e9m \u00e9 uma das que mais mata defensores do meio ambiente, com 722 casos de conflito e 17 mortos em 2020, bem como tamb\u00e9m aprofunda as mudan\u00e7as clim\u00e1ticas, sendo respons\u00e1vel por at\u00e9 28% dos gases de efeito estufa lan\u00e7ados globalmente.<\/p>\n\n<p>Nos territ\u00f3rios ind\u00edgenas, o apetite irrefre\u00e1vel dos garimpeiros provoca a contamina\u00e7\u00e3o de rios, a devasta\u00e7\u00e3o de florestas, e a destrui\u00e7\u00e3o de comunidades inteiras, que eventualmente tamb\u00e9m ficam sem acesso \u00e0 \u00e1gua por conta das contamina\u00e7\u00f5es causados pelo merc\u00fario, usado no garimpo do ouro. \u201cO garimpo entra nos territ\u00f3rios causando uma s\u00e9rie de viol\u00eancias e viola\u00e7\u00f5es dos direitos dos povos ind\u00edgenas. Ele causa uma enorme desorganiza\u00e7\u00e3o social que amea\u00e7a a sobreviv\u00eancia f\u00edsica e cultural desses povos\u201d, explicou o porta-voz da Campanha Amaz\u00f4nia do Greenpeace, Danicley de Aguiar.<\/p>\n\n<figure class=\"wp-block-image size-large\"><img loading=\"lazy\" decoding=\"async\" width=\"1024\" height=\"682\" src=\"https:\/\/www.greenpeace.org\/static\/planet4-brasil-stateless\/2022\/04\/74613eee-gp1sxb0v_pressmedia-1024x682.jpg\" alt=\"\" class=\"wp-image-36861\" srcset=\"https:\/\/www.greenpeace.org\/static\/planet4-brasil-stateless\/2022\/04\/74613eee-gp1sxb0v_pressmedia-1024x682.jpg 1024w, https:\/\/www.greenpeace.org\/static\/planet4-brasil-stateless\/2022\/04\/74613eee-gp1sxb0v_pressmedia-300x200.jpg 300w, https:\/\/www.greenpeace.org\/static\/planet4-brasil-stateless\/2022\/04\/74613eee-gp1sxb0v_pressmedia-768x512.jpg 768w, https:\/\/www.greenpeace.org\/static\/planet4-brasil-stateless\/2022\/04\/74613eee-gp1sxb0v_pressmedia-1536x1024.jpg 1536w, https:\/\/www.greenpeace.org\/static\/planet4-brasil-stateless\/2022\/04\/74613eee-gp1sxb0v_pressmedia-2048x1366.jpg 2048w, https:\/\/www.greenpeace.org\/static\/planet4-brasil-stateless\/2022\/04\/74613eee-gp1sxb0v_pressmedia-510x340.jpg 510w\" sizes=\"auto, (max-width: 1024px) 100vw, 1024px\" \/><figcaption>Lideran\u00e7as marcharam pelo Eixo Monumental at\u00e9 chegar ao Minist\u00e9rio de Minas e Energia (MME), onde ocorreu um novo ato. Foto: Diego Baravelli\/Greenpeace<\/figcaption><\/figure>\n\n<p><strong>Retomando o Brasil<\/strong><\/p>\n\n<p>A marcha contra o garimpo \u00e9 parte da programa\u00e7\u00e3o do Acampamento Terra Livre (ATL), que ocorre em Bras\u00edlia at\u00e9 o dia 14 de abril. Atualmente, mais de 7 mil lideran\u00e7as, de 200 povos diferentes, est\u00e3o concentradas na capital federal exigindo a imediata demarca\u00e7\u00e3o de territ\u00f3rios ind\u00edgenas e discutindo quest\u00f5es como o PL 191, o Marco Temporal, sa\u00fade e educa\u00e7\u00e3o ind\u00edgenas. A programa\u00e7\u00e3o conta com mais de 40 atividades e vai explorar o tema <em>\u201cRetomando o Brasil: Demarcar Territ\u00f3rios e Aldear a Pol\u00edtica\u201d<\/em>. O acampamento est\u00e1 instalado no Complexo da Funarte.<\/p>\n\n<p>Acompanhe a programa\u00e7\u00e3o do ATL nas redes sociais da Apib e do Greenpeace.<\/p>\n<div data-render=\"planet4-blocks\/gallery\" data-attributes=\"{&quot;attributes&quot;:{&quot;multiple_image&quot;:&quot;36867,36871,36872,36873,36874&quot;,&quot;image_data&quot;:[{&quot;url&quot;:&quot;https:\\\/\\\/www.greenpeace.org\\\/static\\\/planet4-brasil-stateless\\\/2022\\\/04\\\/75b97128-gp1sxb0x.jpg&quot;,&quot;focalPoint&quot;:{&quot;x&quot;:0.5,&quot;y&quot;:0.5},&quot;id&quot;:36867},{&quot;url&quot;:&quot;https:\\\/\\\/www.greenpeace.org\\\/static\\\/planet4-brasil-stateless\\\/2022\\\/04\\\/556282f8-dsc09131-scaled.jpg&quot;,&quot;focalPoint&quot;:{&quot;x&quot;:0.5,&quot;y&quot;:0.5},&quot;id&quot;:36871},{&quot;url&quot;:&quot;https:\\\/\\\/www.greenpeace.org\\\/static\\\/planet4-brasil-stateless\\\/2022\\\/04\\\/fa977bfe-dsc08964-scaled.jpg&quot;,&quot;focalPoint&quot;:{&quot;x&quot;:0.5,&quot;y&quot;:0.5},&quot;id&quot;:36872},{&quot;url&quot;:&quot;https:\\\/\\\/www.greenpeace.org\\\/static\\\/planet4-brasil-stateless\\\/2022\\\/04\\\/1429f1a6-dsc08082-scaled.jpg&quot;,&quot;focalPoint&quot;:{&quot;x&quot;:0.5,&quot;y&quot;:0.5},&quot;id&quot;:36873},{&quot;url&quot;:&quot;https:\\\/\\\/www.greenpeace.org\\\/static\\\/planet4-brasil-stateless\\\/2022\\\/04\\\/4aa496a8-img_8021.jpg&quot;,&quot;focalPoint&quot;:{&quot;x&quot;:0.5,&quot;y&quot;:0.5},&quot;id&quot;:36874}],&quot;gallery_block_style&quot;:0,&quot;gallery_block_title&quot;:&quot;&quot;,&quot;gallery_block_description&quot;:&quot;&quot;,&quot;gallery_block_focus_points&quot;:&quot;&quot;,&quot;images&quot;:[{&quot;image_src&quot;:&quot;https:\\\/\\\/www.greenpeace.org\\\/static\\\/planet4-brasil-stateless\\\/2022\\\/04\\\/75b97128-gp1sxb0x.jpg&quot;,&quot;image_srcset&quot;:&quot;https:\\\/\\\/www.greenpeace.org\\\/static\\\/planet4-brasil-stateless\\\/2022\\\/04\\\/75b97128-gp1sxb0x.jpg 1200w, https:\\\/\\\/www.greenpeace.org\\\/static\\\/planet4-brasil-stateless\\\/2022\\\/04\\\/75b97128-gp1sxb0x-300x200.jpg 300w, https:\\\/\\\/www.greenpeace.org\\\/static\\\/planet4-brasil-stateless\\\/2022\\\/04\\\/75b97128-gp1sxb0x-1024x683.jpg 1024w, https:\\\/\\\/www.greenpeace.org\\\/static\\\/planet4-brasil-stateless\\\/2022\\\/04\\\/75b97128-gp1sxb0x-768x512.jpg 768w, https:\\\/\\\/www.greenpeace.org\\\/static\\\/planet4-brasil-stateless\\\/2022\\\/04\\\/75b97128-gp1sxb0x-510x340.jpg 510w&quot;,&quot;image_sizes&quot;:false,&quot;alt_text&quot;:&quot;Protest Against Illegal Mining in Indigenous Lands in Brazil. \\u00a9 Diego Baravelli \\\/ Greenpeace&quot;,&quot;caption&quot;:&quot;&quot;,&quot;focus_image&quot;:&quot;&quot;,&quot;credits&quot;:&quot;\\u00a9 Diego Baravelli \\\/ Greenpeace&quot;},{&quot;image_src&quot;:&quot;https:\\\/\\\/www.greenpeace.org\\\/static\\\/planet4-brasil-stateless\\\/2022\\\/04\\\/556282f8-dsc09131-scaled.jpg&quot;,&quot;image_srcset&quot;:&quot;https:\\\/\\\/www.greenpeace.org\\\/static\\\/planet4-brasil-stateless\\\/2022\\\/04\\\/556282f8-dsc09131-scaled.jpg 2560w, https:\\\/\\\/www.greenpeace.org\\\/static\\\/planet4-brasil-stateless\\\/2022\\\/04\\\/556282f8-dsc09131-300x200.jpg 300w, https:\\\/\\\/www.greenpeace.org\\\/static\\\/planet4-brasil-stateless\\\/2022\\\/04\\\/556282f8-dsc09131-1024x683.jpg 1024w, https:\\\/\\\/www.greenpeace.org\\\/static\\\/planet4-brasil-stateless\\\/2022\\\/04\\\/556282f8-dsc09131-768x512.jpg 768w, https:\\\/\\\/www.greenpeace.org\\\/static\\\/planet4-brasil-stateless\\\/2022\\\/04\\\/556282f8-dsc09131-1536x1024.jpg 1536w, https:\\\/\\\/www.greenpeace.org\\\/static\\\/planet4-brasil-stateless\\\/2022\\\/04\\\/556282f8-dsc09131-2048x1366.jpg 2048w, https:\\\/\\\/www.greenpeace.org\\\/static\\\/planet4-brasil-stateless\\\/2022\\\/04\\\/556282f8-dsc09131-510x340.jpg 510w&quot;,&quot;image_sizes&quot;:false,&quot;alt_text&quot;:&quot;&quot;,&quot;caption&quot;:&quot;Foto: Tuane Fernandes \\\/ Greenpeace&quot;,&quot;focus_image&quot;:&quot;&quot;,&quot;credits&quot;:&quot;&quot;},{&quot;image_src&quot;:&quot;https:\\\/\\\/www.greenpeace.org\\\/static\\\/planet4-brasil-stateless\\\/2022\\\/04\\\/fa977bfe-dsc08964-scaled.jpg&quot;,&quot;image_srcset&quot;:&quot;https:\\\/\\\/www.greenpeace.org\\\/static\\\/planet4-brasil-stateless\\\/2022\\\/04\\\/fa977bfe-dsc08964-scaled.jpg 2560w, https:\\\/\\\/www.greenpeace.org\\\/static\\\/planet4-brasil-stateless\\\/2022\\\/04\\\/fa977bfe-dsc08964-300x200.jpg 300w, https:\\\/\\\/www.greenpeace.org\\\/static\\\/planet4-brasil-stateless\\\/2022\\\/04\\\/fa977bfe-dsc08964-1024x683.jpg 1024w, https:\\\/\\\/www.greenpeace.org\\\/static\\\/planet4-brasil-stateless\\\/2022\\\/04\\\/fa977bfe-dsc08964-768x512.jpg 768w, https:\\\/\\\/www.greenpeace.org\\\/static\\\/planet4-brasil-stateless\\\/2022\\\/04\\\/fa977bfe-dsc08964-1536x1024.jpg 1536w, https:\\\/\\\/www.greenpeace.org\\\/static\\\/planet4-brasil-stateless\\\/2022\\\/04\\\/fa977bfe-dsc08964-2048x1366.jpg 2048w, https:\\\/\\\/www.greenpeace.org\\\/static\\\/planet4-brasil-stateless\\\/2022\\\/04\\\/fa977bfe-dsc08964-510x340.jpg 510w&quot;,&quot;image_sizes&quot;:false,&quot;alt_text&quot;:&quot;&quot;,&quot;caption&quot;:&quot;Foto: Tuane Fernandes \\\/ Greenpeace&quot;,&quot;focus_image&quot;:&quot;&quot;,&quot;credits&quot;:&quot;&quot;},{&quot;image_src&quot;:&quot;https:\\\/\\\/www.greenpeace.org\\\/static\\\/planet4-brasil-stateless\\\/2022\\\/04\\\/1429f1a6-dsc08082-scaled.jpg&quot;,&quot;image_srcset&quot;:&quot;https:\\\/\\\/www.greenpeace.org\\\/static\\\/planet4-brasil-stateless\\\/2022\\\/04\\\/1429f1a6-dsc08082-scaled.jpg 2560w, https:\\\/\\\/www.greenpeace.org\\\/static\\\/planet4-brasil-stateless\\\/2022\\\/04\\\/1429f1a6-dsc08082-300x200.jpg 300w, https:\\\/\\\/www.greenpeace.org\\\/static\\\/planet4-brasil-stateless\\\/2022\\\/04\\\/1429f1a6-dsc08082-1024x683.jpg 1024w, https:\\\/\\\/www.greenpeace.org\\\/static\\\/planet4-brasil-stateless\\\/2022\\\/04\\\/1429f1a6-dsc08082-768x512.jpg 768w, https:\\\/\\\/www.greenpeace.org\\\/static\\\/planet4-brasil-stateless\\\/2022\\\/04\\\/1429f1a6-dsc08082-1536x1024.jpg 1536w, https:\\\/\\\/www.greenpeace.org\\\/static\\\/planet4-brasil-stateless\\\/2022\\\/04\\\/1429f1a6-dsc08082-2048x1366.jpg 2048w, https:\\\/\\\/www.greenpeace.org\\\/static\\\/planet4-brasil-stateless\\\/2022\\\/04\\\/1429f1a6-dsc08082-510x340.jpg 510w&quot;,&quot;image_sizes&quot;:false,&quot;alt_text&quot;:&quot;&quot;,&quot;caption&quot;:&quot;Foto: Tuane Fernandes \\\/ Greenpeace&quot;,&quot;focus_image&quot;:&quot;&quot;,&quot;credits&quot;:&quot;&quot;},{&quot;image_src&quot;:&quot;https:\\\/\\\/www.greenpeace.org\\\/static\\\/planet4-brasil-stateless\\\/2022\\\/04\\\/4aa496a8-img_8021.jpg&quot;,&quot;image_srcset&quot;:&quot;https:\\\/\\\/www.greenpeace.org\\\/static\\\/planet4-brasil-stateless\\\/2022\\\/04\\\/4aa496a8-img_8021.jpg 1616w, https:\\\/\\\/www.greenpeace.org\\\/static\\\/planet4-brasil-stateless\\\/2022\\\/04\\\/4aa496a8-img_8021-300x200.jpg 300w, https:\\\/\\\/www.greenpeace.org\\\/static\\\/planet4-brasil-stateless\\\/2022\\\/04\\\/4aa496a8-img_8021-1024x684.jpg 1024w, https:\\\/\\\/www.greenpeace.org\\\/static\\\/planet4-brasil-stateless\\\/2022\\\/04\\\/4aa496a8-img_8021-768x513.jpg 768w, https:\\\/\\\/www.greenpeace.org\\\/static\\\/planet4-brasil-stateless\\\/2022\\\/04\\\/4aa496a8-img_8021-1536x1027.jpg 1536w, https:\\\/\\\/www.greenpeace.org\\\/static\\\/planet4-brasil-stateless\\\/2022\\\/04\\\/4aa496a8-img_8021-510x340.jpg 510w&quot;,&quot;image_sizes&quot;:false,&quot;alt_text&quot;:&quot;&quot;,&quot;caption&quot;:&quot;Foto: Tuane Fernandes \\\/ Greenpeace&quot;,&quot;focus_image&quot;:&quot;&quot;,&quot;credits&quot;:&quot;&quot;}]}}\"><\/div>","protected":false},"excerpt":{"rendered":"<p>Lideran\u00e7as devolveram ao governo a sujeira e destrui\u00e7\u00e3o que a atividade deixa nos territ\u00f3rios<\/p>\n","protected":false},"author":90,"featured_media":36864,"comment_status":"open","ping_status":"closed","sticky":false,"template":"","format":"standard","meta":{"ep_exclude_from_search":false,"p4_og_title":"","p4_og_description":"","p4_og_image":"","p4_og_image_id":"","p4_seo_canonical_url":"","p4_campaign_name":"not set","p4_local_project":"not set","p4_basket_name":"not set","p4_department":"","footnotes":""},"categories":[5],"tags":[43,23],"p4-page-type":[16],"class_list":["post-36857","post","type-post","status-publish","format-standard","has-post-thumbnail","hentry","category-greenpeace","tag-povos-e-territorios","tag-mobilizacao","p4-page-type-blog"],"_links":{"self":[{"href":"https:\/\/www.greenpeace.org\/brasil\/wp-json\/wp\/v2\/posts\/36857","targetHints":{"allow":["GET"]}}],"collection":[{"href":"https:\/\/www.greenpeace.org\/brasil\/wp-json\/wp\/v2\/posts"}],"about":[{"href":"https:\/\/www.greenpeace.org\/brasil\/wp-json\/wp\/v2\/types\/post"}],"author":[{"embeddable":true,"href":"https:\/\/www.greenpeace.org\/brasil\/wp-json\/wp\/v2\/users\/90"}],"replies":[{"embeddable":true,"href":"https:\/\/www.greenpeace.org\/brasil\/wp-json\/wp\/v2\/comments?post=36857"}],"version-history":[{"count":9,"href":"https:\/\/www.greenpeace.org\/brasil\/wp-json\/wp\/v2\/posts\/36857\/revisions"}],"predecessor-version":[{"id":39072,"href":"https:\/\/www.greenpeace.org\/brasil\/wp-json\/wp\/v2\/posts\/36857\/revisions\/39072"}],"wp:featuredmedia":[{"embeddable":true,"href":"https:\/\/www.greenpeace.org\/brasil\/wp-json\/wp\/v2\/media\/36864"}],"wp:attachment":[{"href":"https:\/\/www.greenpeace.org\/brasil\/wp-json\/wp\/v2\/media?parent=36857"}],"wp:term":[{"taxonomy":"category","embeddable":true,"href":"https:\/\/www.greenpeace.org\/brasil\/wp-json\/wp\/v2\/categories?post=36857"},{"taxonomy":"post_tag","embeddable":true,"href":"https:\/\/www.greenpeace.org\/brasil\/wp-json\/wp\/v2\/tags?post=36857"},{"taxonomy":"p4-page-type","embeddable":true,"href":"https:\/\/www.greenpeace.org\/brasil\/wp-json\/wp\/v2\/p4-page-type?post=36857"}],"curies":[{"name":"wp","href":"https:\/\/api.w.org\/{rel}","templated":true}]}}