{"id":3734,"date":"2017-03-23T23:44:30","date_gmt":"2017-03-24T02:44:30","guid":{"rendered":"https:\/\/www.greenpeace.org\/brasil\/?p=3734"},"modified":"2019-11-06T05:21:02","modified_gmt":"2019-11-06T08:21:02","slug":"o-impacto-do-desastre-de-mariana-mg-na-vegetacao-local","status":"publish","type":"post","link":"https:\/\/www.greenpeace.org\/brasil\/publicacoes\/o-impacto-do-desastre-de-mariana-mg-na-vegetacao-local\/","title":{"rendered":"O impacto do desastre de Mariana (MG) na vegeta\u00e7\u00e3o local"},"content":{"rendered":"<p><a href=\"http:\/\/www.greenpeace.org.br\/hubfs\/Campanhas\/Agua_Para_Quem\/documentos\/Greenpeace_Esalq_EstudoFloraRioDoce.pdf\"><img loading=\"lazy\" decoding=\"async\" class=\"size-medium wp-image-3711 aligncenter\" src=\"https:\/\/www.greenpeace.org\/static\/planet4-brasil-stateless\/2018\/08\/88b48d77-02082018-captura-de-tela-2018-08-02-a\u0300s-17.55.36-220x300.jpg\" alt=\"\" width=\"220\" height=\"300\" srcset=\"https:\/\/www.greenpeace.org\/static\/planet4-brasil-stateless\/2018\/08\/88b48d77-02082018-captura-de-tela-2018-08-02-a\u0300s-17.55.36-220x300.jpg 220w, https:\/\/www.greenpeace.org\/static\/planet4-brasil-stateless\/2018\/08\/88b48d77-02082018-captura-de-tela-2018-08-02-a\u0300s-17.55.36-768x1045.jpg 768w, https:\/\/www.greenpeace.org\/static\/planet4-brasil-stateless\/2018\/08\/88b48d77-02082018-captura-de-tela-2018-08-02-a\u0300s-17.55.36-753x1024.jpg 753w, https:\/\/www.greenpeace.org\/static\/planet4-brasil-stateless\/2018\/08\/88b48d77-02082018-captura-de-tela-2018-08-02-a\u0300s-17.55.36-250x340.jpg 250w, https:\/\/www.greenpeace.org\/static\/planet4-brasil-stateless\/2018\/08\/88b48d77-02082018-captura-de-tela-2018-08-02-a\u0300s-17.55.36.jpg 815w\" sizes=\"auto, (max-width: 220px) 100vw, 220px\" \/><\/a><\/p>\n<p>O desastre criminoso de Mariana (MG), em novembro de 2015, provocado pelo rompimento da barragem do Fund\u00e3o, de responsabilidade da mineradora Samarco, despejou toneladas de rejeitos minerais contaminando as \u00e1guas do Rio Doce. Cerca de trinta e quatro milh\u00f5es de m\u00b3 desses rejeitos foram lan\u00e7ados no meio ambiente causando a destrui\u00e7\u00e3o de 1.469 hectares ao longo de 77 km de cursos d\u00b4\u00e1gua, incluindo \u00e1reas de matas ciliares.<\/p>\n<p>As matas ciliares s\u00e3o fundamentais para a manuten\u00e7\u00e3o da qualidade f\u00edsica, qu\u00edmica e biol\u00f3gica da \u00e1gua em uma bacia hidrogr\u00e1fica, al\u00e9m de outros servi\u00e7os ambientais fundamentais. Para investigar o impacto da trag\u00e9dia provocada pela &#8220;lama da Samarco&#8221; na regi\u00e3o de Mariana, pesquisadores do Laborat\u00f3rio de Ecologia e Restaura\u00e7\u00e3o Florestal da Esalq\/USP promoveram o relat\u00f3rio\u00a0<a href=\"http:\/\/www.greenpeace.org.br\/hubfs\/Campanhas\/Agua_Para_Quem\/documentos\/Greenpeace_Esalq_EstudoFloraRioDoce.pdf\">&#8220;Compara\u00e7\u00e3o de metodologias de restaura\u00e7\u00e3o ecol\u00f3gica da vegeta\u00e7\u00e3o nativa na mitiga\u00e7\u00e3o dos impactos do despejo de rejeitos de minera\u00e7\u00e3o na regi\u00e3o de Mariana&#8221;\u00a0<\/a>.<\/p>\n<p>O estudo mostra que o desastre causou a devasta\u00e7\u00e3o das matas ciliares remanescentes e soterrou importantes meios de regenera\u00e7\u00e3o de florestas como os bancos de pl\u00e2ntulas e de sementes encontradas no subbosque, comprometendo assim sua resili\u00eancia.<\/p>\n<p>Segundo o relat\u00f3rio t\u00e9cnico da Funda\u00e7\u00e3o SOS Mata Atl\u00e2ntica publicado um ano ap\u00f3s a trag\u00e9dia, nos trechos protegidos pela floresta, onde a vegeta\u00e7\u00e3o n\u00e3o foi arrastada e devastada, registraram-se os \u00fanicos \u00edndices de recupera\u00e7\u00e3o da condi\u00e7\u00e3o ambiental da bacia do rio Doce. Isto \u00e9 uma evid\u00eancia de que al\u00e9m do impacto imediato do rejeito na mortalidade de \u00e1rvores, os processos ecol\u00f3gicos respons\u00e1veis por sustentar a floresta na regi\u00e3o atingida foram afetados.<\/p>\n<h4 style=\"text-align: center;\"><a href=\"http:\/\/www.greenpeace.org.br\/hubfs\/Campanhas\/Agua_Para_Quem\/documentos\/Greenpeace_Esalq_EstudoFloraRioDoce.pdf\">Clique aqui para baixar o relat\u00f3rio completo.<\/a><\/h4>\n","protected":false},"excerpt":{"rendered":"<p>O desastre de Mariana (MG) causou a devasta\u00e7\u00e3o das matas ciliares remanescentes e soterrou importantes meios de regenera\u00e7\u00e3o de florestas, comprometendo assim sua resili\u00eancia.<\/p>\n","protected":false},"author":28,"featured_media":3711,"comment_status":"open","ping_status":"closed","sticky":false,"template":"","format":"standard","meta":{"ep_exclude_from_search":false,"p4_og_title":"","p4_og_description":"","p4_og_image":"","p4_og_image_id":"","p4_seo_canonical_url":"","p4_campaign_name":"","p4_local_project":"","p4_basket_name":"","p4_department":"","footnotes":""},"categories":[2],"tags":[8],"p4-page-type":[15],"class_list":["post-3734","post","type-post","status-publish","format-standard","has-post-thumbnail","hentry","category-transforme-a-sociedade","tag-resista","p4-page-type-publicacoes"],"_links":{"self":[{"href":"https:\/\/www.greenpeace.org\/brasil\/wp-json\/wp\/v2\/posts\/3734","targetHints":{"allow":["GET"]}}],"collection":[{"href":"https:\/\/www.greenpeace.org\/brasil\/wp-json\/wp\/v2\/posts"}],"about":[{"href":"https:\/\/www.greenpeace.org\/brasil\/wp-json\/wp\/v2\/types\/post"}],"author":[{"embeddable":true,"href":"https:\/\/www.greenpeace.org\/brasil\/wp-json\/wp\/v2\/users\/28"}],"replies":[{"embeddable":true,"href":"https:\/\/www.greenpeace.org\/brasil\/wp-json\/wp\/v2\/comments?post=3734"}],"version-history":[{"count":2,"href":"https:\/\/www.greenpeace.org\/brasil\/wp-json\/wp\/v2\/posts\/3734\/revisions"}],"predecessor-version":[{"id":3736,"href":"https:\/\/www.greenpeace.org\/brasil\/wp-json\/wp\/v2\/posts\/3734\/revisions\/3736"}],"wp:featuredmedia":[{"embeddable":true,"href":"https:\/\/www.greenpeace.org\/brasil\/wp-json\/wp\/v2\/media\/3711"}],"wp:attachment":[{"href":"https:\/\/www.greenpeace.org\/brasil\/wp-json\/wp\/v2\/media?parent=3734"}],"wp:term":[{"taxonomy":"category","embeddable":true,"href":"https:\/\/www.greenpeace.org\/brasil\/wp-json\/wp\/v2\/categories?post=3734"},{"taxonomy":"post_tag","embeddable":true,"href":"https:\/\/www.greenpeace.org\/brasil\/wp-json\/wp\/v2\/tags?post=3734"},{"taxonomy":"p4-page-type","embeddable":true,"href":"https:\/\/www.greenpeace.org\/brasil\/wp-json\/wp\/v2\/p4-page-type?post=3734"}],"curies":[{"name":"wp","href":"https:\/\/api.w.org\/{rel}","templated":true}]}}