{"id":3747,"date":"2014-05-22T10:05:04","date_gmt":"2014-05-22T13:05:04","guid":{"rendered":"https:\/\/www.greenpeace.org\/brasil\/?p=3747"},"modified":"2019-11-06T05:21:30","modified_gmt":"2019-11-06T08:21:30","slug":"a-crise-silenciosa-da-amazonia-como-o-setor-madeireiro-frauda-o-sistema-regulatorio","status":"publish","type":"post","link":"https:\/\/www.greenpeace.org\/brasil\/publicacoes\/a-crise-silenciosa-da-amazonia-como-o-setor-madeireiro-frauda-o-sistema-regulatorio\/","title":{"rendered":"A crise silenciosa da Amaz\u00f4nia: Como o setor madeireiro frauda o sistema regulat\u00f3rio"},"content":{"rendered":"<p><a href=\"https:\/\/www.greenpeace.org.br\/hubfs\/Campanhas\/Chega%20De%20Madeira%20Ilegal\/1.%20Controle%20Madeireiro%20-%20%205%20Formas%20de%20Fraudar.pdf\"><img loading=\"lazy\" decoding=\"async\" class=\"size-medium wp-image-3751 aligncenter\" src=\"https:\/\/www.greenpeace.org\/static\/planet4-brasil-stateless\/2018\/08\/2025a9cc-03082018-captura-de-tela-2018-08-03-a\u0300s-10.06.33-218x300.jpg\" alt=\"\" width=\"218\" height=\"300\" srcset=\"https:\/\/www.greenpeace.org\/static\/planet4-brasil-stateless\/2018\/08\/2025a9cc-03082018-captura-de-tela-2018-08-03-a\u0300s-10.06.33-218x300.jpg 218w, https:\/\/www.greenpeace.org\/static\/planet4-brasil-stateless\/2018\/08\/2025a9cc-03082018-captura-de-tela-2018-08-03-a\u0300s-10.06.33-768x1059.jpg 768w, https:\/\/www.greenpeace.org\/static\/planet4-brasil-stateless\/2018\/08\/2025a9cc-03082018-captura-de-tela-2018-08-03-a\u0300s-10.06.33-743x1024.jpg 743w, https:\/\/www.greenpeace.org\/static\/planet4-brasil-stateless\/2018\/08\/2025a9cc-03082018-captura-de-tela-2018-08-03-a\u0300s-10.06.33-247x340.jpg 247w, https:\/\/www.greenpeace.org\/static\/planet4-brasil-stateless\/2018\/08\/2025a9cc-03082018-captura-de-tela-2018-08-03-a\u0300s-10.06.33.jpg 871w\" sizes=\"auto, (max-width: 218px) 100vw, 218px\" \/><\/a><\/p>\n<p>Estados produtores de madeira como Par\u00e1 e Mato Grosso, respons\u00e1veis por 75% da produ\u00e7\u00e3o de madeira serrada na Amaz\u00f4nia, possuem um duplo sistema de gest\u00e3o madeireira: um sistema regulat\u00f3rio que supervisiona a gest\u00e3o de propriedades e Planos de Manejo Florestal Sustent\u00e1vel (PMFS); e um outro sistema de monitoramento de cadeia de cust\u00f3dia que tem a inten\u00e7\u00e3o de garantir a identifica\u00e7\u00e3o das empresas que compram e vendem madeira desde a floresta at\u00e9 o usu\u00e1rio final.<\/p>\n<p>Os dois sistemas est\u00e3o vulner\u00e1veis a uma s\u00e9rie de abusos por parte daqueles que pretendem lucrar com a extra\u00e7\u00e3o ilegal de madeira. Como resultado disso, 78% das \u00e1reas exploradas no Par\u00e1 e 54% no Mato Grosso foram ilegais entre 2011 e 2012.<\/p>\n<p>Por conta disso, o Greenpeace Brasil elaborou o relat\u00f3rio <a href=\"https:\/\/www.greenpeace.org.br\/hubfs\/Campanhas\/Chega%20De%20Madeira%20Ilegal\/1.%20Controle%20Madeireiro%20-%20%205%20Formas%20de%20Fraudar.pdf\">&#8220;A crise silenciosa da Amaz\u00f4nia: Controle do setor madeireiro e 5 formas de fraudar o sistema&#8221;<\/a>, que prop\u00f5e formas de regulamenta\u00e7\u00e3o para impedir a extra\u00e7\u00e3o ilegal de madeira, e ainda denuncia 5 m\u00e9todos utilizados por madeireiros para fraudar o sistema regulat\u00f3rio atual.<\/p>\n<h4 style=\"text-align: center;\"><a href=\"https:\/\/www.greenpeace.org.br\/hubfs\/Campanhas\/Chega%20De%20Madeira%20Ilegal\/1.%20Controle%20Madeireiro%20-%20%205%20Formas%20de%20Fraudar.pdf\">Clique aqui para baixar o relat\u00f3rio completo.<\/a><\/h4>\n","protected":false},"excerpt":{"rendered":"<p>O relat\u00f3rio prop\u00f5e formas de regulamenta\u00e7\u00e3o para impedir a extra\u00e7\u00e3o ilegal de madeira, e ainda denuncia 5 m\u00e9todos utilizados por madeireiros para fraudar o sistema regulat\u00f3rio atual.\u00a0<\/p>\n","protected":false},"author":28,"featured_media":3751,"comment_status":"open","ping_status":"closed","sticky":false,"template":"","format":"standard","meta":{"ep_exclude_from_search":false,"p4_og_title":"","p4_og_description":"","p4_og_image":"","p4_og_image_id":"","p4_seo_canonical_url":"","p4_campaign_name":"","p4_local_project":"","p4_basket_name":"","p4_department":"","footnotes":""},"categories":[3],"tags":[22],"p4-page-type":[15],"class_list":["post-3747","post","type-post","status-publish","format-standard","has-post-thumbnail","hentry","category-proteja-a-natureza","tag-florestas","p4-page-type-publicacoes"],"_links":{"self":[{"href":"https:\/\/www.greenpeace.org\/brasil\/wp-json\/wp\/v2\/posts\/3747","targetHints":{"allow":["GET"]}}],"collection":[{"href":"https:\/\/www.greenpeace.org\/brasil\/wp-json\/wp\/v2\/posts"}],"about":[{"href":"https:\/\/www.greenpeace.org\/brasil\/wp-json\/wp\/v2\/types\/post"}],"author":[{"embeddable":true,"href":"https:\/\/www.greenpeace.org\/brasil\/wp-json\/wp\/v2\/users\/28"}],"replies":[{"embeddable":true,"href":"https:\/\/www.greenpeace.org\/brasil\/wp-json\/wp\/v2\/comments?post=3747"}],"version-history":[{"count":2,"href":"https:\/\/www.greenpeace.org\/brasil\/wp-json\/wp\/v2\/posts\/3747\/revisions"}],"predecessor-version":[{"id":3754,"href":"https:\/\/www.greenpeace.org\/brasil\/wp-json\/wp\/v2\/posts\/3747\/revisions\/3754"}],"wp:featuredmedia":[{"embeddable":true,"href":"https:\/\/www.greenpeace.org\/brasil\/wp-json\/wp\/v2\/media\/3751"}],"wp:attachment":[{"href":"https:\/\/www.greenpeace.org\/brasil\/wp-json\/wp\/v2\/media?parent=3747"}],"wp:term":[{"taxonomy":"category","embeddable":true,"href":"https:\/\/www.greenpeace.org\/brasil\/wp-json\/wp\/v2\/categories?post=3747"},{"taxonomy":"post_tag","embeddable":true,"href":"https:\/\/www.greenpeace.org\/brasil\/wp-json\/wp\/v2\/tags?post=3747"},{"taxonomy":"p4-page-type","embeddable":true,"href":"https:\/\/www.greenpeace.org\/brasil\/wp-json\/wp\/v2\/p4-page-type?post=3747"}],"curies":[{"name":"wp","href":"https:\/\/api.w.org\/{rel}","templated":true}]}}