{"id":3755,"date":"2015-09-20T10:24:23","date_gmt":"2015-09-20T13:24:23","guid":{"rendered":"https:\/\/www.greenpeace.org\/brasil\/?p=3755"},"modified":"2019-11-06T05:21:21","modified_gmt":"2019-11-06T08:21:21","slug":"a-crise-silenciosa-da-amazonia-a-invisibilidade-dos-kaapor","status":"publish","type":"post","link":"https:\/\/www.greenpeace.org\/brasil\/publicacoes\/a-crise-silenciosa-da-amazonia-a-invisibilidade-dos-kaapor\/","title":{"rendered":"A Crise silenciosa da Amaz\u00f4nia: A invisibilidade dos Ka\u2019apor"},"content":{"rendered":"<p><a href=\"https:\/\/www.greenpeace.org.br\/hubfs\/Campanhas\/Chega%20De%20Madeira%20Ilegal\/2.%20Crise%20Silenciosa%20da%20Amaz%C3%B4nia%20-%20A%20Invisibilidade%20dos%20Ka'apor.pdf\"><img loading=\"lazy\" decoding=\"async\" class=\"size-medium wp-image-3750 aligncenter\" src=\"https:\/\/www.greenpeace.org\/static\/planet4-brasil-stateless\/2018\/08\/0103413d-03082018-captura-de-tela-2018-08-03-a\u0300s-10.07.08-210x300.jpg\" alt=\"\" width=\"210\" height=\"300\" srcset=\"https:\/\/www.greenpeace.org\/static\/planet4-brasil-stateless\/2018\/08\/0103413d-03082018-captura-de-tela-2018-08-03-a\u0300s-10.07.08-210x300.jpg 210w, https:\/\/www.greenpeace.org\/static\/planet4-brasil-stateless\/2018\/08\/0103413d-03082018-captura-de-tela-2018-08-03-a\u0300s-10.07.08-768x1099.jpg 768w, https:\/\/www.greenpeace.org\/static\/planet4-brasil-stateless\/2018\/08\/0103413d-03082018-captura-de-tela-2018-08-03-a\u0300s-10.07.08-715x1024.jpg 715w, https:\/\/www.greenpeace.org\/static\/planet4-brasil-stateless\/2018\/08\/0103413d-03082018-captura-de-tela-2018-08-03-a\u0300s-10.07.08-238x340.jpg 238w, https:\/\/www.greenpeace.org\/static\/planet4-brasil-stateless\/2018\/08\/0103413d-03082018-captura-de-tela-2018-08-03-a\u0300s-10.07.08.jpg 830w\" sizes=\"auto, (max-width: 210px) 100vw, 210px\" \/><\/a><\/p>\n<p>Localizada entre os rios Turia\u00e7u e Gurupi, a Terra Ind\u00edgena (TI) Alto Turia\u00e7u \u00e9 uma \u00e1rea de 530 mil hectares, equivalente a quatro vezes e meia o tamanho da cidade do Rio de Janeiro. Junto com outras quatro \u00e1reas protegidas formam um dos \u00faltimos e mais conservados remanescentes florestais do estado do Maranh\u00e3o. A TI foi homologada em 1982 como territ\u00f3rio do povo Ka\u2019apor, por\u00e9m tem sido alvo de invas\u00f5es e da a\u00e7\u00e3o ilegal de grileiros, fazendeiros e madeireiros nos \u00faltimos 25 anos.<\/p>\n<p>Cerca de 8% de sua \u00e1rea j\u00e1 foi desmatada \u2013 convertida em pastos, campos de arroz e vilarejos, segundo an\u00e1lises de imagens de sat\u00e9lite feitas pelo Greenpeace. E o ritmo de devasta\u00e7\u00e3o segue incessante na Alto Turia\u00e7u. \u00c9 o que mostra o relat\u00f3rio <a href=\"https:\/\/www.greenpeace.org.br\/hubfs\/Campanhas\/Chega%20De%20Madeira%20Ilegal\/2.%20Crise%20Silenciosa%20da%20Amaz%C3%B4nia%20-%20A%20Invisibilidade%20dos%20Ka'apor.pdf\">&#8220;A Crise silenciosa da Amaz\u00f4nia: A invisibilidade dos Ka\u2019apor&#8221;<\/a>, que busca chamar a aten\u00e7\u00e3o da popula\u00e7\u00e3o e do governo para a invas\u00e3o de Terras Ind\u00edgenas e dar visibilidade para a luta por direitos do povo Ka&#8217;apor.<\/p>\n<p>A press\u00e3o exercida pelos madeireiros sobre as terras do povo Ka\u2019apor n\u00e3o \u00e9 dif\u00edcil de entender. Eles abrem estradas e avan\u00e7am sobre a floresta em busca das esp\u00e9cies nobres de madeira, como o Ip\u00ea, cujo metro c\u00fabico processado e exportado pode atingir o valor de 1.300 euros. Al\u00e9m de amea\u00e7ar a biodiversidade e gerar viol\u00eancia e conflito com as popula\u00e7\u00f5es locais, o saque de madeira dentro de \u00e1reas protegidas tem como consequ\u00eancia a degrada\u00e7\u00e3o da floresta, que \u00e9 o primeiro passo para o desmatamento.<\/p>\n<p>Os Ka&#8217;apor afirmam que a maioria das licen\u00e7as ou planos de manejo concedidos aos madeireiros na regi\u00e3o \u00e9 falsa, j\u00e1 que, ali, somente as terras ind\u00edgenas possuem florestas<\/p>\n<p>Al\u00e9m de cumprir um papel fundamental na prote\u00e7\u00e3o das popula\u00e7\u00f5es tradicionais e povos ind\u00edgenas, a cria\u00e7\u00e3o de Unidades de Conserva\u00e7\u00e3o e Terras Ind\u00edgenas s\u00e3o os mecanismos mais eficientes para combater o desmatamento, garantir a integridade da floresta e mitigar as consequ\u00eancias das mudan\u00e7as clim\u00e1ticas.<\/p>\n<h4 style=\"text-align: center;\"><a href=\"https:\/\/www.greenpeace.org.br\/hubfs\/Campanhas\/Chega%20De%20Madeira%20Ilegal\/2.%20Crise%20Silenciosa%20da%20Amaz%C3%B4nia%20-%20A%20Invisibilidade%20dos%20Ka'apor.pdf\">Clique aqui para baixar o relat\u00f3rio completo.<\/a><\/h4>\n<p>&nbsp;<\/p>\n","protected":false},"excerpt":{"rendered":"<p>A TI Alto Turia\u00e7u foi homologada em 1982 como territ\u00f3rio do povo Ka\u2019apor, por\u00e9m tem sido alvo de invas\u00f5es e da a\u00e7\u00e3o ilegal de grileiros, fazendeiros e madeireiros nos \u00faltimos 25 anos.<\/p>\n","protected":false},"author":28,"featured_media":3750,"comment_status":"open","ping_status":"closed","sticky":false,"template":"","format":"standard","meta":{"ep_exclude_from_search":false,"p4_og_title":"","p4_og_description":"","p4_og_image":"","p4_og_image_id":"","p4_seo_canonical_url":"","p4_campaign_name":"","p4_local_project":"","p4_basket_name":"","p4_department":"","footnotes":""},"categories":[3],"tags":[22],"p4-page-type":[15],"class_list":["post-3755","post","type-post","status-publish","format-standard","has-post-thumbnail","hentry","category-proteja-a-natureza","tag-florestas","p4-page-type-publicacoes"],"_links":{"self":[{"href":"https:\/\/www.greenpeace.org\/brasil\/wp-json\/wp\/v2\/posts\/3755","targetHints":{"allow":["GET"]}}],"collection":[{"href":"https:\/\/www.greenpeace.org\/brasil\/wp-json\/wp\/v2\/posts"}],"about":[{"href":"https:\/\/www.greenpeace.org\/brasil\/wp-json\/wp\/v2\/types\/post"}],"author":[{"embeddable":true,"href":"https:\/\/www.greenpeace.org\/brasil\/wp-json\/wp\/v2\/users\/28"}],"replies":[{"embeddable":true,"href":"https:\/\/www.greenpeace.org\/brasil\/wp-json\/wp\/v2\/comments?post=3755"}],"version-history":[{"count":1,"href":"https:\/\/www.greenpeace.org\/brasil\/wp-json\/wp\/v2\/posts\/3755\/revisions"}],"predecessor-version":[{"id":3756,"href":"https:\/\/www.greenpeace.org\/brasil\/wp-json\/wp\/v2\/posts\/3755\/revisions\/3756"}],"wp:featuredmedia":[{"embeddable":true,"href":"https:\/\/www.greenpeace.org\/brasil\/wp-json\/wp\/v2\/media\/3750"}],"wp:attachment":[{"href":"https:\/\/www.greenpeace.org\/brasil\/wp-json\/wp\/v2\/media?parent=3755"}],"wp:term":[{"taxonomy":"category","embeddable":true,"href":"https:\/\/www.greenpeace.org\/brasil\/wp-json\/wp\/v2\/categories?post=3755"},{"taxonomy":"post_tag","embeddable":true,"href":"https:\/\/www.greenpeace.org\/brasil\/wp-json\/wp\/v2\/tags?post=3755"},{"taxonomy":"p4-page-type","embeddable":true,"href":"https:\/\/www.greenpeace.org\/brasil\/wp-json\/wp\/v2\/p4-page-type?post=3755"}],"curies":[{"name":"wp","href":"https:\/\/api.w.org\/{rel}","templated":true}]}}