{"id":3757,"date":"2015-06-15T13:13:18","date_gmt":"2015-06-15T16:13:18","guid":{"rendered":"https:\/\/www.greenpeace.org\/brasil\/?p=3757"},"modified":"2019-11-06T05:21:24","modified_gmt":"2019-11-06T08:21:24","slug":"a-crise-silenciosa-da-amazonia-licenca-para-lavar-madeira-garantida","status":"publish","type":"post","link":"https:\/\/www.greenpeace.org\/brasil\/publicacoes\/a-crise-silenciosa-da-amazonia-licenca-para-lavar-madeira-garantida\/","title":{"rendered":"A crise silenciosa da Amaz\u00f4nia &#8211; Licen\u00e7a para lavar madeira: Garantida"},"content":{"rendered":"<p><a href=\"https:\/\/www.greenpeace.org.br\/hubfs\/Campanhas\/Chega%20De%20Madeira%20Ilegal\/3.%20Crise%20Silenciosa%20da%20Amaz%C3%B4nia%20-%20Sta%20Efig%C3%AAnia.pdf\"><img loading=\"lazy\" decoding=\"async\" class=\"size-medium wp-image-3749 aligncenter\" src=\"https:\/\/www.greenpeace.org\/static\/planet4-brasil-stateless\/2018\/08\/f44fad55-03082018-captura-de-tela-2018-08-03-a\u0300s-10.06.57-205x300.jpg\" alt=\"\" width=\"205\" height=\"300\" srcset=\"https:\/\/www.greenpeace.org\/static\/planet4-brasil-stateless\/2018\/08\/f44fad55-03082018-captura-de-tela-2018-08-03-a\u0300s-10.06.57-205x300.jpg 205w, https:\/\/www.greenpeace.org\/static\/planet4-brasil-stateless\/2018\/08\/f44fad55-03082018-captura-de-tela-2018-08-03-a\u0300s-10.06.57-768x1123.jpg 768w, https:\/\/www.greenpeace.org\/static\/planet4-brasil-stateless\/2018\/08\/f44fad55-03082018-captura-de-tela-2018-08-03-a\u0300s-10.06.57-700x1024.jpg 700w, https:\/\/www.greenpeace.org\/static\/planet4-brasil-stateless\/2018\/08\/f44fad55-03082018-captura-de-tela-2018-08-03-a\u0300s-10.06.57-233x340.jpg 233w, https:\/\/www.greenpeace.org\/static\/planet4-brasil-stateless\/2018\/08\/f44fad55-03082018-captura-de-tela-2018-08-03-a\u0300s-10.06.57.jpg 818w\" sizes=\"auto, (max-width: 205px) 100vw, 205px\" \/><\/a><\/p>\n<p>Em maio de 2014, o relat\u00f3rio <strong>&#8220;A Crise Silenciosa na Amaz\u00f4nia&#8221;<\/strong>, publicado pelo Greenpeace, revelou como madeireiros que operam na Amaz\u00f4nia Brasileira usam as falhas do sistema de controle para legalizar a entrada de madeira ilegal no mercado global. Um segundo relat\u00f3rio, <strong>&#8220;A Crise Silenciosa da Amaz\u00f4nia: Crime na Madrugada&#8221;<\/strong>, publicado em outubro de 2014, denunciou planos de manejo autorizados no estado do Par\u00e1, suspeitos de obterem documenta\u00e7\u00e3o oficial de forma fraudulenta com o objetivo de esquentar madeira retirada de \u00e1reas sem autoriza\u00e7\u00e3o.<\/p>\n<p>Um desses planos de manejo, administrado pela empresa Agropecu\u00e1ria Santa Efig\u00eania Ltda., declarou n\u00edveis incrivelmente altos de ip\u00ea, uma das esp\u00e9cies mais valiosas de madeira da Amaz\u00f4nia. E mesmo ap\u00f3s o alerta do Greenpeace, a madeira com a documenta\u00e7\u00e3o deste plano de manejo foi comercializada durante mais de quatro meses.<\/p>\n<p>Em fevereiro de 2015, o plano de manejo foi suspenso pelas autoridades do Par\u00e1. A Santa Efig\u00eania tamb\u00e9m foi multada por apresentar informa\u00e7\u00f5es falsas no sistema de controle da madeira. Por\u00e9m, at\u00e9 o momento da suspens\u00e3o do plano, mais de 43 mil metros c\u00fabicos de madeira j\u00e1 haviam sido comercializados, incluindo cerca de 12 mil metros c\u00fabicos de ip\u00ea, cujo valor poderia chegar a pelo menos U$ 7 milh\u00f5es se a madeira fosse processada e exportada.<\/p>\n<p>\u00c9 o que demonstra o relat\u00f3rio <a href=\"https:\/\/www.greenpeace.org.br\/hubfs\/Campanhas\/Chega%20De%20Madeira%20Ilegal\/3.%20Crise%20Silenciosa%20da%20Amaz%C3%B4nia%20-%20Sta%20Efig%C3%AAnia.pdf\">&#8220;A crise silenciosa da Amaz\u00f4nia Licen\u00e7a para lavar madeira: Garantida&#8221;<\/a>, que detalha a rede de com\u00e9rcio entre madeireiras como a Santa Efig\u00eania, que agem fora da lei, e pa\u00edses importadores da Uni\u00e3o Europeia.<\/p>\n<p>Desafiando suas obriga\u00e7\u00f5es de dilig\u00eancia e cuidado devido, diversos importadores da Uni\u00e3o Europeia (UE) e de outros continentes, cujas liga\u00e7\u00f5es com a cadeia de cust\u00f3dia da Agropecu\u00e1ria Santa Efig\u00eania j\u00e1 haviam sido denunciadas pelo Greenpeace em outubro de 2014, continuaram comprando e comercializando madeira contaminada ou ilegal de serrarias do Par\u00e1 ligadas a esse plano de manejo suspenso.<\/p>\n<h4 style=\"text-align: center;\"><a href=\"https:\/\/www.greenpeace.org.br\/hubfs\/Campanhas\/Chega%20De%20Madeira%20Ilegal\/3.%20Crise%20Silenciosa%20da%20Amaz%C3%B4nia%20-%20Sta%20Efig%C3%AAnia.pdf\">Clique aqui e baixe o relat\u00f3rio completo.<\/a><\/h4>\n","protected":false},"excerpt":{"rendered":"<p>O relat\u00f3rio demonstra como a Santa Efig\u00eania, madeireira envolvida com a extra\u00e7\u00e3o ilegal e fraude nos sistemas de controle, estabelece uma rede de com\u00e9rcio com pa\u00edses importadores da Uni\u00e3o Europeia, coniventes com esse ciclo de destrui\u00e7\u00e3o das florestas.<\/p>\n","protected":false},"author":28,"featured_media":3749,"comment_status":"open","ping_status":"closed","sticky":false,"template":"","format":"standard","meta":{"ep_exclude_from_search":false,"p4_og_title":"","p4_og_description":"","p4_og_image":"","p4_og_image_id":"","p4_seo_canonical_url":"","p4_campaign_name":"","p4_local_project":"","p4_basket_name":"","p4_department":"","footnotes":""},"categories":[3],"tags":[22],"p4-page-type":[15],"class_list":["post-3757","post","type-post","status-publish","format-standard","has-post-thumbnail","hentry","category-proteja-a-natureza","tag-florestas","p4-page-type-publicacoes"],"_links":{"self":[{"href":"https:\/\/www.greenpeace.org\/brasil\/wp-json\/wp\/v2\/posts\/3757","targetHints":{"allow":["GET"]}}],"collection":[{"href":"https:\/\/www.greenpeace.org\/brasil\/wp-json\/wp\/v2\/posts"}],"about":[{"href":"https:\/\/www.greenpeace.org\/brasil\/wp-json\/wp\/v2\/types\/post"}],"author":[{"embeddable":true,"href":"https:\/\/www.greenpeace.org\/brasil\/wp-json\/wp\/v2\/users\/28"}],"replies":[{"embeddable":true,"href":"https:\/\/www.greenpeace.org\/brasil\/wp-json\/wp\/v2\/comments?post=3757"}],"version-history":[{"count":3,"href":"https:\/\/www.greenpeace.org\/brasil\/wp-json\/wp\/v2\/posts\/3757\/revisions"}],"predecessor-version":[{"id":3760,"href":"https:\/\/www.greenpeace.org\/brasil\/wp-json\/wp\/v2\/posts\/3757\/revisions\/3760"}],"wp:featuredmedia":[{"embeddable":true,"href":"https:\/\/www.greenpeace.org\/brasil\/wp-json\/wp\/v2\/media\/3749"}],"wp:attachment":[{"href":"https:\/\/www.greenpeace.org\/brasil\/wp-json\/wp\/v2\/media?parent=3757"}],"wp:term":[{"taxonomy":"category","embeddable":true,"href":"https:\/\/www.greenpeace.org\/brasil\/wp-json\/wp\/v2\/categories?post=3757"},{"taxonomy":"post_tag","embeddable":true,"href":"https:\/\/www.greenpeace.org\/brasil\/wp-json\/wp\/v2\/tags?post=3757"},{"taxonomy":"p4-page-type","embeddable":true,"href":"https:\/\/www.greenpeace.org\/brasil\/wp-json\/wp\/v2\/p4-page-type?post=3757"}],"curies":[{"name":"wp","href":"https:\/\/api.w.org\/{rel}","templated":true}]}}