{"id":3786,"date":"2014-10-20T16:55:44","date_gmt":"2014-10-20T19:55:44","guid":{"rendered":"https:\/\/www.greenpeace.org\/brasil\/?p=3786"},"modified":"2019-11-06T05:21:28","modified_gmt":"2019-11-06T08:21:28","slug":"a-crise-silenciosa-da-amazonia-crime-na-madrugada","status":"publish","type":"post","link":"https:\/\/www.greenpeace.org\/brasil\/publicacoes\/a-crise-silenciosa-da-amazonia-crime-na-madrugada\/","title":{"rendered":"A Crise Silenciosa da Amaz\u00f4nia: Crime na madrugada"},"content":{"rendered":"<p><a href=\"https:\/\/www.greenpeace.org.br\/hubfs\/Campanhas\/Chega%20De%20Madeira%20Ilegal\/5.%20Crise%20Silenciosa%20da%20Amaz%C3%B4nia%20-%20Crime%20na%20Madrugada.pdf\"><img loading=\"lazy\" decoding=\"async\" class=\"size-medium wp-image-3752 aligncenter\" src=\"https:\/\/www.greenpeace.org\/static\/planet4-brasil-stateless\/2018\/08\/b4b42d36-03082018-captura-de-tela-2018-08-03-a\u0300s-10.06.39-208x300.jpg\" alt=\"\" width=\"208\" height=\"300\" srcset=\"https:\/\/www.greenpeace.org\/static\/planet4-brasil-stateless\/2018\/08\/b4b42d36-03082018-captura-de-tela-2018-08-03-a\u0300s-10.06.39-208x300.jpg 208w, https:\/\/www.greenpeace.org\/static\/planet4-brasil-stateless\/2018\/08\/b4b42d36-03082018-captura-de-tela-2018-08-03-a\u0300s-10.06.39-768x1109.jpg 768w, https:\/\/www.greenpeace.org\/static\/planet4-brasil-stateless\/2018\/08\/b4b42d36-03082018-captura-de-tela-2018-08-03-a\u0300s-10.06.39-709x1024.jpg 709w, https:\/\/www.greenpeace.org\/static\/planet4-brasil-stateless\/2018\/08\/b4b42d36-03082018-captura-de-tela-2018-08-03-a\u0300s-10.06.39-235x340.jpg 235w, https:\/\/www.greenpeace.org\/static\/planet4-brasil-stateless\/2018\/08\/b4b42d36-03082018-captura-de-tela-2018-08-03-a\u0300s-10.06.39.jpg 858w\" sizes=\"auto, (max-width: 208px) 100vw, 208px\" \/><\/a><\/p>\n<p>Entre agosto e setembro de 2014, o Greenpeace utilizou rastreadores para monitorar rotas de caminh\u00f5es madeireiros no oeste do Par\u00e1 e expor a retirada ilegal de madeira na Amaz\u00f4nia. Como resultado dessa investiga\u00e7\u00e3o, o Greenpeace Brasil lan\u00e7ou o relat\u00f3rio\u00a0<a href=\"https:\/\/www.greenpeace.org.br\/hubfs\/Campanhas\/Chega%20De%20Madeira%20Ilegal\/5.%20Crise%20Silenciosa%20da%20Amaz%C3%B4nia%20-%20Crime%20na%20Madrugada.pdf\">&#8220;A Crise Silenciosa da Amaz\u00f4nia: Crime na madrugada&#8221;<\/a>,\u00a0revelando como a ind\u00fastria madeireira no Par\u00e1 est\u00e1 \u2018lavando\u2019 madeira ilegal.<\/p>\n<p>Durante o dia, caminh\u00f5es vazios se dirigem para \u00e1reas remotas no interior da floresta. Quando a noite cai, eles deixam o local onde a madeira foi extra\u00edda ilegalmente e a transportam para serrarias do munic\u00edpio Santar\u00e9m, um dos principais polos madeireiros da Amaz\u00f4nia. Essas serrarias usam pap\u00e9is oficiais, obtidos de maneira fraudulenta, para \u2018esquentar\u2019 a madeira que chega ao mercado. Al\u00e9m de abastecerem o mercado dom\u00e9stico, essas empresas tamb\u00e9m exportam madeira regularmente para a Europa, China, Jap\u00e3o e Estados Unidos \u2013 apesar de legisla\u00e7\u00f5es em alguns destes mercados proibirem a venda de madeira ilegal.<\/p>\n<p>A explora\u00e7\u00e3o de madeira \u00e9 o primeiro passo para o desmatamento. Madeireiros abrem estradas para acessar \u00e1reas remotas de floresta em busca de esp\u00e9cies de alto valor comercial. Florestas antes intactas passam a ser degradadas e ficam vulner\u00e1veis \u00e0 fragmenta\u00e7\u00e3o. Nesse processo de explora\u00e7\u00e3o predat\u00f3ria, a floresta ao longo das estradas \u00e9 desmatada para dar lugar a pasto e soja. Essas regi\u00f5es de fronteira s\u00e3o conhecidas pela falta de governan\u00e7a e corrup\u00e7\u00e3o generalizada. A explora\u00e7\u00e3o ilegal de madeira \u00e9 end\u00eamica.<\/p>\n<p>No Par\u00e1, estado que mais produz e exporta madeira da Amaz\u00f4nia, estima-se que mais de 3\/4 da explora\u00e7\u00e3o madeireira seja ilegal.<\/p>\n<h4 style=\"text-align: center;\"><a href=\"https:\/\/www.greenpeace.org.br\/hubfs\/Campanhas\/Chega%20De%20Madeira%20Ilegal\/5.%20Crise%20Silenciosa%20da%20Amaz%C3%B4nia%20-%20Crime%20na%20Madrugada.pdf\">Clique aqui para baixar o relat\u00f3rio completo.<\/a><\/h4>\n","protected":false},"excerpt":{"rendered":"<p>Noite ap\u00f3s noite, caminh\u00f5es carregados de madeira ilegal saem da floresta em dire\u00e7\u00e3o \u00e0s serrarias que abastecem os mercados nacional e internacional.<\/p>\n","protected":false},"author":28,"featured_media":3752,"comment_status":"open","ping_status":"closed","sticky":false,"template":"","format":"standard","meta":{"ep_exclude_from_search":false,"p4_og_title":"","p4_og_description":"","p4_og_image":"","p4_og_image_id":"","p4_seo_canonical_url":"","p4_campaign_name":"","p4_local_project":"","p4_basket_name":"","p4_department":"","footnotes":""},"categories":[3],"tags":[22],"p4-page-type":[15],"class_list":["post-3786","post","type-post","status-publish","format-standard","has-post-thumbnail","hentry","category-proteja-a-natureza","tag-florestas","p4-page-type-publicacoes"],"_links":{"self":[{"href":"https:\/\/www.greenpeace.org\/brasil\/wp-json\/wp\/v2\/posts\/3786","targetHints":{"allow":["GET"]}}],"collection":[{"href":"https:\/\/www.greenpeace.org\/brasil\/wp-json\/wp\/v2\/posts"}],"about":[{"href":"https:\/\/www.greenpeace.org\/brasil\/wp-json\/wp\/v2\/types\/post"}],"author":[{"embeddable":true,"href":"https:\/\/www.greenpeace.org\/brasil\/wp-json\/wp\/v2\/users\/28"}],"replies":[{"embeddable":true,"href":"https:\/\/www.greenpeace.org\/brasil\/wp-json\/wp\/v2\/comments?post=3786"}],"version-history":[{"count":4,"href":"https:\/\/www.greenpeace.org\/brasil\/wp-json\/wp\/v2\/posts\/3786\/revisions"}],"predecessor-version":[{"id":3790,"href":"https:\/\/www.greenpeace.org\/brasil\/wp-json\/wp\/v2\/posts\/3786\/revisions\/3790"}],"wp:featuredmedia":[{"embeddable":true,"href":"https:\/\/www.greenpeace.org\/brasil\/wp-json\/wp\/v2\/media\/3752"}],"wp:attachment":[{"href":"https:\/\/www.greenpeace.org\/brasil\/wp-json\/wp\/v2\/media?parent=3786"}],"wp:term":[{"taxonomy":"category","embeddable":true,"href":"https:\/\/www.greenpeace.org\/brasil\/wp-json\/wp\/v2\/categories?post=3786"},{"taxonomy":"post_tag","embeddable":true,"href":"https:\/\/www.greenpeace.org\/brasil\/wp-json\/wp\/v2\/tags?post=3786"},{"taxonomy":"p4-page-type","embeddable":true,"href":"https:\/\/www.greenpeace.org\/brasil\/wp-json\/wp\/v2\/p4-page-type?post=3786"}],"curies":[{"name":"wp","href":"https:\/\/api.w.org\/{rel}","templated":true}]}}