{"id":39975,"date":"2022-05-11T10:10:18","date_gmt":"2022-05-11T13:10:18","guid":{"rendered":"https:\/\/www.greenpeace.org\/brasil\/?p=39975"},"modified":"2025-07-02T04:26:06","modified_gmt":"2025-07-02T07:26:06","slug":"deputados-de-mato-grosso-querem-legalizar-destruicao-de-parque-ambiental","status":"publish","type":"post","link":"https:\/\/www.greenpeace.org\/brasil\/blog\/deputados-de-mato-grosso-querem-legalizar-destruicao-de-parque-ambiental\/","title":{"rendered":"Deputados de Mato Grosso querem legalizar destrui\u00e7\u00e3o de parque ambiental"},"content":{"rendered":"\n<h4 class=\"wp-block-heading\">Parque Estadual Serra de Ricardo Franco pode perder o status de \u00e1rea protegida. Regi\u00e3o de enorme import\u00e2ncia biol\u00f3gica est\u00e1 amea\u00e7ada pelo avan\u00e7o da pecu\u00e1ria<\/h4>\n\n<figure class=\"wp-block-image size-full\"><img loading=\"lazy\" decoding=\"async\" width=\"800\" height=\"533\" src=\"https:\/\/www.greenpeace.org\/static\/planet4-brasil-stateless\/2022\/05\/61adb192-gp1stxmm_web_size.jpg\" alt=\"\" class=\"wp-image-39976\" srcset=\"https:\/\/www.greenpeace.org\/static\/planet4-brasil-stateless\/2022\/05\/61adb192-gp1stxmm_web_size.jpg 800w, https:\/\/www.greenpeace.org\/static\/planet4-brasil-stateless\/2022\/05\/61adb192-gp1stxmm_web_size-300x200.jpg 300w, https:\/\/www.greenpeace.org\/static\/planet4-brasil-stateless\/2022\/05\/61adb192-gp1stxmm_web_size-768x512.jpg 768w, https:\/\/www.greenpeace.org\/static\/planet4-brasil-stateless\/2022\/05\/61adb192-gp1stxmm_web_size-510x340.jpg 510w\" sizes=\"auto, (max-width: 800px) 100vw, 800px\" \/><figcaption> O Parque Estadual Serra de Ricardo Franco recebeu status de prote\u00e7\u00e3o devido \u00e0 relev\u00e2ncia de sua diversidade biol\u00f3gica, em uma regi\u00e3o de encontro dos biomas Amaz\u00f4nia, Cerrado e Pantanal. Mas problemas em sua implementa\u00e7\u00e3o e fiscaliza\u00e7\u00e3o tornam a floresta alvo para grileiros e pecuaristas. (foto: \u00a9 Ednilson Aguiar)<\/figcaption><\/figure>\n\n<p>Uma \u00e1rea de 158 mil hectares de fauna e flora ainda pouco estudada pela ci\u00eancia, equivalente em extens\u00e3o ao munic\u00edpio de S\u00e3o Paulo, corre o risco de ser totalmente destru\u00edda por conta de uma vota\u00e7\u00e3o que est\u00e1 prestes a acontecer na Assembleia Legislativa de Mato Grosso. Trata-se do Parque Estadual Serra de Ricardo Franco, institu\u00eddo em 1997.<strong> Localizado em uma regi\u00e3o em que o Cerrado, o Pantanal e a Amaz\u00f4nia se encontram, o parque abriga uma biodiversidade \u00fanica e ainda pouco conhecida.<\/strong><\/p>\n\n<p>A bandeira verde para a destrui\u00e7\u00e3o do parque pode vir pelas m\u00e3os da<strong> deputada estadual e presidente interina da Assembleia Legislativa, Jana\u00edna Riva (MDB)<\/strong>, que decidiu pautar para hoje (11\/05) a vota\u00e7\u00e3o de um decreto legislativo que extingue o parque do status de interesse p\u00fablico da \u00e1rea da <a href=\"https:\/\/olivre.com.br\/?s=ricardo+franco\" target=\"_blank\" rel=\"noreferrer noopener\">Serra Ricardo Franco<\/a>, em Vila Bela da Sant\u00edssima Trindade (a 520 km de Cuiab\u00e1).<\/p>\n\n<p>Ap\u00f3s ser aprovado em primeira vota\u00e7\u00e3o, o projeto que destitui a regi\u00e3o de \u00e1rea protegida estava parado h\u00e1 cinco anos na Assembleia, ap\u00f3s um pedido do Minist\u00e9rio P\u00fablico Estadual para que o tema fosse melhor discutido. <strong>A mudan\u00e7a de status do parque neste momento interessa a lideran\u00e7as pol\u00edticas na regi\u00e3o, especialmente em ano de elei\u00e7\u00e3o<\/strong>.&nbsp;<\/p>\n\n<p>Uma <a href=\"https:\/\/www.greenpeace.org\/brasil\/biodiversidade_old\/como-o-desmatamento-e-a-criacao-de-gado-tem-ameacado-a-biodiversidade-brasileira\/\">investiga\u00e7\u00e3o do Greenpeace Brasil em 2020 mostrou<\/a> que, na \u00e9poca, mais de 38 mil hectares da \u00e1rea que deveria estar sob condi\u00e7\u00e3o de prote\u00e7\u00e3o integral foram desmatados, dos quais 33% ocorreram ap\u00f3s a cria\u00e7\u00e3o da unidade. Das 137 fazendas existentes no parque (segundo an\u00e1lise dos registros do Cadastro Ambiental Rural), duas chamaram a aten\u00e7\u00e3o: Pared\u00e3o I e II, com 4.123 hectares, dos quais 2.096 hectares foram desmatados ilegalmente.\u00a0<\/p>\n\n<p>O ex-ministro Eliseu Padilha aparecia como s\u00f3cio-propriet\u00e1rio em uma das fazendas, junto com seu ex-assessor e s\u00f3cio, Marcos Antonio Assi Tozzatti. Padilha, no caso, est\u00e1 associado \u00e0 empresa Jasmim Agropecu\u00e1ria e Reflorestamento LTDA. Tozzatti aparece como o propriet\u00e1rio da outra fazenda Pared\u00e3o.<\/p>\n\n<p>A investiga\u00e7\u00e3o mostrou que, entre abril de 2018 e junho de 2019, a fazenda Pared\u00e3o comercializou gado com outras fazendas que destinaram gado para frigor\u00edficos da Marfrig, Minerva e JBS (via Fazenda Barra Mansa), que por sua vez exportaram produtos de carne para diversos pa\u00edses. E o problema n\u00e3o parou a\u00ed. Um levantamento atual do Greenpeace mostra que, pelo menos da fazenda Barra Mansa, a JBS continua comprando gado. Somente em 2022, j\u00e1 foram cinco compras de bois, segundo a base de dados da JBS.<\/p>\n\n<p>De acordo com o <a href=\"https:\/\/observamt.org.br\/noticia\/projeto-da-almt-quer-extinguir-parque-estadual-serra-ricardo-franco\/\" data-type=\"URL\" data-id=\"https:\/\/observamt.org.br\/noticia\/projeto-da-almt-quer-extinguir-parque-estadual-serra-ricardo-franco\/\" target=\"_blank\" rel=\"noreferrer noopener\">Observat\u00f3rio Socioambiental de Mato Grosso<\/a>, \u201cal\u00e9m de promover a impunidade, a medida incentivar\u00e1 o desmatamento, afetando os compromissos internacionais de Mato Grosso para o enfrentamento e mitiga\u00e7\u00e3o das mudan\u00e7as clim\u00e1ticas\u201d. A entidade tamb\u00e9m informa que \u201cmais de 72% da \u00e1rea do parque \u00e9 ocupada por vegeta\u00e7\u00e3o natural, mas cerca de 24% teve desmatamentos registrados at\u00e9 2017\u201d. A organiza\u00e7\u00e3o tamb\u00e9m afirma que a transforma\u00e7\u00e3o da \u00e1rea em parque freou o desmatamento.<a href=\"https:\/\/drive.google.com\/file\/d\/1WWRtPdnp2odbBiS51JAjcAqBsv5LQeT1\/view?usp=sharing\"><\/a><\/p>\n\n<figure class=\"wp-block-image size-large\"><img loading=\"lazy\" decoding=\"async\" width=\"768\" height=\"1024\" src=\"https:\/\/www.greenpeace.org\/static\/planet4-brasil-stateless\/2022\/05\/66752ed0-02-desk@green-por-768x1024.png\" alt=\"\" class=\"wp-image-39981\" srcset=\"https:\/\/www.greenpeace.org\/static\/planet4-brasil-stateless\/2022\/05\/66752ed0-02-desk@green-por-768x1024.png 768w, https:\/\/www.greenpeace.org\/static\/planet4-brasil-stateless\/2022\/05\/66752ed0-02-desk@green-por-225x300.png 225w, https:\/\/www.greenpeace.org\/static\/planet4-brasil-stateless\/2022\/05\/66752ed0-02-desk@green-por-1152x1536.png 1152w, https:\/\/www.greenpeace.org\/static\/planet4-brasil-stateless\/2022\/05\/66752ed0-02-desk@green-por-1536x2048.png 1536w, https:\/\/www.greenpeace.org\/static\/planet4-brasil-stateless\/2022\/05\/66752ed0-02-desk@green-por-1025x1366.png 1025w, https:\/\/www.greenpeace.org\/static\/planet4-brasil-stateless\/2022\/05\/66752ed0-02-desk@green-por-255x340.png 255w, https:\/\/www.greenpeace.org\/static\/planet4-brasil-stateless\/2022\/05\/66752ed0-02-desk@green-por.png 1681w\" sizes=\"auto, (max-width: 768px) 100vw, 768px\" \/><\/figure>\n\n<p>O Instituto Centro de Vida (ICV) tamb\u00e9m tem feito alertas quanto \u00e0 vota\u00e7\u00e3o do projeto, que alega ser inconstitucional e que pode gerar desmatamento em um dos destinos tur\u00edsticos mais exuberantes do estado.<\/p>\n\n<p>A porta-voz da campanha da Amaz\u00f4nia do Greenpeace Brasil, Cristiane Mazzetti, explica o risco que a medida pode significar para a regi\u00e3o: &#8220;Em um grave momento de disparada do desmatamento e de invas\u00f5es em terras p\u00fablicas, \u00e9 um absurdo aprovar a toque de caixa um projeto t\u00e3o pol\u00eamico como este, que extingue uma importante unidade de conserva\u00e7\u00e3o. Enfrentamos uma crise global do clima e de perda de biodiversidade e, em vez de criar mais \u00e1reas protegidas, que contribuem com o enfrentamento desses problemas, os deputados de Mato Grosso defendem o interesse de poucos fazendeiros nesta tentativa de extinguir as que j\u00e1 existem\u201d, afirma.<\/p>\n","protected":false},"excerpt":{"rendered":"<p>Parque Estadual Serra de Ricardo Franco pode perder o status de \u00e1rea protegida. Regi\u00e3o de enorme import\u00e2ncia biol\u00f3gica est\u00e1 amea\u00e7ada pelo avan\u00e7o da pecu\u00e1ria.<\/p>\n","protected":false},"author":28,"featured_media":39982,"comment_status":"open","ping_status":"closed","sticky":false,"template":"","format":"standard","meta":{"ep_exclude_from_search":false,"p4_og_title":"","p4_og_description":"","p4_og_image":"","p4_og_image_id":"","p4_seo_canonical_url":"","p4_campaign_name":"not set","p4_local_project":"not set","p4_basket_name":"not set","p4_department":"","footnotes":""},"categories":[49],"tags":[26,46],"p4-page-type":[16],"class_list":["post-39975","post","type-post","status-publish","format-standard","has-post-thumbnail","hentry","category-amazonia","tag-biodiversidade","tag-desmatamento","p4-page-type-blog"],"_links":{"self":[{"href":"https:\/\/www.greenpeace.org\/brasil\/wp-json\/wp\/v2\/posts\/39975","targetHints":{"allow":["GET"]}}],"collection":[{"href":"https:\/\/www.greenpeace.org\/brasil\/wp-json\/wp\/v2\/posts"}],"about":[{"href":"https:\/\/www.greenpeace.org\/brasil\/wp-json\/wp\/v2\/types\/post"}],"author":[{"embeddable":true,"href":"https:\/\/www.greenpeace.org\/brasil\/wp-json\/wp\/v2\/users\/28"}],"replies":[{"embeddable":true,"href":"https:\/\/www.greenpeace.org\/brasil\/wp-json\/wp\/v2\/comments?post=39975"}],"version-history":[{"count":7,"href":"https:\/\/www.greenpeace.org\/brasil\/wp-json\/wp\/v2\/posts\/39975\/revisions"}],"predecessor-version":[{"id":58598,"href":"https:\/\/www.greenpeace.org\/brasil\/wp-json\/wp\/v2\/posts\/39975\/revisions\/58598"}],"wp:featuredmedia":[{"embeddable":true,"href":"https:\/\/www.greenpeace.org\/brasil\/wp-json\/wp\/v2\/media\/39982"}],"wp:attachment":[{"href":"https:\/\/www.greenpeace.org\/brasil\/wp-json\/wp\/v2\/media?parent=39975"}],"wp:term":[{"taxonomy":"category","embeddable":true,"href":"https:\/\/www.greenpeace.org\/brasil\/wp-json\/wp\/v2\/categories?post=39975"},{"taxonomy":"post_tag","embeddable":true,"href":"https:\/\/www.greenpeace.org\/brasil\/wp-json\/wp\/v2\/tags?post=39975"},{"taxonomy":"p4-page-type","embeddable":true,"href":"https:\/\/www.greenpeace.org\/brasil\/wp-json\/wp\/v2\/p4-page-type?post=39975"}],"curies":[{"name":"wp","href":"https:\/\/api.w.org\/{rel}","templated":true}]}}