{"id":40045,"date":"2022-05-13T08:59:59","date_gmt":"2022-05-13T11:59:59","guid":{"rendered":"https:\/\/www.greenpeace.org\/brasil\/?p=40045"},"modified":"2022-10-11T15:53:40","modified_gmt":"2022-10-11T18:53:40","slug":"as-arvores-somos-nozes-61-governanca-ambiental-o-coletivo-pelo-planeta","status":"publish","type":"post","link":"https:\/\/www.greenpeace.org\/brasil\/podcast\/as-arvores-somos-nozes-61-governanca-ambiental-o-coletivo-pelo-planeta\/","title":{"rendered":"As \u00c1rvores Somos Nozes 61 &#8211; Governan\u00e7a ambiental: o coletivo pelo planeta"},"content":{"rendered":"\n<h4 class=\"wp-block-heading\">Neste epis\u00f3dio falamos sobre a import\u00e2ncia da participa\u00e7\u00e3o social na formula\u00e7\u00e3o de pol\u00edticas p\u00fablicas<\/h4>\n\n<iframe loading=\"lazy\" src=\"https:\/\/anchor.fm\/as-arvores\/embed\/episodes\/61---Governana-ambiental-o-coletivo-pelo-planeta-e1if00o\" height=\"120px\" width=\"700px\" frameborder=\"0\" scrolling=\"no\"><\/iframe>\n\n<p>\u00c9 voc\u00ea quem arruma a casa onde mora? Essa tarefa \u00e9 feita por voc\u00ea, sozinho (a) ou \u00e9 dividida entre outras pessoas que tamb\u00e9m ocupam esse espa\u00e7o comum? Se h\u00e1 um envolvimento coletivo, j\u00e1 que estamos falando de algo que interfere na vida de todes, \u00e9 poss\u00edvel dizer que h\u00e1 uma gest\u00e3o participativa no cuidado do seu lar, certo? Bom, idealmente, assim deveria ser.<\/p>\n\n<p>Essa mesma l\u00f3gica pode ser transferida quando falamos da implementa\u00e7\u00e3o de pol\u00edticas p\u00fablicas. A governan\u00e7a ambiental, por exemplo, demanda uma articula\u00e7\u00e3o coletiva entre diferentes atores para ser bem executada.<\/p>\n\n<p>Mas quais s\u00e3o os crit\u00e9rios para a pr\u00e1tica de uma boa governan\u00e7a ambiental? Em que p\u00e9 estamos no Brasil? Este \u00e9 o tema deste epis\u00f3dio, onde falamos sobre a import\u00e2ncia da participa\u00e7\u00e3o social na tomada de decis\u00f5es que impactam o seu futuro, o do pa\u00eds e do meio ambiente.<\/p>\n\n<p>Para esta conversa, contamos com a presen\u00e7a de Jo\u00e3o C\u00e2mara, analista ambiental do Ibama e doutor em desenvolvimento sustent\u00e1vel especializado em governan\u00e7a ambiental pela UnB, e de Elisabetta Recine, ex-presidente do Conselho Nacional de Seguran\u00e7a Alimentar e Nutricional (Consea) e coordenadora do Observat\u00f3rio de Pol\u00edticas de Seguran\u00e7a Alimentar e Nutri\u00e7\u00e3o da UnB.<\/p>\n\n<p><meta charset=\"utf-8\"><a rel=\"noreferrer noopener\" href=\"https:\/\/feeds.feedburner.com\/asarvores\" target=\"_blank\">Assine o feed<\/a>&nbsp;|&nbsp;<a rel=\"noreferrer noopener\" href=\"https:\/\/open.spotify.com\/show\/51FYxkzZ0DPPUtd87T01ny\" target=\"_blank\">Ou\u00e7a no Spotify<\/a>&nbsp;|&nbsp;<a rel=\"noreferrer noopener\" href=\"https:\/\/itunes.apple.com\/br\/podcast\/as-%C3%A1rvores-somos-nozes\/id1436750884?mt=2#\" target=\"_blank\">Ou\u00e7a no iOS<\/a>&nbsp;|&nbsp;<a rel=\"noreferrer noopener\" href=\"https:\/\/subscribeonandroid.com\/feeds.feedburner.com\/asarvores\" target=\"_blank\">Ou\u00e7a no Android<\/a><\/p>\n\n<p><strong>Links de refer\u00eancia sobre o tema:&nbsp;<\/strong><\/p>\n\n<ul class=\"wp-block-list\"><li><a href=\"https:\/\/www.greenpeace.org\/brasil\/blog\/o-que-e-um-plano-de-adaptacao-climatica\/\"><\/a><a href=\"https:\/\/www.youtube.com\/watch?v=nb9a90KK-Us\"><strong>O que \u00e9 a Eco 92 ou Rio 92? &#8211; Greenpeace Explica<\/strong><\/a><\/li><li><a href=\"https:\/\/www.ipea.gov.br\/portal\/index.php?option=com_content&amp;view=article&amp;id=28192\"><strong>Governan\u00e7a Ambiental no Brasil: institui\u00e7\u00f5es, atores e pol\u00edticas p\u00fablicas<\/strong><\/a><\/li><li><a href=\"https:\/\/www.greenpeace.org\/brasil\/blog\/seguranca-alimentar-sob-ameaca\/#:~:text=A%20decis%C3%A3o%20do%20novo%20governo,alimentar%20de%20toda%20a%20popula%C3%A7%C3%A3o.\"><strong>Seguran\u00e7a alimentar sob amea\u00e7a<\/strong><\/a><\/li><\/ul>\n\n<p><strong>Cr\u00e9ditos:<\/strong><\/p>\n\n<ul class=\"wp-block-list\"><li>Apresenta\u00e7\u00e3o: Camila Doretto e Rafael Silva;<\/li><li>Produ\u00e7\u00e3o: Lu Sudr\u00e9;<\/li><li>Roteiro: Camila Doretto e Lu Sudr\u00e9;<\/li><li>Entrevistados: Elisabetta Recine e Jo\u00e3o C\u00e2mara<\/li><li>Sound Design: Compasso Coolab;<\/li><li>Trilha original: Marcellus Meirelles e Alexandre Luppi;<\/li><li>Edi\u00e7\u00e3o: <a href=\"http:\/\/mandrilaudio.com.br\">Mandril Audio<\/a>;<\/li><\/ul>\n","protected":false},"excerpt":{"rendered":"<p>Neste epis\u00f3dio falamos sobre a import\u00e2ncia da participa\u00e7\u00e3o social na formula\u00e7\u00e3o de pol\u00edticas p\u00fablicas<\/p>\n","protected":false},"author":28,"featured_media":40047,"comment_status":"open","ping_status":"closed","sticky":false,"template":"","format":"standard","meta":{"ep_exclude_from_search":false,"p4_og_title":"","p4_og_description":"","p4_og_image":"","p4_og_image_id":"","p4_seo_canonical_url":"","p4_campaign_name":"not set","p4_local_project":"not set","p4_basket_name":"not set","p4_department":"","footnotes":""},"categories":[5],"tags":[23],"p4-page-type":[28],"class_list":["post-40045","post","type-post","status-publish","format-standard","has-post-thumbnail","hentry","category-greenpeace","tag-mobilizacao","p4-page-type-podcast"],"_links":{"self":[{"href":"https:\/\/www.greenpeace.org\/brasil\/wp-json\/wp\/v2\/posts\/40045","targetHints":{"allow":["GET"]}}],"collection":[{"href":"https:\/\/www.greenpeace.org\/brasil\/wp-json\/wp\/v2\/posts"}],"about":[{"href":"https:\/\/www.greenpeace.org\/brasil\/wp-json\/wp\/v2\/types\/post"}],"author":[{"embeddable":true,"href":"https:\/\/www.greenpeace.org\/brasil\/wp-json\/wp\/v2\/users\/28"}],"replies":[{"embeddable":true,"href":"https:\/\/www.greenpeace.org\/brasil\/wp-json\/wp\/v2\/comments?post=40045"}],"version-history":[{"count":4,"href":"https:\/\/www.greenpeace.org\/brasil\/wp-json\/wp\/v2\/posts\/40045\/revisions"}],"predecessor-version":[{"id":43267,"href":"https:\/\/www.greenpeace.org\/brasil\/wp-json\/wp\/v2\/posts\/40045\/revisions\/43267"}],"wp:featuredmedia":[{"embeddable":true,"href":"https:\/\/www.greenpeace.org\/brasil\/wp-json\/wp\/v2\/media\/40047"}],"wp:attachment":[{"href":"https:\/\/www.greenpeace.org\/brasil\/wp-json\/wp\/v2\/media?parent=40045"}],"wp:term":[{"taxonomy":"category","embeddable":true,"href":"https:\/\/www.greenpeace.org\/brasil\/wp-json\/wp\/v2\/categories?post=40045"},{"taxonomy":"post_tag","embeddable":true,"href":"https:\/\/www.greenpeace.org\/brasil\/wp-json\/wp\/v2\/tags?post=40045"},{"taxonomy":"p4-page-type","embeddable":true,"href":"https:\/\/www.greenpeace.org\/brasil\/wp-json\/wp\/v2\/p4-page-type?post=40045"}],"curies":[{"name":"wp","href":"https:\/\/api.w.org\/{rel}","templated":true}]}}