{"id":40820,"date":"2022-06-15T21:38:29","date_gmt":"2022-06-16T00:38:29","guid":{"rendered":"https:\/\/www.greenpeace.org\/brasil\/?p=40820"},"modified":"2022-06-30T16:35:02","modified_gmt":"2022-06-30T19:35:02","slug":"nota-de-pesar-sobre-assassinato-de-bruno-pereira-e-dom-phillips","status":"publish","type":"post","link":"https:\/\/www.greenpeace.org\/brasil\/imprensa\/nota-de-pesar-sobre-assassinato-de-bruno-pereira-e-dom-phillips\/","title":{"rendered":"Nota de pesar sobre assassinato de Bruno Pereira e Dom Phillips"},"content":{"rendered":"\n<p>\u00c9 com muito pesar que lamentamos o cruel assassinato do indigenista Bruno Ara\u00fajo Pereira e do jornalista ingl\u00eas Dom Phillips. Os ativistas estavam desaparecidos desde domingo (5) e foram vistos pela \u00faltima vez na regi\u00e3o do Vale do Javari, na Amaz\u00f4nia. De acordo com a Uni\u00e3o dos Povos Ind\u00edgenas do Vale do Javari (Univaja), eles haviam recebido amea\u00e7as.<\/p>\n\n<p>O que tem se tornado o Brasil, afinal? Nos \u00faltimos tr\u00eas anos, nosso pa\u00eds vem se configurando cada vez mais em uma terra em que a \u00fanica lei v\u00e1lida \u00e9 a do \u201cvale-tudo\u201d. Vale a invas\u00e3o e grilagem de territ\u00f3rios; vale a prolifera\u00e7\u00e3o do garimpo; vale a extra\u00e7\u00e3o ilegal de madeira; vale todo e qualquer conflito territorial\u2026 e vale matar para garantir que nenhuma dessas atividades criminosas sejam impedidas de acontecer. E tudo isso alimentado pelas a\u00e7\u00f5es e omiss\u00f5es do governo brasileiro. Quando quem busca advogar por um mundo mais verde, justo e pac\u00edfico tem sua vida colocada \u00e0 prova, n\u00e3o restam d\u00favidas de que a nossa jovem democracia est\u00e1 em risco e se equilibra em uma corda bamba.&nbsp;<\/p>\n\n<p>&#8220;Abandono e revolta. S\u00e3o esses os sentimentos que devastam todos n\u00f3s que, daqui ou de fora da Amaz\u00f4nia, entregamos nossas vidas \u00e0 defesa dessa floresta e de seus povos. Gra\u00e7as \u00e0s a\u00e7\u00f5es e omiss\u00f5es de um governo comprometido com a economia da destrui\u00e7\u00e3o, ficamos \u00f3rf\u00e3os de dois grandes defensores da Amaz\u00f4nia e, ao mesmo tempo, ref\u00e9ns do crime organizado que hoje \u00e9 soberano na regi\u00e3o&#8221;, afirma Danicley de Aguiar, porta-voz de Amaz\u00f4nia do Greenpeace Brasil.&nbsp;<\/p>\n\n<p>Ao longo dos \u00faltimos tr\u00eas anos, os povos da floresta vivenciam um aumento vertiginoso da viol\u00eancia em seus territ\u00f3rios, e dentro do Congresso a situa\u00e7\u00e3o n\u00e3o \u00e9 diferente. Enquanto o mundo lamenta a perda de Bruno Pereira, de Dom Phillips e de tantas outras vidas que diariamente s\u00e3o destru\u00eddas nesta cruzada contra a Amaz\u00f4nia, tramitam no Congresso projetos de lei que amea\u00e7am as Terras Ind\u00edgenas (TIs) brasileiras, como o PL 191\/2020, que libera&nbsp; a minera\u00e7\u00e3o e outras formas de explora\u00e7\u00e3o econ\u00f4mica dentro de TIs; e o PL 490\/2007 que, de maneira inconstitucional, advoga em favor do Marco Temporal.&nbsp;<\/p>\n\n<p>A cada dia que passa, a pol\u00edtica anti-ind\u00edgena do Brasil de Bolsonaro avan\u00e7a a passos largos e os direitos dos povos origin\u00e1rios s\u00e3o violados permanentemente. At\u00e9 quando aceitaremos um governo que cruza os bra\u00e7os diante de tamanha atrocidade? As mortes de Bruno e Dom n\u00e3o se tratam de fatalidades mas, sim, de um projeto criminoso do governo Bolsonaro, que abre alas para que atividades predat\u00f3rias e crimes se reproduzam em plena luz do dia, e transformem a Amaz\u00f4nia em dom\u00ednio particular do crime organizado, onde a lei n\u00e3o vale.<\/p>\n\n<p>O Brasil est\u00e1 mergulhado em um contexto que beira a barb\u00e1rie e esse cen\u00e1rio n\u00e3o pode seguir avan\u00e7ando. Repudiamos tal ato de viol\u00eancia e exigimos urgentemente justi\u00e7a por Bruno e Dom.<\/p>\n\n<p>&#8220;J\u00e1 basta. O mundo tem de acordar e tomar as medidas necess\u00e1rias para p\u00f4r fim \u00e0 viol\u00eancia e \u00e0 repress\u00e3o intoler\u00e1veis que assolam a Amaz\u00f4nia. A maior homenagem que podemos prestar agora a Bruno e Dom \u00e9 continuar o seu trabalho vital at\u00e9 que todos os povos do Brasil e as suas florestas estejam totalmente protegidos&#8221;, declara Pat Venditti, diretor executivo do Greenpeace Reino Unido, pa\u00eds de origem do jornalista Dom Phillips, e que tem dado suporte \u00e0 equipe do Greenpeace Brasil no acompanhamento do caso.<\/p>\n\n<p>\u00c0s fam\u00edlias, amigos, ativistas, povos ind\u00edgenas e todas as pessoas que advogam pela vig\u00eancia dos direitos humanos, o nosso mais sincero pesar e solidariedade.&nbsp;<\/p>\n\n<p><strong>Greenpeace Brasil e Greenpeace Reino Unido<\/strong><\/p>\n","protected":false},"excerpt":{"rendered":"<p>\u00c9 com muito pesar que lamentamos o cruel assassinato do indigenista Bruno Ara\u00fajo Pereira e do jornalista ingl\u00eas Dom Phillips.<\/p>\n","protected":false},"author":28,"featured_media":40826,"comment_status":"closed","ping_status":"closed","sticky":false,"template":"","format":"standard","meta":{"ep_exclude_from_search":false,"p4_og_title":"","p4_og_description":"","p4_og_image":"","p4_og_image_id":"","p4_seo_canonical_url":"","p4_campaign_name":"not set","p4_local_project":"not set","p4_basket_name":"not set","p4_department":"","footnotes":""},"categories":[49],"tags":[55],"p4-page-type":[14],"class_list":["post-40820","post","type-post","status-publish","format-standard","has-post-thumbnail","hentry","category-amazonia","tag-imprensa","p4-page-type-imprensa"],"_links":{"self":[{"href":"https:\/\/www.greenpeace.org\/brasil\/wp-json\/wp\/v2\/posts\/40820","targetHints":{"allow":["GET"]}}],"collection":[{"href":"https:\/\/www.greenpeace.org\/brasil\/wp-json\/wp\/v2\/posts"}],"about":[{"href":"https:\/\/www.greenpeace.org\/brasil\/wp-json\/wp\/v2\/types\/post"}],"author":[{"embeddable":true,"href":"https:\/\/www.greenpeace.org\/brasil\/wp-json\/wp\/v2\/users\/28"}],"replies":[{"embeddable":true,"href":"https:\/\/www.greenpeace.org\/brasil\/wp-json\/wp\/v2\/comments?post=40820"}],"version-history":[{"count":6,"href":"https:\/\/www.greenpeace.org\/brasil\/wp-json\/wp\/v2\/posts\/40820\/revisions"}],"predecessor-version":[{"id":40896,"href":"https:\/\/www.greenpeace.org\/brasil\/wp-json\/wp\/v2\/posts\/40820\/revisions\/40896"}],"wp:featuredmedia":[{"embeddable":true,"href":"https:\/\/www.greenpeace.org\/brasil\/wp-json\/wp\/v2\/media\/40826"}],"wp:attachment":[{"href":"https:\/\/www.greenpeace.org\/brasil\/wp-json\/wp\/v2\/media?parent=40820"}],"wp:term":[{"taxonomy":"category","embeddable":true,"href":"https:\/\/www.greenpeace.org\/brasil\/wp-json\/wp\/v2\/categories?post=40820"},{"taxonomy":"post_tag","embeddable":true,"href":"https:\/\/www.greenpeace.org\/brasil\/wp-json\/wp\/v2\/tags?post=40820"},{"taxonomy":"p4-page-type","embeddable":true,"href":"https:\/\/www.greenpeace.org\/brasil\/wp-json\/wp\/v2\/p4-page-type?post=40820"}],"curies":[{"name":"wp","href":"https:\/\/api.w.org\/{rel}","templated":true}]}}