{"id":41030,"date":"2022-06-23T17:09:52","date_gmt":"2022-06-23T20:09:52","guid":{"rendered":"https:\/\/www.greenpeace.org\/brasil\/?p=41030"},"modified":"2025-07-02T04:25:39","modified_gmt":"2025-07-02T07:25:39","slug":"dois-anos-depois-cientistas-contam-como-e-voltar-a-floresta","status":"publish","type":"post","link":"https:\/\/www.greenpeace.org\/brasil\/blog\/dois-anos-depois-cientistas-contam-como-e-voltar-a-floresta\/","title":{"rendered":"Dois anos depois\u2026 cientistas contam como \u00e9 voltar \u00e0 floresta"},"content":{"rendered":"\n<p><em>Quinze pesquisadores participaram da expedi\u00e7\u00e3o \u201cA Amaz\u00f4nia Que Precisamos\u201d, no Sul do Amazonas, para desenvolver estudos de biodiversidade<\/em><\/p>\n\n<figure class=\"wp-block-image size-large\"><img loading=\"lazy\" decoding=\"async\" width=\"1024\" height=\"683\" src=\"https:\/\/www.greenpeace.org\/static\/planet4-brasil-stateless\/2022\/06\/b944947e-gp1sxnyi_high_res-1024x683.jpg\" alt=\"\" class=\"wp-image-41032\" srcset=\"https:\/\/www.greenpeace.org\/static\/planet4-brasil-stateless\/2022\/06\/b944947e-gp1sxnyi_high_res-1024x683.jpg 1024w, https:\/\/www.greenpeace.org\/static\/planet4-brasil-stateless\/2022\/06\/b944947e-gp1sxnyi_high_res-300x200.jpg 300w, https:\/\/www.greenpeace.org\/static\/planet4-brasil-stateless\/2022\/06\/b944947e-gp1sxnyi_high_res-768x512.jpg 768w, https:\/\/www.greenpeace.org\/static\/planet4-brasil-stateless\/2022\/06\/b944947e-gp1sxnyi_high_res-1536x1024.jpg 1536w, https:\/\/www.greenpeace.org\/static\/planet4-brasil-stateless\/2022\/06\/b944947e-gp1sxnyi_high_res-2048x1366.jpg 2048w, https:\/\/www.greenpeace.org\/static\/planet4-brasil-stateless\/2022\/06\/b944947e-gp1sxnyi_high_res-510x340.jpg 510w\" sizes=\"auto, (max-width: 1024px) 100vw, 1024px\" \/><figcaption>Ra\u00edssa Rainha: &#8220;A pandemia foi terr\u00edvel para os cientistas. Felizmente, agora podemos voltar a campo e coletar dados\u201d. Foto: Tuane Fernandes\/Greenpeace<\/figcaption><\/figure>\n\n<p><strong>Manicor\u00e9 (AM)<\/strong> &#8211; \u201c\u00c9 um al\u00edvio, mas isso n\u00e3o significa que a gente n\u00e3o fique tenso ou nervoso. Ainda temos medo\u201d. \u00c9 dessa maneira que a bi\u00f3loga Ra\u00edssa do Nascimento Rainha, de 29 anos, fala sobre <strong>voltar ao interior da Amaz\u00f4nia para realizar pesquisas ap\u00f3s dois anos da pandemia de covid-19 <\/strong>\u2013 que interrompeu trabalhos cient\u00edficos por todo o planeta.&nbsp;<\/p>\n\n<p>A doen\u00e7a deixou milhares de mortos pela regi\u00e3o amaz\u00f4nica; e o cont\u00ednuo desinvestimento do Brasil em Ci\u00eancia fez com que a maior floresta tropical do planeta ficasse sem cientistas trabalhando em campo. Por outro lado, <strong><a rel=\"noreferrer noopener\" href=\"https:\/\/www.greenpeace.org\/brasil\/blog\/maio-tem-maior-numero-de-queimadas-na-amazonia-para-o-mes-em-16-anos\/\" data-type=\"URL\" data-id=\"https:\/\/www.greenpeace.org\/brasil\/blog\/maio-tem-maior-numero-de-queimadas-na-amazonia-para-o-mes-em-16-anos\/\" target=\"_blank\">as queimadas, o desmatamento e a grilagem s\u00f3 aumentaram<\/a>.<\/strong><\/p>\n\n<p>Ra\u00edssa \u00e9 uma das participantes da expedi\u00e7\u00e3o <strong><em>A Amaz\u00f4nia Que Precisamos<\/em><\/strong> \u2013 <a rel=\"noreferrer noopener\" href=\"https:\/\/www.greenpeace.org\/brasil\/blog\/comecou-a-expedicao-amazonia-que-precisamos\/\" data-type=\"URL\" data-id=\"https:\/\/www.greenpeace.org\/brasil\/blog\/comecou-a-expedicao-amazonia-que-precisamos\/\" target=\"_blank\">A primeira expedi\u00e7\u00e3o cient\u00edfica promovida pelo Greenpeace ap\u00f3s o arrefecimento da pandemia<\/a>. <strong>Neste momento, mais de 30 pesquisadores, incluindo professores e alunos de p\u00f3s-gradua\u00e7\u00e3o, desenvolvem estudos no rio Manicor\u00e9 e em partes do rio Madeira<\/strong>, no Amazonas, para entender o que existe de biodiversidade nesta regi\u00e3o.\u00a0<\/p>\n\n<p><strong>Rio Manicor\u00e9<\/strong><\/p>\n\n<p>Os cientistas est\u00e3o estudando as plantas, os mam\u00edferos, os r\u00e9pteis, os anf\u00edbios, as aves e os peixes da \u00e1rea. Um diagn\u00f3stico socioecon\u00f4mico tamb\u00e9m est\u00e1 em curso, para conhecer melhor e ter dados mais precisos sobre as comunidades que vivem por aqui. <strong>Esses dados v\u00e3o fortalecer a proposta de cria\u00e7\u00e3o da Reserva de Desenvolvimento Sustent\u00e1vel (RDS) do Rio Manicor\u00e9.<\/strong><\/p>\n\n<p>2019 foi a \u00faltima vez de Ra\u00edssa em campo, quando ela esteve na Serra do Divisor, no Acre. Cientista vinculada ao <a href=\"https:\/\/www.instagram.com\/inpa_mcti\/\">Instituto Nacional de Pesquisas da Amaz\u00f4nia (Inpa)<\/a> e com Doutorado em Ecologia\/Evolu\u00e7\u00e3o, ela tem como objeto de estudo sapos e lagartos.&nbsp;<\/p>\n\n<p>\u201c<strong>A pandemia foi terr\u00edvel para os cientistas. Muitos colegas tiveram que defender teses e disserta\u00e7\u00f5es sem ir a campo<\/strong>, muitos mudaram seus objetos de estudo e v\u00e1rios terminaram seus mestrados e doutorados e ficaram parados. Felizmente, agora podemos voltar a campo e coletar dados\u201d, disse.&nbsp;<\/p>\n\n<p><strong>Testes necess\u00e1rios<\/strong><\/p>\n\n<p>Ra\u00edssa lembrou, por\u00e9m, que este retorno \u00e0s atividades n\u00e3o ocorre sem preocupa\u00e7\u00f5es. \u201cAinda precisamos nos testar para covid-19 e fico um pouco ansiosa com a possibilidade de levarmos alguma coisa para as comunidades ribeirinhas\u201d, contou.<\/p>\n\n<p>Professor da Universidade Federal de Roraima (UFRR), o bi\u00f3logo Mateus Ferreira, 34, compartilha do sentimento de Ra\u00edssa: \u201c<strong>\u00c9 uma felicidade poder voltar ao campo. O convite para a expedi\u00e7\u00e3o veio num momento interessante<\/strong>, em que a situa\u00e7\u00e3o parece mais controlada e conseguimos ter um pouco mais de liberdade para as a\u00e7\u00f5es\u201d.&nbsp;&nbsp;<\/p>\n\n<p>Mateus contou que, como professor, sentiu bastante os efeitos da pandemia, tendo que assumir muitas turmas virtuais e muitas disciplinas em pouqu\u00edssimo tempo. <strong>\u201cSem fazer campo, n\u00f3s n\u00e3o consegu\u00edamos acesso a dados novos<\/strong>. Tivemos que lidar com leituras, an\u00e1lises e ainda consegui publicar um artigo com dados antigos que eu tinha. Mas os pr\u00f3prios l<strong>aborat\u00f3rios estavam fechados, era muito dif\u00edcil ir a esses espa\u00e7os para continuar nossas pesquisas e trabalhos<\/strong>\u201d.&nbsp;<\/p>\n\n<p>Vale lembrar que vivemos um <a rel=\"noreferrer noopener\" href=\"https:\/\/www1.folha.uol.com.br\/ciencia\/2022\/05\/entidades-alertam-para-possivel-corte-bilionario-em-ciencia-no-brasil.shtml\" data-type=\"URL\" data-id=\"https:\/\/www1.folha.uol.com.br\/ciencia\/2022\/05\/entidades-alertam-para-possivel-corte-bilionario-em-ciencia-no-brasil.shtml\" target=\"_blank\">per\u00edodo muito dif\u00edcil para quem trabalha com Ci\u00eancia no Brasil<\/a>. \u201c<strong>A falta de investimento na pesquisa \u00e9 real. Os or\u00e7amentos das universidades est\u00e3o sendo cortados e as bolsas de fomento est\u00e3o paralisadas<\/strong>. Existe um projeto de sucateamento da Ci\u00eancia no Brasil\u201d, reclamou o professor. Na expedi\u00e7\u00e3o <strong><em>A Amaz\u00f4nia Que Precisamos<\/em><\/strong>, Mateus faz parte da equipe de avifauna, que est\u00e1 estudando os p\u00e1ssaros do rio Manicor\u00e9.&nbsp;<\/p>\n\n<figure class=\"wp-block-image size-large\"><img loading=\"lazy\" decoding=\"async\" width=\"1024\" height=\"683\" src=\"https:\/\/www.greenpeace.org\/static\/planet4-brasil-stateless\/2022\/06\/ca1b3702-gp1sxnw5_high_res-1024x683.jpg\" alt=\"\" class=\"wp-image-41033\" srcset=\"https:\/\/www.greenpeace.org\/static\/planet4-brasil-stateless\/2022\/06\/ca1b3702-gp1sxnw5_high_res-1024x683.jpg 1024w, https:\/\/www.greenpeace.org\/static\/planet4-brasil-stateless\/2022\/06\/ca1b3702-gp1sxnw5_high_res-300x200.jpg 300w, https:\/\/www.greenpeace.org\/static\/planet4-brasil-stateless\/2022\/06\/ca1b3702-gp1sxnw5_high_res-768x512.jpg 768w, https:\/\/www.greenpeace.org\/static\/planet4-brasil-stateless\/2022\/06\/ca1b3702-gp1sxnw5_high_res-1536x1024.jpg 1536w, https:\/\/www.greenpeace.org\/static\/planet4-brasil-stateless\/2022\/06\/ca1b3702-gp1sxnw5_high_res-2048x1366.jpg 2048w, https:\/\/www.greenpeace.org\/static\/planet4-brasil-stateless\/2022\/06\/ca1b3702-gp1sxnw5_high_res-510x340.jpg 510w\" sizes=\"auto, (max-width: 1024px) 100vw, 1024px\" \/><figcaption>Mateus Ferreira: &#8220;\u00c9 uma felicidade poder voltar ao campo. O convite para a expedi\u00e7\u00e3o veio num momento interessante, em que a situa\u00e7\u00e3o da covid-19 parece mais controlada&#8221;.&nbsp;Foto: Tuane Fernandes\/Greenpeace<\/figcaption><\/figure>\n\n<p><strong>Voltar \u00e0 natureza<\/strong><\/p>\n\n<p>Outra pesquisadora que sentiu o baque foi a icti\u00f3loga L\u00facia Rapp Py-Daniel. Uma das mais famosas conhecedoras de peixes da Amaz\u00f4nia, <strong>L\u00facia disse que passou o ano de 2020 envolvida basicamente com quest\u00f5es administrativas<\/strong>.<\/p>\n\n<p>\u201cSem poder fazer pesquisa de campo, me concentrei na Coordena\u00e7\u00e3o de Biodiversidade do Inpa, da qual sou titular e onde respondo pelo trabalho de 120 pessoas. Passei um ano inteiro ocupada com coisas como pagamentos, folhas de pontos e f\u00e9rias. <strong>Um aspecto horroroso dessa hist\u00f3ria \u00e9 que Manaus, onde fica a sede do Inpa, sofreu com duas ondas severas de covid-19. Tivemos muitos colegas e servidores do Instituto que morreram<\/strong>. Foi um per\u00edodo muito duro\u201d, explicou.<\/p>\n\n<p>Desde 1978, L\u00facia vai a campo todos os anos. Os \u00fanicos per\u00edodos em que n\u00e3o navegou os rios da Amaz\u00f4nia em busca de novas esp\u00e9cies de peixe foi entre 1985 e 1990, quando suas filhas eram crian\u00e7as; e 2019 a 2021, por conta do coronav\u00edrus.&nbsp;&nbsp;<\/p>\n\n<p>\u201c<strong>Voltar \u00e0 natureza, ver as comunidades, pegar o barquinho e ir embora no rio: eu estava com saudade de tudo isso<\/strong>. N\u00f3s, cientistas, adoramos essas extravag\u00e2ncias (risos). Estar nessa expedi\u00e7\u00e3o tem sido muito gostoso e \u00e9 um grande al\u00edvio\u201d, disse L\u00facia.&nbsp;<\/p>\n\n<p>Porta-voz da Campanha de Florestas do Greenpeace, R\u00f4mulo Batista contou que \u201cn\u00e3o h\u00e1 melhor lugar para o Greenpeace estar\u201d do que no interior da Amaz\u00f4nia. \u201c<strong>No anivers\u00e1rio de 30 anos da institui\u00e7\u00e3o, penso que estamos no melhor lugar poss\u00edvel neste momento: junto \u00e0 floresta, junto \u00e0s comunidades tradicionais<\/strong> e junto a todos aqueles que creem e lutam por um futuro melhor e mais justo\u201d, declarou.<\/p>\n\n<div class=\"wp-block-buttons is-content-justification-center is-layout-flex wp-container-core-buttons-is-layout-16018d1d wp-block-buttons-is-layout-flex\">\n<div class=\"wp-block-button\"><a class=\"wp-block-button__link\" href=\"https:\/\/www.greenpeace.org\/brasil\/apoie\/navegue-com-a-gente-pela-amazonia\/\" target=\"_blank\" rel=\"noreferrer noopener\">Acompanhe e saiba tudo sobre a expedi\u00e7\u00e3o &#8220;Amaz\u00f4nia Que Precisamos!&#8221;<\/a><\/div>\n<\/div>\n\n<figure class=\"wp-block-image size-large\"><img loading=\"lazy\" decoding=\"async\" width=\"1024\" height=\"683\" src=\"https:\/\/www.greenpeace.org\/static\/planet4-brasil-stateless\/2022\/06\/e26ce4fb-gp1sxny2_high_res-1024x683.jpg\" alt=\"\" class=\"wp-image-41031\" srcset=\"https:\/\/www.greenpeace.org\/static\/planet4-brasil-stateless\/2022\/06\/e26ce4fb-gp1sxny2_high_res-1024x683.jpg 1024w, https:\/\/www.greenpeace.org\/static\/planet4-brasil-stateless\/2022\/06\/e26ce4fb-gp1sxny2_high_res-300x200.jpg 300w, https:\/\/www.greenpeace.org\/static\/planet4-brasil-stateless\/2022\/06\/e26ce4fb-gp1sxny2_high_res-768x512.jpg 768w, https:\/\/www.greenpeace.org\/static\/planet4-brasil-stateless\/2022\/06\/e26ce4fb-gp1sxny2_high_res-1536x1024.jpg 1536w, https:\/\/www.greenpeace.org\/static\/planet4-brasil-stateless\/2022\/06\/e26ce4fb-gp1sxny2_high_res-2048x1366.jpg 2048w, https:\/\/www.greenpeace.org\/static\/planet4-brasil-stateless\/2022\/06\/e26ce4fb-gp1sxny2_high_res-510x340.jpg 510w\" sizes=\"auto, (max-width: 1024px) 100vw, 1024px\" \/><figcaption>L\u00facia Rapp Py-Daniel: &#8220;Voltar \u00e0 natureza, ver as comunidades, pegar o barquinho e ir embora no rio: eu estava com saudade de tudo isso&#8221;. Foto: Tuane Fernandes\/Greenpeace<\/figcaption><\/figure>\n","protected":false},"excerpt":{"rendered":"<p>Quinze pesquisadores participaram da expedi\u00e7\u00e3o \u201cA Amaz\u00f4nia Que Precisamos\u201d, no Sul do Amazonas, para desenvolver estudos de biodiversidade<\/p>\n","protected":false},"author":90,"featured_media":41032,"comment_status":"open","ping_status":"closed","sticky":false,"template":"","format":"standard","meta":{"ep_exclude_from_search":false,"p4_og_title":"","p4_og_description":"","p4_og_image":"","p4_og_image_id":"","p4_seo_canonical_url":"","p4_campaign_name":"not set","p4_local_project":"not set","p4_basket_name":"not set","p4_department":"","footnotes":""},"categories":[49],"tags":[54],"p4-page-type":[16],"class_list":["post-41030","post","type-post","status-publish","format-standard","has-post-thumbnail","hentry","category-amazonia","tag-expedicao","p4-page-type-blog"],"_links":{"self":[{"href":"https:\/\/www.greenpeace.org\/brasil\/wp-json\/wp\/v2\/posts\/41030","targetHints":{"allow":["GET"]}}],"collection":[{"href":"https:\/\/www.greenpeace.org\/brasil\/wp-json\/wp\/v2\/posts"}],"about":[{"href":"https:\/\/www.greenpeace.org\/brasil\/wp-json\/wp\/v2\/types\/post"}],"author":[{"embeddable":true,"href":"https:\/\/www.greenpeace.org\/brasil\/wp-json\/wp\/v2\/users\/90"}],"replies":[{"embeddable":true,"href":"https:\/\/www.greenpeace.org\/brasil\/wp-json\/wp\/v2\/comments?post=41030"}],"version-history":[{"count":13,"href":"https:\/\/www.greenpeace.org\/brasil\/wp-json\/wp\/v2\/posts\/41030\/revisions"}],"predecessor-version":[{"id":58589,"href":"https:\/\/www.greenpeace.org\/brasil\/wp-json\/wp\/v2\/posts\/41030\/revisions\/58589"}],"wp:featuredmedia":[{"embeddable":true,"href":"https:\/\/www.greenpeace.org\/brasil\/wp-json\/wp\/v2\/media\/41032"}],"wp:attachment":[{"href":"https:\/\/www.greenpeace.org\/brasil\/wp-json\/wp\/v2\/media?parent=41030"}],"wp:term":[{"taxonomy":"category","embeddable":true,"href":"https:\/\/www.greenpeace.org\/brasil\/wp-json\/wp\/v2\/categories?post=41030"},{"taxonomy":"post_tag","embeddable":true,"href":"https:\/\/www.greenpeace.org\/brasil\/wp-json\/wp\/v2\/tags?post=41030"},{"taxonomy":"p4-page-type","embeddable":true,"href":"https:\/\/www.greenpeace.org\/brasil\/wp-json\/wp\/v2\/p4-page-type?post=41030"}],"curies":[{"name":"wp","href":"https:\/\/api.w.org\/{rel}","templated":true}]}}