{"id":41073,"date":"2022-06-23T15:10:44","date_gmt":"2022-06-23T18:10:44","guid":{"rendered":"https:\/\/www.greenpeace.org\/brasil\/?p=41073"},"modified":"2022-06-23T15:10:49","modified_gmt":"2022-06-23T18:10:49","slug":"voluntaries-participaram-da-parada-lgbtqiap-2022-vote-com-orgulho-por-uma-politica-que-representa","status":"publish","type":"post","link":"https:\/\/www.greenpeace.org\/brasil\/blog\/voluntaries-participaram-da-parada-lgbtqiap-2022-vote-com-orgulho-por-uma-politica-que-representa\/","title":{"rendered":"Volunt\u00e1ries participaram da Parada LGBTQIAP+ 2022: &#8220;Vote com Orgulho \u2013 por uma pol\u00edtica que representa&#8221;"},"content":{"rendered":"\n<h4 class=\"wp-block-heading\">Volunt\u00e1ries de S\u00e3o Paulo participaram da 26\u00b0 Parada do orgulho LGBTQIAP+, marcando presen\u00e7a para ressaltar a import\u00e2ncia de escolher uma pol\u00edtica que valorize a diversidade e o meio ambiente.<\/h4>\n\n<p>Bom dia, galera! Eu espero que estejam bem. Piscamos e j\u00e1 estamos quase na \u00faltima semana de junho \ud83d\ude31.<\/p>\n\n<p>Voc\u00ea lembra que este \u00e9 o <strong>m\u00eas do orgulho LGBTQIAP+<\/strong>, n\u00e9? Desde o in\u00edcio dos anos 1970, o Greenpeace alinhou o ativismo ambiental (Green) com uma forte cren\u00e7a na igualdade, inclus\u00e3o, diversidade e democracia (Peace).&nbsp;<\/p>\n\n<p>Por isso, participamos da <strong>Parada<\/strong> <strong>do<\/strong> <strong>Orgulho<\/strong> <strong>LGBTQIAP+<\/strong> <strong>de<\/strong> <strong>S\u00e3o<\/strong> <strong>Paulo<\/strong><strong> 2022 <\/strong><strong><\/strong><strong><\/strong><strong><\/strong><\/p>\n\n<figure class=\"wp-block-image aligncenter\"><img decoding=\"async\" src=\"https:\/\/lh5.googleusercontent.com\/SddGQ6j9zAe4vSDgl7d00mgNYMV6gOGDF5YXuoIFl9KPuj-9wsO2WRwAaBMqJPAKFrGZKXe4arlaAtQ1sAaOzgrjyBpvb89DGi_3aqwYvg_gAQ7sSEh7INzgmOGqERiJ4PKcrvpIJrJR5SLFRA\" alt=\"\"\/><\/figure>\n\n<p class=\"has-text-align-center\">Olha s\u00f3, quanta gente bonita lutando por um mundo mais verde, pac\u00edfico e diverso \u2764\ufe0f\ud83e\udde1\ud83d\udc9b\ud83d\udc9a\ud83d\udc99\ud83d\udc9c<br><img loading=\"lazy\" decoding=\"async\" width=\"360\" height=\"228\" class=\"wp-image-41074\" style=\"width: 360px;\" src=\"https:\/\/www.greenpeace.org\/static\/planet4-brasil-stateless\/2022\/06\/ff293b00-img_07851.jpg\" alt=\"\" srcset=\"https:\/\/www.greenpeace.org\/static\/planet4-brasil-stateless\/2022\/06\/ff293b00-img_07851.jpg 2495w, https:\/\/www.greenpeace.org\/static\/planet4-brasil-stateless\/2022\/06\/ff293b00-img_07851-300x190.jpg 300w, https:\/\/www.greenpeace.org\/static\/planet4-brasil-stateless\/2022\/06\/ff293b00-img_07851-1024x649.jpg 1024w, https:\/\/www.greenpeace.org\/static\/planet4-brasil-stateless\/2022\/06\/ff293b00-img_07851-768x487.jpg 768w, https:\/\/www.greenpeace.org\/static\/planet4-brasil-stateless\/2022\/06\/ff293b00-img_07851-1536x974.jpg 1536w, https:\/\/www.greenpeace.org\/static\/planet4-brasil-stateless\/2022\/06\/ff293b00-img_07851-2048x1299.jpg 2048w, https:\/\/www.greenpeace.org\/static\/planet4-brasil-stateless\/2022\/06\/ff293b00-img_07851-510x323.jpg 510w\" sizes=\"auto, (max-width: 360px) 100vw, 360px\" \/><img loading=\"lazy\" decoding=\"async\" width=\"340\" height=\"227\" class=\"wp-image-41075\" style=\"width: 340px;\" src=\"https:\/\/www.greenpeace.org\/static\/planet4-brasil-stateless\/2022\/06\/447c5171-img_118512-scaled.jpg\" alt=\"\" srcset=\"https:\/\/www.greenpeace.org\/static\/planet4-brasil-stateless\/2022\/06\/447c5171-img_118512-scaled.jpg 2560w, https:\/\/www.greenpeace.org\/static\/planet4-brasil-stateless\/2022\/06\/447c5171-img_118512-300x200.jpg 300w, https:\/\/www.greenpeace.org\/static\/planet4-brasil-stateless\/2022\/06\/447c5171-img_118512-1024x683.jpg 1024w, https:\/\/www.greenpeace.org\/static\/planet4-brasil-stateless\/2022\/06\/447c5171-img_118512-768x512.jpg 768w, https:\/\/www.greenpeace.org\/static\/planet4-brasil-stateless\/2022\/06\/447c5171-img_118512-1536x1024.jpg 1536w, https:\/\/www.greenpeace.org\/static\/planet4-brasil-stateless\/2022\/06\/447c5171-img_118512-2048x1366.jpg 2048w, https:\/\/www.greenpeace.org\/static\/planet4-brasil-stateless\/2022\/06\/447c5171-img_118512-510x340.jpg 510w\" sizes=\"auto, (max-width: 340px) 100vw, 340px\" \/><br>Fotos: @Andrine Souza \/ Greenpeace<\/p>\n\n<figure class=\"wp-block-image aligncenter size-full\"><img loading=\"lazy\" decoding=\"async\" width=\"628\" height=\"205\" src=\"https:\/\/www.greenpeace.org\/static\/planet4-brasil-stateless\/2022\/06\/29cda7f2-chega-de-violencia.png\" alt=\"\" class=\"wp-image-41076\" srcset=\"https:\/\/www.greenpeace.org\/static\/planet4-brasil-stateless\/2022\/06\/29cda7f2-chega-de-violencia.png 628w, https:\/\/www.greenpeace.org\/static\/planet4-brasil-stateless\/2022\/06\/29cda7f2-chega-de-violencia-300x98.png 300w, https:\/\/www.greenpeace.org\/static\/planet4-brasil-stateless\/2022\/06\/29cda7f2-chega-de-violencia-510x166.png 510w\" sizes=\"auto, (max-width: 628px) 100vw, 628px\" \/><\/figure>\n\n<p><strong><\/strong>Infelizmente, as not\u00edcias dos \u00faltimos dias n\u00e3o s\u00e3o t\u00e3o positivas. Foi confirmado o assassinato do indigenista Bruno Pereira e do jornalista Dom Phillips, pessoas que estavam dedicando seu tempo, seu conhecimento e suas vidas por amor a uma causa e, principalmente, por outras pessoas que s\u00e3o silenciadas pela viol\u00eancia e pela criminalidade. Mas, dessa vez, essa crueldade n\u00e3o ficou oculta. <strong>Volunt\u00e1rios e volunt\u00e1rias, do Greenpeace de todo Brasil, se mobilizaram cobrando a responsabiliza\u00e7\u00e3o pelo crime, e que a justi\u00e7a seja feita para os ativistas, fam\u00edlia, povos ind\u00edgenas e todos que lutam por um mundo melhor.<\/strong><\/p>\n\n<p><a href=\"https:\/\/www.instagram.com\/p\/Ce4FyxNlkl1\/\"><strong>O Brasil \u00e9 o 4\u00b0 pa\u00eds que mais mata ativistas socioambientais no mundo!<\/strong><\/a><strong> <\/strong>Confira esse v\u00eddeo do grupo de voluntas de Belo Horizonte.<\/p>\n\n<figure class=\"wp-block-image\"><img decoding=\"async\" src=\"https:\/\/lh4.googleusercontent.com\/QVSl-QywnIy3fktcSV0mmncuVxh-HyrPKe-UQveXmlZqr9TuSvCt34v3gahGD-fN7Mx7RizURXk-tMxqtmYWepIp6d9Xro9qb4wMN-OYe0ObAMvkai0mSViVC36MULTMxUtds-_OmM5KyZe3LA\" alt=\"\"\/><\/figure>\n\n<p class=\"has-text-align-left\"><strong>Bel\u00e9m, Belo Horizonte, Rio de Janeiro, Salvador e Zona da Mata <\/strong>produziram um v\u00eddeo para chamar aten\u00e7\u00e3o sobre o desaparecimento de Dom e Bruno, em v\u00e1rios idiomas. <a href=\"https:\/\/www.instagram.com\/p\/Ce1k6EUlRWQ\/\"><strong>Veja o v\u00eddeo!<\/strong><\/a><br><img loading=\"lazy\" decoding=\"async\" width=\"300\" height=\"167\" class=\"wp-image-41078\" style=\"width: 300px;\" src=\"https:\/\/www.greenpeace.org\/static\/planet4-brasil-stateless\/2022\/06\/0ba282da-onde-estao.png\" alt=\"\" srcset=\"https:\/\/www.greenpeace.org\/static\/planet4-brasil-stateless\/2022\/06\/0ba282da-onde-estao.png 336w, https:\/\/www.greenpeace.org\/static\/planet4-brasil-stateless\/2022\/06\/0ba282da-onde-estao-300x167.png 300w\" sizes=\"auto, (max-width: 300px) 100vw, 300px\" \/><img loading=\"lazy\" decoding=\"async\" width=\"345\" height=\"173\" class=\"wp-image-41077\" style=\"width: 345px;\" src=\"https:\/\/www.greenpeace.org\/static\/planet4-brasil-stateless\/2022\/06\/38803695-collage.png\" alt=\"\" srcset=\"https:\/\/www.greenpeace.org\/static\/planet4-brasil-stateless\/2022\/06\/38803695-collage.png 800w, https:\/\/www.greenpeace.org\/static\/planet4-brasil-stateless\/2022\/06\/38803695-collage-300x150.png 300w, https:\/\/www.greenpeace.org\/static\/planet4-brasil-stateless\/2022\/06\/38803695-collage-768x384.png 768w, https:\/\/www.greenpeace.org\/static\/planet4-brasil-stateless\/2022\/06\/38803695-collage-510x255.png 510w\" sizes=\"auto, (max-width: 345px) 100vw, 345px\" \/><\/p>\n\n<p>Ap\u00f3s a confirma\u00e7\u00e3o da morte dos ativistas, os grupos locais participaram de manifesta\u00e7\u00f5es, on-line e presenciais cobrando por justi\u00e7a, veja:<\/p>\n\n<p><a href=\"https:\/\/www.instagram.com\/p\/Ce2RzELjc-V\/\"><strong>Manaus<\/strong><\/a><br><img loading=\"lazy\" decoding=\"async\" width=\"400\" height=\"400\" class=\"wp-image-41090\" style=\"width: 400px;\" src=\"https:\/\/www.greenpeace.org\/static\/planet4-brasil-stateless\/2022\/06\/8f77c97f-gpbr.manaus_287806801_744933663373801_2267886751636493612_n.jpg\" alt=\"\" srcset=\"https:\/\/www.greenpeace.org\/static\/planet4-brasil-stateless\/2022\/06\/8f77c97f-gpbr.manaus_287806801_744933663373801_2267886751636493612_n.jpg 696w, https:\/\/www.greenpeace.org\/static\/planet4-brasil-stateless\/2022\/06\/8f77c97f-gpbr.manaus_287806801_744933663373801_2267886751636493612_n-300x300.jpg 300w, https:\/\/www.greenpeace.org\/static\/planet4-brasil-stateless\/2022\/06\/8f77c97f-gpbr.manaus_287806801_744933663373801_2267886751636493612_n-150x150.jpg 150w, https:\/\/www.greenpeace.org\/static\/planet4-brasil-stateless\/2022\/06\/8f77c97f-gpbr.manaus_287806801_744933663373801_2267886751636493612_n-340x340.jpg 340w\" sizes=\"auto, (max-width: 400px) 100vw, 400px\" \/><\/p>\n\n<p class=\"has-text-align-left\">Grupo de voluntas de <a href=\"https:\/\/www.instagram.com\/p\/Ce31CIJLEXg\/\"><strong>Manaus<\/strong><\/a> participou de um ato p\u00fablico no Reservat\u00f3rio do Moc\u00f3, em frente a sede da FUNAI, denunciando invas\u00f5es ao Vale do Javari\/AM, e o assassinato de Bruno e Dom.\u00a0<br><img loading=\"lazy\" decoding=\"async\" width=\"300\" height=\"300\" class=\"wp-image-41092\" style=\"width: 300px;\" src=\"https:\/\/www.greenpeace.org\/static\/planet4-brasil-stateless\/2022\/06\/7e66ade6-gpbr.manaus_288241468_352298226988648_8180264590641877805_n.jpg\" alt=\"\" srcset=\"https:\/\/www.greenpeace.org\/static\/planet4-brasil-stateless\/2022\/06\/7e66ade6-gpbr.manaus_288241468_352298226988648_8180264590641877805_n.jpg 1440w, https:\/\/www.greenpeace.org\/static\/planet4-brasil-stateless\/2022\/06\/7e66ade6-gpbr.manaus_288241468_352298226988648_8180264590641877805_n-300x300.jpg 300w, https:\/\/www.greenpeace.org\/static\/planet4-brasil-stateless\/2022\/06\/7e66ade6-gpbr.manaus_288241468_352298226988648_8180264590641877805_n-1024x1024.jpg 1024w, https:\/\/www.greenpeace.org\/static\/planet4-brasil-stateless\/2022\/06\/7e66ade6-gpbr.manaus_288241468_352298226988648_8180264590641877805_n-150x150.jpg 150w, https:\/\/www.greenpeace.org\/static\/planet4-brasil-stateless\/2022\/06\/7e66ade6-gpbr.manaus_288241468_352298226988648_8180264590641877805_n-768x768.jpg 768w, https:\/\/www.greenpeace.org\/static\/planet4-brasil-stateless\/2022\/06\/7e66ade6-gpbr.manaus_288241468_352298226988648_8180264590641877805_n-1366x1366.jpg 1366w, https:\/\/www.greenpeace.org\/static\/planet4-brasil-stateless\/2022\/06\/7e66ade6-gpbr.manaus_288241468_352298226988648_8180264590641877805_n-340x340.jpg 340w\" sizes=\"auto, (max-width: 300px) 100vw, 300px\" \/><img loading=\"lazy\" decoding=\"async\" width=\"300\" height=\"300\" class=\"wp-image-41091\" style=\"width: 300px;\" src=\"https:\/\/www.greenpeace.org\/static\/planet4-brasil-stateless\/2022\/06\/25dae89b-gpbr.manaus_287920927_582199536596725_4413630609075687616_n.jpg\" alt=\"\" srcset=\"https:\/\/www.greenpeace.org\/static\/planet4-brasil-stateless\/2022\/06\/25dae89b-gpbr.manaus_287920927_582199536596725_4413630609075687616_n.jpg 1023w, https:\/\/www.greenpeace.org\/static\/planet4-brasil-stateless\/2022\/06\/25dae89b-gpbr.manaus_287920927_582199536596725_4413630609075687616_n-300x300.jpg 300w, https:\/\/www.greenpeace.org\/static\/planet4-brasil-stateless\/2022\/06\/25dae89b-gpbr.manaus_287920927_582199536596725_4413630609075687616_n-150x150.jpg 150w, https:\/\/www.greenpeace.org\/static\/planet4-brasil-stateless\/2022\/06\/25dae89b-gpbr.manaus_287920927_582199536596725_4413630609075687616_n-768x768.jpg 768w, https:\/\/www.greenpeace.org\/static\/planet4-brasil-stateless\/2022\/06\/25dae89b-gpbr.manaus_287920927_582199536596725_4413630609075687616_n-340x340.jpg 340w\" sizes=\"auto, (max-width: 300px) 100vw, 300px\" \/><\/p>\n\n<p><a href=\"https:\/\/www.instagram.com\/p\/Ce_4FlSJru1\/\"><strong>Jo\u00e3o Pessoa<\/strong><\/a><br><img loading=\"lazy\" decoding=\"async\" width=\"300\" height=\"300\" class=\"wp-image-41089\" style=\"width: 300px;\" src=\"https:\/\/www.greenpeace.org\/static\/planet4-brasil-stateless\/2022\/06\/0d6c6734-gpbr.jampa_288898283_595632731811092_928636670256474256_n.jpg\" alt=\"\" srcset=\"https:\/\/www.greenpeace.org\/static\/planet4-brasil-stateless\/2022\/06\/0d6c6734-gpbr.jampa_288898283_595632731811092_928636670256474256_n.jpg 1080w, https:\/\/www.greenpeace.org\/static\/planet4-brasil-stateless\/2022\/06\/0d6c6734-gpbr.jampa_288898283_595632731811092_928636670256474256_n-300x300.jpg 300w, https:\/\/www.greenpeace.org\/static\/planet4-brasil-stateless\/2022\/06\/0d6c6734-gpbr.jampa_288898283_595632731811092_928636670256474256_n-1024x1024.jpg 1024w, https:\/\/www.greenpeace.org\/static\/planet4-brasil-stateless\/2022\/06\/0d6c6734-gpbr.jampa_288898283_595632731811092_928636670256474256_n-150x150.jpg 150w, https:\/\/www.greenpeace.org\/static\/planet4-brasil-stateless\/2022\/06\/0d6c6734-gpbr.jampa_288898283_595632731811092_928636670256474256_n-768x768.jpg 768w, https:\/\/www.greenpeace.org\/static\/planet4-brasil-stateless\/2022\/06\/0d6c6734-gpbr.jampa_288898283_595632731811092_928636670256474256_n-340x340.jpg 340w\" sizes=\"auto, (max-width: 300px) 100vw, 300px\" \/><\/p>\n\n<p><a href=\"https:\/\/conexaoverde.greenpeace.org.br\/post\/206308\"><strong>S\u00e3o Paulo<\/strong><\/a><br><img loading=\"lazy\" decoding=\"async\" width=\"300\" height=\"392\" class=\"wp-image-41100\" style=\"width: 300px;\" src=\"https:\/\/www.greenpeace.org\/static\/planet4-brasil-stateless\/2022\/06\/e7c6f792-img-20220616-wa0015.jpg\" alt=\"\" srcset=\"https:\/\/www.greenpeace.org\/static\/planet4-brasil-stateless\/2022\/06\/e7c6f792-img-20220616-wa0015.jpg 714w, https:\/\/www.greenpeace.org\/static\/planet4-brasil-stateless\/2022\/06\/e7c6f792-img-20220616-wa0015-230x300.jpg 230w, https:\/\/www.greenpeace.org\/static\/planet4-brasil-stateless\/2022\/06\/e7c6f792-img-20220616-wa0015-260x340.jpg 260w\" sizes=\"auto, (max-width: 300px) 100vw, 300px\" \/><\/p>\n\n<p><a href=\"https:\/\/www.instagram.com\/p\/CfAXYv6uEf9\/\"><strong>Porto Alegre<\/strong><\/a><br><img loading=\"lazy\" decoding=\"async\" width=\"300\" height=\"300\" class=\"wp-image-41095\" style=\"width: 300px;\" src=\"https:\/\/www.greenpeace.org\/static\/planet4-brasil-stateless\/2022\/06\/01230e69-gpbr.portoalegre_288701835_599623348027269_7769579039599931241_n.jpg\" alt=\"\" srcset=\"https:\/\/www.greenpeace.org\/static\/planet4-brasil-stateless\/2022\/06\/01230e69-gpbr.portoalegre_288701835_599623348027269_7769579039599931241_n.jpg 1440w, https:\/\/www.greenpeace.org\/static\/planet4-brasil-stateless\/2022\/06\/01230e69-gpbr.portoalegre_288701835_599623348027269_7769579039599931241_n-300x300.jpg 300w, https:\/\/www.greenpeace.org\/static\/planet4-brasil-stateless\/2022\/06\/01230e69-gpbr.portoalegre_288701835_599623348027269_7769579039599931241_n-1024x1024.jpg 1024w, https:\/\/www.greenpeace.org\/static\/planet4-brasil-stateless\/2022\/06\/01230e69-gpbr.portoalegre_288701835_599623348027269_7769579039599931241_n-150x150.jpg 150w, https:\/\/www.greenpeace.org\/static\/planet4-brasil-stateless\/2022\/06\/01230e69-gpbr.portoalegre_288701835_599623348027269_7769579039599931241_n-768x768.jpg 768w, https:\/\/www.greenpeace.org\/static\/planet4-brasil-stateless\/2022\/06\/01230e69-gpbr.portoalegre_288701835_599623348027269_7769579039599931241_n-1366x1366.jpg 1366w, https:\/\/www.greenpeace.org\/static\/planet4-brasil-stateless\/2022\/06\/01230e69-gpbr.portoalegre_288701835_599623348027269_7769579039599931241_n-340x340.jpg 340w\" sizes=\"auto, (max-width: 300px) 100vw, 300px\" \/><img loading=\"lazy\" decoding=\"async\" width=\"300\" height=\"300\" class=\"wp-image-41096\" style=\"width: 300px;\" src=\"https:\/\/www.greenpeace.org\/static\/planet4-brasil-stateless\/2022\/06\/9f7264de-gpbr.portoalegre_288723411_587874309383355_4100215959641305762_n.jpg\" alt=\"\" srcset=\"https:\/\/www.greenpeace.org\/static\/planet4-brasil-stateless\/2022\/06\/9f7264de-gpbr.portoalegre_288723411_587874309383355_4100215959641305762_n.jpg 1440w, https:\/\/www.greenpeace.org\/static\/planet4-brasil-stateless\/2022\/06\/9f7264de-gpbr.portoalegre_288723411_587874309383355_4100215959641305762_n-300x300.jpg 300w, https:\/\/www.greenpeace.org\/static\/planet4-brasil-stateless\/2022\/06\/9f7264de-gpbr.portoalegre_288723411_587874309383355_4100215959641305762_n-1024x1024.jpg 1024w, https:\/\/www.greenpeace.org\/static\/planet4-brasil-stateless\/2022\/06\/9f7264de-gpbr.portoalegre_288723411_587874309383355_4100215959641305762_n-150x150.jpg 150w, https:\/\/www.greenpeace.org\/static\/planet4-brasil-stateless\/2022\/06\/9f7264de-gpbr.portoalegre_288723411_587874309383355_4100215959641305762_n-768x768.jpg 768w, https:\/\/www.greenpeace.org\/static\/planet4-brasil-stateless\/2022\/06\/9f7264de-gpbr.portoalegre_288723411_587874309383355_4100215959641305762_n-1366x1366.jpg 1366w, https:\/\/www.greenpeace.org\/static\/planet4-brasil-stateless\/2022\/06\/9f7264de-gpbr.portoalegre_288723411_587874309383355_4100215959641305762_n-340x340.jpg 340w\" sizes=\"auto, (max-width: 300px) 100vw, 300px\" \/><\/p>\n\n<p><a href=\"https:\/\/www.instagram.com\/p\/Ce8pyG2Ozbz\/\"><strong>Belo Horizonte<\/strong><\/a><br><img loading=\"lazy\" decoding=\"async\" width=\"300\" height=\"300\" class=\"wp-image-41088\" style=\"width: 300px;\" src=\"https:\/\/www.greenpeace.org\/static\/planet4-brasil-stateless\/2022\/06\/66a097c9-gpbr.belohorizonte_288998109_581874576787836_5974496506715076726_n.jpg\" alt=\"\" srcset=\"https:\/\/www.greenpeace.org\/static\/planet4-brasil-stateless\/2022\/06\/66a097c9-gpbr.belohorizonte_288998109_581874576787836_5974496506715076726_n.jpg 1080w, https:\/\/www.greenpeace.org\/static\/planet4-brasil-stateless\/2022\/06\/66a097c9-gpbr.belohorizonte_288998109_581874576787836_5974496506715076726_n-300x300.jpg 300w, https:\/\/www.greenpeace.org\/static\/planet4-brasil-stateless\/2022\/06\/66a097c9-gpbr.belohorizonte_288998109_581874576787836_5974496506715076726_n-1024x1024.jpg 1024w, https:\/\/www.greenpeace.org\/static\/planet4-brasil-stateless\/2022\/06\/66a097c9-gpbr.belohorizonte_288998109_581874576787836_5974496506715076726_n-150x150.jpg 150w, https:\/\/www.greenpeace.org\/static\/planet4-brasil-stateless\/2022\/06\/66a097c9-gpbr.belohorizonte_288998109_581874576787836_5974496506715076726_n-768x768.jpg 768w, https:\/\/www.greenpeace.org\/static\/planet4-brasil-stateless\/2022\/06\/66a097c9-gpbr.belohorizonte_288998109_581874576787836_5974496506715076726_n-340x340.jpg 340w\" sizes=\"auto, (max-width: 300px) 100vw, 300px\" \/><img loading=\"lazy\" decoding=\"async\" width=\"170\" height=\"302\" class=\"wp-image-41099\" style=\"width: 170px;\" src=\"https:\/\/www.greenpeace.org\/static\/planet4-brasil-stateless\/2022\/06\/fa725ce8-whatsapp-image-2022-06-20-at-19.39.28.jpeg\" alt=\"\" srcset=\"https:\/\/www.greenpeace.org\/static\/planet4-brasil-stateless\/2022\/06\/fa725ce8-whatsapp-image-2022-06-20-at-19.39.28.jpeg 576w, https:\/\/www.greenpeace.org\/static\/planet4-brasil-stateless\/2022\/06\/fa725ce8-whatsapp-image-2022-06-20-at-19.39.28-169x300.jpeg 169w, https:\/\/www.greenpeace.org\/static\/planet4-brasil-stateless\/2022\/06\/fa725ce8-whatsapp-image-2022-06-20-at-19.39.28-191x340.jpeg 191w\" sizes=\"auto, (max-width: 170px) 100vw, 170px\" \/><\/p>\n\n<figure class=\"wp-block-image\"><img decoding=\"async\" src=\"https:\/\/lh4.googleusercontent.com\/hbDGXlptHn_I_yGKsNw1gCOt9fcy2jAjg1gZdXXAidxM0KG42YacnNzNqaP86iwghtfjKcYqp1db22Wp0zTiF350QN9ayuQdg3E3ItIH5EX4SVI7bUKWGZzbMq-yqmio_fnD3ahBlEn_04Fy_Q\" alt=\"\"\/><\/figure>\n\n<p>Na segunda (20), <a href=\"https:\/\/www.instagram.com\/p\/Ce9NPx8uRCy\/\"><strong>os voluntas de Belo Horizonte ocuparam a Assembleia Legislativa de Minas Gerais que analisa a PEC<\/strong><\/a><strong> <\/strong>(Proposta de Emenda \u00e0 Constitui\u00e7\u00e3o), de tombamento estadual da Serra do Curral para exigir o tombamento integral da regi\u00e3o.<br><img loading=\"lazy\" decoding=\"async\" width=\"300\" height=\"300\" class=\"wp-image-41087\" style=\"width: 300px;\" src=\"https:\/\/www.greenpeace.org\/static\/planet4-brasil-stateless\/2022\/06\/35e85eab-gpbr.belohorizonte_288329782_598022571504063_191362966181877226_n.jpg\" alt=\"\" srcset=\"https:\/\/www.greenpeace.org\/static\/planet4-brasil-stateless\/2022\/06\/35e85eab-gpbr.belohorizonte_288329782_598022571504063_191362966181877226_n.jpg 720w, https:\/\/www.greenpeace.org\/static\/planet4-brasil-stateless\/2022\/06\/35e85eab-gpbr.belohorizonte_288329782_598022571504063_191362966181877226_n-300x300.jpg 300w, https:\/\/www.greenpeace.org\/static\/planet4-brasil-stateless\/2022\/06\/35e85eab-gpbr.belohorizonte_288329782_598022571504063_191362966181877226_n-150x150.jpg 150w, https:\/\/www.greenpeace.org\/static\/planet4-brasil-stateless\/2022\/06\/35e85eab-gpbr.belohorizonte_288329782_598022571504063_191362966181877226_n-340x340.jpg 340w\" sizes=\"auto, (max-width: 300px) 100vw, 300px\" \/><\/p>\n\n<p>E a mobiliza\u00e7\u00e3o n\u00e3o para! Porto Alegre lembrou o<strong> <\/strong><a href=\"https:\/\/www.instagram.com\/p\/Ce6JI0_OPiU\/\"><strong>Dia Mundial de Combate \u00e0 Desertifica\u00e7\u00e3o e \u00e0 Seca<\/strong><\/a>. O objetivo da data \u00e9 conscientizar sobre os efeitos negativos da desertifica\u00e7\u00e3o, como por exemplo, uso inadequado do solo, desfloresta\u00e7\u00e3o e m\u00e1s pr\u00e1ticas de irriga\u00e7\u00e3o.<br><img loading=\"lazy\" decoding=\"async\" width=\"300\" height=\"300\" class=\"wp-image-41094\" style=\"width: 300px;\" src=\"https:\/\/www.greenpeace.org\/static\/planet4-brasil-stateless\/2022\/06\/08183844-gpbr.portoalegre_288341365_488149986402463_394003637486800196_n.jpg\" alt=\"\" srcset=\"https:\/\/www.greenpeace.org\/static\/planet4-brasil-stateless\/2022\/06\/08183844-gpbr.portoalegre_288341365_488149986402463_394003637486800196_n.jpg 1080w, https:\/\/www.greenpeace.org\/static\/planet4-brasil-stateless\/2022\/06\/08183844-gpbr.portoalegre_288341365_488149986402463_394003637486800196_n-300x300.jpg 300w, https:\/\/www.greenpeace.org\/static\/planet4-brasil-stateless\/2022\/06\/08183844-gpbr.portoalegre_288341365_488149986402463_394003637486800196_n-1024x1024.jpg 1024w, https:\/\/www.greenpeace.org\/static\/planet4-brasil-stateless\/2022\/06\/08183844-gpbr.portoalegre_288341365_488149986402463_394003637486800196_n-150x150.jpg 150w, https:\/\/www.greenpeace.org\/static\/planet4-brasil-stateless\/2022\/06\/08183844-gpbr.portoalegre_288341365_488149986402463_394003637486800196_n-768x768.jpg 768w, https:\/\/www.greenpeace.org\/static\/planet4-brasil-stateless\/2022\/06\/08183844-gpbr.portoalegre_288341365_488149986402463_394003637486800196_n-340x340.jpg 340w\" sizes=\"auto, (max-width: 300px) 100vw, 300px\" \/><\/p>\n\n<p>Por falar em desertifica\u00e7\u00e3o, <strong>a Amaz\u00f4nia pode virar um deserto! <\/strong>Com o desmatamento nesse ritmo exacerbado, poderemos chegar ao ponto irrevers\u00edvel de recupera\u00e7\u00e3o. <em>J\u00e1 imaginou, a maior floresta tropical do mundo, se tornar um deserto?<\/em> In\u00fameras consequ\u00eancias negativas seriam geradas para n\u00f3s. <a href=\"https:\/\/www.instagram.com\/p\/Ce7kU12ussc\/\"><strong>Veja s\u00f3 o post de Bel\u00e9m:<\/strong><\/a><br><img loading=\"lazy\" decoding=\"async\" width=\"300\" height=\"300\" class=\"wp-image-41084\" style=\"width: 300px;\" src=\"https:\/\/www.greenpeace.org\/static\/planet4-brasil-stateless\/2022\/06\/fb2294cc-gpbr.belem_288503699_1087730398493098_4954683147549802762_n.jpg\" alt=\"\" srcset=\"https:\/\/www.greenpeace.org\/static\/planet4-brasil-stateless\/2022\/06\/fb2294cc-gpbr.belem_288503699_1087730398493098_4954683147549802762_n.jpg 1080w, https:\/\/www.greenpeace.org\/static\/planet4-brasil-stateless\/2022\/06\/fb2294cc-gpbr.belem_288503699_1087730398493098_4954683147549802762_n-300x300.jpg 300w, https:\/\/www.greenpeace.org\/static\/planet4-brasil-stateless\/2022\/06\/fb2294cc-gpbr.belem_288503699_1087730398493098_4954683147549802762_n-1024x1024.jpg 1024w, https:\/\/www.greenpeace.org\/static\/planet4-brasil-stateless\/2022\/06\/fb2294cc-gpbr.belem_288503699_1087730398493098_4954683147549802762_n-150x150.jpg 150w, https:\/\/www.greenpeace.org\/static\/planet4-brasil-stateless\/2022\/06\/fb2294cc-gpbr.belem_288503699_1087730398493098_4954683147549802762_n-768x768.jpg 768w, https:\/\/www.greenpeace.org\/static\/planet4-brasil-stateless\/2022\/06\/fb2294cc-gpbr.belem_288503699_1087730398493098_4954683147549802762_n-340x340.jpg 340w\" sizes=\"auto, (max-width: 300px) 100vw, 300px\" \/><img loading=\"lazy\" decoding=\"async\" width=\"300\" height=\"300\" class=\"wp-image-41083\" style=\"width: 300px;\" src=\"https:\/\/www.greenpeace.org\/static\/planet4-brasil-stateless\/2022\/06\/8dacd2e5-gpbr.belem_288189328_543781277453673_3143798491311890444_n.jpg\" alt=\"\" srcset=\"https:\/\/www.greenpeace.org\/static\/planet4-brasil-stateless\/2022\/06\/8dacd2e5-gpbr.belem_288189328_543781277453673_3143798491311890444_n.jpg 1080w, https:\/\/www.greenpeace.org\/static\/planet4-brasil-stateless\/2022\/06\/8dacd2e5-gpbr.belem_288189328_543781277453673_3143798491311890444_n-300x300.jpg 300w, https:\/\/www.greenpeace.org\/static\/planet4-brasil-stateless\/2022\/06\/8dacd2e5-gpbr.belem_288189328_543781277453673_3143798491311890444_n-1024x1024.jpg 1024w, https:\/\/www.greenpeace.org\/static\/planet4-brasil-stateless\/2022\/06\/8dacd2e5-gpbr.belem_288189328_543781277453673_3143798491311890444_n-150x150.jpg 150w, https:\/\/www.greenpeace.org\/static\/planet4-brasil-stateless\/2022\/06\/8dacd2e5-gpbr.belem_288189328_543781277453673_3143798491311890444_n-768x768.jpg 768w, https:\/\/www.greenpeace.org\/static\/planet4-brasil-stateless\/2022\/06\/8dacd2e5-gpbr.belem_288189328_543781277453673_3143798491311890444_n-340x340.jpg 340w\" sizes=\"auto, (max-width: 300px) 100vw, 300px\" \/><\/p>\n\n<p>Dia 16 de junho, foi o \u201cDia Mundial das Tartarugas Marinhas\u201d. Voc\u00ea sabia que as tartarugas marinhas s\u00e3o animais pr\u00e9-hist\u00f3ricos que est\u00e3o no planeta h\u00e1 pelo menos 120 milh\u00f5es de anos? Infelizmente, est\u00e3o em risco de extin\u00e7\u00e3o por conta da pesca predat\u00f3ria e da alta quantidade de pl\u00e1stico nos oceanos. <a href=\"https:\/\/www.instagram.com\/p\/Ce3lw_juCQ0\/\"><strong>Porto Alegre fez quest\u00e3o de lembrar da data, alertando que \u00e9 necess\u00e1rio melhorar as leis de prote\u00e7\u00e3o ambiental.<\/strong><\/a><br><img loading=\"lazy\" decoding=\"async\" width=\"300\" height=\"300\" class=\"wp-image-41093\" style=\"width: 300px;\" src=\"https:\/\/www.greenpeace.org\/static\/planet4-brasil-stateless\/2022\/06\/418f2d5c-gpbr.portoalegre_288086654_756939165322965_3526699332092799685_n.jpg\" alt=\"\" srcset=\"https:\/\/www.greenpeace.org\/static\/planet4-brasil-stateless\/2022\/06\/418f2d5c-gpbr.portoalegre_288086654_756939165322965_3526699332092799685_n.jpg 1080w, https:\/\/www.greenpeace.org\/static\/planet4-brasil-stateless\/2022\/06\/418f2d5c-gpbr.portoalegre_288086654_756939165322965_3526699332092799685_n-300x300.jpg 300w, https:\/\/www.greenpeace.org\/static\/planet4-brasil-stateless\/2022\/06\/418f2d5c-gpbr.portoalegre_288086654_756939165322965_3526699332092799685_n-1024x1024.jpg 1024w, https:\/\/www.greenpeace.org\/static\/planet4-brasil-stateless\/2022\/06\/418f2d5c-gpbr.portoalegre_288086654_756939165322965_3526699332092799685_n-150x150.jpg 150w, https:\/\/www.greenpeace.org\/static\/planet4-brasil-stateless\/2022\/06\/418f2d5c-gpbr.portoalegre_288086654_756939165322965_3526699332092799685_n-768x768.jpg 768w, https:\/\/www.greenpeace.org\/static\/planet4-brasil-stateless\/2022\/06\/418f2d5c-gpbr.portoalegre_288086654_756939165322965_3526699332092799685_n-340x340.jpg 340w\" sizes=\"auto, (max-width: 300px) 100vw, 300px\" \/><\/p>\n\n<figure class=\"wp-block-image\"><img decoding=\"async\" src=\"https:\/\/lh5.googleusercontent.com\/SZJ4lRvC2dqDQ9GyaDxk-uegtkHeWqpMNOktjRD7-Ngg0WzQFn5Lp2f7KBnUtXJwMc42UQ4OuBazhmxRBydzP1kRIBRqInyffH4m-sysaVXUF7bPbEU4Am-KNPIE49Mbuk9B-iXZ8yYOhOnBJQ\" alt=\"\"\/><\/figure>\n\n<p>A galera de Goi\u00e2nia te ensina a fazer um \u201cCaf\u00e9 da manh\u00e3 para pregui\u00e7osos&#8221;. Quem nunca acordou num daqueles dias que nem comer t\u00e1 afim s\u00f3 pelo fato de ter que cozinhar? <a href=\"https:\/\/www.instagram.com\/p\/CfBtstegF_n\/\"><strong>Ent\u00e3o, arrumamos um jeito de driblar essa pregui\u00e7a. Vem ver!<\/strong><\/a><\/p>\n\n<figure class=\"wp-block-image\"><img decoding=\"async\" src=\"https:\/\/lh6.googleusercontent.com\/9bti_D-YIwES3341Lah34C_3Bzyd4nRc0OkM_IuJ_zmWomP2SN2yk41AMMwAfrwaFaLg9pWcRHPRBv5-EmlrMmSemd6D4Pac4gSyNS381e1EMBl1cJdPF1VXVJv-6CPoX7dGgkb3K9xzRav8og\" alt=\"\"\/><\/figure>\n\n<p>Belo Horizonte arrasou na <a href=\"https:\/\/www.instagram.com\/p\/CfCqpKFu0Pe\/\"><strong>receita de bolinho de feij\u00e3o<\/strong><\/a><strong>, <\/strong>pra voc\u00ea fazer aquele lanchinho r\u00e1pido e gostoso \ud83d\ude1b<br><img loading=\"lazy\" decoding=\"async\" width=\"300\" height=\"300\" class=\"wp-image-41102\" style=\"width: 300px;\" src=\"https:\/\/www.greenpeace.org\/static\/planet4-brasil-stateless\/2022\/06\/294da4c4-gpbr.belohorizonte_289076029_1456135511507272_3993443346125565432_n.jpg\" alt=\"\" srcset=\"https:\/\/www.greenpeace.org\/static\/planet4-brasil-stateless\/2022\/06\/294da4c4-gpbr.belohorizonte_289076029_1456135511507272_3993443346125565432_n.jpg 1080w, https:\/\/www.greenpeace.org\/static\/planet4-brasil-stateless\/2022\/06\/294da4c4-gpbr.belohorizonte_289076029_1456135511507272_3993443346125565432_n-300x300.jpg 300w, https:\/\/www.greenpeace.org\/static\/planet4-brasil-stateless\/2022\/06\/294da4c4-gpbr.belohorizonte_289076029_1456135511507272_3993443346125565432_n-1024x1024.jpg 1024w, https:\/\/www.greenpeace.org\/static\/planet4-brasil-stateless\/2022\/06\/294da4c4-gpbr.belohorizonte_289076029_1456135511507272_3993443346125565432_n-150x150.jpg 150w, https:\/\/www.greenpeace.org\/static\/planet4-brasil-stateless\/2022\/06\/294da4c4-gpbr.belohorizonte_289076029_1456135511507272_3993443346125565432_n-768x768.jpg 768w, https:\/\/www.greenpeace.org\/static\/planet4-brasil-stateless\/2022\/06\/294da4c4-gpbr.belohorizonte_289076029_1456135511507272_3993443346125565432_n-340x340.jpg 340w\" sizes=\"auto, (max-width: 300px) 100vw, 300px\" \/><\/p>\n\n<p>Uma \u00f3tima op\u00e7\u00e3o para voc\u00ea que busca reduzir o consumo de carne na sua dieta, \u00e9 buscar cada vez mais diversidade de alimentos. <strong>Voc\u00ea sabe o que s\u00e3o as PANCs? <\/strong>S\u00e3o Plantas Aliment\u00edcias N\u00e3o Convencionais.<a href=\"https:\/\/www.instagram.com\/p\/Ce84MSHudW8\/\"><strong> Bel\u00e9m, aproveitou o s\u00e1bado (18), Dia da Gastronomia Sustent\u00e1vel \ud83c\udf3a, para falar mais sobre elas<\/strong><\/a>:<br><img loading=\"lazy\" decoding=\"async\" width=\"300\" height=\"300\" class=\"wp-image-41086\" style=\"width: 300px;\" src=\"https:\/\/www.greenpeace.org\/static\/planet4-brasil-stateless\/2022\/06\/8c106306-gpbr.belem_289124274_1191187801706133_1426379938328779111_n.jpg\" alt=\"\" srcset=\"https:\/\/www.greenpeace.org\/static\/planet4-brasil-stateless\/2022\/06\/8c106306-gpbr.belem_289124274_1191187801706133_1426379938328779111_n.jpg 1080w, https:\/\/www.greenpeace.org\/static\/planet4-brasil-stateless\/2022\/06\/8c106306-gpbr.belem_289124274_1191187801706133_1426379938328779111_n-300x300.jpg 300w, https:\/\/www.greenpeace.org\/static\/planet4-brasil-stateless\/2022\/06\/8c106306-gpbr.belem_289124274_1191187801706133_1426379938328779111_n-1024x1024.jpg 1024w, https:\/\/www.greenpeace.org\/static\/planet4-brasil-stateless\/2022\/06\/8c106306-gpbr.belem_289124274_1191187801706133_1426379938328779111_n-150x150.jpg 150w, https:\/\/www.greenpeace.org\/static\/planet4-brasil-stateless\/2022\/06\/8c106306-gpbr.belem_289124274_1191187801706133_1426379938328779111_n-768x768.jpg 768w, https:\/\/www.greenpeace.org\/static\/planet4-brasil-stateless\/2022\/06\/8c106306-gpbr.belem_289124274_1191187801706133_1426379938328779111_n-340x340.jpg 340w\" sizes=\"auto, (max-width: 300px) 100vw, 300px\" \/><img loading=\"lazy\" decoding=\"async\" width=\"300\" height=\"300\" class=\"wp-image-41085\" style=\"width: 300px;\" src=\"https:\/\/www.greenpeace.org\/static\/planet4-brasil-stateless\/2022\/06\/7605adc1-gpbr.belem_288528548_712016820063979_1166315446331530212_n.jpg\" alt=\"\" srcset=\"https:\/\/www.greenpeace.org\/static\/planet4-brasil-stateless\/2022\/06\/7605adc1-gpbr.belem_288528548_712016820063979_1166315446331530212_n.jpg 1080w, https:\/\/www.greenpeace.org\/static\/planet4-brasil-stateless\/2022\/06\/7605adc1-gpbr.belem_288528548_712016820063979_1166315446331530212_n-300x300.jpg 300w, https:\/\/www.greenpeace.org\/static\/planet4-brasil-stateless\/2022\/06\/7605adc1-gpbr.belem_288528548_712016820063979_1166315446331530212_n-1024x1024.jpg 1024w, https:\/\/www.greenpeace.org\/static\/planet4-brasil-stateless\/2022\/06\/7605adc1-gpbr.belem_288528548_712016820063979_1166315446331530212_n-150x150.jpg 150w, https:\/\/www.greenpeace.org\/static\/planet4-brasil-stateless\/2022\/06\/7605adc1-gpbr.belem_288528548_712016820063979_1166315446331530212_n-768x768.jpg 768w, https:\/\/www.greenpeace.org\/static\/planet4-brasil-stateless\/2022\/06\/7605adc1-gpbr.belem_288528548_712016820063979_1166315446331530212_n-340x340.jpg 340w\" sizes=\"auto, (max-width: 300px) 100vw, 300px\" \/><\/p>\n","protected":false},"excerpt":{"rendered":"<p>Bom dia, galera! Eu espero que estejam bem. Piscamos e j\u00e1 estamos quase na \u00faltima semana de junho \ud83d\ude31.<\/p>\n","protected":false},"author":103,"featured_media":41075,"comment_status":"open","ping_status":"closed","sticky":false,"template":"","format":"standard","meta":{"ep_exclude_from_search":false,"p4_og_title":"","p4_og_description":"","p4_og_image":"","p4_og_image_id":"","p4_seo_canonical_url":"","p4_campaign_name":"not set","p4_local_project":"not set","p4_basket_name":"not set","p4_department":"","footnotes":""},"categories":[5],"tags":[23],"p4-page-type":[16],"class_list":["post-41073","post","type-post","status-publish","format-standard","has-post-thumbnail","hentry","category-greenpeace","tag-mobilizacao","p4-page-type-blog"],"_links":{"self":[{"href":"https:\/\/www.greenpeace.org\/brasil\/wp-json\/wp\/v2\/posts\/41073","targetHints":{"allow":["GET"]}}],"collection":[{"href":"https:\/\/www.greenpeace.org\/brasil\/wp-json\/wp\/v2\/posts"}],"about":[{"href":"https:\/\/www.greenpeace.org\/brasil\/wp-json\/wp\/v2\/types\/post"}],"author":[{"embeddable":true,"href":"https:\/\/www.greenpeace.org\/brasil\/wp-json\/wp\/v2\/users\/103"}],"replies":[{"embeddable":true,"href":"https:\/\/www.greenpeace.org\/brasil\/wp-json\/wp\/v2\/comments?post=41073"}],"version-history":[{"count":3,"href":"https:\/\/www.greenpeace.org\/brasil\/wp-json\/wp\/v2\/posts\/41073\/revisions"}],"predecessor-version":[{"id":41107,"href":"https:\/\/www.greenpeace.org\/brasil\/wp-json\/wp\/v2\/posts\/41073\/revisions\/41107"}],"wp:featuredmedia":[{"embeddable":true,"href":"https:\/\/www.greenpeace.org\/brasil\/wp-json\/wp\/v2\/media\/41075"}],"wp:attachment":[{"href":"https:\/\/www.greenpeace.org\/brasil\/wp-json\/wp\/v2\/media?parent=41073"}],"wp:term":[{"taxonomy":"category","embeddable":true,"href":"https:\/\/www.greenpeace.org\/brasil\/wp-json\/wp\/v2\/categories?post=41073"},{"taxonomy":"post_tag","embeddable":true,"href":"https:\/\/www.greenpeace.org\/brasil\/wp-json\/wp\/v2\/tags?post=41073"},{"taxonomy":"p4-page-type","embeddable":true,"href":"https:\/\/www.greenpeace.org\/brasil\/wp-json\/wp\/v2\/p4-page-type?post=41073"}],"curies":[{"name":"wp","href":"https:\/\/api.w.org\/{rel}","templated":true}]}}