{"id":4115,"date":"2017-03-02T15:03:02","date_gmt":"2017-03-02T18:03:02","guid":{"rendered":"https:\/\/www.greenpeace.org\/brasil\/?p=4115"},"modified":"2019-11-06T05:21:04","modified_gmt":"2019-11-06T08:21:04","slug":"sinal-verde-para-a-destruicao-da-amazonia","status":"publish","type":"post","link":"https:\/\/www.greenpeace.org\/brasil\/blog\/sinal-verde-para-a-destruicao-da-amazonia\/","title":{"rendered":"Sinal verde para a destrui\u00e7\u00e3o da Amaz\u00f4nia"},"content":{"rendered":"<h4>Mesmo com aumento de 75% no desmatamento entre 2012 e 2015, governo pode encaminhar proposta ao Congresso para reduzir Unidades de Conserva\u00e7\u00e3o, entregando florestas de bandeja para a grilagem de terras, desmatamento e emiss\u00f5es de gases do efeito estufa<\/h4>\n<div id=\"attachment_4117\" style=\"width: 1034px\" class=\"wp-caption alignnone\"><img loading=\"lazy\" decoding=\"async\" aria-describedby=\"caption-attachment-4117\" class=\"size-large wp-image-4117\" src=\"https:\/\/www.greenpeace.org\/static\/planet4-brasil-stateless\/2018\/08\/37b938a6-gp0stqk6c-1024x684.jpg\" alt=\"Floresta completamente preservada dentro da \u00e1rea a ser reduzida na Floresta Nacional do Aripuan\u00e3.\" width=\"1024\" height=\"684\" srcset=\"https:\/\/www.greenpeace.org\/static\/planet4-brasil-stateless\/2018\/08\/37b938a6-gp0stqk6c-1024x684.jpg 1024w, https:\/\/www.greenpeace.org\/static\/planet4-brasil-stateless\/2018\/08\/37b938a6-gp0stqk6c-300x200.jpg 300w, https:\/\/www.greenpeace.org\/static\/planet4-brasil-stateless\/2018\/08\/37b938a6-gp0stqk6c-768x513.jpg 768w, https:\/\/www.greenpeace.org\/static\/planet4-brasil-stateless\/2018\/08\/37b938a6-gp0stqk6c-510x340.jpg 510w, https:\/\/www.greenpeace.org\/static\/planet4-brasil-stateless\/2018\/08\/37b938a6-gp0stqk6c.jpg 1200w\" sizes=\"auto, (max-width: 1024px) 100vw, 1024px\" \/><p id=\"caption-attachment-4117\" class=\"wp-caption-text\">Floresta completamente preservada dentro da \u00e1rea a ser reduzida na Floresta Nacional do Aripuan\u00e3.<\/p><\/div>\n<p>Atendendo a pedidos de parlamentares do Amazonas, o ministro da Casa Civil, Eliseu Padilha, e Michel Temer podem encaminhar ao Congresso Nacional uma proposta para acabar com uma Unidade de Conserva\u00e7\u00e3o (UC) e reduzir em 40% a \u00e1rea de outras quatro UCs criadas nos \u00faltimos momentos do governo Dilma Rousseff &#8211; o processo de reconhecimento arrastava-se desde 2014. A medida colocaria \u00e0 disposi\u00e7\u00e3o da grilagem de terra e do desmatamento cerca de 1 milh\u00e3o de hectares de florestas, o equivalente \u00e0 sete cidades de S\u00e3o Paulo. Em recente declara\u00e7\u00e3o, o ministro do meio ambiente, Jos\u00e9 Sarney Filho, colocou-se contr\u00e1rio \u00e0 redu\u00e7\u00e3o.<\/p>\n<p>\u201cA cria\u00e7\u00e3o de Unidades de Conserva\u00e7\u00e3o foi uma estrat\u00e9gia bem sucedida que contribuiu para a redu\u00e7\u00e3o da taxa de desmatamento na Amaz\u00f4nia entre 2005 e 2012. No contexto atual, de retomada de altas taxas de desmatamento, reduzir UC\u2019s \u00e9 caminhar na contram\u00e3o do que precisa ser feito para conter a destrui\u00e7\u00e3o\u201d, diz Cristiane Mazzetti, da Campanha da Amaz\u00f4nia do Greenpeace.<\/p>\n<p>Ao reduzir deliberadamente a prote\u00e7\u00e3o dessas \u00e1reas o governo d\u00e1 um sinal verde \u00e0 grileiros e incentiva o desmatamento em um momento pouco favor\u00e1vel para a floresta: em 2016 o Brasil registrou a maior taxa desde 2008, com quase 8 mil km\u00b2 perdidos. O Amazonas, em especial, teve o maior crescimento relativo (54%) entre todos os estados da Amaz\u00f4nia Legal.<\/p>\n<p>A cria\u00e7\u00e3o destas UCs foi parte de uma s\u00e9rie de a\u00e7\u00f5es desenvolvidas pelo Governo Brasileiro com apoio da sociedade civil com a finalidade de reduzir os fortes impactos socioambientais observados no sul do estado do Amazonas, decorrente do processo de ocupa\u00e7\u00e3o irregular que resultou no aumento expressivo da taxa de desmatamento na regi\u00e3o. Elas est\u00e3o em uma regi\u00e3o estrat\u00e9gica, servindo como barreira para conter o avan\u00e7o da destrui\u00e7\u00e3o em dire\u00e7\u00e3o \u00e0s por\u00e7\u00f5es preservadas de floresta. At\u00e9 hoje, o Amazonas \u00e9 conhecido como o estado com a maior \u00e1rea cont\u00ednua de floresta amaz\u00f4nica preservada. Mas se essas UCs forem perdidas, diversos servi\u00e7os ambientais prestados pela floresta, como a regula\u00e7\u00e3o do clima, ser\u00e3o comprometidos.<\/p>\n<p><img loading=\"lazy\" decoding=\"async\" class=\"alignnone size-full wp-image-4119\" src=\"https:\/\/www.greenpeace.org\/static\/planet4-brasil-stateless\/2018\/08\/9a0bea86-amazonas_ucs_mapa.png\" alt=\"\" width=\"800\" height=\"700\" srcset=\"https:\/\/www.greenpeace.org\/static\/planet4-brasil-stateless\/2018\/08\/9a0bea86-amazonas_ucs_mapa.png 800w, https:\/\/www.greenpeace.org\/static\/planet4-brasil-stateless\/2018\/08\/9a0bea86-amazonas_ucs_mapa-300x263.png 300w, https:\/\/www.greenpeace.org\/static\/planet4-brasil-stateless\/2018\/08\/9a0bea86-amazonas_ucs_mapa-768x672.png 768w, https:\/\/www.greenpeace.org\/static\/planet4-brasil-stateless\/2018\/08\/9a0bea86-amazonas_ucs_mapa-389x340.png 389w\" sizes=\"auto, (max-width: 800px) 100vw, 800px\" \/><\/p>\n<p>O que est\u00e1 em jogo \u00e9 o esquartejamento definitivo da Amaz\u00f4nia, que deixaria de existir como um grande maci\u00e7o florestal para se tornar um conjunto de fragmentos isolados. Se nos \u00faltimos trinta anos a floresta amaz\u00f4nica vem sendo \u201ccomida pelas beiras\u201d, agora ela tamb\u00e9m seria \u201ccomida pelo miolo\u201d. \u00c9 isso que vai acontecer se o governo federal levar adiante o plano de reduzir a prote\u00e7\u00e3o das florestas ao longo das estradas que cortam o interior da Amaz\u00f4nia, diz Ciro Campos, bi\u00f3logo do Instituto Socioambiental.<\/p>\n<p>O mais grave \u00e9 que a redu\u00e7\u00e3o de UCs no Amazonas n\u00e3o \u00e9 um ato isolado. No final de 2016 o governo federal editou duas Medidas Provis\u00f3rias (MP 756\/2016 e MP 758\/216) para reduzir a prote\u00e7\u00e3o de florestas no estado do Par\u00e1, redu\u00e7\u00e3o que pode atingir 1 milh\u00e3o de hectares se forem aprovadas as emendas apresentadas pelos deputados e senadores do Par\u00e1. Al\u00e9m disso, est\u00e3o em discuss\u00e3o no Congresso Nacional medidas que incentivam a ocupa\u00e7\u00e3o ilegal de terras p\u00fablicas, e outras que aceleram o licenciamento de grandes obras de infraestrutura, como hidrel\u00e9tricas, estradas, portos e hidrovias, que tem potencial para acelerar a ocupa\u00e7\u00e3o e o desmatamento na Amaz\u00f4nia.<\/p>\n<h3>O que est\u00e1 em risco?<\/h3>\n<p>Os parlamentares alegam que investimentos foram feitos na regi\u00e3o e que popula\u00e7\u00f5es teriam que ser deslocadas em virtude do estabelecimento das UC\u2019s. Para apurar o que dizem os parlamentares, o Greenpeace realizou um sobrevoo na regi\u00e3o para documentar poss\u00edveis ocupa\u00e7\u00f5es humanas, al\u00e9m de registrar as press\u00f5es no entorno e a exuber\u00e2ncia da floresta que seria perdida com a proposta.<\/p>\n<p>Observamos muita floresta ainda preservada, ou seja, trata-se de uma \u00e1rea em que o desmatamento \u00e9 praticamente zero. H\u00e1, entretanto, forte press\u00e3o no entorno. A redu\u00e7\u00e3o da \u00e1rea serviria \u00e0 diversos interesses como minera\u00e7\u00e3o, extra\u00e7\u00e3o de madeira, especula\u00e7\u00e3o de terras e avan\u00e7o da pecu\u00e1ria. Poucas ocupa\u00e7\u00f5es foram de fato encontradas, verificamos desmatamentos pr\u00f3ximos aos limites atuais.<\/p>\n<p>Veja o mapa interativo do sobrevoo<\/p>\n<p><iframe loading=\"lazy\" src=\"https:\/\/www.google.com\/maps\/d\/embed?mid=16Z_wYoL_z-wSb0O6NA_Be8hjma4\" width=\"640\" height=\"480\"><\/iframe><\/p>\n<p>Na Floresta Nacional (Flona) de Urupadi foram encontradas \u00e1reas de garimpo de ouro, muitas com apar\u00eancia recente e operando, essas \u00e1reas apresentam apenas autoriza\u00e7\u00e3o ou requisi\u00e7\u00e3o para pesquisa relacionada \u00e0 min\u00e9rio de ouro, mas n\u00e3o para exercer a atividade. A Flona fica na divisa com o Par\u00e1, onde o garimpo ilegal \u00e9 uma atividade que ocorre na floresta. Na Flona do Aripuan\u00e3 foram encontradas estradas que podem indicar explora\u00e7\u00e3o de madeira &#8211; o distrito de Santo Ant\u00f4nio do Matupi \u00e9 o polo madeireiro da regi\u00e3o e est\u00e1 relativamente pr\u00f3ximo da Flona. Bem como \u00e1reas de desmatamento recente, ambos pr\u00f3ximos dos limites inferiores da \u00e1reas protegida &#8211; que podem indicar um processo de estabelecimento de fazendas.<\/p>\n<div id=\"attachment_4121\" style=\"width: 280px\" class=\"wp-caption alignright\"><img loading=\"lazy\" decoding=\"async\" aria-describedby=\"caption-attachment-4121\" class=\"wp-image-4121 size-full\" src=\"https:\/\/www.greenpeace.org\/static\/planet4-brasil-stateless\/2018\/08\/4c9d583c-amazonas_ucs.jpg\" alt=\"\" width=\"270\" height=\"191\" \/><p id=\"caption-attachment-4121\" class=\"wp-caption-text\">Evolu\u00e7\u00e3o do desmatamento dentro da Flona do Aripuan\u00e3<\/p><\/div>\n<p>No Parque Nacional (Parna) do Acari, Flona do Aripuan\u00e3, Reserva Biol\u00f3gica (REBIO) do Manicor\u00e9 \u00c1rea de Prote\u00e7\u00e3o Ambiental (APA) dos Campos de Manicor\u00e9, visitamos \u00e1reas registradas no Cadastro Ambiental Rural (CAR) a maioria delas estava completamente preservada, sem nenhuma atividade vis\u00edvel, inclusive em locais isolados de estradas ou qualquer infraestrutura. O Greenpeace analisou a ocorr\u00eancia de CAR\u2019s nas cinco UC\u2019s e foram encontrados 185 cadastros registrados que sobrep\u00f5em as \u00e1reas protegidas. Destes, 102 est\u00e3o nas \u00e1reas a serem reduzidas. O CAR \u00e9 um registro autodeclarat\u00f3rio e de car\u00e1ter ambiental, funciona como um importante instrumento no combate ao desmatamento. No entanto n\u00e3o indica posse ou propriedade da terra, por isso precisa ser fortalecido e monitorado para que n\u00e3o seja utilizado como ferramenta para promover a grilagem na Amaz\u00f4nia.<\/p>\n<h3>Desmatamento e os compromissos pelo clima<\/h3>\n<p>Ao atender os interesses dos deputados do AM, o governo estaria tamb\u00e9m deixando o pa\u00eds mais distante de cumprir os compromissos assumidos no Acordo de Paris para a redu\u00e7\u00e3o de emiss\u00f5es de gases do efeito estufa &#8211; O desmatamento corresponde por cerca de 40% das emiss\u00f5es de gases de efeito estufa do Brasil. Somos o sexto pa\u00eds que mais emite estes gases &#8211; estaria tamb\u00e9m caminhando para destruir sua credibilidade internacional na luta contra o desmatamento e criando uma situa\u00e7\u00e3o inexplic\u00e1vel para com os pa\u00edses que contribuem com grandes doa\u00e7\u00f5es para a conserva\u00e7\u00e3o da Amaz\u00f4nia.<\/p>\n<div id=\"attachment_4123\" style=\"width: 1034px\" class=\"wp-caption alignnone\"><img loading=\"lazy\" decoding=\"async\" aria-describedby=\"caption-attachment-4123\" class=\"size-large wp-image-4123\" src=\"https:\/\/www.greenpeace.org\/static\/planet4-brasil-stateless\/2018\/08\/8e958e6e-gp0stqjsv-1024x684.jpg\" alt=\"Forest Conservation Units in the Brazilian Amazon. \u00a9 Daniel Beltr\u00e1\" width=\"1024\" height=\"684\" srcset=\"https:\/\/www.greenpeace.org\/static\/planet4-brasil-stateless\/2018\/08\/8e958e6e-gp0stqjsv-1024x684.jpg 1024w, https:\/\/www.greenpeace.org\/static\/planet4-brasil-stateless\/2018\/08\/8e958e6e-gp0stqjsv-300x200.jpg 300w, https:\/\/www.greenpeace.org\/static\/planet4-brasil-stateless\/2018\/08\/8e958e6e-gp0stqjsv-768x513.jpg 768w, https:\/\/www.greenpeace.org\/static\/planet4-brasil-stateless\/2018\/08\/8e958e6e-gp0stqjsv-510x340.jpg 510w, https:\/\/www.greenpeace.org\/static\/planet4-brasil-stateless\/2018\/08\/8e958e6e-gp0stqjsv.jpg 1200w\" sizes=\"auto, (max-width: 1024px) 100vw, 1024px\" \/><p id=\"caption-attachment-4123\" class=\"wp-caption-text\">Parque Nacional do Acari. Floresta preservada, sem sinal de ocupa\u00e7\u00e3o humana ou qualquer atividade produtiva<\/p><\/div>\n<p>O fundo Amaz\u00f4nia recebeu 2 bilh\u00f5es de reais da Noruega entre 2009 e 2016 e 60 milh\u00f5es da Alemanha entre 2010 e 2014. Em 2015 fruto de uma coopera\u00e7\u00e3o com a Alemanha, O Brasil garantiu R$ 116 milh\u00f5es de reais para o Programa \u00c1reas Protegidas da Amaz\u00f4nia (ARPA) &#8211; programa que inclusive financiou os estudos pr\u00e9vios para a cria\u00e7\u00e3o das UCs que os parlamentares querem reduzir.<br \/>\n\u201cSe a proposta de redu\u00e7\u00e3o das UC\u2019s seguir adiante, ter\u00edamos um recado negativo com efeito duplo, incentivando quem destr\u00f3i a floresta e traindo quem, inclusive financeiramente, nos ajuda a preserv\u00e1-la. \u00c9 vergonhoso\u201d, completa Cristiane Mazzetti.<\/p>\n<p>Perante o absurdo, organiza\u00e7\u00f5es da sociedade civil enviaram ao governo e congresso uma nota de rep\u00fadio \u00e0s altera\u00e7\u00f5es. Voc\u00ea pode se mobilizar tamb\u00e9m, enviando recados diretamente para Temer e Padilha, seja pelas suas redes sociais ou outros canais de comunica\u00e7\u00e3o.<\/p>\n","protected":false},"excerpt":{"rendered":"<p>Mesmo com aumento de 75% no desmatamento entre 2012 e 2015, governo pode encaminhar proposta ao Congresso para reduzir Unidades de Conserva\u00e7\u00e3o, entregando florestas de bandeja para a grilagem de terras, desmatamento e emiss\u00f5es de gases do efeito estufa<\/p>\n","protected":false},"author":28,"featured_media":4117,"comment_status":"open","ping_status":"closed","sticky":false,"template":"","format":"standard","meta":{"ep_exclude_from_search":false,"p4_og_title":"","p4_og_description":"","p4_og_image":"","p4_og_image_id":"","p4_seo_canonical_url":"","p4_campaign_name":"","p4_local_project":"","p4_basket_name":"","p4_department":"","footnotes":""},"categories":[3],"tags":[22],"p4-page-type":[16],"class_list":["post-4115","post","type-post","status-publish","format-standard","has-post-thumbnail","hentry","category-proteja-a-natureza","tag-florestas","p4-page-type-blog"],"_links":{"self":[{"href":"https:\/\/www.greenpeace.org\/brasil\/wp-json\/wp\/v2\/posts\/4115","targetHints":{"allow":["GET"]}}],"collection":[{"href":"https:\/\/www.greenpeace.org\/brasil\/wp-json\/wp\/v2\/posts"}],"about":[{"href":"https:\/\/www.greenpeace.org\/brasil\/wp-json\/wp\/v2\/types\/post"}],"author":[{"embeddable":true,"href":"https:\/\/www.greenpeace.org\/brasil\/wp-json\/wp\/v2\/users\/28"}],"replies":[{"embeddable":true,"href":"https:\/\/www.greenpeace.org\/brasil\/wp-json\/wp\/v2\/comments?post=4115"}],"version-history":[{"count":5,"href":"https:\/\/www.greenpeace.org\/brasil\/wp-json\/wp\/v2\/posts\/4115\/revisions"}],"predecessor-version":[{"id":4125,"href":"https:\/\/www.greenpeace.org\/brasil\/wp-json\/wp\/v2\/posts\/4115\/revisions\/4125"}],"wp:featuredmedia":[{"embeddable":true,"href":"https:\/\/www.greenpeace.org\/brasil\/wp-json\/wp\/v2\/media\/4117"}],"wp:attachment":[{"href":"https:\/\/www.greenpeace.org\/brasil\/wp-json\/wp\/v2\/media?parent=4115"}],"wp:term":[{"taxonomy":"category","embeddable":true,"href":"https:\/\/www.greenpeace.org\/brasil\/wp-json\/wp\/v2\/categories?post=4115"},{"taxonomy":"post_tag","embeddable":true,"href":"https:\/\/www.greenpeace.org\/brasil\/wp-json\/wp\/v2\/tags?post=4115"},{"taxonomy":"p4-page-type","embeddable":true,"href":"https:\/\/www.greenpeace.org\/brasil\/wp-json\/wp\/v2\/p4-page-type?post=4115"}],"curies":[{"name":"wp","href":"https:\/\/api.w.org\/{rel}","templated":true}]}}