{"id":41366,"date":"2022-07-08T10:17:30","date_gmt":"2022-07-08T13:17:30","guid":{"rendered":"https:\/\/www.greenpeace.org\/brasil\/?p=41366"},"modified":"2025-07-02T04:25:26","modified_gmt":"2025-07-02T07:25:26","slug":"voluntaries-participaram-de-atos-contra-a-violencia-aos-povos-originarios-sangue-indigena-nenhuma-gota-a-mais","status":"publish","type":"post","link":"https:\/\/www.greenpeace.org\/brasil\/voluntarios\/voluntaries-participaram-de-atos-contra-a-violencia-aos-povos-originarios-sangue-indigena-nenhuma-gota-a-mais\/","title":{"rendered":"Volunt\u00e1ries participaram de atos contra a viol\u00eancia aos povos origin\u00e1rios: &#8220;Sangue ind\u00edgena, nenhuma gota a mais!&#8221;"},"content":{"rendered":"\n<h4 class=\"wp-block-heading\">A viol\u00eancia em territ\u00f3rios ind\u00edgenas amea\u00e7a a vida dos povos origin\u00e1rios e a sa\u00fade da floresta. A pauta ambiental nunca foi mais urgente, precisamos nos mobilizar.<\/h4>\n\n<p>Ol\u00e1, galerinha! #julhou e n\u00e3o temos limite para o esp\u00edrito ativista que habita dentro dos volunt\u00e1ries.<\/p>\n\n<p>Na \u00faltima semana, os grupos de <strong>Bel\u00e9m<\/strong>, <strong>Manaus<\/strong> e <strong>Belo Horizonte<\/strong> participaram de atos em defesa aos povos ind\u00edgenas. Os voluntas uniram for\u00e7as com os guardi\u00f5es da floresta, exigindo respeito por suas cren\u00e7as, espa\u00e7o e que mais nenhuma gota de sangue seja derramada.<br><br><a href=\"https:\/\/www.instagram.com\/p\/CfZl9AFu-AL\/\"><strong>Bel\u00e9m<\/strong><\/a><br><img loading=\"lazy\" decoding=\"async\" width=\"300\" height=\"300\" class=\"wp-image-41388\" style=\"width: 300px;\" src=\"https:\/\/www.greenpeace.org\/static\/planet4-brasil-stateless\/2022\/07\/cfb044b0-gpbr.belem_290702009_736606824281249_2470626374349202945_n.jpg\" alt=\"\" srcset=\"https:\/\/www.greenpeace.org\/static\/planet4-brasil-stateless\/2022\/07\/cfb044b0-gpbr.belem_290702009_736606824281249_2470626374349202945_n.jpg 1071w, https:\/\/www.greenpeace.org\/static\/planet4-brasil-stateless\/2022\/07\/cfb044b0-gpbr.belem_290702009_736606824281249_2470626374349202945_n-300x300.jpg 300w, https:\/\/www.greenpeace.org\/static\/planet4-brasil-stateless\/2022\/07\/cfb044b0-gpbr.belem_290702009_736606824281249_2470626374349202945_n-1024x1024.jpg 1024w, https:\/\/www.greenpeace.org\/static\/planet4-brasil-stateless\/2022\/07\/cfb044b0-gpbr.belem_290702009_736606824281249_2470626374349202945_n-150x150.jpg 150w, https:\/\/www.greenpeace.org\/static\/planet4-brasil-stateless\/2022\/07\/cfb044b0-gpbr.belem_290702009_736606824281249_2470626374349202945_n-768x768.jpg 768w, https:\/\/www.greenpeace.org\/static\/planet4-brasil-stateless\/2022\/07\/cfb044b0-gpbr.belem_290702009_736606824281249_2470626374349202945_n-340x340.jpg 340w\" sizes=\"auto, (max-width: 300px) 100vw, 300px\" \/><img loading=\"lazy\" decoding=\"async\" width=\"300\" height=\"300\" class=\"wp-image-41387\" style=\"width: 300px;\" src=\"https:\/\/www.greenpeace.org\/static\/planet4-brasil-stateless\/2022\/07\/ba4518e9-gpbr.belem_290926747_756955222024701_7664573067028459820_n.jpg\" alt=\"\" srcset=\"https:\/\/www.greenpeace.org\/static\/planet4-brasil-stateless\/2022\/07\/ba4518e9-gpbr.belem_290926747_756955222024701_7664573067028459820_n.jpg 1080w, https:\/\/www.greenpeace.org\/static\/planet4-brasil-stateless\/2022\/07\/ba4518e9-gpbr.belem_290926747_756955222024701_7664573067028459820_n-300x300.jpg 300w, https:\/\/www.greenpeace.org\/static\/planet4-brasil-stateless\/2022\/07\/ba4518e9-gpbr.belem_290926747_756955222024701_7664573067028459820_n-1024x1024.jpg 1024w, https:\/\/www.greenpeace.org\/static\/planet4-brasil-stateless\/2022\/07\/ba4518e9-gpbr.belem_290926747_756955222024701_7664573067028459820_n-150x150.jpg 150w, https:\/\/www.greenpeace.org\/static\/planet4-brasil-stateless\/2022\/07\/ba4518e9-gpbr.belem_290926747_756955222024701_7664573067028459820_n-768x768.jpg 768w, https:\/\/www.greenpeace.org\/static\/planet4-brasil-stateless\/2022\/07\/ba4518e9-gpbr.belem_290926747_756955222024701_7664573067028459820_n-340x340.jpg 340w\" sizes=\"auto, (max-width: 300px) 100vw, 300px\" \/><br><img loading=\"lazy\" decoding=\"async\" width=\"300\" height=\"300\" class=\"wp-image-41386\" style=\"width: 300px;\" src=\"https:\/\/www.greenpeace.org\/static\/planet4-brasil-stateless\/2022\/07\/c90f3830-gpbr.belem_291137680_517447390131946_8148136232248694011_n.jpg\" alt=\"\" srcset=\"https:\/\/www.greenpeace.org\/static\/planet4-brasil-stateless\/2022\/07\/c90f3830-gpbr.belem_291137680_517447390131946_8148136232248694011_n.jpg 1080w, https:\/\/www.greenpeace.org\/static\/planet4-brasil-stateless\/2022\/07\/c90f3830-gpbr.belem_291137680_517447390131946_8148136232248694011_n-300x300.jpg 300w, https:\/\/www.greenpeace.org\/static\/planet4-brasil-stateless\/2022\/07\/c90f3830-gpbr.belem_291137680_517447390131946_8148136232248694011_n-1024x1024.jpg 1024w, https:\/\/www.greenpeace.org\/static\/planet4-brasil-stateless\/2022\/07\/c90f3830-gpbr.belem_291137680_517447390131946_8148136232248694011_n-150x150.jpg 150w, https:\/\/www.greenpeace.org\/static\/planet4-brasil-stateless\/2022\/07\/c90f3830-gpbr.belem_291137680_517447390131946_8148136232248694011_n-768x768.jpg 768w, https:\/\/www.greenpeace.org\/static\/planet4-brasil-stateless\/2022\/07\/c90f3830-gpbr.belem_291137680_517447390131946_8148136232248694011_n-340x340.jpg 340w\" sizes=\"auto, (max-width: 300px) 100vw, 300px\" \/><img loading=\"lazy\" decoding=\"async\" width=\"300\" height=\"300\" class=\"wp-image-41385\" style=\"width: 300px;\" src=\"https:\/\/www.greenpeace.org\/static\/planet4-brasil-stateless\/2022\/07\/0b00b8bd-gpbr.belem_291341921_185486357157114_1823367826458460083_n.jpg\" alt=\"\" srcset=\"https:\/\/www.greenpeace.org\/static\/planet4-brasil-stateless\/2022\/07\/0b00b8bd-gpbr.belem_291341921_185486357157114_1823367826458460083_n.jpg 1080w, https:\/\/www.greenpeace.org\/static\/planet4-brasil-stateless\/2022\/07\/0b00b8bd-gpbr.belem_291341921_185486357157114_1823367826458460083_n-300x300.jpg 300w, https:\/\/www.greenpeace.org\/static\/planet4-brasil-stateless\/2022\/07\/0b00b8bd-gpbr.belem_291341921_185486357157114_1823367826458460083_n-1024x1024.jpg 1024w, https:\/\/www.greenpeace.org\/static\/planet4-brasil-stateless\/2022\/07\/0b00b8bd-gpbr.belem_291341921_185486357157114_1823367826458460083_n-150x150.jpg 150w, https:\/\/www.greenpeace.org\/static\/planet4-brasil-stateless\/2022\/07\/0b00b8bd-gpbr.belem_291341921_185486357157114_1823367826458460083_n-768x768.jpg 768w, https:\/\/www.greenpeace.org\/static\/planet4-brasil-stateless\/2022\/07\/0b00b8bd-gpbr.belem_291341921_185486357157114_1823367826458460083_n-340x340.jpg 340w\" sizes=\"auto, (max-width: 300px) 100vw, 300px\" \/><a href=\"https:\/\/www.instagram.com\/p\/CfZl9AFu-AL\/\"><strong><br><\/strong><\/a><br><a href=\"https:\/\/www.instagram.com\/p\/Cfh4DRfLs3M\/\"><strong>Manaus<\/strong><\/a><br><img loading=\"lazy\" decoding=\"async\" width=\"300\" height=\"226\" class=\"wp-image-41376\" style=\"width: 300px;\" src=\"https:\/\/www.greenpeace.org\/static\/planet4-brasil-stateless\/2022\/07\/c599c96a-gpbr.manaus_291213224_1487793501639215_454921972418432813_n.jpg\" alt=\"\" srcset=\"https:\/\/www.greenpeace.org\/static\/planet4-brasil-stateless\/2022\/07\/c599c96a-gpbr.manaus_291213224_1487793501639215_454921972418432813_n.jpg 1080w, https:\/\/www.greenpeace.org\/static\/planet4-brasil-stateless\/2022\/07\/c599c96a-gpbr.manaus_291213224_1487793501639215_454921972418432813_n-300x226.jpg 300w, https:\/\/www.greenpeace.org\/static\/planet4-brasil-stateless\/2022\/07\/c599c96a-gpbr.manaus_291213224_1487793501639215_454921972418432813_n-1024x770.jpg 1024w, https:\/\/www.greenpeace.org\/static\/planet4-brasil-stateless\/2022\/07\/c599c96a-gpbr.manaus_291213224_1487793501639215_454921972418432813_n-768x577.jpg 768w, https:\/\/www.greenpeace.org\/static\/planet4-brasil-stateless\/2022\/07\/c599c96a-gpbr.manaus_291213224_1487793501639215_454921972418432813_n-452x340.jpg 452w\" sizes=\"auto, (max-width: 300px) 100vw, 300px\" \/><img loading=\"lazy\" decoding=\"async\" width=\"300\" height=\"226\" class=\"wp-image-41377\" style=\"width: 300px;\" src=\"https:\/\/www.greenpeace.org\/static\/planet4-brasil-stateless\/2022\/07\/c4c84e57-gpbr.manaus_291090014_757986552315566_5068223855878073304_n.jpg\" alt=\"\" srcset=\"https:\/\/www.greenpeace.org\/static\/planet4-brasil-stateless\/2022\/07\/c4c84e57-gpbr.manaus_291090014_757986552315566_5068223855878073304_n.jpg 1080w, https:\/\/www.greenpeace.org\/static\/planet4-brasil-stateless\/2022\/07\/c4c84e57-gpbr.manaus_291090014_757986552315566_5068223855878073304_n-300x226.jpg 300w, https:\/\/www.greenpeace.org\/static\/planet4-brasil-stateless\/2022\/07\/c4c84e57-gpbr.manaus_291090014_757986552315566_5068223855878073304_n-1024x770.jpg 1024w, https:\/\/www.greenpeace.org\/static\/planet4-brasil-stateless\/2022\/07\/c4c84e57-gpbr.manaus_291090014_757986552315566_5068223855878073304_n-768x577.jpg 768w, https:\/\/www.greenpeace.org\/static\/planet4-brasil-stateless\/2022\/07\/c4c84e57-gpbr.manaus_291090014_757986552315566_5068223855878073304_n-452x340.jpg 452w\" sizes=\"auto, (max-width: 300px) 100vw, 300px\" \/><a href=\"https:\/\/www.instagram.com\/p\/Cfh4DRfLs3M\/\"><strong><br><\/strong><\/a><strong><br><\/strong><a href=\"https:\/\/www.instagram.com\/p\/Cfbwy_huQ59\/\"><strong>Belo Horizonte<\/strong><\/a><br><img loading=\"lazy\" decoding=\"async\" width=\"300\" height=\"300\" class=\"wp-image-41384\" style=\"width: 300px;\" src=\"https:\/\/www.greenpeace.org\/static\/planet4-brasil-stateless\/2022\/07\/8928a8f3-gpbr.belohorizonte_290390893_1079452916301938_8838552844884043534_n.jpg\" alt=\"\" srcset=\"https:\/\/www.greenpeace.org\/static\/planet4-brasil-stateless\/2022\/07\/8928a8f3-gpbr.belohorizonte_290390893_1079452916301938_8838552844884043534_n.jpg 541w, https:\/\/www.greenpeace.org\/static\/planet4-brasil-stateless\/2022\/07\/8928a8f3-gpbr.belohorizonte_290390893_1079452916301938_8838552844884043534_n-300x300.jpg 300w, https:\/\/www.greenpeace.org\/static\/planet4-brasil-stateless\/2022\/07\/8928a8f3-gpbr.belohorizonte_290390893_1079452916301938_8838552844884043534_n-150x150.jpg 150w, https:\/\/www.greenpeace.org\/static\/planet4-brasil-stateless\/2022\/07\/8928a8f3-gpbr.belohorizonte_290390893_1079452916301938_8838552844884043534_n-340x340.jpg 340w\" sizes=\"auto, (max-width: 300px) 100vw, 300px\" \/><img loading=\"lazy\" decoding=\"async\" width=\"300\" height=\"300\" class=\"wp-image-41382\" style=\"width: 300px;\" src=\"https:\/\/www.greenpeace.org\/static\/planet4-brasil-stateless\/2022\/07\/c99cab73-gpbr.belohorizonte_290868011_734420601133766_1484637319746578591_n.jpg\" alt=\"\" srcset=\"https:\/\/www.greenpeace.org\/static\/planet4-brasil-stateless\/2022\/07\/c99cab73-gpbr.belohorizonte_290868011_734420601133766_1484637319746578591_n.jpg 1080w, https:\/\/www.greenpeace.org\/static\/planet4-brasil-stateless\/2022\/07\/c99cab73-gpbr.belohorizonte_290868011_734420601133766_1484637319746578591_n-300x300.jpg 300w, https:\/\/www.greenpeace.org\/static\/planet4-brasil-stateless\/2022\/07\/c99cab73-gpbr.belohorizonte_290868011_734420601133766_1484637319746578591_n-1024x1024.jpg 1024w, https:\/\/www.greenpeace.org\/static\/planet4-brasil-stateless\/2022\/07\/c99cab73-gpbr.belohorizonte_290868011_734420601133766_1484637319746578591_n-150x150.jpg 150w, https:\/\/www.greenpeace.org\/static\/planet4-brasil-stateless\/2022\/07\/c99cab73-gpbr.belohorizonte_290868011_734420601133766_1484637319746578591_n-768x768.jpg 768w, https:\/\/www.greenpeace.org\/static\/planet4-brasil-stateless\/2022\/07\/c99cab73-gpbr.belohorizonte_290868011_734420601133766_1484637319746578591_n-340x340.jpg 340w\" sizes=\"auto, (max-width: 300px) 100vw, 300px\" \/><br><img loading=\"lazy\" decoding=\"async\" width=\"300\" height=\"300\" class=\"wp-image-41383\" style=\"width: 300px;\" src=\"https:\/\/www.greenpeace.org\/static\/planet4-brasil-stateless\/2022\/07\/242a0d0f-gpbr.belohorizonte_290761298_761656391543337_9010709499303265412_n.jpg\" alt=\"\" srcset=\"https:\/\/www.greenpeace.org\/static\/planet4-brasil-stateless\/2022\/07\/242a0d0f-gpbr.belohorizonte_290761298_761656391543337_9010709499303265412_n.jpg 1440w, https:\/\/www.greenpeace.org\/static\/planet4-brasil-stateless\/2022\/07\/242a0d0f-gpbr.belohorizonte_290761298_761656391543337_9010709499303265412_n-300x300.jpg 300w, https:\/\/www.greenpeace.org\/static\/planet4-brasil-stateless\/2022\/07\/242a0d0f-gpbr.belohorizonte_290761298_761656391543337_9010709499303265412_n-1024x1024.jpg 1024w, https:\/\/www.greenpeace.org\/static\/planet4-brasil-stateless\/2022\/07\/242a0d0f-gpbr.belohorizonte_290761298_761656391543337_9010709499303265412_n-150x150.jpg 150w, https:\/\/www.greenpeace.org\/static\/planet4-brasil-stateless\/2022\/07\/242a0d0f-gpbr.belohorizonte_290761298_761656391543337_9010709499303265412_n-768x768.jpg 768w, https:\/\/www.greenpeace.org\/static\/planet4-brasil-stateless\/2022\/07\/242a0d0f-gpbr.belohorizonte_290761298_761656391543337_9010709499303265412_n-1366x1366.jpg 1366w, https:\/\/www.greenpeace.org\/static\/planet4-brasil-stateless\/2022\/07\/242a0d0f-gpbr.belohorizonte_290761298_761656391543337_9010709499303265412_n-340x340.jpg 340w\" sizes=\"auto, (max-width: 300px) 100vw, 300px\" \/><img loading=\"lazy\" decoding=\"async\" width=\"300\" height=\"300\" class=\"wp-image-41381\" style=\"width: 300px;\" src=\"https:\/\/www.greenpeace.org\/static\/planet4-brasil-stateless\/2022\/07\/e9e3d765-gpbr.belohorizonte_290718440_376213567827124_9050706335698722263_n.jpg\" alt=\"\" srcset=\"https:\/\/www.greenpeace.org\/static\/planet4-brasil-stateless\/2022\/07\/e9e3d765-gpbr.belohorizonte_290718440_376213567827124_9050706335698722263_n.jpg 1440w, https:\/\/www.greenpeace.org\/static\/planet4-brasil-stateless\/2022\/07\/e9e3d765-gpbr.belohorizonte_290718440_376213567827124_9050706335698722263_n-300x300.jpg 300w, https:\/\/www.greenpeace.org\/static\/planet4-brasil-stateless\/2022\/07\/e9e3d765-gpbr.belohorizonte_290718440_376213567827124_9050706335698722263_n-1024x1024.jpg 1024w, https:\/\/www.greenpeace.org\/static\/planet4-brasil-stateless\/2022\/07\/e9e3d765-gpbr.belohorizonte_290718440_376213567827124_9050706335698722263_n-150x150.jpg 150w, https:\/\/www.greenpeace.org\/static\/planet4-brasil-stateless\/2022\/07\/e9e3d765-gpbr.belohorizonte_290718440_376213567827124_9050706335698722263_n-768x768.jpg 768w, https:\/\/www.greenpeace.org\/static\/planet4-brasil-stateless\/2022\/07\/e9e3d765-gpbr.belohorizonte_290718440_376213567827124_9050706335698722263_n-1366x1366.jpg 1366w, https:\/\/www.greenpeace.org\/static\/planet4-brasil-stateless\/2022\/07\/e9e3d765-gpbr.belohorizonte_290718440_376213567827124_9050706335698722263_n-340x340.jpg 340w\" sizes=\"auto, (max-width: 300px) 100vw, 300px\" \/><a href=\"https:\/\/www.instagram.com\/p\/Cfbwy_huQ59\/\"><strong><br><\/strong><\/a><a href=\"https:\/\/conexaoverde.greenpeace.org.br\/group\/grupo-de-voluntarios-de-belo-horizonte\/topico\/sangue-indigena-nenhuma-gota-mais\"><strong>Vem ver mais registros no Conex\u00e3o Verde!<\/strong><\/a><br><br>Essas imagens nos inspiram a tamb\u00e9m fazer algo para mudar essa situa\u00e7\u00e3o, n\u00e3o \u00e9 mesmo? E n\u00f3s podemos, al\u00e9m de participar desses atos, adquirir mais conhecimento atrav\u00e9s das lives, rodas de conversas e den\u00fancias promovidas pelos voluntas, vem ver:<br><br>O grupo de <strong>Salvador<\/strong> organizou uma live junto com o <em><em>PET (Programa de Educa\u00e7\u00e3o Tutorial)<\/em> Socioambientais &#8211; UFRB<\/em> para falar sobre cidadania e meio ambiente.<strong> <\/strong><a href=\"https:\/\/www.youtube.com\/watch?v=rUUsbshY3BU\"><strong>Se voc\u00ea perdeu, corre pra ver, o link est\u00e1 dispon\u00edvel!<\/strong><\/a><br><img loading=\"lazy\" decoding=\"async\" width=\"300\" height=\"300\" class=\"wp-image-41375\" style=\"width: 300px;\" src=\"https:\/\/www.greenpeace.org\/static\/planet4-brasil-stateless\/2022\/07\/8fe10695-gpbr.salvador_290902953_449479416558254_2946259970287298750_n.jpg\" alt=\"\" srcset=\"https:\/\/www.greenpeace.org\/static\/planet4-brasil-stateless\/2022\/07\/8fe10695-gpbr.salvador_290902953_449479416558254_2946259970287298750_n.jpg 1080w, https:\/\/www.greenpeace.org\/static\/planet4-brasil-stateless\/2022\/07\/8fe10695-gpbr.salvador_290902953_449479416558254_2946259970287298750_n-300x300.jpg 300w, https:\/\/www.greenpeace.org\/static\/planet4-brasil-stateless\/2022\/07\/8fe10695-gpbr.salvador_290902953_449479416558254_2946259970287298750_n-1024x1024.jpg 1024w, https:\/\/www.greenpeace.org\/static\/planet4-brasil-stateless\/2022\/07\/8fe10695-gpbr.salvador_290902953_449479416558254_2946259970287298750_n-150x150.jpg 150w, https:\/\/www.greenpeace.org\/static\/planet4-brasil-stateless\/2022\/07\/8fe10695-gpbr.salvador_290902953_449479416558254_2946259970287298750_n-768x768.jpg 768w, https:\/\/www.greenpeace.org\/static\/planet4-brasil-stateless\/2022\/07\/8fe10695-gpbr.salvador_290902953_449479416558254_2946259970287298750_n-340x340.jpg 340w\" sizes=\"auto, (max-width: 300px) 100vw, 300px\" \/><a href=\"https:\/\/www.youtube.com\/watch?v=rUUsbshY3BU\"><strong><br><\/strong><\/a><br>O grupo de<a href=\"https:\/\/www.instagram.com\/p\/CfbjLVqLXf1\/\"><strong> Fortaleza<\/strong><\/a> e o grupo de<a href=\"https:\/\/www.instagram.com\/gpbr.cg\/\"><strong> Campina Grande<\/strong><\/a>, que est\u00e1 em forma\u00e7\u00e3o, participaram de uma roda de conversa sobre Ativismo Corporativo.<strong><br><\/strong><img loading=\"lazy\" decoding=\"async\" width=\"300\" height=\"300\" class=\"wp-image-41378\" style=\"width: 300px;\" src=\"https:\/\/www.greenpeace.org\/static\/planet4-brasil-stateless\/2022\/07\/742fcc6a-gpbr.fortaleza_291548271_741797333527778_4279122522421354510_n.jpg\" alt=\"\" srcset=\"https:\/\/www.greenpeace.org\/static\/planet4-brasil-stateless\/2022\/07\/742fcc6a-gpbr.fortaleza_291548271_741797333527778_4279122522421354510_n.jpg 1080w, https:\/\/www.greenpeace.org\/static\/planet4-brasil-stateless\/2022\/07\/742fcc6a-gpbr.fortaleza_291548271_741797333527778_4279122522421354510_n-300x300.jpg 300w, https:\/\/www.greenpeace.org\/static\/planet4-brasil-stateless\/2022\/07\/742fcc6a-gpbr.fortaleza_291548271_741797333527778_4279122522421354510_n-1024x1024.jpg 1024w, https:\/\/www.greenpeace.org\/static\/planet4-brasil-stateless\/2022\/07\/742fcc6a-gpbr.fortaleza_291548271_741797333527778_4279122522421354510_n-150x150.jpg 150w, https:\/\/www.greenpeace.org\/static\/planet4-brasil-stateless\/2022\/07\/742fcc6a-gpbr.fortaleza_291548271_741797333527778_4279122522421354510_n-768x768.jpg 768w, https:\/\/www.greenpeace.org\/static\/planet4-brasil-stateless\/2022\/07\/742fcc6a-gpbr.fortaleza_291548271_741797333527778_4279122522421354510_n-340x340.jpg 340w\" sizes=\"auto, (max-width: 300px) 100vw, 300px\" \/><strong><br><\/strong><br><a href=\"https:\/\/www.instagram.com\/p\/CfW1Ewvu8S1\/\"><strong>Zona da Mata Mineira<\/strong><\/a> e<strong> <\/strong><a href=\"https:\/\/www.instagram.com\/p\/CfW0ifFuzaM\/\"><strong>Belo Horizonte<\/strong><\/a><strong> <\/strong>falaram sobre a destrui\u00e7\u00e3o da Mata Atl\u00e2ntica em Minas Gerais, trazendo \u00e0 mem\u00f3ria<strong> <\/strong><a href=\"https:\/\/www.instagram.com\/p\/Cfcd-uMuJ2L\/\"><strong>a lei N\u00ba 11.428, de 22 de dezembro de 2006<\/strong><\/a><strong> <\/strong>e como ela pode proteger o bioma:<br><img loading=\"lazy\" decoding=\"async\" width=\"293\" height=\"293\" src=\"https:\/\/lh4.googleusercontent.com\/gdXew2aF0optZmT6OybWDemuoMuPxykDyCrQHjz8ICDWjHVUIFkzvIhhgcY8kIr4AVOG9j6wrecGFV5ixifi9L-a2O8pjezfM30RmVl0rea1Hy4mrsbe2dlYcrQwFNxfSGU1Bu6u44mlE6hHAzJYRw\"><br><img loading=\"lazy\" decoding=\"async\" width=\"292\" height=\"292\" src=\"https:\/\/lh5.googleusercontent.com\/Ij34IyTUgG1KxGNu8023WQnF9sSCNiVUkYqYVyOoSBhzsDhHFl9_G0alxylsRYkz0kzxg1CiVwaec8-M7-0PNjdqj_dv-YaLgHZKg1H-3A1G9aeNJQPq2ec6Oozar_q_uEBuFk24mBBYMGIGFGJyJg\"><img loading=\"lazy\" decoding=\"async\" width=\"292\" height=\"292\" src=\"https:\/\/lh5.googleusercontent.com\/QbSHhpRrBoAiD89QfxvqbDe39_W35DG6UeVE7v8WnKAzLpY7lYycaDf6akmhu_vmFm0oHZ58OzLOMWKL1f8VrDCo_6CPZvxtgVliTbx3l9joj7l39hNaGlN2QUuf1aO-5jVI_78WH9BDL0_oWthsGw\"><br><br><a href=\"https:\/\/www.instagram.com\/p\/CfeRAAPLHru\/\"><strong>Jo\u00e3o Pessoa<\/strong><\/a><strong> <\/strong>e<a href=\"https:\/\/www.instagram.com\/p\/CfeRAAPLHru\/\"><strong> Belo Horizonte<\/strong><\/a><strong> <\/strong>se mobilizaram contra o PL do Veneno ( 2699\/2002).<br><img loading=\"lazy\" decoding=\"async\" width=\"300\" height=\"300\" class=\"wp-image-41380\" style=\"width: 300px;\" src=\"https:\/\/www.greenpeace.org\/static\/planet4-brasil-stateless\/2022\/07\/43c5863f-gpbr.jampa_291507347_763230541358139_6227677259494044555_n.jpg\" alt=\"\" srcset=\"https:\/\/www.greenpeace.org\/static\/planet4-brasil-stateless\/2022\/07\/43c5863f-gpbr.jampa_291507347_763230541358139_6227677259494044555_n.jpg 1080w, https:\/\/www.greenpeace.org\/static\/planet4-brasil-stateless\/2022\/07\/43c5863f-gpbr.jampa_291507347_763230541358139_6227677259494044555_n-300x300.jpg 300w, https:\/\/www.greenpeace.org\/static\/planet4-brasil-stateless\/2022\/07\/43c5863f-gpbr.jampa_291507347_763230541358139_6227677259494044555_n-1024x1024.jpg 1024w, https:\/\/www.greenpeace.org\/static\/planet4-brasil-stateless\/2022\/07\/43c5863f-gpbr.jampa_291507347_763230541358139_6227677259494044555_n-150x150.jpg 150w, https:\/\/www.greenpeace.org\/static\/planet4-brasil-stateless\/2022\/07\/43c5863f-gpbr.jampa_291507347_763230541358139_6227677259494044555_n-768x768.jpg 768w, https:\/\/www.greenpeace.org\/static\/planet4-brasil-stateless\/2022\/07\/43c5863f-gpbr.jampa_291507347_763230541358139_6227677259494044555_n-340x340.jpg 340w\" sizes=\"auto, (max-width: 300px) 100vw, 300px\" \/><strong><br><\/strong><br>Para comemorar o anivers\u00e1rio de 02 anos,<a href=\"https:\/\/www.instagram.com\/p\/CfkJmhZJ_sm\/\"> <strong>o grupo de Jo\u00e3o Pessoa plantou 20 mudas de \u00e1rvores nativas no dia 2 de julho, na Pra\u00e7a Parque Linear Parayba III<\/strong><\/a><strong>:<br><\/strong><img loading=\"lazy\" decoding=\"async\" width=\"300\" height=\"300\" class=\"wp-image-41371\" style=\"width: 300px;\" src=\"https:\/\/www.greenpeace.org\/static\/planet4-brasil-stateless\/2022\/07\/f727e7d4-gpbr.jampa_291682098_590287972655714_3968101209871213537_n.jpg\" alt=\"\" srcset=\"https:\/\/www.greenpeace.org\/static\/planet4-brasil-stateless\/2022\/07\/f727e7d4-gpbr.jampa_291682098_590287972655714_3968101209871213537_n.jpg 1080w, https:\/\/www.greenpeace.org\/static\/planet4-brasil-stateless\/2022\/07\/f727e7d4-gpbr.jampa_291682098_590287972655714_3968101209871213537_n-300x300.jpg 300w, https:\/\/www.greenpeace.org\/static\/planet4-brasil-stateless\/2022\/07\/f727e7d4-gpbr.jampa_291682098_590287972655714_3968101209871213537_n-1024x1024.jpg 1024w, https:\/\/www.greenpeace.org\/static\/planet4-brasil-stateless\/2022\/07\/f727e7d4-gpbr.jampa_291682098_590287972655714_3968101209871213537_n-150x150.jpg 150w, https:\/\/www.greenpeace.org\/static\/planet4-brasil-stateless\/2022\/07\/f727e7d4-gpbr.jampa_291682098_590287972655714_3968101209871213537_n-768x768.jpg 768w, https:\/\/www.greenpeace.org\/static\/planet4-brasil-stateless\/2022\/07\/f727e7d4-gpbr.jampa_291682098_590287972655714_3968101209871213537_n-340x340.jpg 340w\" sizes=\"auto, (max-width: 300px) 100vw, 300px\" \/><img loading=\"lazy\" decoding=\"async\" width=\"300\" height=\"300\" class=\"wp-image-41370\" style=\"width: 300px;\" src=\"https:\/\/www.greenpeace.org\/static\/planet4-brasil-stateless\/2022\/07\/ec13bbcd-gpbr.jampa_291769899_1111608162900360_6561721666612275541_n.jpg\" alt=\"\" srcset=\"https:\/\/www.greenpeace.org\/static\/planet4-brasil-stateless\/2022\/07\/ec13bbcd-gpbr.jampa_291769899_1111608162900360_6561721666612275541_n.jpg 1080w, https:\/\/www.greenpeace.org\/static\/planet4-brasil-stateless\/2022\/07\/ec13bbcd-gpbr.jampa_291769899_1111608162900360_6561721666612275541_n-300x300.jpg 300w, https:\/\/www.greenpeace.org\/static\/planet4-brasil-stateless\/2022\/07\/ec13bbcd-gpbr.jampa_291769899_1111608162900360_6561721666612275541_n-1024x1024.jpg 1024w, https:\/\/www.greenpeace.org\/static\/planet4-brasil-stateless\/2022\/07\/ec13bbcd-gpbr.jampa_291769899_1111608162900360_6561721666612275541_n-150x150.jpg 150w, https:\/\/www.greenpeace.org\/static\/planet4-brasil-stateless\/2022\/07\/ec13bbcd-gpbr.jampa_291769899_1111608162900360_6561721666612275541_n-768x768.jpg 768w, https:\/\/www.greenpeace.org\/static\/planet4-brasil-stateless\/2022\/07\/ec13bbcd-gpbr.jampa_291769899_1111608162900360_6561721666612275541_n-340x340.jpg 340w\" sizes=\"auto, (max-width: 300px) 100vw, 300px\" \/><\/p>\n\n<p>Gostou? Ent\u00e3o bora fazer parte da campanha: \u201cUma \u00e1rvore na minha vida\u201d. <a href=\"https:\/\/www.instagram.com\/p\/Cfm7C0GpeO8\/\"><strong>\u00c9 uma campanha promovida pelo grupo de Jo\u00e3o Pessoa para incentivar o plantio de \u00e1rvores e contribuir com a arboriza\u00e7\u00e3o urbana.<\/strong><br><\/a><img loading=\"lazy\" decoding=\"async\" src=\"https:\/\/lh4.googleusercontent.com\/0zK_Ff-QoA9tbCnhCFiUXHtuE2yNDus2kdqtPaXaIypX_sYhrN4ksMDW0mKakeZZJhDGORbTVVeO7TpnazyMgaPMZEccypymShYpWuCSIq7EvFP6_HrGyWS1CKeYtmDQVhWdRLekskFP7TWN4KNBu-g\" width=\"337\" height=\"336\">.<\/p>\n\n<p>Nesse mesmo clima de festa, Belo Horizonte comemorou a <a href=\"https:\/\/www.instagram.com\/p\/CfhsN5YO6TX\/\"><strong>entrada de novos volunt\u00e1ries no grupo!<\/strong><\/a><strong> <br><\/strong><img loading=\"lazy\" decoding=\"async\" width=\"300\" height=\"300\" class=\"wp-image-41379\" style=\"width: 300px;\" src=\"https:\/\/www.greenpeace.org\/static\/planet4-brasil-stateless\/2022\/07\/51b5e023-gpbr.belohorizonte_291937240_1371005863395513_1026010474130071373_n.jpg\" alt=\"\" srcset=\"https:\/\/www.greenpeace.org\/static\/planet4-brasil-stateless\/2022\/07\/51b5e023-gpbr.belohorizonte_291937240_1371005863395513_1026010474130071373_n.jpg 1080w, https:\/\/www.greenpeace.org\/static\/planet4-brasil-stateless\/2022\/07\/51b5e023-gpbr.belohorizonte_291937240_1371005863395513_1026010474130071373_n-300x300.jpg 300w, https:\/\/www.greenpeace.org\/static\/planet4-brasil-stateless\/2022\/07\/51b5e023-gpbr.belohorizonte_291937240_1371005863395513_1026010474130071373_n-1024x1024.jpg 1024w, https:\/\/www.greenpeace.org\/static\/planet4-brasil-stateless\/2022\/07\/51b5e023-gpbr.belohorizonte_291937240_1371005863395513_1026010474130071373_n-150x150.jpg 150w, https:\/\/www.greenpeace.org\/static\/planet4-brasil-stateless\/2022\/07\/51b5e023-gpbr.belohorizonte_291937240_1371005863395513_1026010474130071373_n-768x768.jpg 768w, https:\/\/www.greenpeace.org\/static\/planet4-brasil-stateless\/2022\/07\/51b5e023-gpbr.belohorizonte_291937240_1371005863395513_1026010474130071373_n-340x340.jpg 340w\" sizes=\"auto, (max-width: 300px) 100vw, 300px\" \/><\/p>\n\n<p>As boas vindas n\u00e3o acabam por aqui. Para voc\u00ea, que participou do processo seletivo do grupo de voluntas de Belo Horizonte, bora pra reuni\u00e3o que ser\u00e1 dia 09 de julho, \u00e0s 10h. <a href=\"https:\/\/conexaoverde.greenpeace.org.br\/group\/grupo-de-voluntarios-de-belo-horizonte\/evento\/encontro-de-voluntarios-bh\"><strong>Se inscreva no link do Conex\u00e3o Verde!<\/strong><\/a> \ud83e\udd73<br><img loading=\"lazy\" decoding=\"async\" src=\"https:\/\/lh6.googleusercontent.com\/Eb0DdBRA6FiJ69ojWt0BGPBDyK5ut0R-x1yVkd2OThkgK4LCW1yXEm5BY1-q1rMEm-PMu3tM4kww31sg0sE3SnBRVm2szE-oa1OXLc87-aRvXh970xrskfYHZDvUplCnGAYI5mbKa-KnrwlCnePMfw\" width=\"362\" height=\"361\"><\/p>\n\n<p>Tantas mobiliza\u00e7\u00f5es\u2026 bateu at\u00e9 uma fominha \ud83d\ude0b, ent\u00e3o j\u00e1 pega <a href=\"https:\/\/www.instagram.com\/p\/CfnJ8dTOA1g\/\"><strong>essa receitinha de p\u00e3o de queijo vegano do Leste Paulista<\/strong><\/a>, e arrase na cozinha:<br><img loading=\"lazy\" decoding=\"async\" width=\"295\" height=\"295\" src=\"https:\/\/lh4.googleusercontent.com\/Jq88zweOMCdvEKKTCBRH0U2VWMx3ckXyBfN6Jxfrk9UAeGc0lCmkKIoQfQvxcA-DC-P-F-L2EQIohOxboZBn3fHV6vqUWZCiw3Co1FjyWySQt17UcNDf6rj-9Gqy1gKNuB8E3aAIEjcVMfesaArIXbA\"><img loading=\"lazy\" decoding=\"async\" width=\"298\" height=\"293\" src=\"https:\/\/lh3.googleusercontent.com\/6q6Jjuz-s4AUrwrtsBh1OJ_ZHQYJQ-MYiZdCJbVLbA3QZfKGk_Rg4gh3_NyVwMuI7-v-O2S0t_AeppI3W2RykA_dN6eGNPYH0bTgYOBK2daOY3qm8l0ihlKCxVAhzG8z8PwAuCfDOet7I21BnACV6QM\"><br><img loading=\"lazy\" decoding=\"async\" width=\"298\" height=\"297\" src=\"https:\/\/lh4.googleusercontent.com\/H739mOsuzVLUrVJKSv_Qq2USg3aMHebu7LJZJLuELU_6REmNmx4Kjb0TYdT5Xl2n3yC1-ItJ5ZQ6Y6Rf85wBSEAoDouzHJhW-RXq3Idy_cPuG0REKJj9HlHm6LfKl0uU03NlXlIu5-RWwZilsXr6ukc\"><\/p>\n\n<p>Isso a\u00ed, amores! Sem luta, n\u00e3o h\u00e1 vit\u00f3ria. Continuamos firmes e fortes <em>na luta por um mundo mais justo, verde e pac\u00edfico.<\/em> Beijo forte no cora\u00e7\u00e3o <em>&nbsp;\ud83d\udc4b\ud83d\ude18<\/em><\/p>\n","protected":false},"excerpt":{"rendered":"<p>Ol\u00e1, galerinha! #julhou e n\u00e3o temos limite para o esp\u00edrito ativista que habita dentro dos volunt\u00e1ries.<\/p>\n","protected":false},"author":103,"featured_media":41387,"comment_status":"open","ping_status":"closed","sticky":false,"template":"","format":"standard","meta":{"ep_exclude_from_search":false,"p4_og_title":"","p4_og_description":"","p4_og_image":"","p4_og_image_id":"","p4_seo_canonical_url":"","p4_campaign_name":"","p4_local_project":"","p4_basket_name":"","p4_department":"","footnotes":""},"categories":[5],"tags":[23],"p4-page-type":[38],"class_list":["post-41366","post","type-post","status-publish","format-standard","has-post-thumbnail","hentry","category-greenpeace","tag-mobilizacao","p4-page-type-voluntarios"],"_links":{"self":[{"href":"https:\/\/www.greenpeace.org\/brasil\/wp-json\/wp\/v2\/posts\/41366","targetHints":{"allow":["GET"]}}],"collection":[{"href":"https:\/\/www.greenpeace.org\/brasil\/wp-json\/wp\/v2\/posts"}],"about":[{"href":"https:\/\/www.greenpeace.org\/brasil\/wp-json\/wp\/v2\/types\/post"}],"author":[{"embeddable":true,"href":"https:\/\/www.greenpeace.org\/brasil\/wp-json\/wp\/v2\/users\/103"}],"replies":[{"embeddable":true,"href":"https:\/\/www.greenpeace.org\/brasil\/wp-json\/wp\/v2\/comments?post=41366"}],"version-history":[{"count":3,"href":"https:\/\/www.greenpeace.org\/brasil\/wp-json\/wp\/v2\/posts\/41366\/revisions"}],"predecessor-version":[{"id":58584,"href":"https:\/\/www.greenpeace.org\/brasil\/wp-json\/wp\/v2\/posts\/41366\/revisions\/58584"}],"wp:featuredmedia":[{"embeddable":true,"href":"https:\/\/www.greenpeace.org\/brasil\/wp-json\/wp\/v2\/media\/41387"}],"wp:attachment":[{"href":"https:\/\/www.greenpeace.org\/brasil\/wp-json\/wp\/v2\/media?parent=41366"}],"wp:term":[{"taxonomy":"category","embeddable":true,"href":"https:\/\/www.greenpeace.org\/brasil\/wp-json\/wp\/v2\/categories?post=41366"},{"taxonomy":"post_tag","embeddable":true,"href":"https:\/\/www.greenpeace.org\/brasil\/wp-json\/wp\/v2\/tags?post=41366"},{"taxonomy":"p4-page-type","embeddable":true,"href":"https:\/\/www.greenpeace.org\/brasil\/wp-json\/wp\/v2\/p4-page-type?post=41366"}],"curies":[{"name":"wp","href":"https:\/\/api.w.org\/{rel}","templated":true}]}}