{"id":42527,"date":"2022-09-08T14:18:25","date_gmt":"2022-09-08T17:18:25","guid":{"rendered":"https:\/\/www.greenpeace.org\/brasil\/?p=42527"},"modified":"2022-09-08T14:18:27","modified_gmt":"2022-09-08T17:18:27","slug":"patria-derrubada-e-queimada-brasil","status":"publish","type":"post","link":"https:\/\/www.greenpeace.org\/brasil\/blog\/patria-derrubada-e-queimada-brasil\/","title":{"rendered":"P\u00e1tria derrubada e queimada, Brasil"},"content":{"rendered":"\n<h4 class=\"wp-block-heading\">No m\u00eas do bicenten\u00e1rio da Independ\u00eancia, Brasil se supera em queimadas na Amaz\u00f4nia. Ap\u00f3s 200 anos, estamos repetimos a mesma din\u00e2mica predat\u00f3ria<\/h4>\n\n<figure class=\"wp-block-image size-full\"><img loading=\"lazy\" decoding=\"async\" width=\"800\" height=\"533\" src=\"https:\/\/www.greenpeace.org\/static\/planet4-brasil-stateless\/2022\/09\/26886261-gp1szphl_web_size.jpg\" alt=\"\" class=\"wp-image-42529\" srcset=\"https:\/\/www.greenpeace.org\/static\/planet4-brasil-stateless\/2022\/09\/26886261-gp1szphl_web_size.jpg 800w, https:\/\/www.greenpeace.org\/static\/planet4-brasil-stateless\/2022\/09\/26886261-gp1szphl_web_size-300x200.jpg 300w, https:\/\/www.greenpeace.org\/static\/planet4-brasil-stateless\/2022\/09\/26886261-gp1szphl_web_size-768x512.jpg 768w, https:\/\/www.greenpeace.org\/static\/planet4-brasil-stateless\/2022\/09\/26886261-gp1szphl_web_size-510x340.jpg 510w\" sizes=\"auto, (max-width: 800px) 100vw, 800px\" \/><figcaption>Sobrevoo na regi\u00e3o da Amacro (Amazonas, Acre e Rond\u00f4nia), em uma \u00e1rea com cerca de 8.000 hectares de desmatamento &#8211; a maior em 2022 &#8211; que est\u00e1 queimando h\u00e1 dias. \u00a9 Nilmar Lage \/ Greenpeace<\/figcaption><\/figure>\n\n<p>A primeira riqueza usurpada do povo brasileiro foi uma \u00e1rvore, o famoso pau-brasil. N\u00e3o somente uma, mas dois milh\u00f5es de \u00e1rvores durante o primeiro s\u00e9culo de explora\u00e7\u00e3o portuguesa, segundo registros do Arquivo Nacional &#8211; o correspondente a seis mil quil\u00f4metros quadrados (km\u00b2) da Mata Atl\u00e2ntica. N\u00e3o foi \u00e0 toa que deram nome de \u00e1rvore a esta na\u00e7\u00e3o. Quando conquistamos nossa independ\u00eancia, quase j\u00e1 n\u00e3o havia pau-brasil para contar hist\u00f3ria.<\/p>\n\n<p>Duzentos anos depois, mais uma vez assistimos a nossas \u00e1rvores e povos tradicionais tombar sobre essa terra. Por\u00e9m, dessa vez, numa velocidade inimagin\u00e1vel: um ter\u00e7o de toda a perda de vegeta\u00e7\u00e3o nativa do Brasil se deu nos \u00faltimos 37 anos (<a href=\"https:\/\/mapbiomas.org\/um-terco-da-perda-de-vegetacao-nativa-do-brasil-desde--o-descobrimento-aconteceu-nos-ultimos-37-anos\">MapBiomas<\/a>). E se os portugueses levaram um s\u00e9culo para arrancarem dois milh\u00f5es de pau-brasil no passado, os novos desmatadores levaram menos de nove meses para cortarem mais de 361 milh\u00f5es de \u00e1rvores somente da Amaz\u00f4nia Legal em 2022, de acordo com dados calculados pelo Greenpeace Brasil.<\/p>\n\n<p>Na semana em que comemoramos nosso bicenten\u00e1rio de independ\u00eancia, nossas florestas est\u00e3o em chamas: em apenas uma semana de setembro deste ano j\u00e1 superamos o n\u00famero de focos de calor registrados na Amaz\u00f4nia em todo o m\u00eas do ano passado. De 1 a 7 de setembro, Dia da Independ\u00eancia, foram 18.374 queimadas na Amaz\u00f4nia, segundo dados do Instituto Nacional de Pesquisas Espaciais (Inpe). Em setembro de 2021 foram 16.742 ao todo. <strong>Se compararmos esta semana com a primeira semana de setembro de 2021, o aumento nas queimadas \u00e9 de <\/strong><strong>474%.<\/strong><\/p>\n\n<p>\u201cNa semana em que comemoramos a Independ\u00eancia do Brasil e o Dia da Amaz\u00f4nia, os n\u00fameros referentes a queimadas e inc\u00eandios florestais s\u00f3 refor\u00e7am que estamos repetindo a mesma din\u00e2mica predat\u00f3ria de 200 anos atr\u00e1s, propagando uma economia da destrui\u00e7\u00e3o que ainda se alimenta fortemente de recursos naturais ao passo que n\u00e3o traz o t\u00e3o almejado desenvolvimento real para a Amaz\u00f4nia\u201d, declara Cristiane Mazzetti, porta-voz de Amaz\u00f4nia do Greenpeace Brasil.<\/p>\n\n<p>O \u00cdndice de Progresso Social, que analisa vari\u00e1veis socioambientais, revelou que, em 2021, a m\u00e9dia do \u00edndice para os munic\u00edpios da Amaz\u00f4nia Legal foi 16% inferior \u00e0 m\u00e9dia nacional, e a diferen\u00e7a \u00e9 ainda maior em munic\u00edpios com altos \u00edndices de desmatamento.<\/p>\n\n<p>\u201cEstamos entregando um patrim\u00f4nio que \u00e9 dos brasileiros e brasileiras nas m\u00e3os de criminosos que avan\u00e7am sobre a floresta aceleradamente e cujas a\u00e7\u00f5es ganharam for\u00e7a, especialmente nos \u00faltimos tr\u00eas anos, com a gest\u00e3o claramente antiambiental do governo federal\u201d, completa Cristiane.<\/p>\n\n<p>\u00c9 fato que todos os governos tiveram sua participa\u00e7\u00e3o ou permitiram direta e indiretamente a continuidade da destrui\u00e7\u00e3o ambiental, mas diferente da gest\u00e3o atual, vale pontuar que houve esfor\u00e7os em governos anteriores para conter essa din\u00e2mica predat\u00f3ria.\u00a0<\/p>\n\n<p>No governo de Fernando Henrique Cardoso, por exemplo, foram demarcados mais de 600 mil km\u00b2 de terras ind\u00edgenas, foram dadas as condi\u00e7\u00f5es para a cria\u00e7\u00e3o das ferramentas de monitoramento do Inpe e estabeleceu-se um marco para combate \u00e0 grilagem a partir do livro branco da grilagem de terras.\u00a0<\/p>\n\n<p>Nos governos seguintes, foi colocado em pr\u00e1tica o Plano de A\u00e7\u00e3o para Preven\u00e7\u00e3o e Controle do Desmatamento na Amaz\u00f4nia (o PPCDAm), o que incluiu muitas a\u00e7\u00f5es de comando e controle, corte de financiamento para quem desmata e cria\u00e7\u00e3o de diversas Unidades de Conserva\u00e7\u00e3o, culminando na redu\u00e7\u00e3o do desmatamento para menos de 5 mil km\u00b2 em 2012.&nbsp;<\/p>\n\n<p><a href=\"https:\/\/governodadestruicao.org\/\">Nos \u00faltimos anos, no entanto, al\u00e9m de n\u00e3o existir plano ou a\u00e7\u00f5es nessa dire\u00e7\u00e3o, est\u00e1 em curso um desmantelamento dos \u00f3rg\u00e3os ambientais<\/a>, corte e baixa execu\u00e7\u00e3o de or\u00e7amento, estrat\u00e9gias apenas midi\u00e1ticas e com baixa efetividade, a exemplo do decreto proibitivo para uso do fogo dissociado de fiscaliza\u00e7\u00e3o e o uso das For\u00e7as Armadas protagonizando as a\u00e7\u00f5es de fiscaliza\u00e7\u00e3o.\u00a0<\/p>\n\n<p>O desmatamento est\u00e1 fora de controle e a escala s\u00f3 aumenta. Estamos de volta ao passado e precisamos nos libertar dessa rela\u00e7\u00e3o com a natureza que mina dia a dia nossas chances de futuro.\u00a0\u00a0<\/p>\n\n<p class=\"has-green-500-background-color has-background\"><a href=\"https:\/\/www.greenpeace.org\/brasil\/apoie\/todos-pela-amazonia\/\"><strong>Quer agir para frear tanta destrui\u00e7\u00e3o? Entre para a Brigada Digital e torne-se um ativista pelas florestas.\u00a0<\/strong>\ud83c\udf33<\/a><\/p>\n","protected":false},"excerpt":{"rendered":"<p>No m\u00eas do bicenten\u00e1rio da Independ\u00eancia, Brasil se supera em queimadas na Amaz\u00f4nia. S\u00e3o 200 anos repetindo a mesma din\u00e2mica predat\u00f3ria<\/p>\n","protected":false},"author":28,"featured_media":42529,"comment_status":"open","ping_status":"closed","sticky":false,"template":"","format":"standard","meta":{"ep_exclude_from_search":false,"p4_og_title":"","p4_og_description":"","p4_og_image":"","p4_og_image_id":"","p4_seo_canonical_url":"","p4_campaign_name":"not set","p4_local_project":"not set","p4_basket_name":"not set","p4_department":"","footnotes":""},"categories":[49],"tags":[46],"p4-page-type":[16],"class_list":["post-42527","post","type-post","status-publish","format-standard","has-post-thumbnail","hentry","category-amazonia","tag-desmatamento","p4-page-type-blog"],"_links":{"self":[{"href":"https:\/\/www.greenpeace.org\/brasil\/wp-json\/wp\/v2\/posts\/42527","targetHints":{"allow":["GET"]}}],"collection":[{"href":"https:\/\/www.greenpeace.org\/brasil\/wp-json\/wp\/v2\/posts"}],"about":[{"href":"https:\/\/www.greenpeace.org\/brasil\/wp-json\/wp\/v2\/types\/post"}],"author":[{"embeddable":true,"href":"https:\/\/www.greenpeace.org\/brasil\/wp-json\/wp\/v2\/users\/28"}],"replies":[{"embeddable":true,"href":"https:\/\/www.greenpeace.org\/brasil\/wp-json\/wp\/v2\/comments?post=42527"}],"version-history":[{"count":1,"href":"https:\/\/www.greenpeace.org\/brasil\/wp-json\/wp\/v2\/posts\/42527\/revisions"}],"predecessor-version":[{"id":42530,"href":"https:\/\/www.greenpeace.org\/brasil\/wp-json\/wp\/v2\/posts\/42527\/revisions\/42530"}],"wp:featuredmedia":[{"embeddable":true,"href":"https:\/\/www.greenpeace.org\/brasil\/wp-json\/wp\/v2\/media\/42529"}],"wp:attachment":[{"href":"https:\/\/www.greenpeace.org\/brasil\/wp-json\/wp\/v2\/media?parent=42527"}],"wp:term":[{"taxonomy":"category","embeddable":true,"href":"https:\/\/www.greenpeace.org\/brasil\/wp-json\/wp\/v2\/categories?post=42527"},{"taxonomy":"post_tag","embeddable":true,"href":"https:\/\/www.greenpeace.org\/brasil\/wp-json\/wp\/v2\/tags?post=42527"},{"taxonomy":"p4-page-type","embeddable":true,"href":"https:\/\/www.greenpeace.org\/brasil\/wp-json\/wp\/v2\/p4-page-type?post=42527"}],"curies":[{"name":"wp","href":"https:\/\/api.w.org\/{rel}","templated":true}]}}