{"id":42560,"date":"2022-09-12T14:11:03","date_gmt":"2022-09-12T17:11:03","guid":{"rendered":"https:\/\/www.greenpeace.org\/brasil\/?p=42560"},"modified":"2022-09-12T15:52:08","modified_gmt":"2022-09-12T18:52:08","slug":"no-dia-da-amazonia-grupos-locais-realizaram-projecoes-para-enfatizar-a-importancia-da-floresta-amazonica","status":"publish","type":"post","link":"https:\/\/www.greenpeace.org\/brasil\/blog\/no-dia-da-amazonia-grupos-locais-realizaram-projecoes-para-enfatizar-a-importancia-da-floresta-amazonica\/","title":{"rendered":"No Dia da Amaz\u00f4nia, grupos locais realizaram proje\u00e7\u00f5es para enfatizar a import\u00e2ncia da floresta amaz\u00f4nica"},"content":{"rendered":"\n<h4 class=\"wp-block-heading\">Voluntas espalhados por todo o pa\u00eds mostraram que \u00e9 poss\u00edvel proteger a floresta e que as solu\u00e7\u00f5es j\u00e1 existem! O Brasil pode reconstruir os sistemas de prote\u00e7\u00e3o da floresta, rumo \u00e0 Amaz\u00f4nia que precisamos.<\/h4>\n\n<p>Oi, galera! Espero que estejam bem.<br>Na segunda-feira (05), comemorou-se o Dia da Amaz\u00f4nia. A data busca voltar a aten\u00e7\u00e3o da popula\u00e7\u00e3o para uma das maiores reservas naturais do planeta. Proteger a Amaz\u00f4nia \u00e9 importante para o equil\u00edbrio clim\u00e1tico, para garantir os meios de vida das popula\u00e7\u00f5es que vivem na regi\u00e3o e \u00e9 fundamental para manter o ciclo da \u00e1gua no Brasil. Sem floresta, n\u00e3o tem \u00e1gua, n\u00e3o tem comida, n\u00e3o tem futuro!&nbsp;<\/p>\n\n<p>Vejam s\u00f3 os posts organizados pelos grupos locais:<\/p>\n\n<p><a href=\"https:\/\/www.instagram.com\/p\/CiJFslbJp_J\/\"><strong>Macap\u00e1:<\/strong><\/a><br><img loading=\"lazy\" decoding=\"async\" width=\"300\" height=\"375\" class=\"wp-image-42573\" style=\"width: 300px;\" src=\"https:\/\/www.greenpeace.org\/static\/planet4-brasil-stateless\/2022\/09\/e49cb92b-unknown_305191704_1420378401782575_3938740090365682666_n.jpg\" alt=\"\" srcset=\"https:\/\/www.greenpeace.org\/static\/planet4-brasil-stateless\/2022\/09\/e49cb92b-unknown_305191704_1420378401782575_3938740090365682666_n.jpg 1080w, https:\/\/www.greenpeace.org\/static\/planet4-brasil-stateless\/2022\/09\/e49cb92b-unknown_305191704_1420378401782575_3938740090365682666_n-240x300.jpg 240w, https:\/\/www.greenpeace.org\/static\/planet4-brasil-stateless\/2022\/09\/e49cb92b-unknown_305191704_1420378401782575_3938740090365682666_n-819x1024.jpg 819w, https:\/\/www.greenpeace.org\/static\/planet4-brasil-stateless\/2022\/09\/e49cb92b-unknown_305191704_1420378401782575_3938740090365682666_n-768x960.jpg 768w, https:\/\/www.greenpeace.org\/static\/planet4-brasil-stateless\/2022\/09\/e49cb92b-unknown_305191704_1420378401782575_3938740090365682666_n-272x340.jpg 272w\" sizes=\"auto, (max-width: 300px) 100vw, 300px\" \/><img loading=\"lazy\" decoding=\"async\" width=\"300\" height=\"375\" class=\"wp-image-42572\" style=\"width: 300px;\" src=\"https:\/\/www.greenpeace.org\/static\/planet4-brasil-stateless\/2022\/09\/ec00d0a5-unknown_305114878_803163027771411_8872568717543948768_n.jpg\" alt=\"\" srcset=\"https:\/\/www.greenpeace.org\/static\/planet4-brasil-stateless\/2022\/09\/ec00d0a5-unknown_305114878_803163027771411_8872568717543948768_n.jpg 1080w, https:\/\/www.greenpeace.org\/static\/planet4-brasil-stateless\/2022\/09\/ec00d0a5-unknown_305114878_803163027771411_8872568717543948768_n-240x300.jpg 240w, https:\/\/www.greenpeace.org\/static\/planet4-brasil-stateless\/2022\/09\/ec00d0a5-unknown_305114878_803163027771411_8872568717543948768_n-819x1024.jpg 819w, https:\/\/www.greenpeace.org\/static\/planet4-brasil-stateless\/2022\/09\/ec00d0a5-unknown_305114878_803163027771411_8872568717543948768_n-768x960.jpg 768w, https:\/\/www.greenpeace.org\/static\/planet4-brasil-stateless\/2022\/09\/ec00d0a5-unknown_305114878_803163027771411_8872568717543948768_n-272x340.jpg 272w\" sizes=\"auto, (max-width: 300px) 100vw, 300px\" \/><\/p>\n\n<p><a href=\"https:\/\/www.instagram.com\/p\/CiIrjk0ry7m\/\"><strong>Salvador:<\/strong><\/a><a href=\"https:\/\/www.instagram.com\/p\/CiIrjk0ry7m\/\"><strong><br><\/strong><\/a><img loading=\"lazy\" decoding=\"async\" width=\"300\" height=\"374\" class=\"wp-image-42567\" style=\"width: 300px;\" src=\"https:\/\/www.greenpeace.org\/static\/planet4-brasil-stateless\/2022\/09\/889e197b-unknown_304884913_476058450812939_5339277323496711268_n.jpg\" alt=\"\" srcset=\"https:\/\/www.greenpeace.org\/static\/planet4-brasil-stateless\/2022\/09\/889e197b-unknown_304884913_476058450812939_5339277323496711268_n.jpg 1080w, https:\/\/www.greenpeace.org\/static\/planet4-brasil-stateless\/2022\/09\/889e197b-unknown_304884913_476058450812939_5339277323496711268_n-240x300.jpg 240w, https:\/\/www.greenpeace.org\/static\/planet4-brasil-stateless\/2022\/09\/889e197b-unknown_304884913_476058450812939_5339277323496711268_n-820x1024.jpg 820w, https:\/\/www.greenpeace.org\/static\/planet4-brasil-stateless\/2022\/09\/889e197b-unknown_304884913_476058450812939_5339277323496711268_n-768x959.jpg 768w, https:\/\/www.greenpeace.org\/static\/planet4-brasil-stateless\/2022\/09\/889e197b-unknown_304884913_476058450812939_5339277323496711268_n-272x340.jpg 272w\" sizes=\"auto, (max-width: 300px) 100vw, 300px\" \/><\/p>\n\n<p><a href=\"https:\/\/www.instagram.com\/p\/CiIGQkXuhg-\/\"><strong>Porto Alegre:<\/strong><\/a><a href=\"https:\/\/www.instagram.com\/p\/CiIGQkXuhg-\/\"><strong><br><\/strong><\/a><img loading=\"lazy\" decoding=\"async\" width=\"300\" height=\"300\" class=\"wp-image-42580\" style=\"width: 300px;\" src=\"https:\/\/www.greenpeace.org\/static\/planet4-brasil-stateless\/2022\/09\/a53e6cca-unknown_304905440_456054393244029_1293177273832641990_n.jpg\" alt=\"\" srcset=\"https:\/\/www.greenpeace.org\/static\/planet4-brasil-stateless\/2022\/09\/a53e6cca-unknown_304905440_456054393244029_1293177273832641990_n.jpg 1080w, https:\/\/www.greenpeace.org\/static\/planet4-brasil-stateless\/2022\/09\/a53e6cca-unknown_304905440_456054393244029_1293177273832641990_n-300x300.jpg 300w, https:\/\/www.greenpeace.org\/static\/planet4-brasil-stateless\/2022\/09\/a53e6cca-unknown_304905440_456054393244029_1293177273832641990_n-1024x1024.jpg 1024w, https:\/\/www.greenpeace.org\/static\/planet4-brasil-stateless\/2022\/09\/a53e6cca-unknown_304905440_456054393244029_1293177273832641990_n-150x150.jpg 150w, https:\/\/www.greenpeace.org\/static\/planet4-brasil-stateless\/2022\/09\/a53e6cca-unknown_304905440_456054393244029_1293177273832641990_n-768x768.jpg 768w, https:\/\/www.greenpeace.org\/static\/planet4-brasil-stateless\/2022\/09\/a53e6cca-unknown_304905440_456054393244029_1293177273832641990_n-340x340.jpg 340w\" sizes=\"auto, (max-width: 300px) 100vw, 300px\" \/><\/p>\n\n<p><a href=\"https:\/\/www.instagram.com\/p\/CiIIleWOxkx\/\"><strong>Goi\u00e2nia:<\/strong><\/a><a href=\"https:\/\/www.instagram.com\/p\/CiIIleWOxkx\/\"><br><\/a><img loading=\"lazy\" decoding=\"async\" width=\"375\" height=\"374\" src=\"https:\/\/lh4.googleusercontent.com\/wgq6gWYvjI9DWyoODkmx2LTOTunDHqlzjkFRrlW6NWfagXAn-VwBKBThKkWopL8zlrow2LedipcMPkAlooNEVjh14iNx4J7TvvYOMLJ1xxq4n8JQp7L5X-qLoc63ACaG-WNifSMbttG-YvMGV2lyUavAG0zwOSiT-5Dg-szv55_I16BLOnTyPPHKFA\"><\/p>\n\n<p><a href=\"https:\/\/www.instagram.com\/p\/CiICYcCOaGx\/\"><strong>Jo\u00e3o Pessoa:<\/strong><\/a><a href=\"https:\/\/www.instagram.com\/p\/CiICYcCOaGx\/\"><br><\/a><img loading=\"lazy\" decoding=\"async\" width=\"382\" height=\"381\" src=\"https:\/\/lh6.googleusercontent.com\/JePt-NePYXXw61NwZDql2ZANSVHm80jmYST7GwSnyFSVCo4T20Q-gEIGaD-695Y-6r35I-vjFhi9_zjhoNGUfpFR5G5fpWo2nfkVJ1dbYBlEgzy-TH8mNsOpR7cyk_yRCymA4Y0wo6_HPc8ZA9_lFgc0o_WwlC68yl6YYv869ZH0L9NLcbgYHUjNRA\"><\/p>\n\n<p><a href=\"https:\/\/www.instagram.com\/p\/CiIUsx1uDts\/\"><strong>Belo Horizonte:<\/strong><\/a><br><img loading=\"lazy\" decoding=\"async\" width=\"300\" height=\"300\" class=\"wp-image-42579\" style=\"width: 300px;\" src=\"https:\/\/www.greenpeace.org\/static\/planet4-brasil-stateless\/2022\/09\/4db95775-unknown_305131398_3166656910224114_8270882655227974679_n.jpg\" alt=\"\" srcset=\"https:\/\/www.greenpeace.org\/static\/planet4-brasil-stateless\/2022\/09\/4db95775-unknown_305131398_3166656910224114_8270882655227974679_n.jpg 1080w, https:\/\/www.greenpeace.org\/static\/planet4-brasil-stateless\/2022\/09\/4db95775-unknown_305131398_3166656910224114_8270882655227974679_n-300x300.jpg 300w, https:\/\/www.greenpeace.org\/static\/planet4-brasil-stateless\/2022\/09\/4db95775-unknown_305131398_3166656910224114_8270882655227974679_n-1024x1024.jpg 1024w, https:\/\/www.greenpeace.org\/static\/planet4-brasil-stateless\/2022\/09\/4db95775-unknown_305131398_3166656910224114_8270882655227974679_n-150x150.jpg 150w, https:\/\/www.greenpeace.org\/static\/planet4-brasil-stateless\/2022\/09\/4db95775-unknown_305131398_3166656910224114_8270882655227974679_n-768x768.jpg 768w, https:\/\/www.greenpeace.org\/static\/planet4-brasil-stateless\/2022\/09\/4db95775-unknown_305131398_3166656910224114_8270882655227974679_n-340x340.jpg 340w\" sizes=\"auto, (max-width: 300px) 100vw, 300px\" \/><\/p>\n\n<p><a href=\"https:\/\/www.instagram.com\/p\/CiIYtMKuTOr\/\"><strong>Leste Paulista:<\/strong><\/a><a href=\"https:\/\/www.instagram.com\/p\/CiIYtMKuTOr\/\"><strong><br><\/strong><\/a><img loading=\"lazy\" decoding=\"async\" width=\"300\" height=\"300\" class=\"wp-image-42574\" style=\"width: 300px;\" src=\"https:\/\/www.greenpeace.org\/static\/planet4-brasil-stateless\/2022\/09\/55d670ac-unknown_305443815_6149785365037623_492055357655737203_n.jpg\" alt=\"\" srcset=\"https:\/\/www.greenpeace.org\/static\/planet4-brasil-stateless\/2022\/09\/55d670ac-unknown_305443815_6149785365037623_492055357655737203_n.jpg 1080w, https:\/\/www.greenpeace.org\/static\/planet4-brasil-stateless\/2022\/09\/55d670ac-unknown_305443815_6149785365037623_492055357655737203_n-300x300.jpg 300w, https:\/\/www.greenpeace.org\/static\/planet4-brasil-stateless\/2022\/09\/55d670ac-unknown_305443815_6149785365037623_492055357655737203_n-1024x1024.jpg 1024w, https:\/\/www.greenpeace.org\/static\/planet4-brasil-stateless\/2022\/09\/55d670ac-unknown_305443815_6149785365037623_492055357655737203_n-150x150.jpg 150w, https:\/\/www.greenpeace.org\/static\/planet4-brasil-stateless\/2022\/09\/55d670ac-unknown_305443815_6149785365037623_492055357655737203_n-768x768.jpg 768w, https:\/\/www.greenpeace.org\/static\/planet4-brasil-stateless\/2022\/09\/55d670ac-unknown_305443815_6149785365037623_492055357655737203_n-340x340.jpg 340w\" sizes=\"auto, (max-width: 300px) 100vw, 300px\" \/><\/p>\n\n<p>Os voluntas do <a href=\"https:\/\/www.instagram.com\/p\/CiBWwj8OC1V\/\"><strong>Leste Paulista aproveitaram o Dia da Amaz\u00f4nia para indicar um filme que tem tudo a ver com a data:<\/strong><\/a> Amaz\u00f4nia, sociedade an\u00f4nima:<br><img loading=\"lazy\" decoding=\"async\" width=\"300\" height=\"300\" class=\"wp-image-42581\" style=\"width: 300px;\" src=\"https:\/\/www.greenpeace.org\/static\/planet4-brasil-stateless\/2022\/09\/df639267-unknown_304792975_620714863056406_4270821269411430513_n.jpg\" alt=\"\" srcset=\"https:\/\/www.greenpeace.org\/static\/planet4-brasil-stateless\/2022\/09\/df639267-unknown_304792975_620714863056406_4270821269411430513_n.jpg 1080w, https:\/\/www.greenpeace.org\/static\/planet4-brasil-stateless\/2022\/09\/df639267-unknown_304792975_620714863056406_4270821269411430513_n-300x300.jpg 300w, https:\/\/www.greenpeace.org\/static\/planet4-brasil-stateless\/2022\/09\/df639267-unknown_304792975_620714863056406_4270821269411430513_n-1024x1024.jpg 1024w, https:\/\/www.greenpeace.org\/static\/planet4-brasil-stateless\/2022\/09\/df639267-unknown_304792975_620714863056406_4270821269411430513_n-150x150.jpg 150w, https:\/\/www.greenpeace.org\/static\/planet4-brasil-stateless\/2022\/09\/df639267-unknown_304792975_620714863056406_4270821269411430513_n-768x768.jpg 768w, https:\/\/www.greenpeace.org\/static\/planet4-brasil-stateless\/2022\/09\/df639267-unknown_304792975_620714863056406_4270821269411430513_n-340x340.jpg 340w\" sizes=\"auto, (max-width: 300px) 100vw, 300px\" \/><br><br>Os grupos locais fizeram proje\u00e7\u00f5es para chamar aten\u00e7\u00e3o das pessoas sobre a import\u00e2ncia que o bioma possui, os problemas que enfrenta e inspirar todes para agirem a favor da floresta em p\u00e9:<\/p>\n\n<p><a href=\"https:\/\/www.instagram.com\/p\/CiEVz9kNhG2\/\"><strong>Bel\u00e9m:<\/strong><\/a><a href=\"https:\/\/www.instagram.com\/p\/CiEVz9kNhG2\/\"><br><\/a><img loading=\"lazy\" decoding=\"async\" width=\"300\" height=\"300\" class=\"wp-image-42582\" style=\"width: 300px;\" src=\"https:\/\/www.greenpeace.org\/static\/planet4-brasil-stateless\/2022\/09\/4a2d163a-unknown_302485772_771873620712395_941322851729751952_n.jpg\" alt=\"\" srcset=\"https:\/\/www.greenpeace.org\/static\/planet4-brasil-stateless\/2022\/09\/4a2d163a-unknown_302485772_771873620712395_941322851729751952_n.jpg 1440w, https:\/\/www.greenpeace.org\/static\/planet4-brasil-stateless\/2022\/09\/4a2d163a-unknown_302485772_771873620712395_941322851729751952_n-300x300.jpg 300w, https:\/\/www.greenpeace.org\/static\/planet4-brasil-stateless\/2022\/09\/4a2d163a-unknown_302485772_771873620712395_941322851729751952_n-1024x1024.jpg 1024w, https:\/\/www.greenpeace.org\/static\/planet4-brasil-stateless\/2022\/09\/4a2d163a-unknown_302485772_771873620712395_941322851729751952_n-150x150.jpg 150w, https:\/\/www.greenpeace.org\/static\/planet4-brasil-stateless\/2022\/09\/4a2d163a-unknown_302485772_771873620712395_941322851729751952_n-768x768.jpg 768w, https:\/\/www.greenpeace.org\/static\/planet4-brasil-stateless\/2022\/09\/4a2d163a-unknown_302485772_771873620712395_941322851729751952_n-1366x1366.jpg 1366w, https:\/\/www.greenpeace.org\/static\/planet4-brasil-stateless\/2022\/09\/4a2d163a-unknown_302485772_771873620712395_941322851729751952_n-340x340.jpg 340w\" sizes=\"auto, (max-width: 300px) 100vw, 300px\" \/><\/p>\n\n<p><a href=\"https:\/\/conexaoverde.greenpeace.org.br\/group\/grupo-de-voluntarios-do-vale-do-itajai\/evento\/projecao-dia-da-amazonia\"><strong>Vale do Itaja\u00ed:<\/strong><\/a><br><img loading=\"lazy\" decoding=\"async\" width=\"481\" height=\"271\" src=\"https:\/\/lh3.googleusercontent.com\/muQxmo8iwHdQ8M8csp_H9aImY_pbeQX4pSNR7LYhcTo9nDGTi_Agylslaj-hOcZ93y8R9v2wydxlfiinFN5HJ-mSvyMCtFAs2fZhxOuzSw3N-10mhkroXlN8ZjLcJa16USEzvlGkLCaZ6a7B91PcxgdgUVIeYFWFNfcfuy9LkH0trOJxWfUQMzaE\"><\/p>\n\n<p><a href=\"https:\/\/www.instagram.com\/p\/CiISgJ4u333\/\"><strong>Manaus:<\/strong><\/a><br><img loading=\"lazy\" decoding=\"async\" width=\"300\" height=\"375\" class=\"wp-image-42593\" style=\"width: 300px;\" src=\"https:\/\/www.greenpeace.org\/static\/planet4-brasil-stateless\/2022\/09\/4903421a-unknown_305519546_406326728241177_162689644493389916_n.jpg\" alt=\"\" srcset=\"https:\/\/www.greenpeace.org\/static\/planet4-brasil-stateless\/2022\/09\/4903421a-unknown_305519546_406326728241177_162689644493389916_n.jpg 1080w, https:\/\/www.greenpeace.org\/static\/planet4-brasil-stateless\/2022\/09\/4903421a-unknown_305519546_406326728241177_162689644493389916_n-240x300.jpg 240w, https:\/\/www.greenpeace.org\/static\/planet4-brasil-stateless\/2022\/09\/4903421a-unknown_305519546_406326728241177_162689644493389916_n-819x1024.jpg 819w, https:\/\/www.greenpeace.org\/static\/planet4-brasil-stateless\/2022\/09\/4903421a-unknown_305519546_406326728241177_162689644493389916_n-768x960.jpg 768w, https:\/\/www.greenpeace.org\/static\/planet4-brasil-stateless\/2022\/09\/4903421a-unknown_305519546_406326728241177_162689644493389916_n-272x340.jpg 272w\" sizes=\"auto, (max-width: 300px) 100vw, 300px\" \/><\/p>\n\n<p><a href=\"https:\/\/www.instagram.com\/p\/CiJEI5EuaFT\/\"><strong>Goi\u00e2nia:<\/strong><\/a><br><img loading=\"lazy\" decoding=\"async\" width=\"300\" height=\"375\" class=\"wp-image-42614\" style=\"width: 300px;\" src=\"https:\/\/www.greenpeace.org\/static\/planet4-brasil-stateless\/2022\/09\/1d0aaa7b-unknown_305762618_410107227926723_7112229248064956473_n.jpg\" alt=\"\" srcset=\"https:\/\/www.greenpeace.org\/static\/planet4-brasil-stateless\/2022\/09\/1d0aaa7b-unknown_305762618_410107227926723_7112229248064956473_n.jpg 1080w, https:\/\/www.greenpeace.org\/static\/planet4-brasil-stateless\/2022\/09\/1d0aaa7b-unknown_305762618_410107227926723_7112229248064956473_n-240x300.jpg 240w, https:\/\/www.greenpeace.org\/static\/planet4-brasil-stateless\/2022\/09\/1d0aaa7b-unknown_305762618_410107227926723_7112229248064956473_n-819x1024.jpg 819w, https:\/\/www.greenpeace.org\/static\/planet4-brasil-stateless\/2022\/09\/1d0aaa7b-unknown_305762618_410107227926723_7112229248064956473_n-768x960.jpg 768w, https:\/\/www.greenpeace.org\/static\/planet4-brasil-stateless\/2022\/09\/1d0aaa7b-unknown_305762618_410107227926723_7112229248064956473_n-272x340.jpg 272w\" sizes=\"auto, (max-width: 300px) 100vw, 300px\" \/><\/p>\n\n<p><a href=\"https:\/\/www.instagram.com\/p\/CiJRbTwpcyP\/\"><strong>Macap\u00e1:<\/strong><\/a><br><img loading=\"lazy\" decoding=\"async\" width=\"300\" height=\"375\" class=\"wp-image-42571\" style=\"width: 300px;\" src=\"https:\/\/www.greenpeace.org\/static\/planet4-brasil-stateless\/2022\/09\/902d3235-unknown_305428615_493314545953187_8979090932924957979_n.jpg\" alt=\"\" srcset=\"https:\/\/www.greenpeace.org\/static\/planet4-brasil-stateless\/2022\/09\/902d3235-unknown_305428615_493314545953187_8979090932924957979_n.jpg 1080w, https:\/\/www.greenpeace.org\/static\/planet4-brasil-stateless\/2022\/09\/902d3235-unknown_305428615_493314545953187_8979090932924957979_n-240x300.jpg 240w, https:\/\/www.greenpeace.org\/static\/planet4-brasil-stateless\/2022\/09\/902d3235-unknown_305428615_493314545953187_8979090932924957979_n-819x1024.jpg 819w, https:\/\/www.greenpeace.org\/static\/planet4-brasil-stateless\/2022\/09\/902d3235-unknown_305428615_493314545953187_8979090932924957979_n-768x960.jpg 768w, https:\/\/www.greenpeace.org\/static\/planet4-brasil-stateless\/2022\/09\/902d3235-unknown_305428615_493314545953187_8979090932924957979_n-272x340.jpg 272w\" sizes=\"auto, (max-width: 300px) 100vw, 300px\" \/><\/p>\n\n<p><a href=\"https:\/\/www.instagram.com\/p\/CiJZ2yagcrl\/\"><strong>Porto Alegre:<\/strong><\/a><br><img loading=\"lazy\" decoding=\"async\" width=\"300\" height=\"203\" class=\"wp-image-42570\" style=\"width: 300px;\" src=\"https:\/\/www.greenpeace.org\/static\/planet4-brasil-stateless\/2022\/09\/8b79f935-porto-alegre-projecao.png\" alt=\"\" srcset=\"https:\/\/www.greenpeace.org\/static\/planet4-brasil-stateless\/2022\/09\/8b79f935-porto-alegre-projecao.png 473w, https:\/\/www.greenpeace.org\/static\/planet4-brasil-stateless\/2022\/09\/8b79f935-porto-alegre-projecao-300x203.png 300w\" sizes=\"auto, (max-width: 300px) 100vw, 300px\" \/><\/p>\n\n<p><a href=\"https:\/\/www.instagram.com\/p\/CiJcMjxLl08\/\"><strong>Recife:<\/strong><\/a><br><img loading=\"lazy\" decoding=\"async\" width=\"300\" height=\"300\" class=\"wp-image-42568\" style=\"width: 300px;\" src=\"https:\/\/www.greenpeace.org\/static\/planet4-brasil-stateless\/2022\/09\/88b48363-unknown_305596553_1130525114544047_1682665190653199777_n.jpg\" alt=\"\" srcset=\"https:\/\/www.greenpeace.org\/static\/planet4-brasil-stateless\/2022\/09\/88b48363-unknown_305596553_1130525114544047_1682665190653199777_n.jpg 1440w, https:\/\/www.greenpeace.org\/static\/planet4-brasil-stateless\/2022\/09\/88b48363-unknown_305596553_1130525114544047_1682665190653199777_n-300x300.jpg 300w, https:\/\/www.greenpeace.org\/static\/planet4-brasil-stateless\/2022\/09\/88b48363-unknown_305596553_1130525114544047_1682665190653199777_n-1024x1024.jpg 1024w, https:\/\/www.greenpeace.org\/static\/planet4-brasil-stateless\/2022\/09\/88b48363-unknown_305596553_1130525114544047_1682665190653199777_n-150x150.jpg 150w, https:\/\/www.greenpeace.org\/static\/planet4-brasil-stateless\/2022\/09\/88b48363-unknown_305596553_1130525114544047_1682665190653199777_n-768x768.jpg 768w, https:\/\/www.greenpeace.org\/static\/planet4-brasil-stateless\/2022\/09\/88b48363-unknown_305596553_1130525114544047_1682665190653199777_n-1366x1366.jpg 1366w, https:\/\/www.greenpeace.org\/static\/planet4-brasil-stateless\/2022\/09\/88b48363-unknown_305596553_1130525114544047_1682665190653199777_n-340x340.jpg 340w\" sizes=\"auto, (max-width: 300px) 100vw, 300px\" \/><\/p>\n\n<p><a href=\"https:\/\/www.instagram.com\/gpbr.fortaleza\/\"><strong>Fortaleza:<\/strong><\/a><br><img loading=\"lazy\" decoding=\"async\" width=\"300\" height=\"225\" class=\"wp-image-42565\" style=\"width: 300px;\" src=\"https:\/\/www.greenpeace.org\/static\/planet4-brasil-stateless\/2022\/09\/8653310f-img_20220904_184921938-scaled.jpg\" alt=\"\" srcset=\"https:\/\/www.greenpeace.org\/static\/planet4-brasil-stateless\/2022\/09\/8653310f-img_20220904_184921938-scaled.jpg 2560w, https:\/\/www.greenpeace.org\/static\/planet4-brasil-stateless\/2022\/09\/8653310f-img_20220904_184921938-300x225.jpg 300w, https:\/\/www.greenpeace.org\/static\/planet4-brasil-stateless\/2022\/09\/8653310f-img_20220904_184921938-1024x768.jpg 1024w, https:\/\/www.greenpeace.org\/static\/planet4-brasil-stateless\/2022\/09\/8653310f-img_20220904_184921938-768x576.jpg 768w, https:\/\/www.greenpeace.org\/static\/planet4-brasil-stateless\/2022\/09\/8653310f-img_20220904_184921938-1536x1152.jpg 1536w, https:\/\/www.greenpeace.org\/static\/planet4-brasil-stateless\/2022\/09\/8653310f-img_20220904_184921938-2048x1536.jpg 2048w, https:\/\/www.greenpeace.org\/static\/planet4-brasil-stateless\/2022\/09\/8653310f-img_20220904_184921938-1821x1366.jpg 1821w, https:\/\/www.greenpeace.org\/static\/planet4-brasil-stateless\/2022\/09\/8653310f-img_20220904_184921938-453x340.jpg 453w\" sizes=\"auto, (max-width: 300px) 100vw, 300px\" \/><\/p>\n\n<p><a href=\"https:\/\/www.instagram.com\/gpbr.zonadamata\/\"><strong>Zona da Mata:<\/strong><\/a><br><img loading=\"lazy\" decoding=\"async\" width=\"300\" height=\"400\" class=\"wp-image-42564\" style=\"width: 300px;\" src=\"https:\/\/www.greenpeace.org\/static\/planet4-brasil-stateless\/2022\/09\/c8faba86-whatsapp-image-2022-09-02-at-20.48.53-1.jpeg\" alt=\"\" srcset=\"https:\/\/www.greenpeace.org\/static\/planet4-brasil-stateless\/2022\/09\/c8faba86-whatsapp-image-2022-09-02-at-20.48.53-1.jpeg 1200w, https:\/\/www.greenpeace.org\/static\/planet4-brasil-stateless\/2022\/09\/c8faba86-whatsapp-image-2022-09-02-at-20.48.53-1-225x300.jpeg 225w, https:\/\/www.greenpeace.org\/static\/planet4-brasil-stateless\/2022\/09\/c8faba86-whatsapp-image-2022-09-02-at-20.48.53-1-768x1024.jpeg 768w, https:\/\/www.greenpeace.org\/static\/planet4-brasil-stateless\/2022\/09\/c8faba86-whatsapp-image-2022-09-02-at-20.48.53-1-1152x1536.jpeg 1152w, https:\/\/www.greenpeace.org\/static\/planet4-brasil-stateless\/2022\/09\/c8faba86-whatsapp-image-2022-09-02-at-20.48.53-1-1025x1366.jpeg 1025w, https:\/\/www.greenpeace.org\/static\/planet4-brasil-stateless\/2022\/09\/c8faba86-whatsapp-image-2022-09-02-at-20.48.53-1-255x340.jpeg 255w\" sizes=\"auto, (max-width: 300px) 100vw, 300px\" \/><\/p>\n\n<p><a href=\"https:\/\/www.instagram.com\/gpbr.litoralnorters\/\"><strong>Litoral Norte:<\/strong><\/a><br><img loading=\"lazy\" decoding=\"async\" width=\"300\" height=\"225\" class=\"wp-image-42563\" style=\"width: 300px;\" src=\"https:\/\/www.greenpeace.org\/static\/planet4-brasil-stateless\/2022\/09\/dd2e2bfc-dscn1846-scaled.jpg\" alt=\"\" srcset=\"https:\/\/www.greenpeace.org\/static\/planet4-brasil-stateless\/2022\/09\/dd2e2bfc-dscn1846-scaled.jpg 2560w, https:\/\/www.greenpeace.org\/static\/planet4-brasil-stateless\/2022\/09\/dd2e2bfc-dscn1846-300x225.jpg 300w, https:\/\/www.greenpeace.org\/static\/planet4-brasil-stateless\/2022\/09\/dd2e2bfc-dscn1846-1024x768.jpg 1024w, https:\/\/www.greenpeace.org\/static\/planet4-brasil-stateless\/2022\/09\/dd2e2bfc-dscn1846-768x576.jpg 768w, https:\/\/www.greenpeace.org\/static\/planet4-brasil-stateless\/2022\/09\/dd2e2bfc-dscn1846-1536x1152.jpg 1536w, https:\/\/www.greenpeace.org\/static\/planet4-brasil-stateless\/2022\/09\/dd2e2bfc-dscn1846-2048x1536.jpg 2048w, https:\/\/www.greenpeace.org\/static\/planet4-brasil-stateless\/2022\/09\/dd2e2bfc-dscn1846-1821x1366.jpg 1821w, https:\/\/www.greenpeace.org\/static\/planet4-brasil-stateless\/2022\/09\/dd2e2bfc-dscn1846-453x340.jpg 453w\" sizes=\"auto, (max-width: 300px) 100vw, 300px\" \/><\/p>\n\n<p><a href=\"https:\/\/www.instagram.com\/gpbr.bertioga\/\"><strong>Bertioga:<\/strong><\/a><br><img loading=\"lazy\" decoding=\"async\" width=\"300\" height=\"225\" class=\"wp-image-42562\" style=\"width: 300px;\" src=\"https:\/\/www.greenpeace.org\/static\/planet4-brasil-stateless\/2022\/09\/11725a79-whatsapp-image-2022-09-05-at-09.19.11.jpeg\" alt=\"\" srcset=\"https:\/\/www.greenpeace.org\/static\/planet4-brasil-stateless\/2022\/09\/11725a79-whatsapp-image-2022-09-05-at-09.19.11.jpeg 1156w, https:\/\/www.greenpeace.org\/static\/planet4-brasil-stateless\/2022\/09\/11725a79-whatsapp-image-2022-09-05-at-09.19.11-300x225.jpeg 300w, https:\/\/www.greenpeace.org\/static\/planet4-brasil-stateless\/2022\/09\/11725a79-whatsapp-image-2022-09-05-at-09.19.11-1024x768.jpeg 1024w, https:\/\/www.greenpeace.org\/static\/planet4-brasil-stateless\/2022\/09\/11725a79-whatsapp-image-2022-09-05-at-09.19.11-768x576.jpeg 768w, https:\/\/www.greenpeace.org\/static\/planet4-brasil-stateless\/2022\/09\/11725a79-whatsapp-image-2022-09-05-at-09.19.11-453x340.jpeg 453w\" sizes=\"auto, (max-width: 300px) 100vw, 300px\" \/><\/p>\n\n<p><a href=\"https:\/\/www.instagram.com\/gpbr.brasilia\/\"><strong>Bras\u00edlia:<\/strong><\/a><br><img loading=\"lazy\" decoding=\"async\" width=\"300\" height=\"400\" class=\"wp-image-42561\" style=\"width: 300px;\" src=\"https:\/\/www.greenpeace.org\/static\/planet4-brasil-stateless\/2022\/09\/d3968657-img-20220904-wa0115.jpg\" alt=\"\" srcset=\"https:\/\/www.greenpeace.org\/static\/planet4-brasil-stateless\/2022\/09\/d3968657-img-20220904-wa0115.jpg 1200w, https:\/\/www.greenpeace.org\/static\/planet4-brasil-stateless\/2022\/09\/d3968657-img-20220904-wa0115-225x300.jpg 225w, https:\/\/www.greenpeace.org\/static\/planet4-brasil-stateless\/2022\/09\/d3968657-img-20220904-wa0115-768x1024.jpg 768w, https:\/\/www.greenpeace.org\/static\/planet4-brasil-stateless\/2022\/09\/d3968657-img-20220904-wa0115-1152x1536.jpg 1152w, https:\/\/www.greenpeace.org\/static\/planet4-brasil-stateless\/2022\/09\/d3968657-img-20220904-wa0115-1025x1366.jpg 1025w, https:\/\/www.greenpeace.org\/static\/planet4-brasil-stateless\/2022\/09\/d3968657-img-20220904-wa0115-255x340.jpg 255w\" sizes=\"auto, (max-width: 300px) 100vw, 300px\" \/><strong><br><\/strong><br>Al\u00e9m disso, <a href=\"https:\/\/www.instagram.com\/p\/CiAEnuyuoXV\/\"><strong>Leste Paulista<\/strong><\/a> falou, atrav\u00e9s de um repost da <a href=\"https:\/\/www.instagram.com\/amazoniadepe_\/\"><strong>@amazoniadepe,_<\/strong><\/a>sobre as<a href=\"https:\/\/www.instagram.com\/p\/CiAEnuyuoXV\/\"><strong> maiores fake news relacionadas \u00e0 Amaz\u00f4nia:<\/strong><\/a><br><img loading=\"lazy\" decoding=\"async\" width=\"336\" height=\"336\" src=\"https:\/\/lh4.googleusercontent.com\/gCoxxaXELjkjHOHvlnzD74PvMsKcfDuTgSQPU_gd0khnaIcg3HBlMUm_nwVawRBxMBYgNG8RP23eDl7g0UDbmZBN3Z41RGXBCQ3JD00JnZu6L2lgn2-UGVTw_ZTyKF6FeCpATLGfKd1YCDd_OtcUkAtCZQ14aCXWnMhOGXUaN4qHskATleqkTB0QIg\"><\/p>\n\n<p>O grupo de <a href=\"https:\/\/www.instagram.com\/p\/Ch4J5TDukM2\/\"><strong>Zona da Mata falou sobre a rela\u00e7\u00e3o do agroneg\u00f3cio e das queimadas:<\/strong><\/a><br><img loading=\"lazy\" decoding=\"async\" width=\"300\" height=\"300\" class=\"wp-image-42586\" style=\"width: 300px;\" src=\"https:\/\/www.greenpeace.org\/static\/planet4-brasil-stateless\/2022\/09\/d6d74831-unknown_301863469_595475455408377_7306352070902383417_n.jpg\" alt=\"\" srcset=\"https:\/\/www.greenpeace.org\/static\/planet4-brasil-stateless\/2022\/09\/d6d74831-unknown_301863469_595475455408377_7306352070902383417_n.jpg 1080w, https:\/\/www.greenpeace.org\/static\/planet4-brasil-stateless\/2022\/09\/d6d74831-unknown_301863469_595475455408377_7306352070902383417_n-300x300.jpg 300w, https:\/\/www.greenpeace.org\/static\/planet4-brasil-stateless\/2022\/09\/d6d74831-unknown_301863469_595475455408377_7306352070902383417_n-1024x1024.jpg 1024w, https:\/\/www.greenpeace.org\/static\/planet4-brasil-stateless\/2022\/09\/d6d74831-unknown_301863469_595475455408377_7306352070902383417_n-150x150.jpg 150w, https:\/\/www.greenpeace.org\/static\/planet4-brasil-stateless\/2022\/09\/d6d74831-unknown_301863469_595475455408377_7306352070902383417_n-768x768.jpg 768w, https:\/\/www.greenpeace.org\/static\/planet4-brasil-stateless\/2022\/09\/d6d74831-unknown_301863469_595475455408377_7306352070902383417_n-340x340.jpg 340w\" sizes=\"auto, (max-width: 300px) 100vw, 300px\" \/><img loading=\"lazy\" decoding=\"async\" width=\"300\" height=\"300\" class=\"wp-image-42587\" style=\"width: 300px;\" src=\"https:\/\/www.greenpeace.org\/static\/planet4-brasil-stateless\/2022\/09\/584e6600-unknown_301965932_1101739210728159_1501000078561767471_n.jpg\" alt=\"\" srcset=\"https:\/\/www.greenpeace.org\/static\/planet4-brasil-stateless\/2022\/09\/584e6600-unknown_301965932_1101739210728159_1501000078561767471_n.jpg 1080w, https:\/\/www.greenpeace.org\/static\/planet4-brasil-stateless\/2022\/09\/584e6600-unknown_301965932_1101739210728159_1501000078561767471_n-300x300.jpg 300w, https:\/\/www.greenpeace.org\/static\/planet4-brasil-stateless\/2022\/09\/584e6600-unknown_301965932_1101739210728159_1501000078561767471_n-1024x1024.jpg 1024w, https:\/\/www.greenpeace.org\/static\/planet4-brasil-stateless\/2022\/09\/584e6600-unknown_301965932_1101739210728159_1501000078561767471_n-150x150.jpg 150w, https:\/\/www.greenpeace.org\/static\/planet4-brasil-stateless\/2022\/09\/584e6600-unknown_301965932_1101739210728159_1501000078561767471_n-768x768.jpg 768w, https:\/\/www.greenpeace.org\/static\/planet4-brasil-stateless\/2022\/09\/584e6600-unknown_301965932_1101739210728159_1501000078561767471_n-340x340.jpg 340w\" sizes=\"auto, (max-width: 300px) 100vw, 300px\" \/><\/p>\n\n<p>Os voluntas tamb\u00e9m organizaram <a href=\"https:\/\/www.instagram.com\/p\/Ch6_-26uMYr\/\"><strong>um post para falar dos demais biomas que tamb\u00e9m est\u00e3o sofrendo com as queimadas, como o cerrado, pantanal e mata atl\u00e2ntica:<\/strong><\/a><br><img loading=\"lazy\" decoding=\"async\" width=\"300\" height=\"300\" class=\"wp-image-42585\" style=\"width: 300px;\" src=\"https:\/\/www.greenpeace.org\/static\/planet4-brasil-stateless\/2022\/09\/9903b7ec-unknown_302404147_566564465209716_1458097234291481280_n.jpg\" alt=\"\" srcset=\"https:\/\/www.greenpeace.org\/static\/planet4-brasil-stateless\/2022\/09\/9903b7ec-unknown_302404147_566564465209716_1458097234291481280_n.jpg 1080w, https:\/\/www.greenpeace.org\/static\/planet4-brasil-stateless\/2022\/09\/9903b7ec-unknown_302404147_566564465209716_1458097234291481280_n-300x300.jpg 300w, https:\/\/www.greenpeace.org\/static\/planet4-brasil-stateless\/2022\/09\/9903b7ec-unknown_302404147_566564465209716_1458097234291481280_n-1024x1024.jpg 1024w, https:\/\/www.greenpeace.org\/static\/planet4-brasil-stateless\/2022\/09\/9903b7ec-unknown_302404147_566564465209716_1458097234291481280_n-150x150.jpg 150w, https:\/\/www.greenpeace.org\/static\/planet4-brasil-stateless\/2022\/09\/9903b7ec-unknown_302404147_566564465209716_1458097234291481280_n-768x768.jpg 768w, https:\/\/www.greenpeace.org\/static\/planet4-brasil-stateless\/2022\/09\/9903b7ec-unknown_302404147_566564465209716_1458097234291481280_n-340x340.jpg 340w\" sizes=\"auto, (max-width: 300px) 100vw, 300px\" \/><\/p>\n\n<p>E como podemos mudar essa realidade? Tudo come\u00e7a nas elei\u00e7\u00f5es. N\u00f3s precisamos escolher candidatos realmente comprometidos com a pauta ambiental para que problemas como o desmatamento e queimadas acabem. Vejam s\u00f3 o que a galera preparou para conscientizar a popula\u00e7\u00e3o sobre o voto verde:<\/p>\n\n<p><a href=\"https:\/\/www.instagram.com\/p\/CiKmnkhOJ7g\/\"><strong>Porto Alegre explicou o que \u00e9 o voto verde<\/strong><\/a> e est\u00e1 <a href=\"https:\/\/www.instagram.com\/p\/CiAWTWjOq9e\/\"><strong>na contagem regressiva para as elei\u00e7\u00f5es:<\/strong><\/a><br><img loading=\"lazy\" decoding=\"async\" width=\"293\" height=\"293\" src=\"https:\/\/lh6.googleusercontent.com\/S4bf3ittT6TIU9pRDQcK5qMhw6e4DcnjTTnwFsU5a2k1s1w80ueX1qmxqghd6CBi__mY6U-YTFebXZGkeiGhAMfSBil7zcFPb65QntKLyRMFUh60n-73fyy1LytK7o9xma6yZ-kswYYniMMQzjx8e8owT_SL1ybZPPnKMCz46AQgHRzaGfQLm3scPg\"><img loading=\"lazy\" decoding=\"async\" width=\"294\" height=\"294\" class=\"wp-image-42592\" style=\"width: 294px;\" src=\"https:\/\/www.greenpeace.org\/static\/planet4-brasil-stateless\/2022\/09\/385924c0-unknown_302362643_454339403376364_5062211328241836140_n.jpg\" alt=\"\" srcset=\"https:\/\/www.greenpeace.org\/static\/planet4-brasil-stateless\/2022\/09\/385924c0-unknown_302362643_454339403376364_5062211328241836140_n.jpg 1080w, https:\/\/www.greenpeace.org\/static\/planet4-brasil-stateless\/2022\/09\/385924c0-unknown_302362643_454339403376364_5062211328241836140_n-300x300.jpg 300w, https:\/\/www.greenpeace.org\/static\/planet4-brasil-stateless\/2022\/09\/385924c0-unknown_302362643_454339403376364_5062211328241836140_n-1024x1024.jpg 1024w, https:\/\/www.greenpeace.org\/static\/planet4-brasil-stateless\/2022\/09\/385924c0-unknown_302362643_454339403376364_5062211328241836140_n-150x150.jpg 150w, https:\/\/www.greenpeace.org\/static\/planet4-brasil-stateless\/2022\/09\/385924c0-unknown_302362643_454339403376364_5062211328241836140_n-768x768.jpg 768w, https:\/\/www.greenpeace.org\/static\/planet4-brasil-stateless\/2022\/09\/385924c0-unknown_302362643_454339403376364_5062211328241836140_n-340x340.jpg 340w\" sizes=\"auto, (max-width: 294px) 100vw, 294px\" \/><br><br><a href=\"https:\/\/www.instagram.com\/p\/Ch8ONEpOM8i\/\"><strong>Bel\u00e9m<\/strong><\/a> e<strong> <\/strong><a href=\"https:\/\/www.instagram.com\/p\/Ch--yHSuWAw\/\"><strong>Leste Paulista<\/strong><\/a> alertaram que \u00e9 poss\u00edvel trazer a floresta de volta em um voto:<br><img loading=\"lazy\" decoding=\"async\" width=\"286\" height=\"356\" src=\"https:\/\/lh5.googleusercontent.com\/MS4wIkznQxSaPRUb6ruyNGFGQgLgCE3E3fstMqysm-6GwkVX6q1C1Gf_RHxJOVDRcA1eNcp82g72t9c-W3ZOy_wxrkljK2vBhUIGHHQfGqkPoUjxDYTt_2HN-tV7NxJcpELkZj6GlO86uoTEAEQM6Esj81wxYnZwqvNllN_YLnLcFMlvtR4x_1ulyA\"><\/p>\n\n<p>Na \u00faltima semana tamb\u00e9m houve outras datas de extrema import\u00e2ncia, como por exemplo, o Dia Internacional da Mulheres Ind\u00edgenas e o grupo de Belo Horizonte citou Daiara Tukano:<\/p>\n\n<p>\u201cDaiara Tukano \u00e9 uma artista que grafitou a imagem de uma mulher ind\u00edgena segurando seu filho no Edif\u00edcio Levy na Avenida Amazonas, MG\u201d. <a href=\"https:\/\/www.instagram.com\/p\/CiIs3RWuo9r\/\"><strong>Confira o post no Instagram:<\/strong><\/a><br><img loading=\"lazy\" decoding=\"async\" width=\"319\" height=\"317\" src=\"https:\/\/lh4.googleusercontent.com\/FEagOSxS8HmRQwKdZBWBWyLXjAtfvm1RgacQIP68nSVnLQetYHY0QPlq3m11sEvrm6mgtkejdpEUgx_HVV-p2Ury0IxHUO3sWz2YH_mQThnKGCVINbkhxXtZlv5WZg_s853PD-4_Bm_cJDyG7FZ_anMgzbRolV7Y6J5ZZUitqYoYCPb4g5U3gyXKZQ\"><\/p>\n\n<p>No s\u00e1bado (03), foi o Dia do Bi\u00f3logo. Essa data homenageia o profissional que se dedica ao estudo e pesquisa sobre todos os seres vivos, desde a sua origem, estrutura, evolu\u00e7\u00e3o, fun\u00e7\u00f5es e dentre diversos outros aspectos da vida. Se liguem s\u00f3 nos posts dos voluntas sobre a data:<\/p>\n\n<p><a href=\"https:\/\/www.instagram.com\/p\/CiD_q0eut2w\/\"><strong>Belo Horizonte:<\/strong><\/a><br><img loading=\"lazy\" decoding=\"async\" width=\"351\" height=\"281\" src=\"https:\/\/lh4.googleusercontent.com\/VJ4V5eu4W9e7syWWGp0KtI26RZe6sIsDDItDCuo_XO5KSggDmBDRAyiJZ0JfT4HJhP3IIHIddzVmy84lhCVRU8jfMaSSU8e2FeKEJcR83viCuL-04syW7PXfrTw2C8AvmpZ8cDsuXjZzRcu_7-h4DkW2FJhvqI4Ucyo16RruVjezZ_QF33U9M81ivQ\"><\/p>\n\n<p><a href=\"https:\/\/www.instagram.com\/p\/CiEGMfZLt1n\/\"><strong>Jo\u00e3o Pessoa:<\/strong><\/a><br><img loading=\"lazy\" decoding=\"async\" width=\"337\" height=\"336\" src=\"https:\/\/lh5.googleusercontent.com\/V_Pti7UEn7BhWNUI1ZFqEPXfipDOBqMtoOfJtfCxnmr4XkBp1GeJ-JoyIbJyeUnZjyUnJ_Acu3Cxfz5B8MDewmAmMGVtw3Uwe8G9D5dQgI8PK5jIT0xmeNzaR-9sBAV9_7o-5qBoG7MZ82HXnMaIOKeP_Mo4oxmRvnKoWo0oLwLyY05WSW3OfWPQJQ\"><\/p>\n\n<p><a href=\"https:\/\/www.instagram.com\/p\/CiDfs1tuzg5\/\"><strong>Leste Paulista:<\/strong><\/a><br><img loading=\"lazy\" decoding=\"async\" width=\"331\" height=\"331\" src=\"https:\/\/lh4.googleusercontent.com\/1oKGf9cgLtlbrt1_TntTtT47SMK2aYjUbwo1-TIwf0GA0CrlHC-Wq_dqmotZdcWK87rPWQM5Dji-9q2uPnmZ32MUOJ2UtfkzfCZbApSxkf9JEeUXwXbOjoG7Nr-nQZfcR_PEBSrWSsW_C1AnjtD2mTHjfdEVha39lAZzwJ_m0CK-AZWa2v7SuMHE2g\"><\/p>\n\n<p><a href=\"https:\/\/www.instagram.com\/p\/CiDTr7rL6BG\/\"><strong>Recife:<\/strong><\/a><br><img loading=\"lazy\" decoding=\"async\" width=\"300\" height=\"300\" class=\"wp-image-42588\" style=\"width: 300px;\" src=\"https:\/\/www.greenpeace.org\/static\/planet4-brasil-stateless\/2022\/09\/b283728e-unknown_305123165_807488156953390_1152338869249236351_n.jpg\" alt=\"\" srcset=\"https:\/\/www.greenpeace.org\/static\/planet4-brasil-stateless\/2022\/09\/b283728e-unknown_305123165_807488156953390_1152338869249236351_n.jpg 1080w, https:\/\/www.greenpeace.org\/static\/planet4-brasil-stateless\/2022\/09\/b283728e-unknown_305123165_807488156953390_1152338869249236351_n-300x300.jpg 300w, https:\/\/www.greenpeace.org\/static\/planet4-brasil-stateless\/2022\/09\/b283728e-unknown_305123165_807488156953390_1152338869249236351_n-1024x1024.jpg 1024w, https:\/\/www.greenpeace.org\/static\/planet4-brasil-stateless\/2022\/09\/b283728e-unknown_305123165_807488156953390_1152338869249236351_n-150x150.jpg 150w, https:\/\/www.greenpeace.org\/static\/planet4-brasil-stateless\/2022\/09\/b283728e-unknown_305123165_807488156953390_1152338869249236351_n-768x768.jpg 768w, https:\/\/www.greenpeace.org\/static\/planet4-brasil-stateless\/2022\/09\/b283728e-unknown_305123165_807488156953390_1152338869249236351_n-340x340.jpg 340w\" sizes=\"auto, (max-width: 300px) 100vw, 300px\" \/><a href=\"https:\/\/www.instagram.com\/p\/CiDTr7rL6BG\/\"><strong><br><\/strong><\/a><\/p>\n\n<figure class=\"wp-block-image\"><img decoding=\"async\" src=\"https:\/\/lh3.googleusercontent.com\/sSFnQRoc4U2OETJ4s87v6cwAsuWscEkbLbZaTxJlPhznuI07a03UMdDbaGnTtRWLDhrcG-cOLo_raYC2Uxxtk_PkVqcZQ53LGwz8LNf67ARXCKx8pqp7JZJnw7qmZxYvhvuNjDsekSM8cqWhG8UgIOU1Sc7sZaAC_uVH_w3bakEXXazwFZRXrR0yQQ\" alt=\"\"\/><\/figure>\n\n<p><a href=\"https:\/\/www.instagram.com\/p\/Ch5flcZu0pL\/\"><strong>Belo Horizonte alertou sobre chuvas fortes no Paquist\u00e3o e a rela\u00e7\u00e3o com as mudan\u00e7as clim\u00e1ticas:<\/strong><\/a><br><img loading=\"lazy\" decoding=\"async\" width=\"384\" height=\"383\" src=\"https:\/\/lh4.googleusercontent.com\/lZzZ9I1_vLD_Km_gXpc6cGj6na2xt15ypr1bga0aAE2ZD0da3ZmMgoxi4MCCP2WSSaBtG05wdfAuQxgEFmxJb1Ueof1anXmMblkA4rA5RXCDe487SYzRV9Gdv_eWgEnORFBXH6IHtixehFUU4Run54z7aWeX5xIIzGTun4gyuqD_qo_YvFc1TX7t3g\"><\/p>\n\n<p><a href=\"https:\/\/www.instagram.com\/p\/Ch5hIl1pmTM\/\"><strong>Vale do Itaja\u00ed denunciou que o Parque Nacional da Serra do Itaja\u00ed est\u00e1 sob ataque e convidou todes para ajudar a defend\u00ea-lo:<\/strong><\/a><br><img loading=\"lazy\" decoding=\"async\" width=\"292\" height=\"292\" src=\"https:\/\/lh6.googleusercontent.com\/fpxTCaQpKr571l9uEcKhi5nXT-qlD6AKCVeHEnizQe7uJ0E6xhXNMVN1JHty5zMr7dPN1wGT05Ua4EQDJ4ONVGkWLKJFK_egnXfJN44BkstS7Ssi9udeFMBeUQPg6lWyrZpEFDYHNyHcNUSbtp1ED2bqRiUeC2fba5iA3D1wIT3su3sSanulZziQ_g\"><img loading=\"lazy\" decoding=\"async\" width=\"293\" height=\"291\" src=\"https:\/\/lh4.googleusercontent.com\/Ct7bgk8TvjTnWVhYKNPMJ9BEGXmfIOw5Z6P3ZaY8k52wmTvHoYofro_prhOT0B-faplGVoVuNjX9mhHTJh3yqVfbmGFSDGPIO1vPGh6PQ_UP-aJ6LZZD6OPsnOubqkYIkOQ02qIRAQCaNu2p5hcC_qwgd3l8hS04dOrNGfWjbYndTN7SPTxGq-yCQQ\"><\/p>\n\n<p><a href=\"https:\/\/www.instagram.com\/p\/CiBZP4uJCor\/\"><strong>Jo\u00e3o Pessoa informou que foram encontrados fragmentos de \u00f3leo em praias do litoral da Para\u00edba:<\/strong><\/a><br><img loading=\"lazy\" decoding=\"async\" width=\"295\" height=\"295\" src=\"https:\/\/lh5.googleusercontent.com\/kLhVTc7XN5Zd56WznnUe_83bWmN_6f_p8uxjofbBSmpiu83OAQiJMuQmGO6AqvkcQmpvPPyr2_KN_A2h6wJV6EOJvMWZg3mSoXsxX2VgIMrHZORx0n_TGHe3ZLiKxdvJ0jy-6b5YuzinOpgE3ZE655lXBmMvX4XIa9tuSAPZ6u-XQLpBcUEWSMwp5A\"><img loading=\"lazy\" decoding=\"async\" width=\"295\" height=\"295\" src=\"https:\/\/lh3.googleusercontent.com\/4KlorXrcdBlpZI0sQFvqvjIe1saDu0l_IyTb5C6N_oF0h92WiTxztImwLXoB0vaY1sTpuw4s6_HLHv6HX_3f10mZWoYqVt1iFYt5OHM2l8C7iTLZUQ7ckevb9ywz_fd-6Zi8XDVGwk7LCXLLXMGgKbODtuLyR6Upnr6DXrlD0UGRL-X9ZAjuiSPP2Q\"><\/p>\n\n<figure class=\"wp-block-image\"><img decoding=\"async\" src=\"https:\/\/lh5.googleusercontent.com\/66LlG_AU552b9YiQH99XP9NB7HqUy-qTTdO_esl82r2oGuE2-OmjM1IVjyjq4Az7fi51a9vjiwimfA5lQMZVB6OV9sspJ0zBAAwFmWpSKNNyZyC9aJFjKBhEVjivoOgmK0a6v4BbbYZza9GAta0VfA-j2SpJiZBIvSQ_jiboi7cz2clkq98CogAEpA\" alt=\"\"\/><\/figure>\n\n<p>O grupo de <a href=\"https:\/\/www.instagram.com\/p\/Ch41Hr0v8dA\/\"><strong>Macap\u00e1 compareceu na UEAP (Universidade do Estado Do Amap\u00e1), e falou sobre a campanha Salve os Corais da Amaz\u00f4nia:<\/strong><\/a><br><img loading=\"lazy\" decoding=\"async\" width=\"300\" height=\"225\" class=\"wp-image-42594\" style=\"width: 300px;\" src=\"https:\/\/www.greenpeace.org\/static\/planet4-brasil-stateless\/2022\/09\/fce70a94-unknown_302259131_449834927173284_7067457191160822969_n.jpg\" alt=\"\" srcset=\"https:\/\/www.greenpeace.org\/static\/planet4-brasil-stateless\/2022\/09\/fce70a94-unknown_302259131_449834927173284_7067457191160822969_n.jpg 1080w, https:\/\/www.greenpeace.org\/static\/planet4-brasil-stateless\/2022\/09\/fce70a94-unknown_302259131_449834927173284_7067457191160822969_n-300x225.jpg 300w, https:\/\/www.greenpeace.org\/static\/planet4-brasil-stateless\/2022\/09\/fce70a94-unknown_302259131_449834927173284_7067457191160822969_n-1024x768.jpg 1024w, https:\/\/www.greenpeace.org\/static\/planet4-brasil-stateless\/2022\/09\/fce70a94-unknown_302259131_449834927173284_7067457191160822969_n-768x576.jpg 768w, https:\/\/www.greenpeace.org\/static\/planet4-brasil-stateless\/2022\/09\/fce70a94-unknown_302259131_449834927173284_7067457191160822969_n-453x340.jpg 453w\" sizes=\"auto, (max-width: 300px) 100vw, 300px\" \/><img loading=\"lazy\" decoding=\"async\" width=\"300\" height=\"225\" class=\"wp-image-42595\" style=\"width: 300px;\" src=\"https:\/\/www.greenpeace.org\/static\/planet4-brasil-stateless\/2022\/09\/84881878-unknown_301797034_798352581360764_28322287793715434_n.jpg\" alt=\"\" srcset=\"https:\/\/www.greenpeace.org\/static\/planet4-brasil-stateless\/2022\/09\/84881878-unknown_301797034_798352581360764_28322287793715434_n.jpg 1080w, https:\/\/www.greenpeace.org\/static\/planet4-brasil-stateless\/2022\/09\/84881878-unknown_301797034_798352581360764_28322287793715434_n-300x225.jpg 300w, https:\/\/www.greenpeace.org\/static\/planet4-brasil-stateless\/2022\/09\/84881878-unknown_301797034_798352581360764_28322287793715434_n-1024x768.jpg 1024w, https:\/\/www.greenpeace.org\/static\/planet4-brasil-stateless\/2022\/09\/84881878-unknown_301797034_798352581360764_28322287793715434_n-768x576.jpg 768w, https:\/\/www.greenpeace.org\/static\/planet4-brasil-stateless\/2022\/09\/84881878-unknown_301797034_798352581360764_28322287793715434_n-453x340.jpg 453w\" sizes=\"auto, (max-width: 300px) 100vw, 300px\" \/><\/p>\n\n<p>No domingo (04),<strong> <\/strong><a href=\"https:\/\/www.instagram.com\/p\/CiKpMsNOm9K\/\"><strong>o grupo de Belo Horizonte teve um stand na virada cultural da cidade para informar e encorajar a popula\u00e7\u00e3o para as mudan\u00e7as que o mundo precisa ter para resistir \u00e0s urg\u00eancias clim\u00e1ticas e para garantir a preserva\u00e7\u00e3o de sua biodiversidade:<\/strong><\/a><br><img loading=\"lazy\" decoding=\"async\" width=\"300\" height=\"200\" class=\"wp-image-42577\" style=\"width: 300px;\" src=\"https:\/\/www.greenpeace.org\/static\/planet4-brasil-stateless\/2022\/09\/f9b0575a-unknown_305529959_795820868127176_1006113755705171180_n.jpg\" alt=\"\" srcset=\"https:\/\/www.greenpeace.org\/static\/planet4-brasil-stateless\/2022\/09\/f9b0575a-unknown_305529959_795820868127176_1006113755705171180_n.jpg 1066w, https:\/\/www.greenpeace.org\/static\/planet4-brasil-stateless\/2022\/09\/f9b0575a-unknown_305529959_795820868127176_1006113755705171180_n-300x200.jpg 300w, https:\/\/www.greenpeace.org\/static\/planet4-brasil-stateless\/2022\/09\/f9b0575a-unknown_305529959_795820868127176_1006113755705171180_n-1024x682.jpg 1024w, https:\/\/www.greenpeace.org\/static\/planet4-brasil-stateless\/2022\/09\/f9b0575a-unknown_305529959_795820868127176_1006113755705171180_n-768x512.jpg 768w, https:\/\/www.greenpeace.org\/static\/planet4-brasil-stateless\/2022\/09\/f9b0575a-unknown_305529959_795820868127176_1006113755705171180_n-510x340.jpg 510w\" sizes=\"auto, (max-width: 300px) 100vw, 300px\" \/><img loading=\"lazy\" decoding=\"async\" width=\"300\" height=\"200\" class=\"wp-image-42576\" style=\"width: 300px;\" src=\"https:\/\/www.greenpeace.org\/static\/planet4-brasil-stateless\/2022\/09\/48b7da1f-unknown_305488640_160363373308514_9044984036177146649_n.jpg\" alt=\"\" srcset=\"https:\/\/www.greenpeace.org\/static\/planet4-brasil-stateless\/2022\/09\/48b7da1f-unknown_305488640_160363373308514_9044984036177146649_n.jpg 1066w, https:\/\/www.greenpeace.org\/static\/planet4-brasil-stateless\/2022\/09\/48b7da1f-unknown_305488640_160363373308514_9044984036177146649_n-300x200.jpg 300w, https:\/\/www.greenpeace.org\/static\/planet4-brasil-stateless\/2022\/09\/48b7da1f-unknown_305488640_160363373308514_9044984036177146649_n-1024x682.jpg 1024w, https:\/\/www.greenpeace.org\/static\/planet4-brasil-stateless\/2022\/09\/48b7da1f-unknown_305488640_160363373308514_9044984036177146649_n-768x512.jpg 768w, https:\/\/www.greenpeace.org\/static\/planet4-brasil-stateless\/2022\/09\/48b7da1f-unknown_305488640_160363373308514_9044984036177146649_n-510x340.jpg 510w\" sizes=\"auto, (max-width: 300px) 100vw, 300px\" \/><\/p>\n\n<p><a href=\"https:\/\/www.instagram.com\/p\/CiGpeuqr1Ut\/\"><strong>O grupo de Recife, tamb\u00e9m no domingo (04), junto com outros coletivos ambientais da regi\u00e3o, se mobilizou para um mutir\u00e3o de limpeza no litoral norte:<\/strong><\/a><br><img loading=\"lazy\" decoding=\"async\" width=\"300\" height=\"300\" class=\"wp-image-42590\" style=\"width: 300px;\" src=\"https:\/\/www.greenpeace.org\/static\/planet4-brasil-stateless\/2022\/09\/bf8b88cf-unknown_305547265_3354242018235357_7589524758360184068_n.jpg\" alt=\"\" srcset=\"https:\/\/www.greenpeace.org\/static\/planet4-brasil-stateless\/2022\/09\/bf8b88cf-unknown_305547265_3354242018235357_7589524758360184068_n.jpg 1080w, https:\/\/www.greenpeace.org\/static\/planet4-brasil-stateless\/2022\/09\/bf8b88cf-unknown_305547265_3354242018235357_7589524758360184068_n-300x300.jpg 300w, https:\/\/www.greenpeace.org\/static\/planet4-brasil-stateless\/2022\/09\/bf8b88cf-unknown_305547265_3354242018235357_7589524758360184068_n-1024x1024.jpg 1024w, https:\/\/www.greenpeace.org\/static\/planet4-brasil-stateless\/2022\/09\/bf8b88cf-unknown_305547265_3354242018235357_7589524758360184068_n-150x150.jpg 150w, https:\/\/www.greenpeace.org\/static\/planet4-brasil-stateless\/2022\/09\/bf8b88cf-unknown_305547265_3354242018235357_7589524758360184068_n-768x768.jpg 768w, https:\/\/www.greenpeace.org\/static\/planet4-brasil-stateless\/2022\/09\/bf8b88cf-unknown_305547265_3354242018235357_7589524758360184068_n-340x340.jpg 340w\" sizes=\"auto, (max-width: 300px) 100vw, 300px\" \/><img loading=\"lazy\" decoding=\"async\" width=\"300\" height=\"300\" class=\"wp-image-42589\" style=\"width: 300px;\" src=\"https:\/\/www.greenpeace.org\/static\/planet4-brasil-stateless\/2022\/09\/9e2067e5-unknown_305080558_1448128568989752_7931037320751915737_n.jpg\" alt=\"\" srcset=\"https:\/\/www.greenpeace.org\/static\/planet4-brasil-stateless\/2022\/09\/9e2067e5-unknown_305080558_1448128568989752_7931037320751915737_n.jpg 1080w, https:\/\/www.greenpeace.org\/static\/planet4-brasil-stateless\/2022\/09\/9e2067e5-unknown_305080558_1448128568989752_7931037320751915737_n-300x300.jpg 300w, https:\/\/www.greenpeace.org\/static\/planet4-brasil-stateless\/2022\/09\/9e2067e5-unknown_305080558_1448128568989752_7931037320751915737_n-1024x1024.jpg 1024w, https:\/\/www.greenpeace.org\/static\/planet4-brasil-stateless\/2022\/09\/9e2067e5-unknown_305080558_1448128568989752_7931037320751915737_n-150x150.jpg 150w, https:\/\/www.greenpeace.org\/static\/planet4-brasil-stateless\/2022\/09\/9e2067e5-unknown_305080558_1448128568989752_7931037320751915737_n-768x768.jpg 768w, https:\/\/www.greenpeace.org\/static\/planet4-brasil-stateless\/2022\/09\/9e2067e5-unknown_305080558_1448128568989752_7931037320751915737_n-340x340.jpg 340w\" sizes=\"auto, (max-width: 300px) 100vw, 300px\" \/><\/p>\n\n<p><a href=\"https:\/\/conexaoverde.greenpeace.org.br\/group\/grupo-de-voluntarios-do-vale-do-itajai\/evento\/reuniao-quinzenal-0\"><strong>Os volunt\u00e1rios e volunt\u00e1rias do Vale do Itaja\u00ed realizaram uma reuni\u00e3o quinzenal online:<\/strong><\/a><br><img loading=\"lazy\" decoding=\"async\" width=\"500\" height=\"176\" class=\"wp-image-42584\" style=\"width: 500px;\" src=\"https:\/\/www.greenpeace.org\/static\/planet4-brasil-stateless\/2022\/09\/8ff542f4-whatsapp-image-2022-06-25-at-14.45.43_2.jpeg\" alt=\"\" srcset=\"https:\/\/www.greenpeace.org\/static\/planet4-brasil-stateless\/2022\/09\/8ff542f4-whatsapp-image-2022-06-25-at-14.45.43_2.jpeg 1200w, https:\/\/www.greenpeace.org\/static\/planet4-brasil-stateless\/2022\/09\/8ff542f4-whatsapp-image-2022-06-25-at-14.45.43_2-300x106.jpeg 300w, https:\/\/www.greenpeace.org\/static\/planet4-brasil-stateless\/2022\/09\/8ff542f4-whatsapp-image-2022-06-25-at-14.45.43_2-1024x361.jpeg 1024w, https:\/\/www.greenpeace.org\/static\/planet4-brasil-stateless\/2022\/09\/8ff542f4-whatsapp-image-2022-06-25-at-14.45.43_2-768x271.jpeg 768w, https:\/\/www.greenpeace.org\/static\/planet4-brasil-stateless\/2022\/09\/8ff542f4-whatsapp-image-2022-06-25-at-14.45.43_2-510x180.jpeg 510w\" sizes=\"auto, (max-width: 500px) 100vw, 500px\" \/><\/p>\n\n<p><a href=\"https:\/\/www.instagram.com\/p\/Ch9xX0uDOhM\/\"><strong>Os voluntas de Bras\u00edlia postaram um pouquinho do que rolou na sexta-feira (26), na estreia do document\u00e1rio Antes do Prato:<\/strong><\/a><br><img loading=\"lazy\" decoding=\"async\" width=\"256\" height=\"462\" src=\"https:\/\/lh4.googleusercontent.com\/Ywbx70FHbHYtVwhaKDf8CFrkZFDrX77KBEp-1lzVQyrvvFogOlEqySGJxcf2YngGbNAfzNfAUEsi4mIMF4zJwqF50gTrYufmkAxshFvhYWkiWAylWpshWd_n6OptYp-lbD2WP8HkiAnYpmzzJkD-CoXdcLt0jdnA6wVN21KH3dmFkpJTZ8fApQcEIQ\"><\/p>\n\n<p><a href=\"https:\/\/www.instagram.com\/p\/CiBWgntryQB\/\"><strong>Belo Horizonte entrou para a trend do TikTok e Instagram, dessa vez apresentando os anfitri\u00f5es:<\/strong><\/a><br><img loading=\"lazy\" decoding=\"async\" width=\"258\" height=\"460\" src=\"https:\/\/lh3.googleusercontent.com\/gb3AMZcfNSJV-NkyrznoaTx0Wc3vtZsi6_Y_biOCjhqw-sA2OxcLpQQeNdE22Xq2yA6l_9AExUNog5OawvJDXlu1vn7UqE3Sk94kuHK2A1yFM-IIv1sAgzhoGbliWTx1znvWiiyxCVtum9-4wrgWzjtLlQsT1P73-AaD572edNi2zHCqMvBx0eZqqA\"><\/p>\n\n<p>O grupo de <a href=\"https:\/\/www.instagram.com\/p\/CiBQ5atgDVB\/\"><strong>Goi\u00e2nia postou a segunda parte do tour no escrit\u00f3rio<\/strong><\/a>, gravado no Encontro de Facilitadores 2022:<br><img loading=\"lazy\" decoding=\"async\" width=\"248\" height=\"445\" src=\"https:\/\/lh5.googleusercontent.com\/hvdR-pmWIpmPIO4t8OkWDDjMSU3i-hEHBljNODMuiE1Tc7hz6xwgHOnnpYNWnqZmj8WAGzag2KlWedO-Bw66XxyQjwdLg2oKGnAPkiWxWOGSKHoi9Yc5So7ilx8WayiXVBKcItVVej9fu_gKAFw9isqbZ1FgyVMA0HkdQsPCI6BTDj_EHezYBEPmtA\"><\/p>\n\n<p>Para quem n\u00e3o sabe, temos um novo grupo em forma\u00e7\u00e3o no Esp\u00edrito Santo! <a href=\"https:\/\/conexaoverde.greenpeace.org.br\/group\/gpbr-capixaba\/evento\/cleanup-day-curva-da-jurema\"><strong>O grupo convidou todos da regi\u00e3o para participar de uma a\u00e7\u00e3o no Dia Mundial da Limpeza:<\/strong><\/a><br><img loading=\"lazy\" decoding=\"async\" width=\"300\" height=\"300\" class=\"wp-image-42615\" style=\"width: 300px;\" src=\"https:\/\/www.greenpeace.org\/static\/planet4-brasil-stateless\/2022\/09\/ca700c2d-unknown_305749106_800721924482311_7869050019259226776_n.jpg\" alt=\"\" srcset=\"https:\/\/www.greenpeace.org\/static\/planet4-brasil-stateless\/2022\/09\/ca700c2d-unknown_305749106_800721924482311_7869050019259226776_n.jpg 1080w, https:\/\/www.greenpeace.org\/static\/planet4-brasil-stateless\/2022\/09\/ca700c2d-unknown_305749106_800721924482311_7869050019259226776_n-300x300.jpg 300w, https:\/\/www.greenpeace.org\/static\/planet4-brasil-stateless\/2022\/09\/ca700c2d-unknown_305749106_800721924482311_7869050019259226776_n-1024x1024.jpg 1024w, https:\/\/www.greenpeace.org\/static\/planet4-brasil-stateless\/2022\/09\/ca700c2d-unknown_305749106_800721924482311_7869050019259226776_n-150x150.jpg 150w, https:\/\/www.greenpeace.org\/static\/planet4-brasil-stateless\/2022\/09\/ca700c2d-unknown_305749106_800721924482311_7869050019259226776_n-768x768.jpg 768w, https:\/\/www.greenpeace.org\/static\/planet4-brasil-stateless\/2022\/09\/ca700c2d-unknown_305749106_800721924482311_7869050019259226776_n-340x340.jpg 340w\" sizes=\"auto, (max-width: 300px) 100vw, 300px\" \/><\/p>\n\n<p>O grupo de Belo Horizonte trouxe em seu Instagram exemplos de estudantes. Diz a\u00ed,<a href=\"https:\/\/www.instagram.com\/p\/Ch73LAoOGsP\/\"><strong> que tipo de estudante voc\u00ea \u00e9?<\/strong><\/a><br><img loading=\"lazy\" decoding=\"async\" width=\"250\" height=\"250\" class=\"wp-image-42613\" style=\"width: 250px;\" src=\"https:\/\/www.greenpeace.org\/static\/planet4-brasil-stateless\/2022\/09\/e67dd0ed-unknown_302068853_625979169113127_7679861298378260609_n.jpg\" alt=\"\" srcset=\"https:\/\/www.greenpeace.org\/static\/planet4-brasil-stateless\/2022\/09\/e67dd0ed-unknown_302068853_625979169113127_7679861298378260609_n.jpg 1080w, https:\/\/www.greenpeace.org\/static\/planet4-brasil-stateless\/2022\/09\/e67dd0ed-unknown_302068853_625979169113127_7679861298378260609_n-300x300.jpg 300w, https:\/\/www.greenpeace.org\/static\/planet4-brasil-stateless\/2022\/09\/e67dd0ed-unknown_302068853_625979169113127_7679861298378260609_n-1024x1024.jpg 1024w, https:\/\/www.greenpeace.org\/static\/planet4-brasil-stateless\/2022\/09\/e67dd0ed-unknown_302068853_625979169113127_7679861298378260609_n-150x150.jpg 150w, https:\/\/www.greenpeace.org\/static\/planet4-brasil-stateless\/2022\/09\/e67dd0ed-unknown_302068853_625979169113127_7679861298378260609_n-768x768.jpg 768w, https:\/\/www.greenpeace.org\/static\/planet4-brasil-stateless\/2022\/09\/e67dd0ed-unknown_302068853_625979169113127_7679861298378260609_n-340x340.jpg 340w\" sizes=\"auto, (max-width: 250px) 100vw, 250px\" \/><img loading=\"lazy\" decoding=\"async\" width=\"250\" height=\"250\" class=\"wp-image-42612\" style=\"width: 250px;\" src=\"https:\/\/www.greenpeace.org\/static\/planet4-brasil-stateless\/2022\/09\/3055afb4-unknown_302316498_615388586688523_5347495257425318014_n.jpg\" alt=\"\" srcset=\"https:\/\/www.greenpeace.org\/static\/planet4-brasil-stateless\/2022\/09\/3055afb4-unknown_302316498_615388586688523_5347495257425318014_n.jpg 1080w, https:\/\/www.greenpeace.org\/static\/planet4-brasil-stateless\/2022\/09\/3055afb4-unknown_302316498_615388586688523_5347495257425318014_n-300x300.jpg 300w, https:\/\/www.greenpeace.org\/static\/planet4-brasil-stateless\/2022\/09\/3055afb4-unknown_302316498_615388586688523_5347495257425318014_n-1024x1024.jpg 1024w, https:\/\/www.greenpeace.org\/static\/planet4-brasil-stateless\/2022\/09\/3055afb4-unknown_302316498_615388586688523_5347495257425318014_n-150x150.jpg 150w, https:\/\/www.greenpeace.org\/static\/planet4-brasil-stateless\/2022\/09\/3055afb4-unknown_302316498_615388586688523_5347495257425318014_n-768x768.jpg 768w, https:\/\/www.greenpeace.org\/static\/planet4-brasil-stateless\/2022\/09\/3055afb4-unknown_302316498_615388586688523_5347495257425318014_n-340x340.jpg 340w\" sizes=\"auto, (max-width: 250px) 100vw, 250px\" \/><br><img loading=\"lazy\" decoding=\"async\" width=\"250\" height=\"250\" class=\"wp-image-42610\" style=\"width: 250px;\" src=\"https:\/\/www.greenpeace.org\/static\/planet4-brasil-stateless\/2022\/09\/376e29d5-unknown_302378498_1045663929475031_9128030974550867450_n.jpg\" alt=\"\" srcset=\"https:\/\/www.greenpeace.org\/static\/planet4-brasil-stateless\/2022\/09\/376e29d5-unknown_302378498_1045663929475031_9128030974550867450_n.jpg 1080w, https:\/\/www.greenpeace.org\/static\/planet4-brasil-stateless\/2022\/09\/376e29d5-unknown_302378498_1045663929475031_9128030974550867450_n-300x300.jpg 300w, https:\/\/www.greenpeace.org\/static\/planet4-brasil-stateless\/2022\/09\/376e29d5-unknown_302378498_1045663929475031_9128030974550867450_n-1024x1024.jpg 1024w, https:\/\/www.greenpeace.org\/static\/planet4-brasil-stateless\/2022\/09\/376e29d5-unknown_302378498_1045663929475031_9128030974550867450_n-150x150.jpg 150w, https:\/\/www.greenpeace.org\/static\/planet4-brasil-stateless\/2022\/09\/376e29d5-unknown_302378498_1045663929475031_9128030974550867450_n-768x768.jpg 768w, https:\/\/www.greenpeace.org\/static\/planet4-brasil-stateless\/2022\/09\/376e29d5-unknown_302378498_1045663929475031_9128030974550867450_n-340x340.jpg 340w\" sizes=\"auto, (max-width: 250px) 100vw, 250px\" \/><img loading=\"lazy\" decoding=\"async\" width=\"250\" height=\"250\" class=\"wp-image-42611\" style=\"width: 250px;\" src=\"https:\/\/www.greenpeace.org\/static\/planet4-brasil-stateless\/2022\/09\/ebb72dda-unknown_302387499_116442207846957_3666033598285508076_n.jpg\" alt=\"\" srcset=\"https:\/\/www.greenpeace.org\/static\/planet4-brasil-stateless\/2022\/09\/ebb72dda-unknown_302387499_116442207846957_3666033598285508076_n.jpg 1080w, https:\/\/www.greenpeace.org\/static\/planet4-brasil-stateless\/2022\/09\/ebb72dda-unknown_302387499_116442207846957_3666033598285508076_n-300x300.jpg 300w, https:\/\/www.greenpeace.org\/static\/planet4-brasil-stateless\/2022\/09\/ebb72dda-unknown_302387499_116442207846957_3666033598285508076_n-1024x1024.jpg 1024w, https:\/\/www.greenpeace.org\/static\/planet4-brasil-stateless\/2022\/09\/ebb72dda-unknown_302387499_116442207846957_3666033598285508076_n-150x150.jpg 150w, https:\/\/www.greenpeace.org\/static\/planet4-brasil-stateless\/2022\/09\/ebb72dda-unknown_302387499_116442207846957_3666033598285508076_n-768x768.jpg 768w, https:\/\/www.greenpeace.org\/static\/planet4-brasil-stateless\/2022\/09\/ebb72dda-unknown_302387499_116442207846957_3666033598285508076_n-340x340.jpg 340w\" sizes=\"auto, (max-width: 250px) 100vw, 250px\" \/><\/p>\n\n<p>E como sempre, para fechar, receitinha da #SegundasemCarne.<strong> <\/strong><a href=\"https:\/\/www.instagram.com\/p\/CiIkBhNDmPm\/\"><strong>Dessa vez, Zona da Mata ensinou uma receita de homus:<\/strong><\/a><br><strong><img loading=\"lazy\" decoding=\"async\" width=\"231\" height=\"417\" src=\"https:\/\/lh4.googleusercontent.com\/eF5Wu7kjbi1oIGY4pup80fzs0K2zsn7dOsGItrXqGlBT8a_jn2VOSVWU0CcuWb8-19WGOTKLZBT65itfUxcT4uhoabjxTn0H-3b8KNbxFUTafx5Dw7DC6dl1wR1UmuK-HDqs46lUQrLD3yYU7z5UEMOHf9N_LAOhl9OmK1YYiL6ijyDahWUi8S9_HQ\"><br><br><\/strong>Isso a\u00ed, amores! Vamos continuar acompanhando essa galerinha incr\u00edvel, fiquem atentos \ud83d\udc40. Continuamos firmes e fortes na luta por um mundo mais justo, verde e pac\u00edfico. Beijo forte no cora\u00e7\u00e3o \ud83d\udc4b\ud83d\ude18<\/p>\n","protected":false},"excerpt":{"rendered":"<p>Voluntas espalhados por todo o pa\u00eds mostraram que \u00e9 poss\u00edvel proteger a floresta e que as solu\u00e7\u00f5es j\u00e1 existem! O Brasil pode reconstruir os sistemas de prote\u00e7\u00e3o da floresta, rumo \u00e0 Amaz\u00f4nia que precisamos.<\/p>\n","protected":false},"author":103,"featured_media":42568,"comment_status":"open","ping_status":"closed","sticky":false,"template":"","format":"standard","meta":{"ep_exclude_from_search":false,"p4_og_title":"","p4_og_description":"","p4_og_image":"","p4_og_image_id":"","p4_seo_canonical_url":"","p4_campaign_name":"not set","p4_local_project":"not set","p4_basket_name":"not set","p4_department":"","footnotes":""},"categories":[5],"tags":[23],"p4-page-type":[16],"class_list":["post-42560","post","type-post","status-publish","format-standard","has-post-thumbnail","hentry","category-greenpeace","tag-mobilizacao","p4-page-type-blog"],"_links":{"self":[{"href":"https:\/\/www.greenpeace.org\/brasil\/wp-json\/wp\/v2\/posts\/42560","targetHints":{"allow":["GET"]}}],"collection":[{"href":"https:\/\/www.greenpeace.org\/brasil\/wp-json\/wp\/v2\/posts"}],"about":[{"href":"https:\/\/www.greenpeace.org\/brasil\/wp-json\/wp\/v2\/types\/post"}],"author":[{"embeddable":true,"href":"https:\/\/www.greenpeace.org\/brasil\/wp-json\/wp\/v2\/users\/103"}],"replies":[{"embeddable":true,"href":"https:\/\/www.greenpeace.org\/brasil\/wp-json\/wp\/v2\/comments?post=42560"}],"version-history":[{"count":5,"href":"https:\/\/www.greenpeace.org\/brasil\/wp-json\/wp\/v2\/posts\/42560\/revisions"}],"predecessor-version":[{"id":42628,"href":"https:\/\/www.greenpeace.org\/brasil\/wp-json\/wp\/v2\/posts\/42560\/revisions\/42628"}],"wp:featuredmedia":[{"embeddable":true,"href":"https:\/\/www.greenpeace.org\/brasil\/wp-json\/wp\/v2\/media\/42568"}],"wp:attachment":[{"href":"https:\/\/www.greenpeace.org\/brasil\/wp-json\/wp\/v2\/media?parent=42560"}],"wp:term":[{"taxonomy":"category","embeddable":true,"href":"https:\/\/www.greenpeace.org\/brasil\/wp-json\/wp\/v2\/categories?post=42560"},{"taxonomy":"post_tag","embeddable":true,"href":"https:\/\/www.greenpeace.org\/brasil\/wp-json\/wp\/v2\/tags?post=42560"},{"taxonomy":"p4-page-type","embeddable":true,"href":"https:\/\/www.greenpeace.org\/brasil\/wp-json\/wp\/v2\/p4-page-type?post=42560"}],"curies":[{"name":"wp","href":"https:\/\/api.w.org\/{rel}","templated":true}]}}