{"id":42677,"date":"2022-09-15T16:03:47","date_gmt":"2022-09-15T19:03:47","guid":{"rendered":"https:\/\/www.greenpeace.org\/brasil\/?p=42677"},"modified":"2025-07-02T04:24:37","modified_gmt":"2025-07-02T07:24:37","slug":"sem-vacilo-nessa-eleicao-votar-consciente-e-fazer-a-diferenca","status":"publish","type":"post","link":"https:\/\/www.greenpeace.org\/brasil\/blog\/sem-vacilo-nessa-eleicao-votar-consciente-e-fazer-a-diferenca\/","title":{"rendered":"Sem vacilo nessa elei\u00e7\u00e3o: Votar consciente \u00e9 fazer a diferen\u00e7a!"},"content":{"rendered":"\n<h4 class=\"wp-block-heading\">Volunt\u00e1rios(as) participaram do lan\u00e7amento da campanha Voto sem Vacilo atrav\u00e9s das redes socias, incentivando a\u00e7\u00f5es efetivas para constru\u00e7\u00e3o de outro projeto de pa\u00eds<\/h4>\n\n<p>Oie, galera! Vamos para mais um Gir\u00e3o?<\/p>\n\n<p>Chegou o t\u00e3o esperado guia do <a href=\"https:\/\/www.instagram.com\/explore\/tags\/votosemvacilo\/\"><strong>#VotosemVacilo<\/strong><\/a><strong> <\/strong>pra mostrar que seu voto importa e uma escolha bem informada pode ajudar a mudar os rumos do pa\u00eds<strong>!&nbsp;<\/strong><\/p>\n\n<p>Os grupos de<strong> <\/strong><a href=\"https:\/\/www.instagram.com\/p\/CiSVHwLO1Lw\/\"><strong>Bel\u00e9m<\/strong><\/a><strong>, <\/strong><a href=\"https:\/\/www.instagram.com\/p\/CiQ-Rxmu2c2\/\"><strong>Belo Horizonte<\/strong><\/a><strong>, <\/strong><a href=\"https:\/\/www.instagram.com\/p\/CiQ-VR4L3aX\/\"><strong>Blumenau<\/strong><\/a><strong>, <\/strong><a href=\"https:\/\/www.instagram.com\/p\/CiQ_rabOSTW\/\"><strong>Esp\u00edrito Santo<\/strong><\/a><strong>, <\/strong><a href=\"https:\/\/www.instagram.com\/p\/CiQ-ttOOHu4\/\"><strong>Goi\u00e2nia<\/strong><\/a><strong>, <\/strong><a href=\"https:\/\/www.instagram.com\/p\/CiREmfNtdcy\/\"><strong>Jo\u00e3o Pessoa<\/strong><\/a><strong>, <\/strong><a href=\"https:\/\/www.instagram.com\/p\/CiQ98fCuyNS\/\"><strong>Leste Paulista<\/strong><\/a><strong>, <\/strong><a href=\"https:\/\/www.instagram.com\/p\/CiQ50bPLP3o\/\"><strong>S\u00e3o Paulo<\/strong><\/a><strong>, <\/strong><a href=\"https:\/\/www.instagram.com\/p\/CiVytrVBJ3A\/\"><strong>Salvador<\/strong><\/a><strong> e <\/strong><a href=\"https:\/\/www.instagram.com\/p\/CiQ9sqgrI6P\/\"><strong>Zona da Mata<\/strong><\/a><strong> <\/strong>divulgaram essa campanha maravilhosa em suas redes:<br><img loading=\"lazy\" decoding=\"async\" width=\"300\" height=\"300\" class=\"wp-image-42705\" style=\"width: 300px;\" src=\"https:\/\/www.greenpeace.org\/static\/planet4-brasil-stateless\/2022\/09\/320364d5-unknown_305859251_1224352051681595_8573317318687574248_n.jpg\" alt=\"\" srcset=\"https:\/\/www.greenpeace.org\/static\/planet4-brasil-stateless\/2022\/09\/320364d5-unknown_305859251_1224352051681595_8573317318687574248_n.jpg 1080w, https:\/\/www.greenpeace.org\/static\/planet4-brasil-stateless\/2022\/09\/320364d5-unknown_305859251_1224352051681595_8573317318687574248_n-300x300.jpg 300w, https:\/\/www.greenpeace.org\/static\/planet4-brasil-stateless\/2022\/09\/320364d5-unknown_305859251_1224352051681595_8573317318687574248_n-1024x1024.jpg 1024w, https:\/\/www.greenpeace.org\/static\/planet4-brasil-stateless\/2022\/09\/320364d5-unknown_305859251_1224352051681595_8573317318687574248_n-150x150.jpg 150w, https:\/\/www.greenpeace.org\/static\/planet4-brasil-stateless\/2022\/09\/320364d5-unknown_305859251_1224352051681595_8573317318687574248_n-768x768.jpg 768w, https:\/\/www.greenpeace.org\/static\/planet4-brasil-stateless\/2022\/09\/320364d5-unknown_305859251_1224352051681595_8573317318687574248_n-340x340.jpg 340w\" sizes=\"auto, (max-width: 300px) 100vw, 300px\" \/><\/p>\n\n<p>O grupo de<strong> <\/strong><a href=\"https:\/\/www.instagram.com\/p\/CiX2KHkr2-u\/\"><strong>Zona da Mata<\/strong><\/a><strong> <\/strong>alertou atrav\u00e9s de um repost do Greenpeace Brasil: \u201cN\u00e3o vacila, vote pela Amaz\u00f4nia que a gente precisa!\u201d<strong><br><\/strong><img loading=\"lazy\" decoding=\"async\" width=\"300\" height=\"300\" class=\"wp-image-42679\" style=\"width: 300px;\" src=\"https:\/\/www.greenpeace.org\/static\/planet4-brasil-stateless\/2022\/09\/7e5d7386-unknown_306416154_125718626893802_8634898603860928977_n.jpg\" alt=\"\" srcset=\"https:\/\/www.greenpeace.org\/static\/planet4-brasil-stateless\/2022\/09\/7e5d7386-unknown_306416154_125718626893802_8634898603860928977_n.jpg 1440w, https:\/\/www.greenpeace.org\/static\/planet4-brasil-stateless\/2022\/09\/7e5d7386-unknown_306416154_125718626893802_8634898603860928977_n-300x300.jpg 300w, https:\/\/www.greenpeace.org\/static\/planet4-brasil-stateless\/2022\/09\/7e5d7386-unknown_306416154_125718626893802_8634898603860928977_n-1024x1024.jpg 1024w, https:\/\/www.greenpeace.org\/static\/planet4-brasil-stateless\/2022\/09\/7e5d7386-unknown_306416154_125718626893802_8634898603860928977_n-150x150.jpg 150w, https:\/\/www.greenpeace.org\/static\/planet4-brasil-stateless\/2022\/09\/7e5d7386-unknown_306416154_125718626893802_8634898603860928977_n-768x768.jpg 768w, https:\/\/www.greenpeace.org\/static\/planet4-brasil-stateless\/2022\/09\/7e5d7386-unknown_306416154_125718626893802_8634898603860928977_n-1366x1366.jpg 1366w, https:\/\/www.greenpeace.org\/static\/planet4-brasil-stateless\/2022\/09\/7e5d7386-unknown_306416154_125718626893802_8634898603860928977_n-340x340.jpg 340w\" sizes=\"auto, (max-width: 300px) 100vw, 300px\" \/><\/p>\n\n<p>Os voluntas do <a href=\"https:\/\/www.instagram.com\/p\/CiViVTgug4U\/\"><strong>Leste Paulista postaram a respeito dos cargos que ser\u00e3o definidos a partir das #Elei\u00e7\u00f5es2022 para voc\u00ea n\u00e3o esquecer:<\/strong><\/a><\/p>\n\n<p><img loading=\"lazy\" decoding=\"async\" width=\"300\" height=\"300\" class=\"wp-image-42689\" style=\"width: 300px;\" src=\"https:\/\/www.greenpeace.org\/static\/planet4-brasil-stateless\/2022\/09\/3479f5b0-unknown_306559824_1222412168607745_6485576407136663062_n.jpg\" alt=\"\" srcset=\"https:\/\/www.greenpeace.org\/static\/planet4-brasil-stateless\/2022\/09\/3479f5b0-unknown_306559824_1222412168607745_6485576407136663062_n.jpg 1080w, https:\/\/www.greenpeace.org\/static\/planet4-brasil-stateless\/2022\/09\/3479f5b0-unknown_306559824_1222412168607745_6485576407136663062_n-300x300.jpg 300w, https:\/\/www.greenpeace.org\/static\/planet4-brasil-stateless\/2022\/09\/3479f5b0-unknown_306559824_1222412168607745_6485576407136663062_n-1024x1024.jpg 1024w, https:\/\/www.greenpeace.org\/static\/planet4-brasil-stateless\/2022\/09\/3479f5b0-unknown_306559824_1222412168607745_6485576407136663062_n-150x150.jpg 150w, https:\/\/www.greenpeace.org\/static\/planet4-brasil-stateless\/2022\/09\/3479f5b0-unknown_306559824_1222412168607745_6485576407136663062_n-768x768.jpg 768w, https:\/\/www.greenpeace.org\/static\/planet4-brasil-stateless\/2022\/09\/3479f5b0-unknown_306559824_1222412168607745_6485576407136663062_n-340x340.jpg 340w\" sizes=\"auto, (max-width: 300px) 100vw, 300px\" \/><img loading=\"lazy\" decoding=\"async\" width=\"300\" height=\"300\" class=\"wp-image-42688\" style=\"width: 300px;\" src=\"https:\/\/www.greenpeace.org\/static\/planet4-brasil-stateless\/2022\/09\/428d2ace-unknown_306239749_622481142846873_8694602203694860472_n.jpg\" alt=\"\" srcset=\"https:\/\/www.greenpeace.org\/static\/planet4-brasil-stateless\/2022\/09\/428d2ace-unknown_306239749_622481142846873_8694602203694860472_n.jpg 1080w, https:\/\/www.greenpeace.org\/static\/planet4-brasil-stateless\/2022\/09\/428d2ace-unknown_306239749_622481142846873_8694602203694860472_n-300x300.jpg 300w, https:\/\/www.greenpeace.org\/static\/planet4-brasil-stateless\/2022\/09\/428d2ace-unknown_306239749_622481142846873_8694602203694860472_n-1024x1024.jpg 1024w, https:\/\/www.greenpeace.org\/static\/planet4-brasil-stateless\/2022\/09\/428d2ace-unknown_306239749_622481142846873_8694602203694860472_n-150x150.jpg 150w, https:\/\/www.greenpeace.org\/static\/planet4-brasil-stateless\/2022\/09\/428d2ace-unknown_306239749_622481142846873_8694602203694860472_n-768x768.jpg 768w, https:\/\/www.greenpeace.org\/static\/planet4-brasil-stateless\/2022\/09\/428d2ace-unknown_306239749_622481142846873_8694602203694860472_n-340x340.jpg 340w\" sizes=\"auto, (max-width: 300px) 100vw, 300px\" \/><\/p>\n\n<p>Na quarta-feira (07) comemorou-se o <strong>Dia da Independ\u00eancia do Brasil<\/strong>. Os grupos locais aproveitaram a data para abordar temas importantes como a degrada\u00e7\u00e3o ambiental, elei\u00e7\u00f5es, e ainda propuseram solu\u00e7\u00f5es para um pa\u00eds melhor.<\/p>\n\n<p><a href=\"https:\/\/www.instagram.com\/p\/CiN8qs1u6vm\/\"><strong>Belo Horizonte:<\/strong><\/a><br><img loading=\"lazy\" decoding=\"async\" width=\"300\" height=\"188\" class=\"wp-image-42714\" style=\"width: 300px;\" src=\"https:\/\/www.greenpeace.org\/static\/planet4-brasil-stateless\/2022\/09\/8f12cccc-unknown_305871997_451236656764555_6640051554199156929_n.jpg\" alt=\"\" srcset=\"https:\/\/www.greenpeace.org\/static\/planet4-brasil-stateless\/2022\/09\/8f12cccc-unknown_305871997_451236656764555_6640051554199156929_n.jpg 1080w, https:\/\/www.greenpeace.org\/static\/planet4-brasil-stateless\/2022\/09\/8f12cccc-unknown_305871997_451236656764555_6640051554199156929_n-300x188.jpg 300w, https:\/\/www.greenpeace.org\/static\/planet4-brasil-stateless\/2022\/09\/8f12cccc-unknown_305871997_451236656764555_6640051554199156929_n-1024x640.jpg 1024w, https:\/\/www.greenpeace.org\/static\/planet4-brasil-stateless\/2022\/09\/8f12cccc-unknown_305871997_451236656764555_6640051554199156929_n-768x480.jpg 768w, https:\/\/www.greenpeace.org\/static\/planet4-brasil-stateless\/2022\/09\/8f12cccc-unknown_305871997_451236656764555_6640051554199156929_n-510x319.jpg 510w\" sizes=\"auto, (max-width: 300px) 100vw, 300px\" \/><\/p>\n\n<p><a href=\"https:\/\/www.instagram.com\/p\/CiNVygbukV_\/\"><strong>Bel\u00e9m<\/strong><\/a><strong> e <\/strong><a href=\"https:\/\/www.instagram.com\/p\/CiNqYVXLga7\/\"><strong>Macap\u00e1:<\/strong><\/a><br><img loading=\"lazy\" decoding=\"async\" width=\"300\" height=\"375\" class=\"wp-image-42710\" style=\"width: 300px;\" src=\"https:\/\/www.greenpeace.org\/static\/planet4-brasil-stateless\/2022\/09\/72b97978-unknown_305397175_5319668574813005_5672308951279287116_n.jpg\" alt=\"\" srcset=\"https:\/\/www.greenpeace.org\/static\/planet4-brasil-stateless\/2022\/09\/72b97978-unknown_305397175_5319668574813005_5672308951279287116_n.jpg 1080w, https:\/\/www.greenpeace.org\/static\/planet4-brasil-stateless\/2022\/09\/72b97978-unknown_305397175_5319668574813005_5672308951279287116_n-240x300.jpg 240w, https:\/\/www.greenpeace.org\/static\/planet4-brasil-stateless\/2022\/09\/72b97978-unknown_305397175_5319668574813005_5672308951279287116_n-819x1024.jpg 819w, https:\/\/www.greenpeace.org\/static\/planet4-brasil-stateless\/2022\/09\/72b97978-unknown_305397175_5319668574813005_5672308951279287116_n-768x960.jpg 768w, https:\/\/www.greenpeace.org\/static\/planet4-brasil-stateless\/2022\/09\/72b97978-unknown_305397175_5319668574813005_5672308951279287116_n-272x340.jpg 272w\" sizes=\"auto, (max-width: 300px) 100vw, 300px\" \/><img loading=\"lazy\" decoding=\"async\" width=\"300\" height=\"375\" class=\"wp-image-42711\" style=\"width: 300px;\" src=\"https:\/\/www.greenpeace.org\/static\/planet4-brasil-stateless\/2022\/09\/b8398a64-unknown_305423814_579738813852037_1307656256808323676_n.jpg\" alt=\"\" srcset=\"https:\/\/www.greenpeace.org\/static\/planet4-brasil-stateless\/2022\/09\/b8398a64-unknown_305423814_579738813852037_1307656256808323676_n.jpg 1080w, https:\/\/www.greenpeace.org\/static\/planet4-brasil-stateless\/2022\/09\/b8398a64-unknown_305423814_579738813852037_1307656256808323676_n-240x300.jpg 240w, https:\/\/www.greenpeace.org\/static\/planet4-brasil-stateless\/2022\/09\/b8398a64-unknown_305423814_579738813852037_1307656256808323676_n-819x1024.jpg 819w, https:\/\/www.greenpeace.org\/static\/planet4-brasil-stateless\/2022\/09\/b8398a64-unknown_305423814_579738813852037_1307656256808323676_n-768x960.jpg 768w, https:\/\/www.greenpeace.org\/static\/planet4-brasil-stateless\/2022\/09\/b8398a64-unknown_305423814_579738813852037_1307656256808323676_n-272x340.jpg 272w\" sizes=\"auto, (max-width: 300px) 100vw, 300px\" \/><\/p>\n\n<p><a href=\"https:\/\/www.instagram.com\/p\/CiNtyg6L7PZ\/\"><strong>Jo\u00e3o Pessoa:<\/strong><\/a><br><img loading=\"lazy\" decoding=\"async\" width=\"300\" height=\"300\" class=\"wp-image-42709\" style=\"width: 300px;\" src=\"https:\/\/www.greenpeace.org\/static\/planet4-brasil-stateless\/2022\/09\/4c4bcaab-unknown_305300458_474520110991429_2112833441687910848_n.jpg\" alt=\"\" srcset=\"https:\/\/www.greenpeace.org\/static\/planet4-brasil-stateless\/2022\/09\/4c4bcaab-unknown_305300458_474520110991429_2112833441687910848_n.jpg 1080w, https:\/\/www.greenpeace.org\/static\/planet4-brasil-stateless\/2022\/09\/4c4bcaab-unknown_305300458_474520110991429_2112833441687910848_n-300x300.jpg 300w, https:\/\/www.greenpeace.org\/static\/planet4-brasil-stateless\/2022\/09\/4c4bcaab-unknown_305300458_474520110991429_2112833441687910848_n-1024x1024.jpg 1024w, https:\/\/www.greenpeace.org\/static\/planet4-brasil-stateless\/2022\/09\/4c4bcaab-unknown_305300458_474520110991429_2112833441687910848_n-150x150.jpg 150w, https:\/\/www.greenpeace.org\/static\/planet4-brasil-stateless\/2022\/09\/4c4bcaab-unknown_305300458_474520110991429_2112833441687910848_n-768x768.jpg 768w, https:\/\/www.greenpeace.org\/static\/planet4-brasil-stateless\/2022\/09\/4c4bcaab-unknown_305300458_474520110991429_2112833441687910848_n-340x340.jpg 340w\" sizes=\"auto, (max-width: 300px) 100vw, 300px\" \/><\/p>\n\n<p><a href=\"https:\/\/www.instagram.com\/p\/CiNcrV-OWLs\/\"><strong>Zona da Mata:<\/strong><\/a><br><img loading=\"lazy\" decoding=\"async\" width=\"300\" height=\"300\" class=\"wp-image-42713\" style=\"width: 300px;\" src=\"https:\/\/www.greenpeace.org\/static\/planet4-brasil-stateless\/2022\/09\/59a9f482-unknown_305574438_828803314786364_898661872792239425_n.jpg\" alt=\"\" srcset=\"https:\/\/www.greenpeace.org\/static\/planet4-brasil-stateless\/2022\/09\/59a9f482-unknown_305574438_828803314786364_898661872792239425_n.jpg 1080w, https:\/\/www.greenpeace.org\/static\/planet4-brasil-stateless\/2022\/09\/59a9f482-unknown_305574438_828803314786364_898661872792239425_n-300x300.jpg 300w, https:\/\/www.greenpeace.org\/static\/planet4-brasil-stateless\/2022\/09\/59a9f482-unknown_305574438_828803314786364_898661872792239425_n-1024x1024.jpg 1024w, https:\/\/www.greenpeace.org\/static\/planet4-brasil-stateless\/2022\/09\/59a9f482-unknown_305574438_828803314786364_898661872792239425_n-150x150.jpg 150w, https:\/\/www.greenpeace.org\/static\/planet4-brasil-stateless\/2022\/09\/59a9f482-unknown_305574438_828803314786364_898661872792239425_n-768x768.jpg 768w, https:\/\/www.greenpeace.org\/static\/planet4-brasil-stateless\/2022\/09\/59a9f482-unknown_305574438_828803314786364_898661872792239425_n-340x340.jpg 340w\" sizes=\"auto, (max-width: 300px) 100vw, 300px\" \/><img loading=\"lazy\" decoding=\"async\" width=\"300\" height=\"300\" class=\"wp-image-42708\" style=\"width: 300px;\" src=\"https:\/\/www.greenpeace.org\/static\/planet4-brasil-stateless\/2022\/09\/fcbcbbd6-unknown_305239321_1217914208991886_8547611109018025872_n.jpg\" alt=\"\" srcset=\"https:\/\/www.greenpeace.org\/static\/planet4-brasil-stateless\/2022\/09\/fcbcbbd6-unknown_305239321_1217914208991886_8547611109018025872_n.jpg 1080w, https:\/\/www.greenpeace.org\/static\/planet4-brasil-stateless\/2022\/09\/fcbcbbd6-unknown_305239321_1217914208991886_8547611109018025872_n-300x300.jpg 300w, https:\/\/www.greenpeace.org\/static\/planet4-brasil-stateless\/2022\/09\/fcbcbbd6-unknown_305239321_1217914208991886_8547611109018025872_n-1024x1024.jpg 1024w, https:\/\/www.greenpeace.org\/static\/planet4-brasil-stateless\/2022\/09\/fcbcbbd6-unknown_305239321_1217914208991886_8547611109018025872_n-150x150.jpg 150w, https:\/\/www.greenpeace.org\/static\/planet4-brasil-stateless\/2022\/09\/fcbcbbd6-unknown_305239321_1217914208991886_8547611109018025872_n-768x768.jpg 768w, https:\/\/www.greenpeace.org\/static\/planet4-brasil-stateless\/2022\/09\/fcbcbbd6-unknown_305239321_1217914208991886_8547611109018025872_n-340x340.jpg 340w\" sizes=\"auto, (max-width: 300px) 100vw, 300px\" \/><\/p>\n\n<p>Na quinta-feira (08), foi o <strong>Dia Mundial da Alfabetiza\u00e7\u00e3o. <\/strong>A data foi criada em 1967 pela Organiza\u00e7\u00e3o das Na\u00e7\u00f5es Unidas (ONU) e pela Organiza\u00e7\u00e3o das Na\u00e7\u00f5es Unidas para a Educa\u00e7\u00e3o, a Ci\u00eancia e a Cultura (Unesco), e tem como intuito discutir globalmente assuntos e quest\u00f5es ligados \u00e0 alfabetiza\u00e7\u00e3o. Os grupos de <a href=\"https:\/\/www.instagram.com\/p\/CiQgcfiOI7k\/\"><strong>Belo Horizonte<\/strong><\/a><strong>, <\/strong><a href=\"https:\/\/www.instagram.com\/p\/CiQ7v9juspZ\/\"><strong>Leste Paulista<\/strong><\/a> postaram sobre a data:<br><img loading=\"lazy\" decoding=\"async\" width=\"300\" height=\"300\" class=\"wp-image-42703\" style=\"width: 300px;\" src=\"https:\/\/www.greenpeace.org\/static\/planet4-brasil-stateless\/2022\/09\/b64c8a0a-unknown_305963717_1097706724184371_3327027065313234840_n.jpg\" alt=\"\" srcset=\"https:\/\/www.greenpeace.org\/static\/planet4-brasil-stateless\/2022\/09\/b64c8a0a-unknown_305963717_1097706724184371_3327027065313234840_n.jpg 1080w, https:\/\/www.greenpeace.org\/static\/planet4-brasil-stateless\/2022\/09\/b64c8a0a-unknown_305963717_1097706724184371_3327027065313234840_n-300x300.jpg 300w, https:\/\/www.greenpeace.org\/static\/planet4-brasil-stateless\/2022\/09\/b64c8a0a-unknown_305963717_1097706724184371_3327027065313234840_n-1024x1024.jpg 1024w, https:\/\/www.greenpeace.org\/static\/planet4-brasil-stateless\/2022\/09\/b64c8a0a-unknown_305963717_1097706724184371_3327027065313234840_n-150x150.jpg 150w, https:\/\/www.greenpeace.org\/static\/planet4-brasil-stateless\/2022\/09\/b64c8a0a-unknown_305963717_1097706724184371_3327027065313234840_n-768x768.jpg 768w, https:\/\/www.greenpeace.org\/static\/planet4-brasil-stateless\/2022\/09\/b64c8a0a-unknown_305963717_1097706724184371_3327027065313234840_n-340x340.jpg 340w\" sizes=\"auto, (max-width: 300px) 100vw, 300px\" \/><img loading=\"lazy\" decoding=\"async\" width=\"300\" height=\"300\" class=\"wp-image-42690\" style=\"width: 300px;\" src=\"https:\/\/www.greenpeace.org\/static\/planet4-brasil-stateless\/2022\/09\/03f6d304-unknown_305773536_887067165603637_35004571593042343_n.jpg\" alt=\"\" srcset=\"https:\/\/www.greenpeace.org\/static\/planet4-brasil-stateless\/2022\/09\/03f6d304-unknown_305773536_887067165603637_35004571593042343_n.jpg 1080w, https:\/\/www.greenpeace.org\/static\/planet4-brasil-stateless\/2022\/09\/03f6d304-unknown_305773536_887067165603637_35004571593042343_n-300x300.jpg 300w, https:\/\/www.greenpeace.org\/static\/planet4-brasil-stateless\/2022\/09\/03f6d304-unknown_305773536_887067165603637_35004571593042343_n-1024x1024.jpg 1024w, https:\/\/www.greenpeace.org\/static\/planet4-brasil-stateless\/2022\/09\/03f6d304-unknown_305773536_887067165603637_35004571593042343_n-150x150.jpg 150w, https:\/\/www.greenpeace.org\/static\/planet4-brasil-stateless\/2022\/09\/03f6d304-unknown_305773536_887067165603637_35004571593042343_n-768x768.jpg 768w, https:\/\/www.greenpeace.org\/static\/planet4-brasil-stateless\/2022\/09\/03f6d304-unknown_305773536_887067165603637_35004571593042343_n-340x340.jpg 340w\" sizes=\"auto, (max-width: 300px) 100vw, 300px\" \/><br><br>E no domingo (11), foi o <strong>Dia Nacional do Cerrado, <\/strong>segundo maior bioma do Brasil e ber\u00e7o das \u00e1guas brasileiras. Tudo isso porque ele carrega importantes nascentes, como a do Rio S\u00e3o Francisco.Os grupos fizeram posts para enfatizar a import\u00e2ncia de preserv\u00e1-lo:<\/p>\n\n<p><a href=\"https:\/\/www.instagram.com\/p\/CiYHj3_O9It\/\"><strong>Belo Horizonte <\/strong><\/a>, <a href=\"https:\/\/www.instagram.com\/p\/CiYHYbkJ4O4\/\"><strong>Jo\u00e3o Pessoa<\/strong><\/a><strong>, <\/strong><a href=\"https:\/\/www.instagram.com\/p\/CiXiNBXOFQR\/\"><strong>Leste Paulista<\/strong><\/a><strong>, <\/strong><a href=\"https:\/\/www.instagram.com\/p\/CiXkbWgOkFs\/\"><strong>Porto Alegre<\/strong><\/a><strong>:<\/strong><br><img loading=\"lazy\" decoding=\"async\" width=\"300\" height=\"300\" class=\"wp-image-42701\" style=\"width: 300px;\" src=\"https:\/\/www.greenpeace.org\/static\/planet4-brasil-stateless\/2022\/09\/91146180-unknown_306858234_389019090084516_67361113894584866_n.jpg\" alt=\"\" srcset=\"https:\/\/www.greenpeace.org\/static\/planet4-brasil-stateless\/2022\/09\/91146180-unknown_306858234_389019090084516_67361113894584866_n.jpg 1080w, https:\/\/www.greenpeace.org\/static\/planet4-brasil-stateless\/2022\/09\/91146180-unknown_306858234_389019090084516_67361113894584866_n-300x300.jpg 300w, https:\/\/www.greenpeace.org\/static\/planet4-brasil-stateless\/2022\/09\/91146180-unknown_306858234_389019090084516_67361113894584866_n-1024x1024.jpg 1024w, https:\/\/www.greenpeace.org\/static\/planet4-brasil-stateless\/2022\/09\/91146180-unknown_306858234_389019090084516_67361113894584866_n-150x150.jpg 150w, https:\/\/www.greenpeace.org\/static\/planet4-brasil-stateless\/2022\/09\/91146180-unknown_306858234_389019090084516_67361113894584866_n-768x768.jpg 768w, https:\/\/www.greenpeace.org\/static\/planet4-brasil-stateless\/2022\/09\/91146180-unknown_306858234_389019090084516_67361113894584866_n-340x340.jpg 340w\" sizes=\"auto, (max-width: 300px) 100vw, 300px\" \/><img loading=\"lazy\" decoding=\"async\" width=\"300\" height=\"300\" class=\"wp-image-42692\" style=\"width: 300px;\" src=\"https:\/\/www.greenpeace.org\/static\/planet4-brasil-stateless\/2022\/09\/9e6572df-unknown_306150841_662560768778053_5719360192572903230_n.jpg\" alt=\"\" srcset=\"https:\/\/www.greenpeace.org\/static\/planet4-brasil-stateless\/2022\/09\/9e6572df-unknown_306150841_662560768778053_5719360192572903230_n.jpg 1080w, https:\/\/www.greenpeace.org\/static\/planet4-brasil-stateless\/2022\/09\/9e6572df-unknown_306150841_662560768778053_5719360192572903230_n-300x300.jpg 300w, https:\/\/www.greenpeace.org\/static\/planet4-brasil-stateless\/2022\/09\/9e6572df-unknown_306150841_662560768778053_5719360192572903230_n-1024x1024.jpg 1024w, https:\/\/www.greenpeace.org\/static\/planet4-brasil-stateless\/2022\/09\/9e6572df-unknown_306150841_662560768778053_5719360192572903230_n-150x150.jpg 150w, https:\/\/www.greenpeace.org\/static\/planet4-brasil-stateless\/2022\/09\/9e6572df-unknown_306150841_662560768778053_5719360192572903230_n-768x768.jpg 768w, https:\/\/www.greenpeace.org\/static\/planet4-brasil-stateless\/2022\/09\/9e6572df-unknown_306150841_662560768778053_5719360192572903230_n-340x340.jpg 340w\" sizes=\"auto, (max-width: 300px) 100vw, 300px\" \/><br><img loading=\"lazy\" decoding=\"async\" width=\"300\" height=\"300\" class=\"wp-image-42687\" style=\"width: 300px;\" src=\"https:\/\/www.greenpeace.org\/static\/planet4-brasil-stateless\/2022\/09\/03e22d85-unknown_306272536_1263290921173402_943452988767110674_n.jpg\" alt=\"\" srcset=\"https:\/\/www.greenpeace.org\/static\/planet4-brasil-stateless\/2022\/09\/03e22d85-unknown_306272536_1263290921173402_943452988767110674_n.jpg 1080w, https:\/\/www.greenpeace.org\/static\/planet4-brasil-stateless\/2022\/09\/03e22d85-unknown_306272536_1263290921173402_943452988767110674_n-300x300.jpg 300w, https:\/\/www.greenpeace.org\/static\/planet4-brasil-stateless\/2022\/09\/03e22d85-unknown_306272536_1263290921173402_943452988767110674_n-1024x1024.jpg 1024w, https:\/\/www.greenpeace.org\/static\/planet4-brasil-stateless\/2022\/09\/03e22d85-unknown_306272536_1263290921173402_943452988767110674_n-150x150.jpg 150w, https:\/\/www.greenpeace.org\/static\/planet4-brasil-stateless\/2022\/09\/03e22d85-unknown_306272536_1263290921173402_943452988767110674_n-768x768.jpg 768w, https:\/\/www.greenpeace.org\/static\/planet4-brasil-stateless\/2022\/09\/03e22d85-unknown_306272536_1263290921173402_943452988767110674_n-340x340.jpg 340w\" sizes=\"auto, (max-width: 300px) 100vw, 300px\" \/><img loading=\"lazy\" decoding=\"async\" width=\"300\" height=\"300\" class=\"wp-image-42682\" style=\"width: 300px;\" src=\"https:\/\/www.greenpeace.org\/static\/planet4-brasil-stateless\/2022\/09\/5911cbaf-unknown_306359673_1890731981272541_1422085429617942330_n.jpg\" alt=\"\" srcset=\"https:\/\/www.greenpeace.org\/static\/planet4-brasil-stateless\/2022\/09\/5911cbaf-unknown_306359673_1890731981272541_1422085429617942330_n.jpg 1080w, https:\/\/www.greenpeace.org\/static\/planet4-brasil-stateless\/2022\/09\/5911cbaf-unknown_306359673_1890731981272541_1422085429617942330_n-300x300.jpg 300w, https:\/\/www.greenpeace.org\/static\/planet4-brasil-stateless\/2022\/09\/5911cbaf-unknown_306359673_1890731981272541_1422085429617942330_n-1024x1024.jpg 1024w, https:\/\/www.greenpeace.org\/static\/planet4-brasil-stateless\/2022\/09\/5911cbaf-unknown_306359673_1890731981272541_1422085429617942330_n-150x150.jpg 150w, https:\/\/www.greenpeace.org\/static\/planet4-brasil-stateless\/2022\/09\/5911cbaf-unknown_306359673_1890731981272541_1422085429617942330_n-768x768.jpg 768w, https:\/\/www.greenpeace.org\/static\/planet4-brasil-stateless\/2022\/09\/5911cbaf-unknown_306359673_1890731981272541_1422085429617942330_n-340x340.jpg 340w\" sizes=\"auto, (max-width: 300px) 100vw, 300px\" \/><\/p>\n\n<p><a href=\"https:\/\/www.instagram.com\/p\/CiQ-VR4L3aX\/\"><strong>Volunt\u00e1rios(as) de Bras\u00edlia e Goi\u00e2nia aproveitaram o Dia Nacional do Cerrado e se uniram em a\u00e7\u00f5es<\/strong><\/a>. Eles(as) usaram faixas para fazer manifesta\u00e7\u00f5es em frente a Torre de TV de Bras\u00edlia e do Pal\u00e1cio dos Tr\u00eas Poderes, onde alertaram a import\u00e2ncia de salvar esse bioma t\u00e3o predominante dos dois estados e que est\u00e1 cada vez mais amea\u00e7ado:<br><img loading=\"lazy\" decoding=\"async\" width=\"300\" height=\"300\" class=\"wp-image-42696\" style=\"width: 300px;\" src=\"https:\/\/www.greenpeace.org\/static\/planet4-brasil-stateless\/2022\/09\/f41362e9-unknown_306231558_443635664462129_3005216816010944098_n.jpg\" alt=\"\" srcset=\"https:\/\/www.greenpeace.org\/static\/planet4-brasil-stateless\/2022\/09\/f41362e9-unknown_306231558_443635664462129_3005216816010944098_n.jpg 1024w, https:\/\/www.greenpeace.org\/static\/planet4-brasil-stateless\/2022\/09\/f41362e9-unknown_306231558_443635664462129_3005216816010944098_n-300x300.jpg 300w, https:\/\/www.greenpeace.org\/static\/planet4-brasil-stateless\/2022\/09\/f41362e9-unknown_306231558_443635664462129_3005216816010944098_n-150x150.jpg 150w, https:\/\/www.greenpeace.org\/static\/planet4-brasil-stateless\/2022\/09\/f41362e9-unknown_306231558_443635664462129_3005216816010944098_n-768x768.jpg 768w, https:\/\/www.greenpeace.org\/static\/planet4-brasil-stateless\/2022\/09\/f41362e9-unknown_306231558_443635664462129_3005216816010944098_n-340x340.jpg 340w\" sizes=\"auto, (max-width: 300px) 100vw, 300px\" \/><img loading=\"lazy\" decoding=\"async\" width=\"300\" height=\"300\" class=\"wp-image-42678\" style=\"width: 300px;\" src=\"https:\/\/www.greenpeace.org\/static\/planet4-brasil-stateless\/2022\/09\/f24e2ec2-unknown_306276153_1136691763950682_1543849548616951322_n.jpg\" alt=\"\" srcset=\"https:\/\/www.greenpeace.org\/static\/planet4-brasil-stateless\/2022\/09\/f24e2ec2-unknown_306276153_1136691763950682_1543849548616951322_n.jpg 1024w, https:\/\/www.greenpeace.org\/static\/planet4-brasil-stateless\/2022\/09\/f24e2ec2-unknown_306276153_1136691763950682_1543849548616951322_n-300x300.jpg 300w, https:\/\/www.greenpeace.org\/static\/planet4-brasil-stateless\/2022\/09\/f24e2ec2-unknown_306276153_1136691763950682_1543849548616951322_n-150x150.jpg 150w, https:\/\/www.greenpeace.org\/static\/planet4-brasil-stateless\/2022\/09\/f24e2ec2-unknown_306276153_1136691763950682_1543849548616951322_n-768x768.jpg 768w, https:\/\/www.greenpeace.org\/static\/planet4-brasil-stateless\/2022\/09\/f24e2ec2-unknown_306276153_1136691763950682_1543849548616951322_n-340x340.jpg 340w\" sizes=\"auto, (max-width: 300px) 100vw, 300px\" \/><\/p>\n\n<figure class=\"wp-block-image\"><img decoding=\"async\" src=\"https:\/\/lh3.googleusercontent.com\/xA9IdVc7euTKu6nqdhhmVDoVTFkfCcdFic2BgNgrG_0CSX8IMloBJPn2SNoM3taGQ8j2RpCcohrRaMnEWV6GitA4vsSSnkc0-F1Yqj4zk5KSg6yXiJjakJyQV8j1pU4ANDwmkXQjg0uhNtnf6NAX7UIajczS_P-4gFEWKtKtYxUVRTJqTR5aHf4Z3Q\" alt=\"\"\/><\/figure>\n\n<p><a href=\"https:\/\/www.instagram.com\/p\/CiTb84YuUBP\/\"><strong>O grupo de Belo Horizonte alertou sobre um inc\u00eandio na Serra do Curral!<\/strong><\/a> O fogo come\u00e7ou na sexta-feira (09), queimou toda a \u00e1rea da cava norte e se espalhou rumo a dire\u00e7\u00e3o leste:<br><img loading=\"lazy\" decoding=\"async\" width=\"300\" height=\"300\" class=\"wp-image-42702\" style=\"width: 300px;\" src=\"https:\/\/www.greenpeace.org\/static\/planet4-brasil-stateless\/2022\/09\/5e53f475-unknown_306402169_420658116835635_1132409535068562204_n.jpg\" alt=\"\" srcset=\"https:\/\/www.greenpeace.org\/static\/planet4-brasil-stateless\/2022\/09\/5e53f475-unknown_306402169_420658116835635_1132409535068562204_n.jpg 720w, https:\/\/www.greenpeace.org\/static\/planet4-brasil-stateless\/2022\/09\/5e53f475-unknown_306402169_420658116835635_1132409535068562204_n-300x300.jpg 300w, https:\/\/www.greenpeace.org\/static\/planet4-brasil-stateless\/2022\/09\/5e53f475-unknown_306402169_420658116835635_1132409535068562204_n-150x150.jpg 150w, https:\/\/www.greenpeace.org\/static\/planet4-brasil-stateless\/2022\/09\/5e53f475-unknown_306402169_420658116835635_1132409535068562204_n-340x340.jpg 340w\" sizes=\"auto, (max-width: 300px) 100vw, 300px\" \/><br><br><a href=\"https:\/\/www.instagram.com\/p\/CiLRaMPON3w\/\"><strong>O time de BH tamb\u00e9m falou mais sobre as mudan\u00e7as clim\u00e1ticas no Brasil<\/strong><\/a>, explicando o<strong> <\/strong>que \u00e9<strong> <\/strong><a href=\"https:\/\/www.instagram.com\/p\/CiTPIU7OJqw\/\"><strong>Racismo Ambiental e sua rela\u00e7\u00e3o com as varia\u00e7\u00f5es do clima:<\/strong><\/a><br><img loading=\"lazy\" decoding=\"async\" width=\"300\" height=\"300\" class=\"wp-image-42712\" style=\"width: 300px;\" src=\"https:\/\/www.greenpeace.org\/static\/planet4-brasil-stateless\/2022\/09\/f3c5a753-unknown_305429834_611277487049416_3423797509782565818_n.jpg\" alt=\"\" srcset=\"https:\/\/www.greenpeace.org\/static\/planet4-brasil-stateless\/2022\/09\/f3c5a753-unknown_305429834_611277487049416_3423797509782565818_n.jpg 1080w, https:\/\/www.greenpeace.org\/static\/planet4-brasil-stateless\/2022\/09\/f3c5a753-unknown_305429834_611277487049416_3423797509782565818_n-300x300.jpg 300w, https:\/\/www.greenpeace.org\/static\/planet4-brasil-stateless\/2022\/09\/f3c5a753-unknown_305429834_611277487049416_3423797509782565818_n-1024x1024.jpg 1024w, https:\/\/www.greenpeace.org\/static\/planet4-brasil-stateless\/2022\/09\/f3c5a753-unknown_305429834_611277487049416_3423797509782565818_n-150x150.jpg 150w, https:\/\/www.greenpeace.org\/static\/planet4-brasil-stateless\/2022\/09\/f3c5a753-unknown_305429834_611277487049416_3423797509782565818_n-768x768.jpg 768w, https:\/\/www.greenpeace.org\/static\/planet4-brasil-stateless\/2022\/09\/f3c5a753-unknown_305429834_611277487049416_3423797509782565818_n-340x340.jpg 340w\" sizes=\"auto, (max-width: 300px) 100vw, 300px\" \/><img loading=\"lazy\" decoding=\"async\" width=\"300\" height=\"300\" class=\"wp-image-42700\" style=\"width: 300px;\" src=\"https:\/\/www.greenpeace.org\/static\/planet4-brasil-stateless\/2022\/09\/478ac232-unknown_306515701_612142533829556_8066568729305172141_n.jpg\" alt=\"\" srcset=\"https:\/\/www.greenpeace.org\/static\/planet4-brasil-stateless\/2022\/09\/478ac232-unknown_306515701_612142533829556_8066568729305172141_n.jpg 1080w, https:\/\/www.greenpeace.org\/static\/planet4-brasil-stateless\/2022\/09\/478ac232-unknown_306515701_612142533829556_8066568729305172141_n-300x300.jpg 300w, https:\/\/www.greenpeace.org\/static\/planet4-brasil-stateless\/2022\/09\/478ac232-unknown_306515701_612142533829556_8066568729305172141_n-1024x1024.jpg 1024w, https:\/\/www.greenpeace.org\/static\/planet4-brasil-stateless\/2022\/09\/478ac232-unknown_306515701_612142533829556_8066568729305172141_n-150x150.jpg 150w, https:\/\/www.greenpeace.org\/static\/planet4-brasil-stateless\/2022\/09\/478ac232-unknown_306515701_612142533829556_8066568729305172141_n-768x768.jpg 768w, https:\/\/www.greenpeace.org\/static\/planet4-brasil-stateless\/2022\/09\/478ac232-unknown_306515701_612142533829556_8066568729305172141_n-340x340.jpg 340w\" sizes=\"auto, (max-width: 300px) 100vw, 300px\" \/><br><br>Voc\u00eas sabiam que as queimadas afetam os rios?<strong> <\/strong><a href=\"https:\/\/www.instagram.com\/p\/CiLTQdPPNw6\/\"><strong>O grupo de Zona da Mata explicou como acontece a polui\u00e7\u00e3o dos rios por conta dessa degrada\u00e7\u00e3o ambiental:<\/strong><\/a><br><img loading=\"lazy\" decoding=\"async\" width=\"300\" height=\"300\" class=\"wp-image-42706\" style=\"width: 300px;\" src=\"https:\/\/www.greenpeace.org\/static\/planet4-brasil-stateless\/2022\/09\/83f26839-unknown_305069532_176586474874419_8782292336647122965_n.jpg\" alt=\"\" srcset=\"https:\/\/www.greenpeace.org\/static\/planet4-brasil-stateless\/2022\/09\/83f26839-unknown_305069532_176586474874419_8782292336647122965_n.jpg 1080w, https:\/\/www.greenpeace.org\/static\/planet4-brasil-stateless\/2022\/09\/83f26839-unknown_305069532_176586474874419_8782292336647122965_n-300x300.jpg 300w, https:\/\/www.greenpeace.org\/static\/planet4-brasil-stateless\/2022\/09\/83f26839-unknown_305069532_176586474874419_8782292336647122965_n-1024x1024.jpg 1024w, https:\/\/www.greenpeace.org\/static\/planet4-brasil-stateless\/2022\/09\/83f26839-unknown_305069532_176586474874419_8782292336647122965_n-150x150.jpg 150w, https:\/\/www.greenpeace.org\/static\/planet4-brasil-stateless\/2022\/09\/83f26839-unknown_305069532_176586474874419_8782292336647122965_n-768x768.jpg 768w, https:\/\/www.greenpeace.org\/static\/planet4-brasil-stateless\/2022\/09\/83f26839-unknown_305069532_176586474874419_8782292336647122965_n-340x340.jpg 340w\" sizes=\"auto, (max-width: 300px) 100vw, 300px\" \/><img loading=\"lazy\" decoding=\"async\" width=\"300\" height=\"300\" class=\"wp-image-42707\" style=\"width: 300px;\" src=\"https:\/\/www.greenpeace.org\/static\/planet4-brasil-stateless\/2022\/09\/9b08adcd-unknown_305216928_380225104131115_7925148545841157329_n.jpg\" alt=\"\" srcset=\"https:\/\/www.greenpeace.org\/static\/planet4-brasil-stateless\/2022\/09\/9b08adcd-unknown_305216928_380225104131115_7925148545841157329_n.jpg 1080w, https:\/\/www.greenpeace.org\/static\/planet4-brasil-stateless\/2022\/09\/9b08adcd-unknown_305216928_380225104131115_7925148545841157329_n-300x300.jpg 300w, https:\/\/www.greenpeace.org\/static\/planet4-brasil-stateless\/2022\/09\/9b08adcd-unknown_305216928_380225104131115_7925148545841157329_n-1024x1024.jpg 1024w, https:\/\/www.greenpeace.org\/static\/planet4-brasil-stateless\/2022\/09\/9b08adcd-unknown_305216928_380225104131115_7925148545841157329_n-150x150.jpg 150w, https:\/\/www.greenpeace.org\/static\/planet4-brasil-stateless\/2022\/09\/9b08adcd-unknown_305216928_380225104131115_7925148545841157329_n-768x768.jpg 768w, https:\/\/www.greenpeace.org\/static\/planet4-brasil-stateless\/2022\/09\/9b08adcd-unknown_305216928_380225104131115_7925148545841157329_n-340x340.jpg 340w\" sizes=\"auto, (max-width: 300px) 100vw, 300px\" \/><a href=\"https:\/\/www.instagram.com\/p\/CiLTQdPPNw6\/\"><strong><br><\/strong><\/a><\/p>\n\n<figure class=\"wp-block-image\"><img decoding=\"async\" src=\"https:\/\/lh5.googleusercontent.com\/gOcEEEWkZYjBc8ms1nC-YDhbZvxumgRhTQ0mgP-5V7q5F2kfrNp6XgvS7bGwTRwCKw5WODeCaIQGNbsflruQGssbliwq4Lz745hRQq6RsuHLGyOBb-rM8zJ036FXenVgD2IowFXQPnnU2zRDX5H5in0Kcjp6q0qZvwLNWzjX_h3kyGkUu6veASp3WQ\" alt=\"\"\/><\/figure>\n\n<p><a href=\"https:\/\/www.instagram.com\/p\/CiQ24XrJoNy\/\"><strong>O grupo de Jo\u00e3o Pessoa participou da XIX Semana da Biologia da UFPB (Universidade Federal da Para\u00edba)<\/strong><\/a><strong>. <\/strong>Os volunt\u00e1rios(as) ministraram palestras sobre atua\u00e7\u00e3o profissional do bi\u00f3logo, peste, micro e nano pl\u00e1stico no ecossistema marinho, telhados verdes, moluscos, derramamento de petr\u00f3leo no litoral paraibano, origem da vida e transforma\u00e7\u00f5es produzidas por uma pandemia:<br><img loading=\"lazy\" decoding=\"async\" width=\"300\" height=\"300\" class=\"wp-image-42693\" style=\"width: 300px;\" src=\"https:\/\/www.greenpeace.org\/static\/planet4-brasil-stateless\/2022\/09\/f364f08b-unknown_305735155_113066744871455_2921540035309529331_n.jpg\" alt=\"\" srcset=\"https:\/\/www.greenpeace.org\/static\/planet4-brasil-stateless\/2022\/09\/f364f08b-unknown_305735155_113066744871455_2921540035309529331_n.jpg 1080w, https:\/\/www.greenpeace.org\/static\/planet4-brasil-stateless\/2022\/09\/f364f08b-unknown_305735155_113066744871455_2921540035309529331_n-300x300.jpg 300w, https:\/\/www.greenpeace.org\/static\/planet4-brasil-stateless\/2022\/09\/f364f08b-unknown_305735155_113066744871455_2921540035309529331_n-1024x1024.jpg 1024w, https:\/\/www.greenpeace.org\/static\/planet4-brasil-stateless\/2022\/09\/f364f08b-unknown_305735155_113066744871455_2921540035309529331_n-150x150.jpg 150w, https:\/\/www.greenpeace.org\/static\/planet4-brasil-stateless\/2022\/09\/f364f08b-unknown_305735155_113066744871455_2921540035309529331_n-768x768.jpg 768w, https:\/\/www.greenpeace.org\/static\/planet4-brasil-stateless\/2022\/09\/f364f08b-unknown_305735155_113066744871455_2921540035309529331_n-340x340.jpg 340w\" sizes=\"auto, (max-width: 300px) 100vw, 300px\" \/><img loading=\"lazy\" decoding=\"async\" width=\"300\" height=\"300\" class=\"wp-image-42694\" style=\"width: 300px;\" src=\"https:\/\/www.greenpeace.org\/static\/planet4-brasil-stateless\/2022\/09\/2f6e9d25-unknown_305692783_1507303206402066_6573058958906156053_n.jpg\" alt=\"\" srcset=\"https:\/\/www.greenpeace.org\/static\/planet4-brasil-stateless\/2022\/09\/2f6e9d25-unknown_305692783_1507303206402066_6573058958906156053_n.jpg 1080w, https:\/\/www.greenpeace.org\/static\/planet4-brasil-stateless\/2022\/09\/2f6e9d25-unknown_305692783_1507303206402066_6573058958906156053_n-300x300.jpg 300w, https:\/\/www.greenpeace.org\/static\/planet4-brasil-stateless\/2022\/09\/2f6e9d25-unknown_305692783_1507303206402066_6573058958906156053_n-1024x1024.jpg 1024w, https:\/\/www.greenpeace.org\/static\/planet4-brasil-stateless\/2022\/09\/2f6e9d25-unknown_305692783_1507303206402066_6573058958906156053_n-150x150.jpg 150w, https:\/\/www.greenpeace.org\/static\/planet4-brasil-stateless\/2022\/09\/2f6e9d25-unknown_305692783_1507303206402066_6573058958906156053_n-768x768.jpg 768w, https:\/\/www.greenpeace.org\/static\/planet4-brasil-stateless\/2022\/09\/2f6e9d25-unknown_305692783_1507303206402066_6573058958906156053_n-340x340.jpg 340w\" sizes=\"auto, (max-width: 300px) 100vw, 300px\" \/><\/p>\n\n<p>Os grupos do<strong> <\/strong><a href=\"https:\/\/www.instagram.com\/p\/Ciceb2COOtm\/\"><strong>Leste Paulista<\/strong><\/a>, Bertioga e S\u00e3o Paulo participaram da Parada LGBTQIAP+ de Mogi Gua\u00e7u, no domingo (11). Celebraram a vida, o orgulho, a natureza e ainda abordaram a import\u00e2ncia do voto consciente:<br><img loading=\"lazy\" decoding=\"async\" width=\"300\" height=\"200\" class=\"wp-image-42683\" style=\"width: 300px;\" src=\"https:\/\/www.greenpeace.org\/static\/planet4-brasil-stateless\/2022\/09\/281f0616-unknown_306525216_1133782657516178_48534544688075340_n.jpg\" alt=\"\" srcset=\"https:\/\/www.greenpeace.org\/static\/planet4-brasil-stateless\/2022\/09\/281f0616-unknown_306525216_1133782657516178_48534544688075340_n.jpg 1080w, https:\/\/www.greenpeace.org\/static\/planet4-brasil-stateless\/2022\/09\/281f0616-unknown_306525216_1133782657516178_48534544688075340_n-300x200.jpg 300w, https:\/\/www.greenpeace.org\/static\/planet4-brasil-stateless\/2022\/09\/281f0616-unknown_306525216_1133782657516178_48534544688075340_n-1024x684.jpg 1024w, https:\/\/www.greenpeace.org\/static\/planet4-brasil-stateless\/2022\/09\/281f0616-unknown_306525216_1133782657516178_48534544688075340_n-768x513.jpg 768w, https:\/\/www.greenpeace.org\/static\/planet4-brasil-stateless\/2022\/09\/281f0616-unknown_306525216_1133782657516178_48534544688075340_n-510x340.jpg 510w\" sizes=\"auto, (max-width: 300px) 100vw, 300px\" \/><img loading=\"lazy\" decoding=\"async\" width=\"300\" height=\"200\" class=\"wp-image-42684\" style=\"width: 300px;\" src=\"https:\/\/www.greenpeace.org\/static\/planet4-brasil-stateless\/2022\/09\/fdb5e2d1-unknown_306520352_3233971596922453_3219527385001272901_n.jpg\" alt=\"\" srcset=\"https:\/\/www.greenpeace.org\/static\/planet4-brasil-stateless\/2022\/09\/fdb5e2d1-unknown_306520352_3233971596922453_3219527385001272901_n.jpg 1080w, https:\/\/www.greenpeace.org\/static\/planet4-brasil-stateless\/2022\/09\/fdb5e2d1-unknown_306520352_3233971596922453_3219527385001272901_n-300x200.jpg 300w, https:\/\/www.greenpeace.org\/static\/planet4-brasil-stateless\/2022\/09\/fdb5e2d1-unknown_306520352_3233971596922453_3219527385001272901_n-1024x684.jpg 1024w, https:\/\/www.greenpeace.org\/static\/planet4-brasil-stateless\/2022\/09\/fdb5e2d1-unknown_306520352_3233971596922453_3219527385001272901_n-768x513.jpg 768w, https:\/\/www.greenpeace.org\/static\/planet4-brasil-stateless\/2022\/09\/fdb5e2d1-unknown_306520352_3233971596922453_3219527385001272901_n-510x340.jpg 510w\" sizes=\"auto, (max-width: 300px) 100vw, 300px\" \/><br><img loading=\"lazy\" decoding=\"async\" width=\"300\" height=\"200\" class=\"wp-image-42685\" style=\"width: 300px;\" src=\"https:\/\/www.greenpeace.org\/static\/planet4-brasil-stateless\/2022\/09\/049f44c8-unknown_306435237_3189664587911851_6423517538657471275_n.jpg\" alt=\"\" srcset=\"https:\/\/www.greenpeace.org\/static\/planet4-brasil-stateless\/2022\/09\/049f44c8-unknown_306435237_3189664587911851_6423517538657471275_n.jpg 1080w, https:\/\/www.greenpeace.org\/static\/planet4-brasil-stateless\/2022\/09\/049f44c8-unknown_306435237_3189664587911851_6423517538657471275_n-300x200.jpg 300w, https:\/\/www.greenpeace.org\/static\/planet4-brasil-stateless\/2022\/09\/049f44c8-unknown_306435237_3189664587911851_6423517538657471275_n-1024x684.jpg 1024w, https:\/\/www.greenpeace.org\/static\/planet4-brasil-stateless\/2022\/09\/049f44c8-unknown_306435237_3189664587911851_6423517538657471275_n-768x513.jpg 768w, https:\/\/www.greenpeace.org\/static\/planet4-brasil-stateless\/2022\/09\/049f44c8-unknown_306435237_3189664587911851_6423517538657471275_n-510x340.jpg 510w\" sizes=\"auto, (max-width: 300px) 100vw, 300px\" \/><img loading=\"lazy\" decoding=\"async\" width=\"300\" height=\"200\" class=\"wp-image-42686\" style=\"width: 300px;\" src=\"https:\/\/www.greenpeace.org\/static\/planet4-brasil-stateless\/2022\/09\/4f803c80-unknown_306614026_5242705589189255_5438983802839676303_n.jpg\" alt=\"\" srcset=\"https:\/\/www.greenpeace.org\/static\/planet4-brasil-stateless\/2022\/09\/4f803c80-unknown_306614026_5242705589189255_5438983802839676303_n.jpg 1080w, https:\/\/www.greenpeace.org\/static\/planet4-brasil-stateless\/2022\/09\/4f803c80-unknown_306614026_5242705589189255_5438983802839676303_n-300x200.jpg 300w, https:\/\/www.greenpeace.org\/static\/planet4-brasil-stateless\/2022\/09\/4f803c80-unknown_306614026_5242705589189255_5438983802839676303_n-1024x684.jpg 1024w, https:\/\/www.greenpeace.org\/static\/planet4-brasil-stateless\/2022\/09\/4f803c80-unknown_306614026_5242705589189255_5438983802839676303_n-768x513.jpg 768w, https:\/\/www.greenpeace.org\/static\/planet4-brasil-stateless\/2022\/09\/4f803c80-unknown_306614026_5242705589189255_5438983802839676303_n-510x340.jpg 510w\" sizes=\"auto, (max-width: 300px) 100vw, 300px\" \/><br><br><a href=\"https:\/\/www.instagram.com\/p\/CibcCHKszF-\/\"><strong>Na segunda-feira (12), os voluntas de Recife retomaram as palestras do Grupo de Trabalho do Projeto Escola:<\/strong><\/a><br><img loading=\"lazy\" decoding=\"async\" width=\"400\" height=\"209\" class=\"wp-image-42680\" style=\"width: 400px;\" src=\"https:\/\/www.greenpeace.org\/static\/planet4-brasil-stateless\/2022\/09\/4be0993a-unknown_306523389_807889346917418_7871485106600778732_n.jpg\" alt=\"\" srcset=\"https:\/\/www.greenpeace.org\/static\/planet4-brasil-stateless\/2022\/09\/4be0993a-unknown_306523389_807889346917418_7871485106600778732_n.jpg 1080w, https:\/\/www.greenpeace.org\/static\/planet4-brasil-stateless\/2022\/09\/4be0993a-unknown_306523389_807889346917418_7871485106600778732_n-300x157.jpg 300w, https:\/\/www.greenpeace.org\/static\/planet4-brasil-stateless\/2022\/09\/4be0993a-unknown_306523389_807889346917418_7871485106600778732_n-1024x536.jpg 1024w, https:\/\/www.greenpeace.org\/static\/planet4-brasil-stateless\/2022\/09\/4be0993a-unknown_306523389_807889346917418_7871485106600778732_n-768x402.jpg 768w, https:\/\/www.greenpeace.org\/static\/planet4-brasil-stateless\/2022\/09\/4be0993a-unknown_306523389_807889346917418_7871485106600778732_n-510x267.jpg 510w\" sizes=\"auto, (max-width: 400px) 100vw, 400px\" \/><\/p>\n\n<p>Que tal participar de uma mega mobiliza\u00e7\u00e3o no pr\u00f3ximo s\u00e1bado (17)? Grupos de diversas localidades ir\u00e3o participar do <strong>Dia Mundial da Limpeza<\/strong>. \u00c9 um movimento c\u00edvico que une 191 pa\u00edses e milh\u00f5es de pessoas em todo o mundo para limpar o planeta, e os voluntas n\u00e3o ficar\u00e3o de fora dessa a\u00e7\u00e3o, se liguem s\u00f3 nos convites:<\/p>\n\n<p><a href=\"https:\/\/www.instagram.com\/p\/CiahXIVOVHL\/\"><strong>Belo Horizonte<\/strong><\/a><strong>:<br><\/strong><img loading=\"lazy\" decoding=\"async\" width=\"300\" height=\"300\" class=\"wp-image-42699\" style=\"width: 300px;\" src=\"https:\/\/www.greenpeace.org\/static\/planet4-brasil-stateless\/2022\/09\/287b6b48-unknown_306398636_332582455702887_527007544375235829_n.jpg\" alt=\"\" srcset=\"https:\/\/www.greenpeace.org\/static\/planet4-brasil-stateless\/2022\/09\/287b6b48-unknown_306398636_332582455702887_527007544375235829_n.jpg 1440w, https:\/\/www.greenpeace.org\/static\/planet4-brasil-stateless\/2022\/09\/287b6b48-unknown_306398636_332582455702887_527007544375235829_n-300x300.jpg 300w, https:\/\/www.greenpeace.org\/static\/planet4-brasil-stateless\/2022\/09\/287b6b48-unknown_306398636_332582455702887_527007544375235829_n-1024x1024.jpg 1024w, https:\/\/www.greenpeace.org\/static\/planet4-brasil-stateless\/2022\/09\/287b6b48-unknown_306398636_332582455702887_527007544375235829_n-150x150.jpg 150w, https:\/\/www.greenpeace.org\/static\/planet4-brasil-stateless\/2022\/09\/287b6b48-unknown_306398636_332582455702887_527007544375235829_n-768x768.jpg 768w, https:\/\/www.greenpeace.org\/static\/planet4-brasil-stateless\/2022\/09\/287b6b48-unknown_306398636_332582455702887_527007544375235829_n-1366x1366.jpg 1366w, https:\/\/www.greenpeace.org\/static\/planet4-brasil-stateless\/2022\/09\/287b6b48-unknown_306398636_332582455702887_527007544375235829_n-340x340.jpg 340w\" sizes=\"auto, (max-width: 300px) 100vw, 300px\" \/><\/p>\n\n<p><a href=\"https:\/\/www.instagram.com\/p\/Cicu90EA3Tx\/\"><strong>Goi\u00e2nia<\/strong><\/a><strong>:<br><\/strong><img loading=\"lazy\" decoding=\"async\" width=\"300\" height=\"164\" class=\"wp-image-42695\" style=\"width: 300px;\" src=\"https:\/\/www.greenpeace.org\/static\/planet4-brasil-stateless\/2022\/09\/c986f570-goiania-dia-mundial-da-limpeza.png\" alt=\"\" srcset=\"https:\/\/www.greenpeace.org\/static\/planet4-brasil-stateless\/2022\/09\/c986f570-goiania-dia-mundial-da-limpeza.png 569w, https:\/\/www.greenpeace.org\/static\/planet4-brasil-stateless\/2022\/09\/c986f570-goiania-dia-mundial-da-limpeza-300x164.png 300w, https:\/\/www.greenpeace.org\/static\/planet4-brasil-stateless\/2022\/09\/c986f570-goiania-dia-mundial-da-limpeza-510x279.png 510w\" sizes=\"auto, (max-width: 300px) 100vw, 300px\" \/><\/p>\n\n<p><a href=\"https:\/\/www.instagram.com\/p\/CibckLhOp6b\/\"><strong>Porto Alegre<\/strong><\/a><strong>:<br><\/strong><img loading=\"lazy\" decoding=\"async\" width=\"300\" height=\"300\" class=\"wp-image-42681\" style=\"width: 300px;\" src=\"https:\/\/www.greenpeace.org\/static\/planet4-brasil-stateless\/2022\/09\/326f1a18-unknown_306447976_205498468482654_4337938156646436730_n.jpg\" alt=\"\" srcset=\"https:\/\/www.greenpeace.org\/static\/planet4-brasil-stateless\/2022\/09\/326f1a18-unknown_306447976_205498468482654_4337938156646436730_n.jpg 1079w, https:\/\/www.greenpeace.org\/static\/planet4-brasil-stateless\/2022\/09\/326f1a18-unknown_306447976_205498468482654_4337938156646436730_n-300x300.jpg 300w, https:\/\/www.greenpeace.org\/static\/planet4-brasil-stateless\/2022\/09\/326f1a18-unknown_306447976_205498468482654_4337938156646436730_n-1024x1024.jpg 1024w, https:\/\/www.greenpeace.org\/static\/planet4-brasil-stateless\/2022\/09\/326f1a18-unknown_306447976_205498468482654_4337938156646436730_n-150x150.jpg 150w, https:\/\/www.greenpeace.org\/static\/planet4-brasil-stateless\/2022\/09\/326f1a18-unknown_306447976_205498468482654_4337938156646436730_n-768x768.jpg 768w, https:\/\/www.greenpeace.org\/static\/planet4-brasil-stateless\/2022\/09\/326f1a18-unknown_306447976_205498468482654_4337938156646436730_n-340x340.jpg 340w\" sizes=\"auto, (max-width: 300px) 100vw, 300px\" \/><\/p>\n\n<p><a href=\"https:\/\/conexaoverde.greenpeace.org.br\/landing-page\/grupos-locais-de-voluntarios\"><strong>Voc\u00eas tamb\u00e9m podem acessar a p\u00e1gina de grupos locais no Conex\u00e3o Verde para saberem se o grupo mais pr\u00f3ximo de sua regi\u00e3o participar\u00e1 dessa a\u00e7\u00e3o.<\/strong><\/a><\/p>\n\n<p><a href=\"https:\/\/www.instagram.com\/p\/CiaEHIWusPy\/\"><strong>O grupo de Bel\u00e9m participou de uma sess\u00e3o especial para falar a respeito da pol\u00edtica municipal de mudan\u00e7as clim\u00e1ticas<\/strong><\/a>:<a href=\"https:\/\/www.instagram.com\/p\/CiaEHIWusPy\/\"><strong><br><\/strong><\/a><img loading=\"lazy\" decoding=\"async\" width=\"300\" height=\"300\" class=\"wp-image-42704\" style=\"width: 300px;\" src=\"https:\/\/www.greenpeace.org\/static\/planet4-brasil-stateless\/2022\/09\/afa79aeb-unknown_306377531_666772491077833_4377312747937548968_n.jpg\" alt=\"\" srcset=\"https:\/\/www.greenpeace.org\/static\/planet4-brasil-stateless\/2022\/09\/afa79aeb-unknown_306377531_666772491077833_4377312747937548968_n.jpg 1080w, https:\/\/www.greenpeace.org\/static\/planet4-brasil-stateless\/2022\/09\/afa79aeb-unknown_306377531_666772491077833_4377312747937548968_n-300x300.jpg 300w, https:\/\/www.greenpeace.org\/static\/planet4-brasil-stateless\/2022\/09\/afa79aeb-unknown_306377531_666772491077833_4377312747937548968_n-1024x1024.jpg 1024w, https:\/\/www.greenpeace.org\/static\/planet4-brasil-stateless\/2022\/09\/afa79aeb-unknown_306377531_666772491077833_4377312747937548968_n-150x150.jpg 150w, https:\/\/www.greenpeace.org\/static\/planet4-brasil-stateless\/2022\/09\/afa79aeb-unknown_306377531_666772491077833_4377312747937548968_n-768x768.jpg 768w, https:\/\/www.greenpeace.org\/static\/planet4-brasil-stateless\/2022\/09\/afa79aeb-unknown_306377531_666772491077833_4377312747937548968_n-340x340.jpg 340w\" sizes=\"auto, (max-width: 300px) 100vw, 300px\" \/><\/p>\n\n<p><a href=\"https:\/\/www.instagram.com\/p\/Cicq1Uyuyco\/\"><strong>Belo Horizonte convidou todos para participarem do Cine Debate que acontecer\u00e1 no s\u00e1bado (24), via zoom:<\/strong><\/a><br><img loading=\"lazy\" decoding=\"async\" width=\"300\" height=\"300\" class=\"wp-image-42697\" style=\"width: 300px;\" src=\"https:\/\/www.greenpeace.org\/static\/planet4-brasil-stateless\/2022\/09\/5d049965-unknown_306593443_1144024112860887_2134299559481945759_n.jpg\" alt=\"\" srcset=\"https:\/\/www.greenpeace.org\/static\/planet4-brasil-stateless\/2022\/09\/5d049965-unknown_306593443_1144024112860887_2134299559481945759_n.jpg 1080w, https:\/\/www.greenpeace.org\/static\/planet4-brasil-stateless\/2022\/09\/5d049965-unknown_306593443_1144024112860887_2134299559481945759_n-300x300.jpg 300w, https:\/\/www.greenpeace.org\/static\/planet4-brasil-stateless\/2022\/09\/5d049965-unknown_306593443_1144024112860887_2134299559481945759_n-1024x1024.jpg 1024w, https:\/\/www.greenpeace.org\/static\/planet4-brasil-stateless\/2022\/09\/5d049965-unknown_306593443_1144024112860887_2134299559481945759_n-150x150.jpg 150w, https:\/\/www.greenpeace.org\/static\/planet4-brasil-stateless\/2022\/09\/5d049965-unknown_306593443_1144024112860887_2134299559481945759_n-768x768.jpg 768w, https:\/\/www.greenpeace.org\/static\/planet4-brasil-stateless\/2022\/09\/5d049965-unknown_306593443_1144024112860887_2134299559481945759_n-340x340.jpg 340w\" sizes=\"auto, (max-width: 300px) 100vw, 300px\" \/><\/p>\n\n<p>Entrou em vigor na \u00faltima quinta-feira (08), <a href=\"https:\/\/www.instagram.com\/p\/CiTab1OJkKK\/\"><strong>a Lei n\u00b0 12.285\/2022, que pro\u00edbe a comercializa\u00e7\u00e3o e a distribui\u00e7\u00e3o de canudos de material pl\u00e1stico descart\u00e1veis em bares, restaurantes e demais estabelecimentos comerciais de consumo na Para\u00edba.<\/strong><\/a><br><img loading=\"lazy\" decoding=\"async\" width=\"300\" height=\"300\" class=\"wp-image-42691\" style=\"width: 300px;\" src=\"https:\/\/www.greenpeace.org\/static\/planet4-brasil-stateless\/2022\/09\/9511e386-unknown_305848951_804051664121041_4479010623249727757_n.jpg\" alt=\"\" srcset=\"https:\/\/www.greenpeace.org\/static\/planet4-brasil-stateless\/2022\/09\/9511e386-unknown_305848951_804051664121041_4479010623249727757_n.jpg 1440w, https:\/\/www.greenpeace.org\/static\/planet4-brasil-stateless\/2022\/09\/9511e386-unknown_305848951_804051664121041_4479010623249727757_n-300x300.jpg 300w, https:\/\/www.greenpeace.org\/static\/planet4-brasil-stateless\/2022\/09\/9511e386-unknown_305848951_804051664121041_4479010623249727757_n-1024x1024.jpg 1024w, https:\/\/www.greenpeace.org\/static\/planet4-brasil-stateless\/2022\/09\/9511e386-unknown_305848951_804051664121041_4479010623249727757_n-150x150.jpg 150w, https:\/\/www.greenpeace.org\/static\/planet4-brasil-stateless\/2022\/09\/9511e386-unknown_305848951_804051664121041_4479010623249727757_n-768x768.jpg 768w, https:\/\/www.greenpeace.org\/static\/planet4-brasil-stateless\/2022\/09\/9511e386-unknown_305848951_804051664121041_4479010623249727757_n-1366x1366.jpg 1366w, https:\/\/www.greenpeace.org\/static\/planet4-brasil-stateless\/2022\/09\/9511e386-unknown_305848951_804051664121041_4479010623249727757_n-340x340.jpg 340w\" sizes=\"auto, (max-width: 300px) 100vw, 300px\" \/><\/p>\n\n<p>E para encerrar esse gir\u00e3o cheio de novidades, que tal aprender com<strong> <\/strong><a href=\"https:\/\/www.instagram.com\/p\/Cia81K0OaJw\/\"><strong>Belo Horizonte uma receita de Churros Veganos? <\/strong><\/a><br><img loading=\"lazy\" decoding=\"async\" width=\"300\" height=\"300\" class=\"wp-image-42698\" style=\"width: 300px;\" src=\"https:\/\/www.greenpeace.org\/static\/planet4-brasil-stateless\/2022\/09\/ef651bd3-unknown_306447605_764103361488881_4957176427503686677_n.jpg\" alt=\"\" srcset=\"https:\/\/www.greenpeace.org\/static\/planet4-brasil-stateless\/2022\/09\/ef651bd3-unknown_306447605_764103361488881_4957176427503686677_n.jpg 1080w, https:\/\/www.greenpeace.org\/static\/planet4-brasil-stateless\/2022\/09\/ef651bd3-unknown_306447605_764103361488881_4957176427503686677_n-300x300.jpg 300w, https:\/\/www.greenpeace.org\/static\/planet4-brasil-stateless\/2022\/09\/ef651bd3-unknown_306447605_764103361488881_4957176427503686677_n-1024x1024.jpg 1024w, https:\/\/www.greenpeace.org\/static\/planet4-brasil-stateless\/2022\/09\/ef651bd3-unknown_306447605_764103361488881_4957176427503686677_n-150x150.jpg 150w, https:\/\/www.greenpeace.org\/static\/planet4-brasil-stateless\/2022\/09\/ef651bd3-unknown_306447605_764103361488881_4957176427503686677_n-768x768.jpg 768w, https:\/\/www.greenpeace.org\/static\/planet4-brasil-stateless\/2022\/09\/ef651bd3-unknown_306447605_764103361488881_4957176427503686677_n-340x340.jpg 340w\" sizes=\"auto, (max-width: 300px) 100vw, 300px\" \/><\/p>\n\n<p>Isso a\u00ed, amores! Vamos continuar acompanhando essa galerinha incr\u00edvel, fiquem atentos \ud83d\udc40. Continuamos firmes e fortes na luta por um mundo mais justo, verde e pac\u00edfico. Beijo forte no cora\u00e7\u00e3o \ud83d\udc4b\ud83d\ude18<\/p>\n","protected":false},"excerpt":{"rendered":"<p>Volunt\u00e1rios(as) participaram do lan\u00e7amento da campanha Voto sem Vacilo atrav\u00e9s das redes socias, incentivando a\u00e7\u00f5es efetivas para constru\u00e7\u00e3o de outro projeto de pa\u00eds<\/p>\n","protected":false},"author":103,"featured_media":42683,"comment_status":"open","ping_status":"closed","sticky":false,"template":"","format":"standard","meta":{"ep_exclude_from_search":false,"p4_og_title":"","p4_og_description":"","p4_og_image":"","p4_og_image_id":"","p4_seo_canonical_url":"","p4_campaign_name":"not set","p4_local_project":"not set","p4_basket_name":"not set","p4_department":"","footnotes":""},"categories":[5],"tags":[56,23],"p4-page-type":[16],"class_list":["post-42677","post","type-post","status-publish","format-standard","has-post-thumbnail","hentry","category-greenpeace","tag-eleicoes-2022","tag-mobilizacao","p4-page-type-blog"],"_links":{"self":[{"href":"https:\/\/www.greenpeace.org\/brasil\/wp-json\/wp\/v2\/posts\/42677","targetHints":{"allow":["GET"]}}],"collection":[{"href":"https:\/\/www.greenpeace.org\/brasil\/wp-json\/wp\/v2\/posts"}],"about":[{"href":"https:\/\/www.greenpeace.org\/brasil\/wp-json\/wp\/v2\/types\/post"}],"author":[{"embeddable":true,"href":"https:\/\/www.greenpeace.org\/brasil\/wp-json\/wp\/v2\/users\/103"}],"replies":[{"embeddable":true,"href":"https:\/\/www.greenpeace.org\/brasil\/wp-json\/wp\/v2\/comments?post=42677"}],"version-history":[{"count":4,"href":"https:\/\/www.greenpeace.org\/brasil\/wp-json\/wp\/v2\/posts\/42677\/revisions"}],"predecessor-version":[{"id":58566,"href":"https:\/\/www.greenpeace.org\/brasil\/wp-json\/wp\/v2\/posts\/42677\/revisions\/58566"}],"wp:featuredmedia":[{"embeddable":true,"href":"https:\/\/www.greenpeace.org\/brasil\/wp-json\/wp\/v2\/media\/42683"}],"wp:attachment":[{"href":"https:\/\/www.greenpeace.org\/brasil\/wp-json\/wp\/v2\/media?parent=42677"}],"wp:term":[{"taxonomy":"category","embeddable":true,"href":"https:\/\/www.greenpeace.org\/brasil\/wp-json\/wp\/v2\/categories?post=42677"},{"taxonomy":"post_tag","embeddable":true,"href":"https:\/\/www.greenpeace.org\/brasil\/wp-json\/wp\/v2\/tags?post=42677"},{"taxonomy":"p4-page-type","embeddable":true,"href":"https:\/\/www.greenpeace.org\/brasil\/wp-json\/wp\/v2\/p4-page-type?post=42677"}],"curies":[{"name":"wp","href":"https:\/\/api.w.org\/{rel}","templated":true}]}}