{"id":42990,"date":"2022-09-28T16:26:56","date_gmt":"2022-09-28T19:26:56","guid":{"rendered":"https:\/\/www.greenpeace.org\/brasil\/?p=42990"},"modified":"2022-09-28T16:26:58","modified_gmt":"2022-09-28T19:26:58","slug":"balsas-de-garimpo-ilegal-voltam-a-bloquear-o-rio-madeira","status":"publish","type":"post","link":"https:\/\/www.greenpeace.org\/brasil\/imprensa\/balsas-de-garimpo-ilegal-voltam-a-bloquear-o-rio-madeira\/","title":{"rendered":"Balsas de garimpo ilegal voltam a bloquear o Rio Madeira"},"content":{"rendered":"\n<p class=\"has-text-align-center is-style-roboto-font-family\"><em>A atividade predat\u00f3ria ocorre na altura da comunidade de Fortaleza do Bom Intento, munic\u00edpio de Manicor\u00e9, estado do Amazonas\u00a0<\/em><\/p>\n\n<figure class=\"wp-block-image aligncenter size-full\"><img loading=\"lazy\" decoding=\"async\" width=\"358\" height=\"359\" src=\"https:\/\/www.greenpeace.org\/static\/planet4-brasil-stateless\/2022\/09\/2fc70f86-image-5.jpg\" alt=\"\" class=\"wp-image-42991\" srcset=\"https:\/\/www.greenpeace.org\/static\/planet4-brasil-stateless\/2022\/09\/2fc70f86-image-5.jpg 358w, https:\/\/www.greenpeace.org\/static\/planet4-brasil-stateless\/2022\/09\/2fc70f86-image-5-300x300.jpg 300w, https:\/\/www.greenpeace.org\/static\/planet4-brasil-stateless\/2022\/09\/2fc70f86-image-5-150x150.jpg 150w, https:\/\/www.greenpeace.org\/static\/planet4-brasil-stateless\/2022\/09\/2fc70f86-image-5-339x340.jpg 339w\" sizes=\"auto, (max-width: 358px) 100vw, 358px\" \/><figcaption><em>Imagem de sat\u00e9lite\u00a0 PLANET\u00ba da comunidade de Fortaleza do Bom Intento (AM) analisada pelo Greenpeace Brasil na segunda-feira (26)<\/em><br><\/figcaption><\/figure>\n\n<p class=\"is-style-roboto-font-family\"><strong>S\u00e3o Paulo, 28 de setembro de 2021 &#8211;<\/strong> Imagens de sat\u00e9lite analisadas pelo Greenpeace Brasil na \u00faltima segunda-feira (26) mostram uma nova concentra\u00e7\u00e3o de balsas de garimpo ao longo do Rio Madeira, e confirmam as den\u00fancias encaminhadas por moradores da regi\u00e3o. Pelas imagens \u00e9 poss\u00edvel identificar pelo menos 100 balsas ancoradas e operando na regi\u00e3o da comunidade de Fortaleza do Bom Intento, que em linha reta, fica a menos de 100 km da cidade de Manicor\u00e9.<\/p>\n\n<p class=\"is-style-roboto-font-family\">A movimenta\u00e7\u00e3o dessas balsas, h\u00e1 menos de uma semana das elei\u00e7\u00f5es no Brasil, comprovam que o garimpo ilegal segue avan\u00e7ando na regi\u00e3o amaz\u00f4nica. Para o porta-voz de Amaz\u00f4nia do Greenpeace Brasil, Danicley de Aguiar: &#8220;mais uma vez a realidade se imp\u00f5e e escancara a urg\u00eancia de que o Estado brasileiro proponha uma estrat\u00e9gia de desenvolvimento regional capaz de superar o garimpo e garantir renda digna para as milhares de fam\u00edlias que vivem em estado de vulnerabilidade social nas cidades e florestas da Amaz\u00f4nia\u201d.\u00a0<\/p>\n\n<p class=\"is-style-roboto-font-family\">\u201c\u00c9 preciso que sejamos capazes de construir arranjos produtivos que consigam conviver com a floresta e suprir mais do que as necessidades b\u00e1sicas dessas popula\u00e7\u00f5es. Do contr\u00e1rio, s\u00f3 testemunharemos mais e mais amaz\u00f4nidas se lan\u00e7ando ao garimpo como estrat\u00e9gia de sobreviv\u00eancia&#8221;, disse Aguiar.<\/p>\n\n<p class=\"is-style-roboto-font-family\">Em dezembro de 2021, o Greenpeace Brasil alertou para a presen\u00e7a de centenas de balsas de garimpo ilegal na regi\u00e3o de Autazes, tamb\u00e9m no Rio Madeira. Diante da enorme repercuss\u00e3o nacional do caso, a Pol\u00edcia Federal foi mobilizada e acabou por dispersar o bloqueio produzido pelas balsas, <a href=\"https:\/\/www.greenpeace.org\/brasil\/blog\/megaoperacao-policial-destroi-mais-de-100-balsas-de-garimpo-ilegal-no-rio-madeira\/\">inutilizando<\/a> 131 balsas em duas opera\u00e7\u00f5es realizadas em parceria com o Ibama.\u00a0<\/p>\n\n<p class=\"is-style-roboto-font-family\"><strong>Assessoria de imprensa Greenpeace Brasil<\/strong><\/p>\n\n<p class=\"is-style-roboto-font-family\"><a href=\"mailto:imprensa.br@greenpeace.org\">imprensa.br@greenpeace.org<\/a> | +55 11 99752-7924<\/p>\n","protected":false},"excerpt":{"rendered":"<p>S\u00e3o Paulo, 28 de setembro de 2021 &#8211; Imagens de sat\u00e9lite analisadas pelo Greenpeace Brasil na \u00faltima segunda-feira (26) mostram uma nova concentra\u00e7\u00e3o de balsas de garimpo ao longo do&hellip;<\/p>\n","protected":false},"author":104,"featured_media":42991,"comment_status":"closed","ping_status":"closed","sticky":false,"template":"","format":"standard","meta":{"ep_exclude_from_search":false,"p4_og_title":"","p4_og_description":"","p4_og_image":"","p4_og_image_id":"","p4_seo_canonical_url":"","p4_campaign_name":"not set","p4_local_project":"not set","p4_basket_name":"not set","p4_department":"","footnotes":""},"categories":[49],"tags":[13,55],"p4-page-type":[14],"class_list":["post-42990","post","type-post","status-publish","format-standard","has-post-thumbnail","hentry","category-amazonia","tag-greenpeace","tag-imprensa","p4-page-type-imprensa"],"_links":{"self":[{"href":"https:\/\/www.greenpeace.org\/brasil\/wp-json\/wp\/v2\/posts\/42990","targetHints":{"allow":["GET"]}}],"collection":[{"href":"https:\/\/www.greenpeace.org\/brasil\/wp-json\/wp\/v2\/posts"}],"about":[{"href":"https:\/\/www.greenpeace.org\/brasil\/wp-json\/wp\/v2\/types\/post"}],"author":[{"embeddable":true,"href":"https:\/\/www.greenpeace.org\/brasil\/wp-json\/wp\/v2\/users\/104"}],"replies":[{"embeddable":true,"href":"https:\/\/www.greenpeace.org\/brasil\/wp-json\/wp\/v2\/comments?post=42990"}],"version-history":[{"count":2,"href":"https:\/\/www.greenpeace.org\/brasil\/wp-json\/wp\/v2\/posts\/42990\/revisions"}],"predecessor-version":[{"id":43528,"href":"https:\/\/www.greenpeace.org\/brasil\/wp-json\/wp\/v2\/posts\/42990\/revisions\/43528"}],"wp:featuredmedia":[{"embeddable":true,"href":"https:\/\/www.greenpeace.org\/brasil\/wp-json\/wp\/v2\/media\/42991"}],"wp:attachment":[{"href":"https:\/\/www.greenpeace.org\/brasil\/wp-json\/wp\/v2\/media?parent=42990"}],"wp:term":[{"taxonomy":"category","embeddable":true,"href":"https:\/\/www.greenpeace.org\/brasil\/wp-json\/wp\/v2\/categories?post=42990"},{"taxonomy":"post_tag","embeddable":true,"href":"https:\/\/www.greenpeace.org\/brasil\/wp-json\/wp\/v2\/tags?post=42990"},{"taxonomy":"p4-page-type","embeddable":true,"href":"https:\/\/www.greenpeace.org\/brasil\/wp-json\/wp\/v2\/p4-page-type?post=42990"}],"curies":[{"name":"wp","href":"https:\/\/api.w.org\/{rel}","templated":true}]}}