{"id":43243,"date":"2022-10-07T17:59:11","date_gmt":"2022-10-07T20:59:11","guid":{"rendered":"https:\/\/www.greenpeace.org\/brasil\/?p=43243"},"modified":"2024-04-01T10:59:56","modified_gmt":"2024-04-01T13:59:56","slug":"setembro-em-chamas-focos-de-calor-sao-147-maior-que-o-ano-passado","status":"publish","type":"post","link":"https:\/\/www.greenpeace.org\/brasil\/imprensa\/setembro-em-chamas-focos-de-calor-sao-147-maior-que-o-ano-passado\/","title":{"rendered":"Setembro em chamas: focos de calor s\u00e3o 147% maior que o ano passado"},"content":{"rendered":"\n<p class=\"has-text-align-center is-style-roboto-font-family\"><em>Segundo dados do Inpe, o total de queimadas na Amaz\u00f4nia no m\u00eas \u00e9 o maior dos \u00faltimos 12 anos&nbsp;<\/em><\/p>\n\n<figure class=\"wp-block-image aligncenter size-full\"><img loading=\"lazy\" decoding=\"async\" width=\"600\" height=\"400\" src=\"https:\/\/www.greenpeace.org\/static\/planet4-brasil-stateless\/2022\/10\/229a1e5a-gp1szphj_low_res_with_credit_line-1.jpg\" alt=\"\" class=\"wp-image-43244\" srcset=\"https:\/\/www.greenpeace.org\/static\/planet4-brasil-stateless\/2022\/10\/229a1e5a-gp1szphj_low_res_with_credit_line-1.jpg 600w, https:\/\/www.greenpeace.org\/static\/planet4-brasil-stateless\/2022\/10\/229a1e5a-gp1szphj_low_res_with_credit_line-1-300x200.jpg 300w, https:\/\/www.greenpeace.org\/static\/planet4-brasil-stateless\/2022\/10\/229a1e5a-gp1szphj_low_res_with_credit_line-1-510x340.jpg 510w\" sizes=\"auto, (max-width: 600px) 100vw, 600px\" \/><figcaption>Sobrevoo em Porto Velho, na regi\u00e3o da Amacro (Amazonas, Acre e Rond\u00f4nia), em uma \u00e1rea com cerca de 8.000 hectares de desmatamento &#8211; a maior em 2022 &#8211; Foto: Nilmar Lage \/ Greenpeace Brasil<br><\/figcaption><\/figure>\n\n<p class=\"is-style-roboto-font-family\"><strong>S\u00e3o Paulo, 30 de setembro &#8211;<\/strong> Dados rec\u00e9m divulgados pelo Instituto Nacional de Pesquisas Espaciais (Inpe) nesta sexta-feira (30), a dois dias das elei\u00e7\u00f5es, mostram que no m\u00eas de setembro houve um aumento enorme de queimadas na Amaz\u00f4nia, n\u00e3o apenas em rela\u00e7\u00e3o ao mesmo per\u00edodo no ano passado, mas sendo o maior n\u00famero desde 2010. Enquanto no m\u00eas de setembro de 2021 foram registrados 16.742 focos de calor no bioma, neste ano houve 41.282. O Estado Par\u00e1 \u00e9 o recordista de queimadas, com 12.696 focos de calor registrados, representando 30,8% do total, seguido por Amazonas (8.659) que apesar de segundo lugar no total de focos teve o m\u00eas com o recorde de queimadas desde o in\u00edcio do monitoramento em 1988, Mato Grosso (6.950), Acre (6.693) e Rond\u00f4nia (5.354).&nbsp;<\/p>\n\n<p class=\"is-style-roboto-font-family\">Esse aumento j\u00e1 era esperado uma vez que a primeira semana de setembro de 2022 concentrou mais focos de calor do que setembro de 2021 inteiro: em apenas nove meses, foram 75.592 focos de inc\u00eandio contra os 75.090 registrados ao longo de 2021.<\/p>\n\n<p class=\"is-style-roboto-font-family\">Para R\u00f4mulo Batista, porta-voz de Amaz\u00f4nia do Greenpeace Brasil, essa escalada que tem destru\u00eddo cada vez mais o bioma e a sua rica biodiversidade precisa ter fim: \u201cEstamos a dois dias das elei\u00e7\u00f5es que ser\u00e3o decisivas para o futuro do Brasil e todo o planeta. \u00c9 necess\u00e1rio que a popula\u00e7\u00e3o brasileira escolha candidaturas que tenham comprometimento com a preserva\u00e7\u00e3o do meio ambiente, com o combate ao desmatamento e \u00e0s queimadas, al\u00e9m de proteger os povos da floresta. N\u00e3o podemos mais compactuar com essa pol\u00edtica de destrui\u00e7\u00e3o que acontece na Amaz\u00f4nia, que \u00e9 fruto da falta de uma pol\u00edtica ambiental nos \u00faltimos anos e de um congresso que cria projetos de lei como a legaliza\u00e7\u00e3o da grilagem de terras, abertura das terras ind\u00edgenas para atividades destrutivas e acaba com o licenciamento ambiental. \u00c9 o momento de votar consciente e pensando na Amaz\u00f4nia\u201d.<\/p>\n\n<p class=\"is-style-roboto-font-family\"><strong>Assessoria de imprensa Greenpeace Brasil<\/strong><\/p>\n\n<p class=\"is-style-roboto-font-family\">imprensa.br@greenpeace.org | +55 11 99752-7924<\/p>\n","protected":false},"excerpt":{"rendered":"<p>S\u00e3o Paulo, 30 de setembro &#8211; Dados rec\u00e9m divulgados pelo Instituto Nacional de Pesquisas Espaciais (Inpe) nesta sexta-feira (30), a dois dias das elei\u00e7\u00f5es, mostram que no m\u00eas de setembro&hellip;<\/p>\n","protected":false},"author":104,"featured_media":43244,"comment_status":"closed","ping_status":"closed","sticky":false,"template":"","format":"standard","meta":{"ep_exclude_from_search":false,"p4_og_title":"","p4_og_description":"","p4_og_image":"","p4_og_image_id":"","p4_seo_canonical_url":"","p4_campaign_name":"not set","p4_local_project":"not set","p4_basket_name":"not set","p4_department":"","footnotes":""},"categories":[49],"tags":[26,6,46,22,55],"p4-page-type":[14],"class_list":["post-43243","post","type-post","status-publish","format-standard","has-post-thumbnail","hentry","category-amazonia","tag-biodiversidade","tag-clima","tag-desmatamento","tag-florestas","tag-imprensa","p4-page-type-imprensa"],"_links":{"self":[{"href":"https:\/\/www.greenpeace.org\/brasil\/wp-json\/wp\/v2\/posts\/43243","targetHints":{"allow":["GET"]}}],"collection":[{"href":"https:\/\/www.greenpeace.org\/brasil\/wp-json\/wp\/v2\/posts"}],"about":[{"href":"https:\/\/www.greenpeace.org\/brasil\/wp-json\/wp\/v2\/types\/post"}],"author":[{"embeddable":true,"href":"https:\/\/www.greenpeace.org\/brasil\/wp-json\/wp\/v2\/users\/104"}],"replies":[{"embeddable":true,"href":"https:\/\/www.greenpeace.org\/brasil\/wp-json\/wp\/v2\/comments?post=43243"}],"version-history":[{"count":2,"href":"https:\/\/www.greenpeace.org\/brasil\/wp-json\/wp\/v2\/posts\/43243\/revisions"}],"predecessor-version":[{"id":43246,"href":"https:\/\/www.greenpeace.org\/brasil\/wp-json\/wp\/v2\/posts\/43243\/revisions\/43246"}],"wp:featuredmedia":[{"embeddable":true,"href":"https:\/\/www.greenpeace.org\/brasil\/wp-json\/wp\/v2\/media\/43244"}],"wp:attachment":[{"href":"https:\/\/www.greenpeace.org\/brasil\/wp-json\/wp\/v2\/media?parent=43243"}],"wp:term":[{"taxonomy":"category","embeddable":true,"href":"https:\/\/www.greenpeace.org\/brasil\/wp-json\/wp\/v2\/categories?post=43243"},{"taxonomy":"post_tag","embeddable":true,"href":"https:\/\/www.greenpeace.org\/brasil\/wp-json\/wp\/v2\/tags?post=43243"},{"taxonomy":"p4-page-type","embeddable":true,"href":"https:\/\/www.greenpeace.org\/brasil\/wp-json\/wp\/v2\/p4-page-type?post=43243"}],"curies":[{"name":"wp","href":"https:\/\/api.w.org\/{rel}","templated":true}]}}