{"id":43516,"date":"2022-10-20T18:28:47","date_gmt":"2022-10-20T21:28:47","guid":{"rendered":"https:\/\/www.greenpeace.org\/brasil\/?p=43516"},"modified":"2022-11-01T11:39:36","modified_gmt":"2022-11-01T14:39:36","slug":"a-alta-dos-precos-em-2022-e-o-que-precisa-ser-feito-para-mudarmos-tal-cenario-no-proximo-governo","status":"publish","type":"post","link":"https:\/\/www.greenpeace.org\/brasil\/imprensa\/a-alta-dos-precos-em-2022-e-o-que-precisa-ser-feito-para-mudarmos-tal-cenario-no-proximo-governo\/","title":{"rendered":"A alta dos pre\u00e7os em 2022 e o que precisa ser feito para mudarmos tal cen\u00e1rio no pr\u00f3ximo governo"},"content":{"rendered":"\n<p class=\"has-text-align-center is-style-roboto-font-family\"><em>\u00c9 urgente frear o desmatamento, retirar a destrui\u00e7\u00e3o do meio ambiente da cadeia da pecu\u00e1ria e incentivar o pequeno produtor se quisermos um Brasil mais justo e com comida no prato em 2023<\/em><\/p>\n\n<p><\/p>\n\n<figure class=\"wp-block-image aligncenter size-large is-resized\"><img loading=\"lazy\" decoding=\"async\" src=\"https:\/\/www.greenpeace.org\/static\/planet4-brasil-stateless\/2022\/11\/127d6c8d-gp1suhwt_medium_res-1024x683.jpg\" alt=\"\" class=\"wp-image-43607\" width=\"600\" height=\"396\" \/><figcaption>\u00a9 Diego Baravelli \/ Greenpeace<\/figcaption><\/figure>\n\n<p class=\"is-style-roboto-font-family\"><strong>S\u00e3o Paulo, 20 de outubro de 2022 &#8211; <\/strong>Desde o in\u00edcio de 2019, o Brasil assiste a um desmonte generalizado da agenda socioambiental, o que levou \u00e0 explos\u00e3o do desmatamento (apenas em setembro, foram 1.455 km\u00b2, maior devasta\u00e7\u00e3o para o m\u00eas j\u00e1 registrada pelo Inpe), das queimadas e da ilegalidade em uma escala sem precedentes desde a redemocratiza\u00e7\u00e3o. Tal cen\u00e1rio gerou impactos no clima &#8211; em 2021 o pa\u00eds teve a sua <strong>pior seca em mais de 90 anos<\/strong>, com graves impactos na produ\u00e7\u00e3o de alimentos e na conta de luz, que j\u00e1 \u00e9 a segunda mais cara do mundo &#8211; e no acirramento da desigualdade social: a pobreza aumentou, o pre\u00e7o dos alimentos disparou e o Brasil voltou para o Mapa da Fome &#8211; estima-se que 33 milh\u00f5es de pessoas estejam passando fome neste exato momento.&nbsp;<\/p>\n\n<p class=\"is-style-roboto-font-family\">H\u00e1 quem culpe a pandemia de covid-19 pela alta absurda no pre\u00e7o dos alimentos em 2022, mas n\u00e3o \u00e9 bem assim. A combina\u00e7\u00e3o entre o negacionismo clim\u00e1tico, um modelo de agroneg\u00f3cio baseado na destrui\u00e7\u00e3o do meio ambiente e o avan\u00e7o do desmatamento contribui diretamente para o avan\u00e7o da fome no Brasil.&nbsp;<\/p>\n\n<p class=\"is-style-roboto-font-family\">\u201cVivemos uma crise clim\u00e1tica que se manifesta ano a ano em eventos extremos cada vez mais graves e nenhuma medida de enfrentamento \u00e0s causas e aos impactos dessa crise s\u00e3o tomadas. Se o pa\u00eds n\u00e3o adaptar o seu sistema el\u00e9trico para esse cen\u00e1rio, com mais inser\u00e7\u00e3o de renov\u00e1veis e menos termel\u00e9tricas, a conta de luz vai seguir subindo e puxando a infla\u00e7\u00e3o. E, se o desmatamento n\u00e3o for combatido imediatamente, secas severas ser\u00e3o cada vez mais comuns, causando quebras de safra e crises de abastecimento dos reservat\u00f3rios de hidrel\u00e9tricas e at\u00e9 de \u00e1gua para consumo humano. Estamos em um ciclo vicioso, que encarece o alimento e a energia, e a conta quem paga \u00e9 a popula\u00e7\u00e3o &#8211; que j\u00e1 padece com problemas estruturais graves.\u201d, destaca <strong><em>Marcelo Laterman, porta-voz de Clima e Justi\u00e7a do Greenpeace Brasil.&nbsp;<\/em><\/strong><\/p>\n\n<p class=\"is-style-roboto-font-family\">A seca registrada no ano passado, por sua vez, tem forte liga\u00e7\u00e3o com as mudan\u00e7as clim\u00e1ticas e o desmatamento na Amaz\u00f4nia, que tem batido um recorde atr\u00e1s do outro desde 2019. \u201cSe por um lado a floresta funciona como uma bomba de umidade na atmosfera, o desmatamento tem efeito contr\u00e1rio no clima, alterando o regime de chuvas em todo o pa\u00eds\u201d, acrescenta.&nbsp;<\/p>\n\n<p class=\"is-style-roboto-font-family\">Por fim, o problema da alta dos alimentos tamb\u00e9m tem liga\u00e7\u00e3o com a pol\u00edtica de incentivo ao agroneg\u00f3cio em detrimento da agricultura, o que tem reduzido nossa \u00e1rea de plantio de alimentos. Segundo dados do IBGE, entre 1988 e 2020, enquanto a \u00e1rea de soja (carro-chefe do agroneg\u00f3cio) aumentou 576%, as \u00e1reas de plantio de arroz e feij\u00e3o diminu\u00edram em 73% e 54%, respectivamente. Vale lembrar que os respons\u00e1veis pela produ\u00e7\u00e3o do arroz e feij\u00e3o no pa\u00eds s\u00e3o os pequenos agricultores, que perderam linhas de cr\u00e9dito e programas de incentivo no governo Bolsonaro.<\/p>\n\n<p class=\"is-style-roboto-font-family\">\u201cDiante dessa situa\u00e7\u00e3o, precisamos ser realistas e priorizar a\u00e7\u00f5es que resolvam as urg\u00eancias de quem est\u00e1 em situa\u00e7\u00e3o de vulnerabilidade. Acreditamos que a solu\u00e7\u00e3o para os problemas mais urgentes passam pelo fortalecimento da agricultura familiar de base ecol\u00f3gica; pelo incentivo da desconcentra\u00e7\u00e3o de terra; e por uma transi\u00e7\u00e3o energ\u00e9tica justa que d\u00ea prioridade \u00e0s fontes renov\u00e1veis, como a solar e a e\u00f3lica\u201d, finaliza Laterman.<\/p>\n\n<p class=\"is-style-roboto-font-family\"><strong>Fale com nossa equipe de imprensa:<\/strong><\/p>\n\n<p class=\"is-style-roboto-font-family\">imprensa.br@greenpeace.org | +55 92 99480-3580 | +55 11 99752-7924<\/p>\n\n<p class=\"is-style-roboto-font-family\"><em>O Greenpeace Brasil \u00e9 uma organiza\u00e7\u00e3o ativista ambiental sem fins lucrativos, que atua desde 1992 na defesa do meio ambiente. <\/em><em>Ao lado de todas as pessoas que buscam um mundo mais verde, justo e pac\u00edfico, a organiza\u00e7\u00e3o atua h\u00e1 30 anos pela defesa do meio ambiente denunciando e confrontando governos, empresas e projetos que incentivam a destrui\u00e7\u00e3o das florestas.<\/em><\/p>\n","protected":false},"excerpt":{"rendered":"<p>S\u00e3o Paulo, 20 de outubro de 2022 &#8211; Desde o in\u00edcio de 2019, o Brasil assiste a um desmonte generalizado da agenda socioambiental, o que levou \u00e0 explos\u00e3o do desmatamento&hellip;<\/p>\n","protected":false},"author":104,"featured_media":43526,"comment_status":"closed","ping_status":"closed","sticky":false,"template":"","format":"standard","meta":{"ep_exclude_from_search":false,"p4_og_title":"","p4_og_description":"","p4_og_image":"","p4_og_image_id":"","p4_seo_canonical_url":"","p4_campaign_name":"not set","p4_local_project":"not set","p4_basket_name":"not set","p4_department":"","footnotes":""},"categories":[5],"tags":[56,55,42],"p4-page-type":[14],"class_list":["post-43516","post","type-post","status-publish","format-standard","has-post-thumbnail","hentry","category-greenpeace","tag-eleicoes-2022","tag-imprensa","tag-justica-climatica","p4-page-type-imprensa"],"_links":{"self":[{"href":"https:\/\/www.greenpeace.org\/brasil\/wp-json\/wp\/v2\/posts\/43516","targetHints":{"allow":["GET"]}}],"collection":[{"href":"https:\/\/www.greenpeace.org\/brasil\/wp-json\/wp\/v2\/posts"}],"about":[{"href":"https:\/\/www.greenpeace.org\/brasil\/wp-json\/wp\/v2\/types\/post"}],"author":[{"embeddable":true,"href":"https:\/\/www.greenpeace.org\/brasil\/wp-json\/wp\/v2\/users\/104"}],"replies":[{"embeddable":true,"href":"https:\/\/www.greenpeace.org\/brasil\/wp-json\/wp\/v2\/comments?post=43516"}],"version-history":[{"count":5,"href":"https:\/\/www.greenpeace.org\/brasil\/wp-json\/wp\/v2\/posts\/43516\/revisions"}],"predecessor-version":[{"id":43609,"href":"https:\/\/www.greenpeace.org\/brasil\/wp-json\/wp\/v2\/posts\/43516\/revisions\/43609"}],"wp:featuredmedia":[{"embeddable":true,"href":"https:\/\/www.greenpeace.org\/brasil\/wp-json\/wp\/v2\/media\/43526"}],"wp:attachment":[{"href":"https:\/\/www.greenpeace.org\/brasil\/wp-json\/wp\/v2\/media?parent=43516"}],"wp:term":[{"taxonomy":"category","embeddable":true,"href":"https:\/\/www.greenpeace.org\/brasil\/wp-json\/wp\/v2\/categories?post=43516"},{"taxonomy":"post_tag","embeddable":true,"href":"https:\/\/www.greenpeace.org\/brasil\/wp-json\/wp\/v2\/tags?post=43516"},{"taxonomy":"p4-page-type","embeddable":true,"href":"https:\/\/www.greenpeace.org\/brasil\/wp-json\/wp\/v2\/p4-page-type?post=43516"}],"curies":[{"name":"wp","href":"https:\/\/api.w.org\/{rel}","templated":true}]}}