{"id":4370,"date":"2018-09-03T16:25:01","date_gmt":"2018-09-03T19:25:01","guid":{"rendered":"https:\/\/www.greenpeace.org\/brasil\/?p=4370"},"modified":"2021-12-01T09:33:13","modified_gmt":"2021-12-01T12:33:13","slug":"cuidado-com-a-urna-envenenada","status":"publish","type":"post","link":"https:\/\/www.greenpeace.org\/brasil\/blog\/cuidado-com-a-urna-envenenada\/","title":{"rendered":"Cuidado com a urna envenenada"},"content":{"rendered":"<h4>Candidatos apresentam propostas que deixam sua sa\u00fade e o meio ambiente em risco<\/h4>\n<p><img loading=\"lazy\" decoding=\"async\" class=\"alignright wp-image-4448 \" src=\"https:\/\/www.greenpeace.org\/static\/planet4-brasil-stateless\/2018\/09\/8ebfecfd-whatsapp-image-2018-09-03-at-16.17.19-1024x590.jpeg\" alt=\"Greenpeace nas Elei\u00e7\u00f5es 2018\" width=\"307\" height=\"177\" \/><\/p>\n<p>N\u00e3o se trata apenas da falta de propostas para resolver os problemas de saneamento b\u00e1sico ou do atendimento no SUS. Nas elei\u00e7\u00f5es de 2018, a sua sa\u00fade tamb\u00e9m est\u00e1 amea\u00e7ada por alguns candidatos \u00e0 Presid\u00eancia da Rep\u00fablica que, em busca de apoio eleitoral de empres\u00e1rios e deputados ruralistas, resolveram se comprometer com retrocessos contidos no Pacote do Veneno (PL 6.299\/2002), que aumenta o uso de agrot\u00f3xicos no pa\u00eds.<\/p>\n<p>O assunto \u00e9 muito s\u00e9rio! Se for aprovado, o Pacote do Veneno vai permitir o registro de mais agrot\u00f3xicos, inclusive mais perigosos e cancer\u00edgenos, que acabam indo parar em nossos pratos. Em 2016, por exemplo, fizemos <a href=\"https:\/\/www.greenpeace.org\/brasil\/blog\/rio-essa-merenda-nao-parece-legal\/\" target=\"_blank\" rel=\"noopener noreferrer\">testes toxicol\u00f3gicos<\/a> em alimentos de escolas municipais do Rio de Janeiro e encontramos res\u00edduos de agrot\u00f3xicos em 60% das amostras, incluindo subst\u00e2ncia banida desde 2012.<\/p>\n<p><img loading=\"lazy\" decoding=\"async\" class=\"aligncenter size-full wp-image-4445\" src=\"https:\/\/www.greenpeace.org\/static\/planet4-brasil-stateless\/2018\/09\/16f622c0-whatsapp-image-2018-09-03-at-16.13.42.jpeg\" alt=\"Cuidado com a urna envenenada\" width=\"700\" height=\"700\" srcset=\"https:\/\/www.greenpeace.org\/static\/planet4-brasil-stateless\/2018\/09\/16f622c0-whatsapp-image-2018-09-03-at-16.13.42.jpeg 700w, https:\/\/www.greenpeace.org\/static\/planet4-brasil-stateless\/2018\/09\/16f622c0-whatsapp-image-2018-09-03-at-16.13.42-150x150.jpeg 150w, https:\/\/www.greenpeace.org\/static\/planet4-brasil-stateless\/2018\/09\/16f622c0-whatsapp-image-2018-09-03-at-16.13.42-300x300.jpeg 300w, https:\/\/www.greenpeace.org\/static\/planet4-brasil-stateless\/2018\/09\/16f622c0-whatsapp-image-2018-09-03-at-16.13.42-340x340.jpeg 340w\" sizes=\"auto, (max-width: 700px) 100vw, 700px\" \/><\/p>\n<h4><strong>Eles dizem &#8220;SIM&#8221; ao Pacote do Veneno<\/strong><\/h4>\n<p>Os candidatos Jair Bolsonaro, Geraldo Alckmin e \u00c1lvaro Dias destacam-se neste perigoso namoro com os agrot\u00f3xicos.<\/p>\n<p><strong>Jair Bolsonaro<\/strong> (PSL) <a href=\"https:\/\/www.agrolink.com.br\/agromidias\/video\/bolsonaro-diz-que-liberacao-de-defensivos-agricolas-deve-ser-responsabilidade-do-mapa_18774.html\" target=\"_blank\" rel=\"noopener noreferrer\">declarou<\/a>: \u201cNo que depender de mim, apenas o Minist\u00e9rio da Agricultura decidiria a libera\u00e7\u00e3o de defensivos. Eu apoio que a Anvisa fique fora dessa libera\u00e7\u00e3o\u201d. O candidato defende que a Anvisa seja afastada do processo de aprova\u00e7\u00e3o de agrot\u00f3xicos no Brasil, deixando a tarefa exclusivamente nas m\u00e3os do Minist\u00e9rio da Agricultura. Em resumo, quer excluir o \u00f3rg\u00e3o que analisa os impactos na sa\u00fade p\u00fablica para deixar a decis\u00e3o apenas com quem tem interesse comercial em aprovar o produto, uma enorme irresponsabilidade. O discurso de Bolsonaro \u00e9 dirigido \u00e0s empresas do setor, dando a elas exatamente o que querem, em troca de um enorme risco \u00e0 sa\u00fade da popula\u00e7\u00e3o.<\/p>\n<p><strong>Geraldo Alckmin<\/strong> (PSDB) quis fazer gra\u00e7a com um assunto s\u00e9rio e chamou o Pacote do Veneno de <a href=\"https:\/\/www.valor.com.br\/politica\/5714929\/nao-e-lei-do-veneno-e-do-remedio-diz-alckmin-sobre-agrotoxico\" target=\"_blank\" rel=\"noopener noreferrer\">Lei do Rem\u00e9dio<\/a>. Agrot\u00f3xicos s\u00e3o subst\u00e2ncias qu\u00edmicas t\u00f3xicas, muitas potencialmente cancer\u00edgenas, aplicadas de forma massiva no campo e, portanto, N\u00c3O podem jamais ser comparadas ou chamadas de rem\u00e9dios. Apenas nos \u00faltimos 11 anos, 26 mil brasileiros foram intoxicados por agrot\u00f3xicos, resultando em 1.824 mortes, segundo levantamento da <a href=\"https:\/\/apublica.org\/2018\/08\/26-mil-brasileiros-foram-intoxicados-agrotoxicos-ultimos-dez-anos\/\" target=\"_blank\" rel=\"noopener noreferrer\">Ag\u00eancia P\u00fablica<\/a>.<\/p>\n<p>Alckmin ainda <a href=\"https:\/\/oglobo.globo.com\/brasil\/candidatos-presidencia-divergem-sobre-agrotoxicos-armamento-no-campo-22985631\" target=\"_blank\" rel=\"noopener noreferrer\">disse<\/a> que o PL 6.299\/2002 \u201cbusca reduzir o tempo de aprova\u00e7\u00e3o de novas mol\u00e9culas\u201d e que o Pacote do Veneno n\u00e3o vai tirar a import\u00e2ncia de outros \u00f3rg\u00e3os governamentais. N\u00e3o \u00e9 verdade. O Projeto de Lei n\u00e3o traz uma linha sequer sobre priorizar a aprova\u00e7\u00e3o de subst\u00e2ncias menos t\u00f3xicas. Pelo contr\u00e1rio, revoga o texto que nos protege em rela\u00e7\u00e3o \u00e0 aprova\u00e7\u00e3o de subst\u00e2ncias cancer\u00edgenas. Al\u00e9m disso, ao excluir as \u00e1reas de Sa\u00fade e Meio Ambiente das etapas de registro e aprova\u00e7\u00e3o, a decis\u00e3o ficar\u00e1 exclusivamente com o Minist\u00e9rio da Agricultura. Assim, o candidato deu seu recado: se for eleito, trabalhar\u00e1 para a aprova\u00e7\u00e3o de mais veneno no prato dos brasileiros.<\/p>\n<p><strong>\u00c1lvaro Dias<\/strong> (Podemos)<a href=\"https:\/\/www.metropoles.com\/brasil\/brasil-voltara-36-anos-no-tempo-com-pl-do-veneno-diz-procurador\" target=\"_blank\" rel=\"noopener noreferrer\"> afirmou<\/a> que o PL 6.299\/2002 \u201ctem como objetivo regulamentar a pesquisa, o desenvolvimento, a produ\u00e7\u00e3o, o com\u00e9rcio e o consumo dos agrot\u00f3xicos\u201d. Parece que s\u00f3 o candidato e os deputados ruralistas pensam assim. Diversos \u00f3rg\u00e3os de pesquisa, sa\u00fade e meio ambiente, como Fiocruz, Inca, Ibama, Abrasco e Minist\u00e9rio P\u00fablico Federal se op\u00f5em ao texto. At\u00e9 mesmo a ONU <a href=\"https:\/\/www.ohchr.org\/Documents\/Issues\/ToxicWastes\/Communications\/OL-BRA-5-2018.pdf\" target=\"_blank\" rel=\"noopener noreferrer\">se mostrou preocupada<\/a> com a poss\u00edvel aprova\u00e7\u00e3o do PL do Veneno.<\/p>\n<h4><strong>Ele falou, mas n\u00e3o disse <\/strong><\/h4>\n<p>Em sua<a href=\"https:\/\/static.poder360.com.br\/2018\/08\/1533945439_ciro-gomes-proposta-governo.pdf\" target=\"_blank\" rel=\"noopener noreferrer\">proposta de governo<\/a>, <strong>Ciro Gomes<\/strong> incentiva o desenvolvimento de agrot\u00f3xicos no Brasil que sejam \u201cespec\u00edficos para as nossas culturas e problemas\u201d, defendendo subst\u00e2ncias de \u201cmenor conte\u00fado t\u00f3xico para as pessoas e o meio ambiente\u201d. Apesar de ter demonstrado preocupa\u00e7\u00e3o com a quest\u00e3o dos agrot\u00f3xicos, o candidato do PDT n\u00e3o disse se \u00e9 a favor ou contra o PL do Veneno e n\u00e3o deixa claro se vetaria ou aprovaria o texto caso seja eleito presidente. A d\u00favida fica ainda maior quando lembramos que sua vice, K\u00e1tia Abreu, j\u00e1 defendeu abertamente o uso de agrot\u00f3xicos, <a href=\"https:\/\/www.youtube.com\/watch?v=FqOPaMXSlwc\" target=\"_blank\" rel=\"noopener noreferrer\">argumentando<\/a> que os mais pobres n\u00e3o tinham outra escolha que n\u00e3o fosse comer comida com veneno, pois esse era o \u00fanico jeito de produzir comida de forma barata. N\u00e3o, K\u00e1tia, n\u00e3o \u00e9 o \u00fanico jeito.<\/p>\n<h4>Eles dizem &#8220;N\u00c3O&#8221; ao Pacote do Veneno<\/h4>\n<p>Os candidatos Guilherme Boulos, Lu\u00eds In\u00e1cio Lula da Silva\/ Fernando Haddad e Marina Silva se declararam contra o Pacote do Veneno.<\/p>\n<p><strong>Guilherme Boulos<\/strong> (PSOL) <a href=\"https:\/\/www.metropoles.com\/brasil\/brasil-voltara-36-anos-no-tempo-com-pl-do-veneno-diz-procurador\" target=\"_blank\" rel=\"noopener noreferrer\">declarou<\/a> que o PL do Veneno \u00e9 um \u201cretrocesso\u201d e \u201cum atentado contra o meio ambiente e contra a sa\u00fade humana\u201d.<\/p>\n<p>A candidatura <strong>Lula\/ Haddad<\/strong> n\u00e3o faz men\u00e7\u00e3o ao Pacote do Veneno em seu <a href=\"http:\/\/www.pt.org.br\/wp-content\/uploads\/2018\/08\/plano-lula-de-governo_2018-08-14-texto-registrado-3.pdf\" target=\"_blank\" rel=\"noopener noreferrer\">plano de governo<\/a>, mas o ex-presidente Lula (PT) <a href=\"https:\/\/br.noticias.yahoo.com\/o-que-dizem-os-presidenciaveis-sobre-polemica-dos-agrotoxicos-181044577.html\">disse<\/a> que o PL 6.299\/2002 ir\u00e1 \u201cenvenenar ainda mais a mesa dos brasileiros\u201d e que isso \u00e9 \u201cinaceit\u00e1vel\u201d.<\/p>\n<p><strong>Marina Silva<\/strong> (Rede) <a href=\"https:\/\/www.huffpostbrasil.com\/2018\/07\/01\/pl-do-veneno-a-opiniao-de-8-pre-candidatos-a-presidencia-sobre-mudanca-da-lei-dos-agrotoxicos_a_23470637\/\" target=\"_blank\" rel=\"noopener noreferrer\">disse<\/a> que o Projeto de Lei \u201cprovoca mudan\u00e7as com implica\u00e7\u00f5es muito s\u00e9rias para o meio ambiente e a sa\u00fade dos brasileiros\u201d e alerta que a medida facilitaria a entrada de subst\u00e2ncias potencialmente cancer\u00edgenas no pa\u00eds.<\/p>\n<h4>Eles n\u00e3o disseram nada<\/h4>\n<p>N\u00e3o foram encontrados registros de declara\u00e7\u00f5es dos candidatos <strong>Cabo Daciolo<\/strong> (Patriota) e <strong>Henrique Meirelles<\/strong> (MDB) sobre o assunto. Eles tamb\u00e9m n\u00e3o citam nada em seus planos de governo.<\/p>\n<p><strong>A escolha que voc\u00ea vai fazer nas urnas afetar\u00e1 a qualidade da comida que consumimos. Os pol\u00edticos eleitos em outubro ter\u00e3o impacto para sempre no meio ambiente. Na hora do voto, pense nisso.<\/strong><\/p>\n<div class=\"EmptyMessage\">Block content is empty. Check the block&#8217;s settings or remove it.<\/div>","protected":false},"excerpt":{"rendered":"<p>Candidatos apresentam propostas que deixam sua sa\u00fade e o meio ambiente em risco<\/p>\n","protected":false},"author":19,"featured_media":4444,"comment_status":"open","ping_status":"closed","sticky":false,"template":"","format":"standard","meta":{"ep_exclude_from_search":false,"p4_og_title":"","p4_og_description":"","p4_og_image":"","p4_og_image_id":"","p4_seo_canonical_url":"","p4_campaign_name":"","p4_local_project":"","p4_basket_name":"","p4_department":"","footnotes":""},"categories":[2],"tags":[8,18],"p4-page-type":[16],"class_list":["post-4370","post","type-post","status-publish","format-standard","has-post-thumbnail","hentry","category-transforme-a-sociedade","tag-resista","tag-agroecologia","p4-page-type-blog"],"_links":{"self":[{"href":"https:\/\/www.greenpeace.org\/brasil\/wp-json\/wp\/v2\/posts\/4370","targetHints":{"allow":["GET"]}}],"collection":[{"href":"https:\/\/www.greenpeace.org\/brasil\/wp-json\/wp\/v2\/posts"}],"about":[{"href":"https:\/\/www.greenpeace.org\/brasil\/wp-json\/wp\/v2\/types\/post"}],"author":[{"embeddable":true,"href":"https:\/\/www.greenpeace.org\/brasil\/wp-json\/wp\/v2\/users\/19"}],"replies":[{"embeddable":true,"href":"https:\/\/www.greenpeace.org\/brasil\/wp-json\/wp\/v2\/comments?post=4370"}],"version-history":[{"count":20,"href":"https:\/\/www.greenpeace.org\/brasil\/wp-json\/wp\/v2\/posts\/4370\/revisions"}],"predecessor-version":[{"id":35483,"href":"https:\/\/www.greenpeace.org\/brasil\/wp-json\/wp\/v2\/posts\/4370\/revisions\/35483"}],"wp:featuredmedia":[{"embeddable":true,"href":"https:\/\/www.greenpeace.org\/brasil\/wp-json\/wp\/v2\/media\/4444"}],"wp:attachment":[{"href":"https:\/\/www.greenpeace.org\/brasil\/wp-json\/wp\/v2\/media?parent=4370"}],"wp:term":[{"taxonomy":"category","embeddable":true,"href":"https:\/\/www.greenpeace.org\/brasil\/wp-json\/wp\/v2\/categories?post=4370"},{"taxonomy":"post_tag","embeddable":true,"href":"https:\/\/www.greenpeace.org\/brasil\/wp-json\/wp\/v2\/tags?post=4370"},{"taxonomy":"p4-page-type","embeddable":true,"href":"https:\/\/www.greenpeace.org\/brasil\/wp-json\/wp\/v2\/p4-page-type?post=4370"}],"curies":[{"name":"wp","href":"https:\/\/api.w.org\/{rel}","templated":true}]}}