{"id":43795,"date":"2022-11-11T09:00:00","date_gmt":"2022-11-11T12:00:00","guid":{"rendered":"https:\/\/www.greenpeace.org\/brasil\/?p=43795"},"modified":"2022-11-11T09:28:31","modified_gmt":"2022-11-11T12:28:31","slug":"as-arvores-somos-nozes-73-o-que-voce-precisa-saber-sobre-a-cop27","status":"publish","type":"post","link":"https:\/\/www.greenpeace.org\/brasil\/podcast\/as-arvores-somos-nozes-73-o-que-voce-precisa-saber-sobre-a-cop27\/","title":{"rendered":"As \u00c1rvores Somos Nozes 73\u00a0&#8211; O que voc\u00ea precisa saber sobre a COP27"},"content":{"rendered":"\n<h4 class=\"wp-block-heading\">Ou\u00e7a nosso novo epis\u00f3dio e fique por dentro do que est\u00e1 rolando na 27\u00aa Confer\u00eancia do Clima, no Egito&nbsp;<\/h4>\n\n<iframe loading=\"lazy\" src=\"https:\/\/anchor.fm\/as-arvores\/embed\/episodes\/73---O-que-voc-precisa-saber-sobre-a-COP27-e1qjjm0\" height=\"120px\" width=\"700px\" frameborder=\"0\" scrolling=\"no\"><\/iframe>\n\n<p>2022 \u00e9 ano de Copa, mas antes de assistirmos a bola rolar em campo, temos outro evento internacional important\u00edssimo: A <a href=\"https:\/\/www.greenpeace.org\/brasil\/informe-se\/cop27\/\">COP27,<\/a> a confer\u00eancia sobre o clima da ONU (Organiza\u00e7\u00e3o das Na\u00e7\u00f5es Unidas).<\/p>\n\n<p>A 27\u00aa edi\u00e7\u00e3o da confer\u00eancia acontece de 6 a  18 de novembro, no Egito, e re\u00fane l\u00edderes de quase todos os pa\u00edses para discutir <a href=\"https:\/\/www.instagram.com\/p\/CkwJCz0j7rg\/\">estrat\u00e9gias sobre como lidar com a crise clim\u00e1tica.<\/a><\/p>\n\n<p>No novo epis\u00f3dio do <a href=\"https:\/\/www.greenpeace.org\/brasil\/noticias-e-historias\/podcast\/\"><strong>As \u00c1rvores Somos Nozes<\/strong><\/a>, abordamos o que est\u00e1 em jogo nas&nbsp; negocia\u00e7\u00f5es que est\u00e3o acontecendo na cidade eg\u00edpcia Sharm El Sheikh, e a <strong>centralidade da justi\u00e7a clim\u00e1tica <\/strong>nessas discuss\u00f5es.<\/p>\n\n<p>Para isso, conversamos com a ativista <a href=\"https:\/\/www.instagram.com\/souamandacosta\/\">Amanda Costa<\/a>, que participa presencialmente do evento, com <a href=\"https:\/\/www.instagram.com\/p\/Ckk-G5lPmiy\/\">Katley Ellen<\/a>, ativista clim\u00e1tica e volunt\u00e1ria do Greenpeace Brasil, e Marcelo Letterman, da campanha de Clima e Justi\u00e7a da organiza\u00e7\u00e3o.<\/p>\n\n<p>Ou\u00e7a agora. Dispon\u00edvel nas principais plataformas de \u00e1udio!<br><br><a rel=\"noreferrer noopener\" href=\"https:\/\/anchor.fm\/s\/48daadd4\/podcast\/rss\" target=\"_blank\">Assine o feed<\/a>&nbsp;|&nbsp;<a rel=\"noreferrer noopener\" href=\"https:\/\/open.spotify.com\/show\/51FYxkzZ0DPPUtd87T01ny\" target=\"_blank\">Ou\u00e7a no Spotify<\/a>&nbsp;|&nbsp;<a rel=\"noreferrer noopener\" href=\"https:\/\/podcasts.apple.com\/us\/podcast\/as-%C3%A1rvores-somos-nozes\/id1436750884?uo=4#\" target=\"_blank\">Ou\u00e7a no iOS<\/a>&nbsp;|&nbsp;<a rel=\"noreferrer noopener\" href=\"https:\/\/subscribeonandroid.com\/feeds.feedburner.com\/asarvores\" target=\"_blank\">Ou\u00e7a no Android<\/a><\/p>\n\n<p><strong>Links de refer\u00eancia:<\/strong><\/p>\n\n<p><a href=\"https:\/\/www.greenpeace.org\/brasil\/informe-se\/cop27\/\">P\u00e1gina especial sobre a COP27<\/a><br><a href=\"https:\/\/www.greenpeace.org\/brasil\/blog\/vai-ter-copa-quer-dizer-cop\/\">Vai ter COPA. Quer dizer, COP!<\/a><br><a href=\"https:\/\/www.greenpeace.org\/brasil\/imprensa\/greenpeace-brasil-marca-presenca-na-cop27-no-egito\/\">Greenpeace Brasil marca presen\u00e7a na COP27 no Egito<\/a><\/p>\n\n<p><strong>Cr\u00e9ditos:<\/strong><\/p>\n\n<p><strong>Apresenta\u00e7\u00e3o e roteiro:<\/strong> Camila Doretto e Lu Sudr\u00e9;<br><strong>Produ\u00e7\u00e3o:<\/strong> Lu Sudr\u00e9;<br><strong>Entrevistadas\/os<\/strong>: Amanda Costa, Katley Ellen e Marcelo Laterman<br><strong>Sound Design:<\/strong> Compasso Coolab;<br><strong>Trilha original:<\/strong> Marcellus Meirelles e Alexandre Luppi;<br><strong>Edi\u00e7\u00e3o:<\/strong> Mandril Audio;<\/p>\n","protected":false},"excerpt":{"rendered":"<p>Ou\u00e7a nosso novo epis\u00f3dio e fique por dentro do que est\u00e1 rolando na 27\u00aa Confer\u00eancia do Clima, no Egito\u00a0<\/p>\n","protected":false},"author":28,"featured_media":43801,"comment_status":"open","ping_status":"closed","sticky":false,"template":"","format":"standard","meta":{"ep_exclude_from_search":false,"p4_og_title":"","p4_og_description":"","p4_og_image":"","p4_og_image_id":"","p4_seo_canonical_url":"","p4_campaign_name":"not set","p4_local_project":"not set","p4_basket_name":"not set","p4_department":"","footnotes":""},"categories":[5],"tags":[57],"p4-page-type":[28],"class_list":["post-43795","post","type-post","status-publish","format-standard","has-post-thumbnail","hentry","category-greenpeace","tag-cop","p4-page-type-podcast"],"_links":{"self":[{"href":"https:\/\/www.greenpeace.org\/brasil\/wp-json\/wp\/v2\/posts\/43795","targetHints":{"allow":["GET"]}}],"collection":[{"href":"https:\/\/www.greenpeace.org\/brasil\/wp-json\/wp\/v2\/posts"}],"about":[{"href":"https:\/\/www.greenpeace.org\/brasil\/wp-json\/wp\/v2\/types\/post"}],"author":[{"embeddable":true,"href":"https:\/\/www.greenpeace.org\/brasil\/wp-json\/wp\/v2\/users\/28"}],"replies":[{"embeddable":true,"href":"https:\/\/www.greenpeace.org\/brasil\/wp-json\/wp\/v2\/comments?post=43795"}],"version-history":[{"count":10,"href":"https:\/\/www.greenpeace.org\/brasil\/wp-json\/wp\/v2\/posts\/43795\/revisions"}],"predecessor-version":[{"id":43830,"href":"https:\/\/www.greenpeace.org\/brasil\/wp-json\/wp\/v2\/posts\/43795\/revisions\/43830"}],"wp:featuredmedia":[{"embeddable":true,"href":"https:\/\/www.greenpeace.org\/brasil\/wp-json\/wp\/v2\/media\/43801"}],"wp:attachment":[{"href":"https:\/\/www.greenpeace.org\/brasil\/wp-json\/wp\/v2\/media?parent=43795"}],"wp:term":[{"taxonomy":"category","embeddable":true,"href":"https:\/\/www.greenpeace.org\/brasil\/wp-json\/wp\/v2\/categories?post=43795"},{"taxonomy":"post_tag","embeddable":true,"href":"https:\/\/www.greenpeace.org\/brasil\/wp-json\/wp\/v2\/tags?post=43795"},{"taxonomy":"p4-page-type","embeddable":true,"href":"https:\/\/www.greenpeace.org\/brasil\/wp-json\/wp\/v2\/p4-page-type?post=43795"}],"curies":[{"name":"wp","href":"https:\/\/api.w.org\/{rel}","templated":true}]}}