{"id":43863,"date":"2022-11-17T17:37:17","date_gmt":"2022-11-17T20:37:17","guid":{"rendered":"https:\/\/www.greenpeace.org\/brasil\/?p=43863"},"modified":"2024-04-01T11:01:45","modified_gmt":"2024-04-01T14:01:45","slug":"deter-registra-90386-km-de-areas-desmatadas-na-amazonia-pior-da-serie-historica","status":"publish","type":"post","link":"https:\/\/www.greenpeace.org\/brasil\/imprensa\/deter-registra-90386-km-de-areas-desmatadas-na-amazonia-pior-da-serie-historica\/","title":{"rendered":"Deter registra 903,86 km\u00b2 de \u00e1reas desmatadas na Amaz\u00f4nia, pior da s\u00e9rie hist\u00f3rica"},"content":{"rendered":"\n<p class=\"has-text-align-center is-style-roboto-font-family\"><em>Em compara\u00e7\u00e3o \u00e0 2021 (876,56 km\u00b2), outubro de 2022 registrou 903,86 km\u00b2 de \u00e1reas desmatadas, o equivalente a 123.986 campos de futebol padr\u00e3o Fifa<\/em><\/p>\n\n<figure class=\"wp-block-image size-large\"><img loading=\"lazy\" decoding=\"async\" width=\"1024\" height=\"683\" src=\"https:\/\/www.greenpeace.org\/static\/planet4-brasil-stateless\/2022\/11\/d3100938-gp1t2omd_medium_res-1024x683.jpg\" alt=\"\" class=\"wp-image-43893\" srcset=\"https:\/\/www.greenpeace.org\/static\/planet4-brasil-stateless\/2022\/11\/d3100938-gp1t2omd_medium_res-1024x683.jpg 1024w, https:\/\/www.greenpeace.org\/static\/planet4-brasil-stateless\/2022\/11\/d3100938-gp1t2omd_medium_res-300x200.jpg 300w, https:\/\/www.greenpeace.org\/static\/planet4-brasil-stateless\/2022\/11\/d3100938-gp1t2omd_medium_res-768x512.jpg 768w, https:\/\/www.greenpeace.org\/static\/planet4-brasil-stateless\/2022\/11\/d3100938-gp1t2omd_medium_res-510x340.jpg 510w, https:\/\/www.greenpeace.org\/static\/planet4-brasil-stateless\/2022\/11\/d3100938-gp1t2omd_medium_res.jpg 1200w\" sizes=\"auto, (max-width: 1024px) 100vw, 1024px\" \/><figcaption><em>\u00a0Expedi\u00e7\u00e3o de monitoramento de fogo e desmatamento, realizada entre os dias 9 e 13 de agosto de 2022, na regi\u00e3o entre Rond\u00f4nia e sul do Amazonas. \u00a9 Christian Braga \/ Greenpeace<\/em><br><\/figcaption><\/figure>\n\n<p class=\"is-style-roboto-font-family\"><strong>Manaus, 11 de novembro de 2022 &#8211; <\/strong>Dados do sistema Deter, do Instituto de Pesquisas Espaciais (Inpe), divulgados hoje,revelam que de 1\u00ba a 31 de outubro foi registrada a maior \u00e1rea com alertas de desmatamento da s\u00e9rie hist\u00f3rica para o m\u00eas. O n\u00famero \u00e9 maior do que aquele registrado em outubro de 2021, quando a \u00e1rea com alertas atingiu 876,56 km\u00b2. A destrui\u00e7\u00e3o se concentrou no estado do Par\u00e1 (48,12%), seguido de Mato Grosso (16,61%), Amazonas (15,76%) e Rond\u00f4nia (7,59%). No acumulado entre janeiro e outubro de 2022, houve recorde da s\u00e9rie hist\u00f3rica: uma \u00e1rea total destru\u00edda de 9.494 km\u00b2, superando o registrado nos outros anos inteiros da s\u00e9rie, mantendo o padr\u00e3o Bolsonaro de destrui\u00e7\u00e3o.<\/p>\n\n<figure class=\"wp-block-image aligncenter size-full is-resized\"><img loading=\"lazy\" decoding=\"async\" src=\"https:\/\/www.greenpeace.org\/static\/planet4-brasil-stateless\/2022\/11\/6ded6e05-deter_out_anual.png\" alt=\"\" class=\"wp-image-43856\" width=\"249\" height=\"357\" \/><figcaption>Gr\u00e1fico mostra dados de Deter, somente de outubro ao longo dos anos,<br>\u00a0segundo o Programa DETER-B\/INPE.\u00a0<br><\/figcaption><\/figure>\n\n<p class=\"is-style-roboto-font-family\">Confira <a href=\"https:\/\/media.greenpeace.org\/collection\/27MDHUFQ22DD\">aqui<\/a> imagens in\u00e9ditas<\/p>\n\n<p class=\"is-style-roboto-font-family\">\u201cApesar de uma perspectiva mais otimista com o fim da uma pol\u00edtica claramente antiambiental de Bolsonaro, as a\u00e7\u00f5es e omiss\u00f5es do governo ainda produzir\u00e3o danos diretos e indiretos para a Amaz\u00f4nia e seus povos por algum tempo. Ser\u00e1 um enorme desafio reverter a situa\u00e7\u00e3o atual, mas se o Brasil realmente quiser voltar a ser uma lideran\u00e7a no debate clim\u00e1tico, esse \u00e9 um caminho inevit\u00e1vel, e essa agenda tem pressa.\u201d, comenta o coordenador de Amaz\u00f4nia do Greenpeace Brasil, Andr\u00e9 Freitas.<\/p>\n\n<figure class=\"wp-block-image aligncenter size-full is-resized\"><img loading=\"lazy\" decoding=\"async\" src=\"https:\/\/www.greenpeace.org\/static\/planet4-brasil-stateless\/2022\/11\/53f852dd-infos-deter.png\" alt=\"\" class=\"wp-image-43894\" width=\"264\" height=\"349\" srcset=\"https:\/\/www.greenpeace.org\/static\/planet4-brasil-stateless\/2022\/11\/53f852dd-infos-deter.png 366w, https:\/\/www.greenpeace.org\/static\/planet4-brasil-stateless\/2022\/11\/53f852dd-infos-deter-227x300.png 227w, https:\/\/www.greenpeace.org\/static\/planet4-brasil-stateless\/2022\/11\/53f852dd-infos-deter-257x340.png 257w\" sizes=\"auto, (max-width: 264px) 100vw, 264px\" \/><figcaption>Gr\u00e1fico que mostra o acumulado de janeiro a outubro de cada ano,\u00a0<br>segundo o Programa DETER-B\/INPE.<br><\/figcaption><\/figure>\n\n<p class=\"is-style-roboto-font-family\">De acordo com o SEEG (Sistema de Estimativas de Emiss\u00f5es e Remo\u00e7\u00f5es de Gases de Efeito Estufa), 49% das emiss\u00f5es em 2021 foram advindas do desmatamento, e seguem em dire\u00e7\u00e3o ao maior bloco cont\u00ednuo de floresta bem conservada na Amaz\u00f4nia, localizada no Estado do Amazonas. A destrui\u00e7\u00e3o desenfreada da Amaz\u00f4nia est\u00e1 levando a floresta para um ponto de n\u00e3o retorno e amea\u00e7ando um ecossistema vital. \u201cO momento \u00e9 crucial para a Amaz\u00f4nia, pois dela depende o clima do mundo e, consequentemente, a economia, agricultura e a sa\u00fade de todos os habitantes deste planeta. Precisamos sair do \u00e2mbito das promessas e partir para real a\u00e7\u00e3o\u201d, complementa Freitas.<\/p>\n\n<p class=\"is-style-roboto-font-family\">Apesar dos enormes desafios, \u00e9 hora de olharmos para o futuro com esperan\u00e7a para avan\u00e7armos no projeto que queremos para o Brasil. Para os pr\u00f3ximos anos, ser\u00e1 preciso a\u00e7\u00f5es concretas e ambiciosas para tirar o pa\u00eds do atraso em que se encontra. Mais uma vez, o Brasil ter\u00e1 a chance de protagonizar o debate clim\u00e1tico ao promover, entre outras agendas, a conserva\u00e7\u00e3o e uso sustent\u00e1vel da maior floresta tropical do mundo.\u00a0<\/p>\n\n<p class=\"is-style-roboto-font-family\"><strong>Assessoria de imprensa Greenpeace Brasil<\/strong><\/p>\n\n<p class=\"is-style-roboto-font-family\">\u00a0imprensa.br@greenpeace.org | +55 92 99480-3580 | +55 11 99752-7924<\/p>\n\n<p class=\"is-style-roboto-font-family\"><em>O Greenpeace Brasil \u00e9 uma organiza\u00e7\u00e3o ativista ambiental sem fins lucrativos, que atua desde 1992 na defesa do meio ambiente. <\/em><em>Ao lado de todas as pessoas que buscam um mundo mais verde, justo e pac\u00edfico, a organiza\u00e7\u00e3o atua h\u00e1 30 anos pela defesa do meio ambiente denunciando e confrontando governos, empresas e projetos que incentivam a destrui\u00e7\u00e3o das florestas.<\/em><\/p>\n","protected":false},"excerpt":{"rendered":"<p>Em compara\u00e7\u00e3o \u00e0 2021 (876,56 km\u00b2), outubro de 2022 registrou 903,86 km\u00b2 de \u00e1reas desmatadas, o equivalente a 123.986 campos de futebol padr\u00e3o Fifa \u00a0Expedi\u00e7\u00e3o de monitoramento de fogo e&hellip;<\/p>\n","protected":false},"author":104,"featured_media":43893,"comment_status":"closed","ping_status":"closed","sticky":false,"template":"","format":"standard","meta":{"ep_exclude_from_search":false,"p4_og_title":"","p4_og_description":"","p4_og_image":"","p4_og_image_id":"","p4_seo_canonical_url":"","p4_campaign_name":"not set","p4_local_project":"not set","p4_basket_name":"not set","p4_department":"","footnotes":""},"categories":[49],"tags":[46,55],"p4-page-type":[14],"class_list":["post-43863","post","type-post","status-publish","format-standard","has-post-thumbnail","hentry","category-amazonia","tag-desmatamento","tag-imprensa","p4-page-type-imprensa"],"_links":{"self":[{"href":"https:\/\/www.greenpeace.org\/brasil\/wp-json\/wp\/v2\/posts\/43863","targetHints":{"allow":["GET"]}}],"collection":[{"href":"https:\/\/www.greenpeace.org\/brasil\/wp-json\/wp\/v2\/posts"}],"about":[{"href":"https:\/\/www.greenpeace.org\/brasil\/wp-json\/wp\/v2\/types\/post"}],"author":[{"embeddable":true,"href":"https:\/\/www.greenpeace.org\/brasil\/wp-json\/wp\/v2\/users\/104"}],"replies":[{"embeddable":true,"href":"https:\/\/www.greenpeace.org\/brasil\/wp-json\/wp\/v2\/comments?post=43863"}],"version-history":[{"count":1,"href":"https:\/\/www.greenpeace.org\/brasil\/wp-json\/wp\/v2\/posts\/43863\/revisions"}],"predecessor-version":[{"id":43895,"href":"https:\/\/www.greenpeace.org\/brasil\/wp-json\/wp\/v2\/posts\/43863\/revisions\/43895"}],"wp:featuredmedia":[{"embeddable":true,"href":"https:\/\/www.greenpeace.org\/brasil\/wp-json\/wp\/v2\/media\/43893"}],"wp:attachment":[{"href":"https:\/\/www.greenpeace.org\/brasil\/wp-json\/wp\/v2\/media?parent=43863"}],"wp:term":[{"taxonomy":"category","embeddable":true,"href":"https:\/\/www.greenpeace.org\/brasil\/wp-json\/wp\/v2\/categories?post=43863"},{"taxonomy":"post_tag","embeddable":true,"href":"https:\/\/www.greenpeace.org\/brasil\/wp-json\/wp\/v2\/tags?post=43863"},{"taxonomy":"p4-page-type","embeddable":true,"href":"https:\/\/www.greenpeace.org\/brasil\/wp-json\/wp\/v2\/p4-page-type?post=43863"}],"curies":[{"name":"wp","href":"https:\/\/api.w.org\/{rel}","templated":true}]}}