{"id":43899,"date":"2022-11-18T11:48:23","date_gmt":"2022-11-18T14:48:23","guid":{"rendered":"https:\/\/www.greenpeace.org\/brasil\/?p=43899"},"modified":"2025-07-02T04:23:54","modified_gmt":"2025-07-02T07:23:54","slug":"em-semana-de-cop-27-grupos-locais-mobilizaram-se-para-falar-mais-sobre-o-impacto-das-mudancas-climaticas","status":"publish","type":"post","link":"https:\/\/www.greenpeace.org\/brasil\/blog\/em-semana-de-cop-27-grupos-locais-mobilizaram-se-para-falar-mais-sobre-o-impacto-das-mudancas-climaticas\/","title":{"rendered":"Em semana de COP 27, grupos locais mobilizaram-se para falar mais sobre o impacto das mudan\u00e7as clim\u00e1ticas"},"content":{"rendered":"\n<h4 class=\"wp-block-heading\">O aumento da temperatura do planeta tem causado problemas para a sociedade como escassez de \u00e1gua pot\u00e1vel, aumento das inunda\u00e7\u00f5es e deslizamentos de terra. Precisamos agir agora para mudar essa realidade.<\/h4>\n\n<p>Ol\u00e1, galera! Espero que estejam bem. N\u00f3s piscamos e estamos na metade do m\u00eas de novembro \ud83d\ude31<\/p>\n\n<p>Os grupos locais est\u00e3o antenados na COP 27 e marcando v\u00e1rios gola\u00e7os a favor do clima do nosso planeta. A come\u00e7ar pelo nosso time de 11 ativistas que est\u00e1 em campo! <a href=\"https:\/\/www.greenpeace.org\/brasil\/blog\/convocadosas-da-selecao-para-a-cop-27-fizeram-alegacoes-problematicas-sobre-o-clima-do-planeta\/\"><strong>Eles e elas est\u00e3o prontos para denunciar os crimes ambientais e pressionar l\u00edderes mundiais em busca de justi\u00e7a clim\u00e1tica<\/strong><\/a>:<br><img loading=\"lazy\" decoding=\"async\" src=\"https:\/\/lh6.googleusercontent.com\/MdW6_mVZoRxnTtb-YNo7NcGgA2yGOOxmmUcuZ8X7VNVLtAPBo7psPwXuk59e1OnLM_gl_uh5XGsdxIk_czzDyP-4PHZe5NTEQU2JYM9IaVLLezIIu2A35zfa0EeeNwvOAqAzJp6Dj5IgDuRRfqI-S8snNjtS2vrYKHZUyF1jXBNu-Qr3_P0rDtynwXl5LA\" width=\"602\" height=\"196\"><\/p>\n\n<p><a href=\"https:\/\/www.instagram.com\/p\/Ck0ybXBDCtj\/\"><strong>Nossos(as) jogadores(as) entraram em campo no Instagram e falaram mais sobre como a emerg\u00eancia clim\u00e1tica afeta a localidade deles(as)<\/strong><\/a>:<br><img loading=\"lazy\" decoding=\"async\" src=\"https:\/\/lh5.googleusercontent.com\/fRZZ1pSy6q4YA3p1shL5nUGycHa0MWzLqUdZeBe3TxLZKVOqFxeN_ehUs_LOf81TwXNctS5fZsPGOzpVBenHcDEa5C_mXHOl-nhyHwUqOq6CshvEbC6VBiAi28BLBRv4Yda0YQfijejBvAe6w7H31ajSzW9OThw_JxohYiaC6yNYnuikRJyJwKVGbBY9iQ\" width=\"202\" height=\"358\"><\/p>\n\n<p>E voc\u00eas ainda podem completar o <a href=\"https:\/\/drive.google.com\/drive\/u\/0\/folders\/1o8y-jhudNnlAfhOCEUeqkzGGRlxLHukO\"><strong>\u00e1lbum da COP<\/strong><\/a> com os rostinhos dos nossos campe\u00f5es e campe\u00e3s <a href=\"https:\/\/figurinhas-cop27.greenpeace.org.br\/\"><strong>e personalizar uma figurinha!<\/strong><\/a><\/p>\n\n<p>Se voc\u00eas n\u00e3o est\u00e3o sabendo o que \u00e9 essa tal de COP 27, o grupo de <a href=\"https:\/\/www.instagram.com\/p\/Ck0uk7lrX8S\/\"><strong>Jo\u00e3o Pessoa<\/strong><\/a> te explica melhor:<br><img loading=\"lazy\" decoding=\"async\" src=\"https:\/\/lh6.googleusercontent.com\/eyQpWf_hFc72jDjur2HS0Z6cK2pGYjFV4I-pl0Qe49zLc462XMVJdVZGsA4Qt2oXxOHu4lX9YjRuH4quITTtgNCE8Ixo2Hw6kOGK1GOPikIFDTqL6--hA0OS0dLn6F4UF4i7JMuAEyjsvSk_4Mum8tTFpJHjvu32dFaJjKBsxBp6TNVzzat_MPdfl-InOw\" width=\"272\" height=\"271\"><img loading=\"lazy\" decoding=\"async\" src=\"https:\/\/lh3.googleusercontent.com\/W9qVg8hbEzr96xbgE1d8rTP5Dl0vOVkNQsc8lVRUur0qptdHg9ANxbWvYKnw5WeNm_jxipkTKF9s3LOwQgOE69HbJqeAA2_8bp1z-P5LDeotAKUOuTGhV4e4lkP6DQw5fRC9TW1kRdvr3cJki2YandYRca4tw_ftLVixRNRWVsdKMQSjofJqgEEcVex1Bw\" width=\"270\" height=\"269\"><\/p>\n\n<p>Al\u00e9m disso, o grupo de S\u00e3o Paulo est\u00e1 fazendo uma s\u00e9rie de v\u00eddeos informativos sobre o evento. <a href=\"https:\/\/www.instagram.com\/p\/CkzHSIHvl2z\/\"><strong>Tem v\u00eddeo explicando sobre o 4\u00b0 dia de confer\u00eancia<\/strong><\/a> e <a href=\"https:\/\/www.instagram.com\/p\/Ck8o9EYL-li\/\"><strong>falando mais sobre o Mercado de Carbono<\/strong><\/a>, vem ver!:<br><img loading=\"lazy\" decoding=\"async\" src=\"https:\/\/lh4.googleusercontent.com\/k-KTtePPwsszYyk44mUtMFqzJ2h0NwpfMJ-1Z59bh_3fJvb9dgQDJcEdwwQq1vGVWFi8t9Q-v8lFgtdVRYKenKRU5RDmumnjdgusB2B7QtRl0TmQSmHlqLyTlKptuF3foVgWHrBYjM2CeUjqJkNNsj84w7ZVXjC3cviODLvub3vbP_UDFegotnuddcYMaw\" width=\"229\" height=\"292\"><img loading=\"lazy\" decoding=\"async\" src=\"https:\/\/lh4.googleusercontent.com\/ZE2-GKZj4xJTUQt2EC03vIZDpzlTFph-WcRvZcnjxPtLBiZH6kfNXviR12SW9cjSWCDxPSlgAFudFMJ1MLt_5PZzk0t90v2kmYI8q2jF79pImnXVGO1kw6CyuaPBSMuH1pbow6_g_XFiwHb6rIyGVgBq-UvjzkMYxbcdQmmG7akrlP3tfDESQ544jx8k8w\" width=\"216\" height=\"293\"><\/p>\n\n<p>N\u00e3o \u00e9 s\u00f3 na COP que o clima t\u00e1 quente! Ativistas de diversas regi\u00f5es do Brasil continuam com a\u00e7\u00f5es e mobiliza\u00e7\u00f5es de diversos tipos.<\/p>\n\n<p>No domingo (06), <a href=\"https:\/\/conexaoverde.greenpeace.org.br\/post\/207271\"><strong>aconteceu a reuni\u00e3o de planejamento 2023 &#8211; 2026 do Projeto Ra\u00edzes, do grupo de volunt\u00e1rios(as) de S\u00e3o Paulo, que contou com mais de 12h de conversa e intera\u00e7\u00e3o entre os integrantes ativos do grupo<\/strong><\/a>:<br><img loading=\"lazy\" decoding=\"async\" src=\"https:\/\/lh6.googleusercontent.com\/SdcqlrgGrAK2eJu8o5jBLaGUCLIOkf74Tr_8BKzPHCPXemDSreqJfdOqbn7Z8vdf7MwlQs077kv1fdPzgSxLJccsRoWPOAuRmUTXU_eGRsTU7wnlfbmwM3uSEtT3RXoSlvfRDG_GVFYTr9z5vDQ5h60o_rwPZuaNoIAuHNcmLiK9vxlDBBLjrnREn5LXIQ\" width=\"232\" height=\"413\"><\/p>\n\n<p><a href=\"https:\/\/www.instagram.com\/p\/Ck_MqQVpLno\/\"><strong>O grupo do Vale do Itaja\u00ed realizou um mutir\u00e3o de limpeza no Bairro \u00c1gua Verde<\/strong><\/a>, em Blumenau, na ter\u00e7a-feira (15):<br><img loading=\"lazy\" decoding=\"async\" src=\"https:\/\/lh5.googleusercontent.com\/ovDqBpa-LoRIHSZLNz2yNkIwmIcknclU6dfqoHbTSN2ekJFfhDWXElvEgyEpNY_X71L0ywfdd55y0Cb2JoeUn9j5WFpI0rpDsOuu9_foMtfiO7VCdBr9h9TA67435XGA8DZkFsfGyT-D3mJjwTmdkWd2iVupSZ5pC4tOYB5JJkuzMhKYSzY3l547LI2M4A\" width=\"250\" height=\"378\"><\/p>\n\n<p><a href=\"https:\/\/conexaoverde.greenpeace.org.br\/topico\/limpeza-de-mangue-na-barra-greenpeace-fortaleza\"><strong>O grupo de Fortaleza tamb\u00e9m realizou um mutir\u00e3o de limpeza em sua localidade,<\/strong><\/a> no Mangue da Barra do Cear\u00e1, no s\u00e1bado (12):<br><img loading=\"lazy\" decoding=\"async\" src=\"https:\/\/lh4.googleusercontent.com\/o3gwn1MeF8MyVAU1pkmP_1rV-ct_AI34kzvg5gBXTnmqLhrEeJI-ahPgG-WNZJtyKEnfRgc-7vTgb7KQZiLPeBJ6LxeQkaCnOhhKK5eYQgHllSQpGDsXgcHNC7aPryfImRDYaoKxmTI2aYJp0SzHqd4kw8-kJP9Y_2Kwfd7a1guKjvBqVlXQ6U5n68t3rA\" width=\"352\" height=\"469\"><\/p>\n\n<p><a href=\"https:\/\/conexaoverde.greenpeace.org.br\/group\/grupo-de-voluntarios-de-sao-luis\/topico\/vii-mostra-de-conhecimento-sustentabilidade-no-mundo\"><strong>O grupo de S\u00e3o Lu\u00eds realizou uma atividade do Projeto Escola com o tema: VII Mostra de Conhecimento &#8211; A sustentabilidade no Mundo Contempor\u00e2neo<\/strong><\/a>:<br><img loading=\"lazy\" decoding=\"async\" src=\"https:\/\/lh3.googleusercontent.com\/ZbHKm7m-napZ-SRWaEKCoud9wVZx_G20ucPLHyNEltHXlXW0v1RFiY1kxe1WZZUElhOWWtfAKDK99vBXjm_KdVpVS5AVyx-vTBSL9ZxdMP0vmP70JkkgJBRSsG-0ynKJ4vKbQVkYuhPcyebG-WcmtADD5MloSZzxmtPmZmq1N7cI_rC1Oea0iGaT48eoTA\" width=\"279\" height=\"371\"><\/p>\n\n<p>A Katley Ellen (<a href=\"https:\/\/www.instagram.com\/katleyellen\/\"><strong>@katleyellen<\/strong><\/a>), <a href=\"https:\/\/www.instagram.com\/p\/Ck66z23Mnmm\/\"><strong>volunt\u00e1ria de Fortaleza, ressaltou a urg\u00eancia de transformarmos o modo como olhamos e pensamos nas cidades.<\/strong><\/a> Ela falou sobre como as mudan\u00e7as clim\u00e1ticas afetam as pessoas de forma desigual e a import\u00e2ncia da justi\u00e7a clim\u00e1tica:<br><img loading=\"lazy\" decoding=\"async\" src=\"https:\/\/lh6.googleusercontent.com\/Z4BI2eYCisBDtDfPSHa3EKU_fvvFY1gXytuMhUJ2cLzd9oS7nqr2LbEktyUDynW9yCeEZzMZsy5gP6lpFCzCevkie4WZA0jBeIWOALuj50w-cusTNySz1VGvs67fFUdhFGEQmEXKUPAQ9tCI9hXpm_vZnhhtr0b72KSmZSSqjRAt5aKC7fpXRlrMi22k0g\" width=\"255\" height=\"319\"><\/p>\n\n<p>Na quarta-feira (09), <a href=\"https:\/\/www.instagram.com\/p\/CkwpyoLN875\/\"><strong>o grupo de Jo\u00e3o Pessoa foi convidado pela Secretaria de Meio Ambiente (SEMAN) para comparecer em uma reuni\u00e3o acerca do desenvolvimento de seu Plano de A\u00e7\u00f5es Clim\u00e1ticas (PLAC)<\/strong><\/a>:<br><img loading=\"lazy\" decoding=\"async\" src=\"https:\/\/lh6.googleusercontent.com\/kFqgpedbqfvypYMyoZJjC5cQ1lBc6Xm1eSmtSbVZxrH2GHv34ILqSILoYMxsrFvP3GGs74uVRdBFLxqdxQJo4GwUdndnJcS8F2NUkP1uDScBmu24_kB6W7JVxeyjrlj_mqninUZYTqCuyJYOT5Kpamo2wyTg8T3BwJpS5yfy4r0IzbODf9RIt84Bbb8-hA\" width=\"376\" height=\"375\"><\/p>\n\n<p>Na quarta-feira (09) e sexta-feira (11), <a href=\"https:\/\/www.instagram.com\/p\/Ck8jZFjrI8H\/\"><strong>o grupo compareceu na Semana Nacional de Ci\u00eancia e Tecnologia<\/strong><\/a>:<br><img loading=\"lazy\" decoding=\"async\" src=\"https:\/\/lh5.googleusercontent.com\/4ZhfMJSEm7Oi48pT3GuiRISH34ATKmtzF5O8wBiFi5Nh0haELsp0iVwGZd5mqJpg23HbKnuiqx-H9zEkYPP2sL7H2VtD5fugA1qPJ1UzsTG8qcWoKHdEMjp14LKNWpl5Tbltzf8Y45yuJWcXEHsfFfNqymeIJSLEynk3FMU6v7xo_0E7sSjkIjFwOarvhg\" width=\"352\" height=\"352\"><\/p>\n\n<p>No s\u00e1bado (05), <a href=\"https:\/\/www.instagram.com\/p\/Ck9qpohj99B\/\"><strong>o grupo de Manaus participou da Virada Sustent\u00e1vel em parceria com a FAS (Funda\u00e7\u00e3o Amaz\u00f4nia Sustent\u00e1vel)<\/strong><\/a>:<br><img loading=\"lazy\" decoding=\"async\" src=\"https:\/\/lh4.googleusercontent.com\/r-r_4wUk6qaYHPdAAQJoiJBo12y5jb9D2OJ_IspZFQ8hyDDLOiL6LbneOKQZ3aylMdyWdcYjGKRemBSDpkg2PrY2BmA0HUnQLDeNgRdtHdNjyu3rf1YKyaG27EuYDyRIthmXrgS7XNDRQmBFTc4YCBSx-k4xDapfqo7cm6kGGmR6Ul2zAhOel9VLIAVprg\" width=\"602\" height=\"339\"><\/p>\n\n<p><a href=\"https:\/\/www.instagram.com\/p\/Ck2Fl9hOQUK\/\"><strong>Os(as) volunt\u00e1rios(as) de Salvador responderam algumas perguntas sobre o posicionamento da organiza\u00e7\u00e3o acerca do desmatamento e relembraram uma a\u00e7\u00e3o da campanha \u201cDesliga essa motosserra&#8221;, que aconteceu em 2011<\/strong><\/a>:<br><img loading=\"lazy\" decoding=\"async\" src=\"https:\/\/lh3.googleusercontent.com\/YgHvmz_Th59WL7VxHiM8le4dLeivK6_qxqxN9qoQV38hmysxg3BuK_m101ARm-J1QZtmWmw21_4UgbEDgAiicvtsb6vCNN2ZXKXnFPbh5kYcOFx4CM2rWAepFh6oLGX1t70Mo0gRiyTLP_DFkK1AGtDBqPFS7kvNoxVaZCy6-o2QjZZjG2SEXpOqHQsh4w\" width=\"290\" height=\"289\"><img loading=\"lazy\" decoding=\"async\" src=\"https:\/\/lh4.googleusercontent.com\/eLbVqepjLNTs_OrL26CyDXDALvVKiRZ1DDNWB_7noFrspjB7o71XbpjT23nfyvUJWHt6Wq9x_E1qY7IIeFeQ3w9T_NJLcHvN9zUBTByi5_47gXmEFirucYhpl6IaOHIBDezSV3UyHzG_4XBgR06PED638y5Z4_MYZw33AKFTnIchUroNlUDpMbbmvpxD5Q\" width=\"289\" height=\"288\"><\/p>\n\n<p>Se voc\u00eas se inspiraram com essas a\u00e7\u00f5es e tamb\u00e9m querem fazer alguma coisa, vejam esses convites:<\/p>\n\n<p><a href=\"https:\/\/www.instagram.com\/p\/ClAJpIouJBL\/\"><strong>A galera de Porto Alegre fez um convite para a Marcha Independente Zumbi Dandara contra o racismo,<\/strong><\/a> que acontecer\u00e1 no domingo (20):<br><img loading=\"lazy\" decoding=\"async\" src=\"https:\/\/lh4.googleusercontent.com\/BZWtCkUUNmKrKT351XaskKyiok2a_kY3QLRAepmoU_34eUFaZW7MddmIhFG35uxpEF80wwWitXx0-FTrOxuKiEAt94zza4luvktILEF88w4JeefVMdi711PyY8dH7_Uz_fOSwyQ42Scq2AfUqTq3_LZ-J7ZODAdMeKTJMR0J25BBde7RCJ7kyijgwp1_tA\" width=\"380\" height=\"379\"><\/p>\n\n<p>J\u00e1 o grupo de Recife far\u00e1 um <a href=\"https:\/\/www.instagram.com\/p\/Ck_vbMGvlMx\/\"><strong>Pedal Verde<\/strong><\/a> no pr\u00f3ximo s\u00e1bado (19):<br><img loading=\"lazy\" decoding=\"async\" src=\"https:\/\/lh3.googleusercontent.com\/qOylCFsId1JgcOWSxCVwfi7hDKdcIoZFnc-gbanmP2A3h2kfHQOWXO2gunCEhxRUJiqjEp1GoovvYzE4IRcKvTvA6y4gAbj4wBqKsoVTtg3YRnLu8dyhwJ-ZhORK9x7lOKEe4TsLOypQjNKTJ-EQAWgski-dOYgrKpf_zqNWH6GkMIppflo1ni4FSOMhAQ\" width=\"400\" height=\"399\"><\/p>\n\n<p>E para fechar, o <a href=\"https:\/\/www.instagram.com\/p\/ClBql6KuTnx\/\"><strong>grupo de S\u00e3o Lu\u00eds est\u00e1 procurando por novos volunt\u00e1rios(as)<\/strong><\/a>:<br><img loading=\"lazy\" decoding=\"async\" src=\"https:\/\/lh4.googleusercontent.com\/MIwua2STnyen65JmsXRTmOCGYF-BLn15K9RzmLmDrdAhXePX3Dojj3ccYKNMqqwW_3x9NokqFvO_lzsgRF9CD5jrWIDYOyzS6osijHWbsySKR7OskO5PzDA2hsDrpXXTcmFzj2Fu1R8-Lcwh_d6KSXselZj0v9KEuEbOFnr1wbIpWRSF-Jvm5dsGWAp7XQ\" width=\"388\" height=\"387\"><\/p>\n\n<p>N\u00e3o se preocupe se nenhum desses convites s\u00e3o da sua regi\u00e3o, porque <a href=\"https:\/\/conexaoverde.greenpeace.org.br\/group\/mudancas-climaticas-0\/stream\"><strong>voc\u00ea pode contribuir para um mundo mais verde e pac\u00edfico atrav\u00e9s do grupo de interesse de mudan\u00e7as clim\u00e1ticas<\/strong><\/a> onde quer que voc\u00ea esteja. Neste grupo, n\u00f3s trazemos pesquisas, discuss\u00f5es e pensamos em mobiliza\u00e7\u00f5es para alertar sobre o tema das mudan\u00e7as clim\u00e1ticas e a necessidade de uma a\u00e7\u00e3o urgente para amenizar seus impactos. Vamos juntos?<\/p>\n","protected":false},"excerpt":{"rendered":"<p>O aumento da temperatura do planeta tem causado problemas para a sociedade como escassez de \u00e1gua pot\u00e1vel, aumento das inunda\u00e7\u00f5es e deslizamentos de terra. Precisamos agir agora para mudar essa realidade.<\/p>\n","protected":false},"author":103,"featured_media":43900,"comment_status":"open","ping_status":"closed","sticky":false,"template":"","format":"standard","meta":{"ep_exclude_from_search":false,"p4_og_title":"","p4_og_description":"","p4_og_image":"","p4_og_image_id":"","p4_seo_canonical_url":"","p4_campaign_name":"not set","p4_local_project":"not set","p4_basket_name":"not set","p4_department":"","footnotes":""},"categories":[48],"tags":[57,23],"p4-page-type":[16],"class_list":["post-43899","post","type-post","status-publish","format-standard","has-post-thumbnail","hentry","category-justica-climatica","tag-cop","tag-mobilizacao","p4-page-type-blog"],"_links":{"self":[{"href":"https:\/\/www.greenpeace.org\/brasil\/wp-json\/wp\/v2\/posts\/43899","targetHints":{"allow":["GET"]}}],"collection":[{"href":"https:\/\/www.greenpeace.org\/brasil\/wp-json\/wp\/v2\/posts"}],"about":[{"href":"https:\/\/www.greenpeace.org\/brasil\/wp-json\/wp\/v2\/types\/post"}],"author":[{"embeddable":true,"href":"https:\/\/www.greenpeace.org\/brasil\/wp-json\/wp\/v2\/users\/103"}],"replies":[{"embeddable":true,"href":"https:\/\/www.greenpeace.org\/brasil\/wp-json\/wp\/v2\/comments?post=43899"}],"version-history":[{"count":4,"href":"https:\/\/www.greenpeace.org\/brasil\/wp-json\/wp\/v2\/posts\/43899\/revisions"}],"predecessor-version":[{"id":58543,"href":"https:\/\/www.greenpeace.org\/brasil\/wp-json\/wp\/v2\/posts\/43899\/revisions\/58543"}],"wp:featuredmedia":[{"embeddable":true,"href":"https:\/\/www.greenpeace.org\/brasil\/wp-json\/wp\/v2\/media\/43900"}],"wp:attachment":[{"href":"https:\/\/www.greenpeace.org\/brasil\/wp-json\/wp\/v2\/media?parent=43899"}],"wp:term":[{"taxonomy":"category","embeddable":true,"href":"https:\/\/www.greenpeace.org\/brasil\/wp-json\/wp\/v2\/categories?post=43899"},{"taxonomy":"post_tag","embeddable":true,"href":"https:\/\/www.greenpeace.org\/brasil\/wp-json\/wp\/v2\/tags?post=43899"},{"taxonomy":"p4-page-type","embeddable":true,"href":"https:\/\/www.greenpeace.org\/brasil\/wp-json\/wp\/v2\/p4-page-type?post=43899"}],"curies":[{"name":"wp","href":"https:\/\/api.w.org\/{rel}","templated":true}]}}