{"id":43905,"date":"2022-11-20T14:29:00","date_gmt":"2022-11-20T17:29:00","guid":{"rendered":"https:\/\/www.greenpeace.org\/brasil\/?p=43905"},"modified":"2022-11-22T13:38:45","modified_gmt":"2022-11-22T16:38:45","slug":"o-fim-da-cop27-e-uma-vitoria-para-a-justica-climatica","status":"publish","type":"post","link":"https:\/\/www.greenpeace.org\/brasil\/blog\/o-fim-da-cop27-e-uma-vitoria-para-a-justica-climatica\/","title":{"rendered":"O fim da COP27 e uma vit\u00f3ria para a justi\u00e7a clim\u00e1tica"},"content":{"rendered":"\n<h4 class=\"wp-block-heading\">Acordo firmado pelos governos para estabelecer um Fundo de Financiamento de Perdas e Danos \u00e9 um passo fundamental para repara\u00e7\u00e3o hist\u00f3rica a pa\u00edses amea\u00e7ados pela crise clim\u00e1tica<\/h4>\n\n<figure class=\"wp-block-image size-large\"><img loading=\"lazy\" decoding=\"async\" width=\"1024\" height=\"683\" src=\"https:\/\/www.greenpeace.org\/static\/planet4-brasil-stateless\/2022\/11\/59a1e929-gp1t4zfm_pressmedia-1024x683.jpg\" alt=\"\" class=\"wp-image-43910\" srcset=\"https:\/\/www.greenpeace.org\/static\/planet4-brasil-stateless\/2022\/11\/59a1e929-gp1t4zfm_pressmedia-1024x683.jpg 1024w, https:\/\/www.greenpeace.org\/static\/planet4-brasil-stateless\/2022\/11\/59a1e929-gp1t4zfm_pressmedia-300x200.jpg 300w, https:\/\/www.greenpeace.org\/static\/planet4-brasil-stateless\/2022\/11\/59a1e929-gp1t4zfm_pressmedia-768x512.jpg 768w, https:\/\/www.greenpeace.org\/static\/planet4-brasil-stateless\/2022\/11\/59a1e929-gp1t4zfm_pressmedia-1536x1024.jpg 1536w, https:\/\/www.greenpeace.org\/static\/planet4-brasil-stateless\/2022\/11\/59a1e929-gp1t4zfm_pressmedia-2048x1366.jpg 2048w, https:\/\/www.greenpeace.org\/static\/planet4-brasil-stateless\/2022\/11\/59a1e929-gp1t4zfm_pressmedia-510x340.jpg 510w\" sizes=\"auto, (max-width: 1024px) 100vw, 1024px\" \/><figcaption class=\"wp-element-caption\">Ativistas na COP27, no Egito, demandam que governos e empresas poluidoras paguem pelas a\u00e7\u00f5es de repara\u00e7\u00e3o das consequ\u00eancias da crise clim\u00e1tica. \u00a9 Marie Jacquemin \/ Greenpeace<\/figcaption><\/figure>\n\n<p>Talvez voc\u00ea j\u00e1 esteja vestindo a camisa da sele\u00e7\u00e3o e tirando aquela cervejinha da geladeira para celebrar o in\u00edcio da Copa do Mundo no Qatar e torcer pelo Brasil. Antes, queria te contar sobre a COP &#8211; isso mesmo, sem o \u201cA\u201d, um evento que tamb\u00e9m define vit\u00f3rias e derrotas para&nbsp; os pa\u00edses &#8211; nesse caso, por\u00e9m, o que est\u00e1 em jogo \u00e9 nossa pr\u00f3pria sobreviv\u00eancia.&nbsp;<\/p>\n\n<p>Entenda o que \u00e9 a COP:<\/p>\n\n<figure class=\"wp-block-embed is-type-video is-provider-youtube wp-block-embed-youtube wp-embed-aspect-16-9 wp-has-aspect-ratio\"><div class=\"wp-block-embed__wrapper\">\n<lite-youtube style=\"background-image: url('https:\/\/i.ytimg.com\/vi\/qMtIeTKCgyE\/hqdefault.jpg');\" videoid=\"qMtIeTKCgyE\" params=\"rel=0\"><\/lite-youtube>\n<\/div><\/figure>\n\n<p>A 27\u00aa edi\u00e7\u00e3o da Confer\u00eancia do Clima da ONU, a COP27, em Sharm El-Sheikh, no Egito, terminou hoje bastante atrasada, nos 45 do segundo tempo, mas com uma vit\u00f3ria: <strong>a cria\u00e7\u00e3o de um fundo para perdas e danos aos pa\u00edses que mais sofrem com os efeitos da crise clim\u00e1tica<\/strong>. Essa \u00e9 uma forma de pa\u00edses desenvolvidos compensarem e repararem os pa\u00edses em desenvolvimento pelas consequ\u00eancias desastrosas das mudan\u00e7as no clima, em que j\u00e1 n\u00e3o cabe adapta\u00e7\u00e3o.&nbsp;<\/p>\n\n<p>Podemos considerar a cria\u00e7\u00e3o desse fundo um marco, porque os pa\u00edses desenvolvidos finalmente reconhecem a d\u00edvida hist\u00f3rica que t\u00eam com pa\u00edses e comunidades que j\u00e1 est\u00e3o pagando com seus corpos e territ\u00f3rios os impactos do aquecimento global. A \u00c1frica, por exemplo, que recebeu a COP este ano, \u00e9 um dos continentes mais prejudicados pela eleva\u00e7\u00e3o do n\u00edvel das \u00e1guas e eventos extremos como secas, mas que menos contribuiu com o lan\u00e7amento de gases do efeito estufa na atmosfera ao longo dos s\u00e9culos.&nbsp;<\/p>\n\n<p>Essa \u00e9 uma quest\u00e3o de <strong>justi\u00e7a clim\u00e1tica<\/strong>, e acabamos de dar o primeiro passo para alcan\u00e7\u00e1-la. Agora, \u00e9 preciso garantir que esse dinheiro chegue de fato para quem mais precisa dele. S\u00e3o pessoas que est\u00e3o no ch\u00e3o da floresta e em regi\u00f5es perif\u00e9ricas dos centros urbanos, por exemplo.&nbsp;<\/p>\n\n<figure class=\"wp-block-image size-large\"><img loading=\"lazy\" decoding=\"async\" width=\"1024\" height=\"732\" src=\"https:\/\/www.greenpeace.org\/static\/planet4-brasil-stateless\/2022\/11\/aa7e2519-gp1t3x79_pressmedia-1024x732.jpg\" alt=\"\" class=\"wp-image-43913\" srcset=\"https:\/\/www.greenpeace.org\/static\/planet4-brasil-stateless\/2022\/11\/aa7e2519-gp1t3x79_pressmedia-1024x732.jpg 1024w, https:\/\/www.greenpeace.org\/static\/planet4-brasil-stateless\/2022\/11\/aa7e2519-gp1t3x79_pressmedia-300x214.jpg 300w, https:\/\/www.greenpeace.org\/static\/planet4-brasil-stateless\/2022\/11\/aa7e2519-gp1t3x79_pressmedia-768x549.jpg 768w, https:\/\/www.greenpeace.org\/static\/planet4-brasil-stateless\/2022\/11\/aa7e2519-gp1t3x79_pressmedia-1536x1097.jpg 1536w, https:\/\/www.greenpeace.org\/static\/planet4-brasil-stateless\/2022\/11\/aa7e2519-gp1t3x79_pressmedia-2048x1463.jpg 2048w, https:\/\/www.greenpeace.org\/static\/planet4-brasil-stateless\/2022\/11\/aa7e2519-gp1t3x79_pressmedia-1912x1366.jpg 1912w, https:\/\/www.greenpeace.org\/static\/planet4-brasil-stateless\/2022\/11\/aa7e2519-gp1t3x79_pressmedia-476x340.jpg 476w\" sizes=\"auto, (max-width: 1024px) 100vw, 1024px\" \/><figcaption class=\"wp-element-caption\">A COP27 trouxe avan\u00e7os para a justi\u00e7a clim\u00e1tica, mas ainda h\u00e1 muito o que fazer, como impulsionar o fim dos combust\u00edveis f\u00f3sseis. \u00a9 Marie Jacquemin \/ Greenpeace<\/figcaption><\/figure>\n\n<h4 class=\"wp-block-heading\"><strong>Promessas ainda n\u00e3o cumpridas<\/strong><\/h4>\n\n<p>Ainda que seja um dia hist\u00f3rico para a pol\u00edtica clim\u00e1tica, outras quest\u00f5es importantes seguem emperradas. Uma delas est\u00e1 relacionada a a\u00e7\u00f5es para mitiga\u00e7\u00e3o e adapta\u00e7\u00e3o \u00e0s mudan\u00e7as clim\u00e1ticas, como a promessa feita pelos pa\u00edses desenvolvidos de injetar US$ 100 bilh\u00f5es por ano para apoiar os pa\u00edses mais pobres a implementar pol\u00edticas de redu\u00e7\u00e3o de carbono e aumentar sua resili\u00eancia aos impactos clim\u00e1ticos.&nbsp;&nbsp;<\/p>\n\n<p>Outro tema que segue sendo jogado para escanteio \u00e9 como alavancar o fim dos combust\u00edveis f\u00f3sseis. Infelizmente, o <em>lobby<\/em> de alguns governos e empresas de combust\u00edveis f\u00f3sseis na COP27 foi forte o suficiente para impedir avan\u00e7os nas discuss\u00f5es sobre a elimina\u00e7\u00e3o de carv\u00e3o, petr\u00f3leo e g\u00e1s, crucial para que o Acordo de Paris seja cumprido e o aquecimento do planeta se limite a 1,5\u00baC at\u00e9 o fim do s\u00e9culo. Ainda que um grande n\u00famero de pa\u00edses do Norte e Sul global tenham apoiado essa demanda por aqui, a presid\u00eancia eg\u00edpcia resolveu\u2026 <em>fazer a eg\u00edpcia<\/em>, ignorando-a.<\/p>\n\n<p>Acontece que quanto mais toneladas de CO2, metano e outros gases lan\u00e7ados na atmosfera, mais dinheiro ser\u00e1 necess\u00e1rio para a\u00e7\u00f5es de adapta\u00e7\u00e3o e reconstru\u00e7\u00e3o. A transi\u00e7\u00e3o energ\u00e9tica \u00e9 essencial para frearmos a crise do clima. Os pa\u00edses precisam levar isso em considera\u00e7\u00e3o urgentemente, se quisermos alcan\u00e7ar a t\u00e3o esperada justi\u00e7a clim\u00e1tica.<\/p>\n\n<p><strong>N\u00e3o deve ser por acaso que a \u201cCOP da \u00c1frica\u201d se encerre no <\/strong><a href=\"https:\/\/www.uol.com.br\/ecoa\/ultimas-noticias\/2022\/11\/20\/o-que-significa-o-dia-da-consciencia-negra.htm\" target=\"_blank\" rel=\"noreferrer noopener\"><strong>Dia da Consci\u00eancia Negra<\/strong><\/a><strong> <\/strong>no Brasil, data em que celebramos as culturas de matriz africana e refor\u00e7amos a luta contra o racismo. <strong>As popula\u00e7\u00f5es negras e perif\u00e9ricas est\u00e3o entre as mais afetadas pela crise clim\u00e1tica, resultado de processos hist\u00f3ricos e estruturais de injusta segrega\u00e7\u00e3o. <\/strong>Junto com povos origin\u00e1rios e comunidades tradicionais, mulheres, crian\u00e7as e idosos, essas popula\u00e7\u00f5es devem ter prioridade nas a\u00e7\u00f5es de adapta\u00e7\u00e3o, compensa\u00e7\u00e3o e repara\u00e7\u00e3o pelos efeitos das mudan\u00e7as do clima.&nbsp;<\/p>\n\n<p>Foram duas semanas intensas aqui no Egito. Hoje, ao caminhar pelos pavilh\u00f5es vazios e estruturas desmontadas de uma confer\u00eancia que termina, s\u00f3 conseguia pensar na reflex\u00e3o trazida por Thuane Nascimento, do <a href=\"https:\/\/perifaconnection.com.br\/\" target=\"_blank\" rel=\"noreferrer noopener\">Perifa Connection<\/a>, no encontro da sociedade civil com o presidente eleito Lula na COP27:&nbsp;<\/p>\n\n<p>\u201cNosso tempo n\u00e3o \u00e9 o tempo do Norte global, \u00e9 o tempo da emerg\u00eancia clim\u00e1tica. Perdas e danos acontecem todos os dias para n\u00f3s, que n\u00e3o temos saneamento b\u00e1sico, moramos em casas prec\u00e1rias. A gente j\u00e1 vive no racismo ambiental. A falta de \u00e1gua acontece h\u00e1 40 anos para n\u00f3s&#8221;. Como Thuane pontuou, &#8220;tudo \u00e9 para ontem&#8221; para quem vive em regi\u00f5es perif\u00e9ricas.<\/p>\n\n<p>A &#8220;COP do mundo&#8221; nos traz o alerta de que precisamos correr, n\u00e3o <em>atr\u00e1s <\/em>da bola, mas <em>em defesa<\/em> da grande bola azul chamada Terra. <\/p>\n","protected":false},"excerpt":{"rendered":"<p>Acordo firmado pelos governos para estabelecer um Fundo de Financiamento de Perdas e Danos \u00e9 um passo fundamental para repara\u00e7\u00e3o hist\u00f3rica a pa\u00edses amea\u00e7ados pela crise clim\u00e1tica<\/p>\n","protected":false},"author":19,"featured_media":43910,"comment_status":"open","ping_status":"closed","sticky":false,"template":"","format":"standard","meta":{"ep_exclude_from_search":false,"p4_og_title":"","p4_og_description":"","p4_og_image":"","p4_og_image_id":"","p4_seo_canonical_url":"","p4_campaign_name":"COP27","p4_local_project":"not set","p4_basket_name":"not set","p4_department":"","footnotes":""},"categories":[48],"tags":[57,42],"p4-page-type":[16],"class_list":["post-43905","post","type-post","status-publish","format-standard","has-post-thumbnail","hentry","category-justica-climatica","tag-cop","tag-justica-climatica","p4-page-type-blog"],"_links":{"self":[{"href":"https:\/\/www.greenpeace.org\/brasil\/wp-json\/wp\/v2\/posts\/43905","targetHints":{"allow":["GET"]}}],"collection":[{"href":"https:\/\/www.greenpeace.org\/brasil\/wp-json\/wp\/v2\/posts"}],"about":[{"href":"https:\/\/www.greenpeace.org\/brasil\/wp-json\/wp\/v2\/types\/post"}],"author":[{"embeddable":true,"href":"https:\/\/www.greenpeace.org\/brasil\/wp-json\/wp\/v2\/users\/19"}],"replies":[{"embeddable":true,"href":"https:\/\/www.greenpeace.org\/brasil\/wp-json\/wp\/v2\/comments?post=43905"}],"version-history":[{"count":8,"href":"https:\/\/www.greenpeace.org\/brasil\/wp-json\/wp\/v2\/posts\/43905\/revisions"}],"predecessor-version":[{"id":43925,"href":"https:\/\/www.greenpeace.org\/brasil\/wp-json\/wp\/v2\/posts\/43905\/revisions\/43925"}],"wp:featuredmedia":[{"embeddable":true,"href":"https:\/\/www.greenpeace.org\/brasil\/wp-json\/wp\/v2\/media\/43910"}],"wp:attachment":[{"href":"https:\/\/www.greenpeace.org\/brasil\/wp-json\/wp\/v2\/media?parent=43905"}],"wp:term":[{"taxonomy":"category","embeddable":true,"href":"https:\/\/www.greenpeace.org\/brasil\/wp-json\/wp\/v2\/categories?post=43905"},{"taxonomy":"post_tag","embeddable":true,"href":"https:\/\/www.greenpeace.org\/brasil\/wp-json\/wp\/v2\/tags?post=43905"},{"taxonomy":"p4-page-type","embeddable":true,"href":"https:\/\/www.greenpeace.org\/brasil\/wp-json\/wp\/v2\/p4-page-type?post=43905"}],"curies":[{"name":"wp","href":"https:\/\/api.w.org\/{rel}","templated":true}]}}