{"id":43950,"date":"2022-11-25T15:05:16","date_gmt":"2022-11-25T18:05:16","guid":{"rendered":"https:\/\/www.greenpeace.org\/brasil\/?p=43950"},"modified":"2022-12-01T14:22:09","modified_gmt":"2022-12-01T17:22:09","slug":"brasil-unido-pela-natureza-garanta-seu-calendario-2023","status":"publish","type":"post","link":"https:\/\/www.greenpeace.org\/brasil\/blog\/brasil-unido-pela-natureza-garanta-seu-calendario-2023\/","title":{"rendered":"Brasil Unido Pela Natureza: garanta seu Calend\u00e1rio 2023!"},"content":{"rendered":"\n<h4 class=\"wp-block-heading\">Seja voc\u00ea tamb\u00e9m um ativista e inspire-se todos os dias com o fant\u00e1stico meio ambiente do nosso pa\u00eds.<\/h4>\n\n<figure class=\"wp-block-image size-large\"><img loading=\"lazy\" decoding=\"async\" width=\"1024\" height=\"529\" src=\"https:\/\/www.greenpeace.org\/static\/planet4-brasil-stateless\/2022\/11\/ca3510b7-calendario-gpbr-2023-1024x529.jpg\" alt=\"\" class=\"wp-image-43959\" srcset=\"https:\/\/www.greenpeace.org\/static\/planet4-brasil-stateless\/2022\/11\/ca3510b7-calendario-gpbr-2023-1024x529.jpg 1024w, https:\/\/www.greenpeace.org\/static\/planet4-brasil-stateless\/2022\/11\/ca3510b7-calendario-gpbr-2023-300x155.jpg 300w, https:\/\/www.greenpeace.org\/static\/planet4-brasil-stateless\/2022\/11\/ca3510b7-calendario-gpbr-2023-768x396.jpg 768w, https:\/\/www.greenpeace.org\/static\/planet4-brasil-stateless\/2022\/11\/ca3510b7-calendario-gpbr-2023-1536x793.jpg 1536w, https:\/\/www.greenpeace.org\/static\/planet4-brasil-stateless\/2022\/11\/ca3510b7-calendario-gpbr-2023-510x263.jpg 510w, https:\/\/www.greenpeace.org\/static\/planet4-brasil-stateless\/2022\/11\/ca3510b7-calendario-gpbr-2023.jpg 1796w\" sizes=\"auto, (max-width: 1024px) 100vw, 1024px\" \/><\/figure>\n\n<p>O in\u00edcio de um novo ano sempre traz o desejo de uma virada, de se transformar para melhor, de cultivar esperan\u00e7a.<\/p>\n\n<p>Vivemos, no Brasil, um momento crucial para definir a qualidade do nosso futuro. Nos \u00faltimos anos, tivemos recordes de desmatamento e outros graves retrocessos em quest\u00f5es ambientais e sociais.<\/p>\n\n<p>Sem um meio ambiente saud\u00e1vel, n\u00e3o \u00e9 poss\u00edvel acabar com a fome e outros problemas que atingem milh\u00f5es de fam\u00edlias brasileiras.<\/p>\n\n<p><strong>O Greenpeace Brasil sabe que a popula\u00e7\u00e3o d\u00e1 a devida import\u00e2ncia \u00e0s quest\u00f5es ambientais e, por isso, acaba de lan\u00e7ar a campanha \u2018<a href=\"https:\/\/www.kickante.com.br\/financiamento-coletivo\/calendario-greenpeace-2023-brasil-unido-pela-natureza\">Brasil Unido Pela Natureza<\/a>\u2019. Vamos, juntos e juntas, lutar por um mundo mais verde e sustent\u00e1vel.<\/strong><\/p>\n\n<p>Para participar da campanha, basta fazer uma doa\u00e7\u00e3o atrav\u00e9s do site de financiamento Kickante. Com uma contribui\u00e7\u00e3o de apenas R$ 19,00, voc\u00ea recebe como recompensa um Certificado Digital de Doa\u00e7\u00e3o. <\/p>\n\n<p>A partir de R$ 49,00, voc\u00ea garante o certificado e tamb\u00e9m um lindo calend\u00e1rio. Aproveite para conferir outras op\u00e7\u00f5es de doa\u00e7\u00e3o, presentear seus amigos, colegas e familiares, al\u00e9m de ganhar outros brindes surpresa!<\/p>\n\n<figure class=\"wp-block-image size-large\"><a href=\"https:\/\/www.kickante.com.br\/financiamento-coletivo\/calendario-greenpeace-2023-brasil-unido-pela-natureza?entrypoint=blog_crowdfunding\"><img loading=\"lazy\" decoding=\"async\" width=\"1024\" height=\"529\" src=\"https:\/\/www.greenpeace.org\/static\/planet4-brasil-stateless\/2022\/11\/ed83a936-calendario-gpbr-2023-doe-1024x529.jpg\" alt=\"\" class=\"wp-image-43960\" srcset=\"https:\/\/www.greenpeace.org\/static\/planet4-brasil-stateless\/2022\/11\/ed83a936-calendario-gpbr-2023-doe-1024x529.jpg 1024w, https:\/\/www.greenpeace.org\/static\/planet4-brasil-stateless\/2022\/11\/ed83a936-calendario-gpbr-2023-doe-300x155.jpg 300w, https:\/\/www.greenpeace.org\/static\/planet4-brasil-stateless\/2022\/11\/ed83a936-calendario-gpbr-2023-doe-768x396.jpg 768w, https:\/\/www.greenpeace.org\/static\/planet4-brasil-stateless\/2022\/11\/ed83a936-calendario-gpbr-2023-doe-1536x793.jpg 1536w, https:\/\/www.greenpeace.org\/static\/planet4-brasil-stateless\/2022\/11\/ed83a936-calendario-gpbr-2023-doe-510x263.jpg 510w, https:\/\/www.greenpeace.org\/static\/planet4-brasil-stateless\/2022\/11\/ed83a936-calendario-gpbr-2023-doe.jpg 1796w\" sizes=\"auto, (max-width: 1024px) 100vw, 1024px\" \/><\/a><\/figure>\n\n<div class=\"wp-block-buttons is-content-justification-center is-layout-flex wp-container-core-buttons-is-layout-16018d1d wp-block-buttons-is-layout-flex\">\n<div class=\"wp-block-button\"><a class=\"wp-block-button__link has-white-color has-green-500-background-color has-text-color has-background wp-element-button\" href=\"https:\/\/www.kickante.com.br\/financiamento-coletivo\/calendario-greenpeace-2023-brasil-unido-pela-natureza?entrypoint=blog_crowdfunding\" target=\"_blank\" rel=\"noreferrer noopener\">Quero meu calend\u00e1rio!<\/a><\/div>\n<\/div>\n\n<p>Uma pequena a\u00e7\u00e3o gera um grande resultado. O Greenpeace depende do apoio de pessoas solid\u00e1rias como voc\u00ea! N\u00e3o aceitamos recursos de governos, partidos pol\u00edticos ou empresas.<\/p>\n\n<p>Sua participa\u00e7\u00e3o \u00e9 essencial para ajudar o Greenpeace Brasil a continuar sua luta pela prote\u00e7\u00e3o do meio ambiente. Contamos com voc\u00ea!<\/p>\n","protected":false},"excerpt":{"rendered":"<p>Seja voc\u00ea tamb\u00e9m um ativista e inspire-se todos os dias com o fant\u00e1stico meio ambiente do nosso pa\u00eds.<\/p>\n","protected":false},"author":28,"featured_media":43959,"comment_status":"open","ping_status":"closed","sticky":false,"template":"","format":"standard","meta":{"ep_exclude_from_search":false,"p4_og_title":"","p4_og_description":"","p4_og_image":"","p4_og_image_id":"","p4_seo_canonical_url":"","p4_campaign_name":"not set","p4_local_project":"not set","p4_basket_name":"not set","p4_department":"","footnotes":""},"categories":[5],"tags":[13],"p4-page-type":[16],"class_list":["post-43950","post","type-post","status-publish","format-standard","has-post-thumbnail","hentry","category-greenpeace","tag-greenpeace","p4-page-type-blog"],"_links":{"self":[{"href":"https:\/\/www.greenpeace.org\/brasil\/wp-json\/wp\/v2\/posts\/43950","targetHints":{"allow":["GET"]}}],"collection":[{"href":"https:\/\/www.greenpeace.org\/brasil\/wp-json\/wp\/v2\/posts"}],"about":[{"href":"https:\/\/www.greenpeace.org\/brasil\/wp-json\/wp\/v2\/types\/post"}],"author":[{"embeddable":true,"href":"https:\/\/www.greenpeace.org\/brasil\/wp-json\/wp\/v2\/users\/28"}],"replies":[{"embeddable":true,"href":"https:\/\/www.greenpeace.org\/brasil\/wp-json\/wp\/v2\/comments?post=43950"}],"version-history":[{"count":13,"href":"https:\/\/www.greenpeace.org\/brasil\/wp-json\/wp\/v2\/posts\/43950\/revisions"}],"predecessor-version":[{"id":44067,"href":"https:\/\/www.greenpeace.org\/brasil\/wp-json\/wp\/v2\/posts\/43950\/revisions\/44067"}],"wp:featuredmedia":[{"embeddable":true,"href":"https:\/\/www.greenpeace.org\/brasil\/wp-json\/wp\/v2\/media\/43959"}],"wp:attachment":[{"href":"https:\/\/www.greenpeace.org\/brasil\/wp-json\/wp\/v2\/media?parent=43950"}],"wp:term":[{"taxonomy":"category","embeddable":true,"href":"https:\/\/www.greenpeace.org\/brasil\/wp-json\/wp\/v2\/categories?post=43950"},{"taxonomy":"post_tag","embeddable":true,"href":"https:\/\/www.greenpeace.org\/brasil\/wp-json\/wp\/v2\/tags?post=43950"},{"taxonomy":"p4-page-type","embeddable":true,"href":"https:\/\/www.greenpeace.org\/brasil\/wp-json\/wp\/v2\/p4-page-type?post=43950"}],"curies":[{"name":"wp","href":"https:\/\/api.w.org\/{rel}","templated":true}]}}