{"id":4418,"date":"2018-08-31T23:07:15","date_gmt":"2018-09-01T02:07:15","guid":{"rendered":"https:\/\/www.greenpeace.org\/brasil\/?p=4418"},"modified":"2025-07-02T04:36:30","modified_gmt":"2025-07-02T07:36:30","slug":"alivio-nenhuma-usina-a-carvao-e-contratada","status":"publish","type":"post","link":"https:\/\/www.greenpeace.org\/brasil\/blog\/alivio-nenhuma-usina-a-carvao-e-contratada\/","title":{"rendered":"Al\u00edvio: nenhuma usina a carv\u00e3o \u00e9 contratada"},"content":{"rendered":"<h4><span style=\"font-weight: 400;\">E\u00f3licas destronam fontes f\u00f3sseis em leil\u00e3o de energia e reafirmam o potencial avassalador das renov\u00e1veis no Brasil <\/span><\/h4>\n<div id=\"attachment_4407\" style=\"width: 1034px\" class=\"wp-caption alignnone\"><img loading=\"lazy\" decoding=\"async\" aria-describedby=\"caption-attachment-4407\" class=\"size-large wp-image-4407\" src=\"https:\/\/www.greenpeace.org\/static\/planet4-brasil-stateless\/2018\/08\/2773e33a-gp0stown2_medium_res-1024x683.jpg\" alt=\"Gera\u00e7\u00e3o de energia e\u00f3lica na Alemanha.\" width=\"1024\" height=\"683\" srcset=\"https:\/\/www.greenpeace.org\/static\/planet4-brasil-stateless\/2018\/08\/2773e33a-gp0stown2_medium_res-1024x683.jpg 1024w, https:\/\/www.greenpeace.org\/static\/planet4-brasil-stateless\/2018\/08\/2773e33a-gp0stown2_medium_res-300x200.jpg 300w, https:\/\/www.greenpeace.org\/static\/planet4-brasil-stateless\/2018\/08\/2773e33a-gp0stown2_medium_res-768x512.jpg 768w, https:\/\/www.greenpeace.org\/static\/planet4-brasil-stateless\/2018\/08\/2773e33a-gp0stown2_medium_res-510x340.jpg 510w, https:\/\/www.greenpeace.org\/static\/planet4-brasil-stateless\/2018\/08\/2773e33a-gp0stown2_medium_res.jpg 1200w\" sizes=\"auto, (max-width: 1024px) 100vw, 1024px\" \/><p id=\"caption-attachment-4407\" class=\"wp-caption-text\">E\u00f3licas j\u00e1 s\u00e3o mais competitivas que fontes f\u00f3sseis e abrem caminho para um futuro brilhante das energias renov\u00e1veis<\/p><\/div>\n<p><span style=\"font-weight: 400;\">O resultado do leil\u00e3o de energia A-6, realizado nesta \u00faltima sexta-feira (31) mostrou que o pre\u00e7o por pot\u00eancia instalada de e\u00f3lica segue imbat\u00edvel e a confian\u00e7a na fonte s\u00f3 aumenta. Foram contratados mais de 1.250 MW em empreendimentos e\u00f3licos contra apenas 363,2 MW de energias f\u00f3sseis &#8211; que se refere a apenas uma termel\u00e9trica a g\u00e1s. Vale lembrar que t\u00e9rmicas a g\u00e1s lideravam a oferta de energia cadastrada no leil\u00e3o. Outra vit\u00f3ria a ser celebrada foi a derrubada da maior amea\u00e7a deste leil\u00e3o: <strong>nenhuma das duas usinas a carv\u00e3o inscritas no certame foi contratada<\/strong>. <\/span><\/p>\n<p><span style=\"font-weight: 400;\">&#8220;Que isso sirva para o governo reavaliar sua vis\u00e3o sobre a fonte de energia el\u00e9trica mais poluente que existe, ineficiente e, como vimos hoje, invi\u00e1vel economicamente&#8221;, afirma Marcelo Laterman, especialista em Energia do Greenpeace Brasil. <\/span><\/p>\n<p><span style=\"font-weight: 400;\">O sucesso das e\u00f3licas mostra a maturidade da fonte, que teve a forma de contrata\u00e7\u00e3o alterada e, por causa da nova regra, teve uma alta no pre\u00e7o em rela\u00e7\u00e3o a leil\u00f5es anteriores &#8211; foi de R$ 67,60 para R$ 90,45\/MWh. Ela passou a ter sua energia contratada por quantidade e n\u00e3o por disponibilidade como anteriormente, o que aumenta os riscos ao empreendedor. Ou seja, mesmo o governo impondo regras mais duras para a fonte, ela ainda demonstra vantagens significativas em rela\u00e7\u00e3o \u00e0s f\u00f3sseis &#8211; contratadas por disponibilidade.<\/span><\/p>\n<p><span style=\"font-weight: 400;\">Mesmo com a mudan\u00e7a de regra para as e\u00f3licas, a predomin\u00e2ncia na oferta de t\u00e9rmicas a g\u00e1s e o absurdo da inclus\u00e3o de t\u00e9rmicas a carv\u00e3o, esses resultados confirmam, a cada dia, que fontes f\u00f3sseis n\u00e3o t\u00eam mais espa\u00e7o na nossa matriz. \u00c9 importante comemorar que o resultado deste leil\u00e3o n\u00e3o confirmou seu potencial catastr\u00f3fico. Na \u00faltima quarta-feira, dois dias antes do leil\u00e3o, nossos ativistas realizaram <\/span><strong><a href=\"https:\/\/www.greenpeace.org\/brasil\/blog\/um-funeral-para-o-carvao\/\">um protesto-funeral do carv\u00e3o em frente a uma grande termel\u00e9trica<\/a><\/strong><span style=\"font-weight: 400;\">, no sul do pa\u00eds. \u00a0<\/span><\/p>\n<p><span style=\"font-weight: 400;\">&#8220;Mas n\u00e3o podemos relaxar. H\u00e1 quest\u00f5es ainda em aberto: at\u00e9 quando o governo vai permitir que o carv\u00e3o ameace nossa matriz energ\u00e9tica? <strong>Por que n\u00e3o incentivar a gera\u00e7\u00e3o de energia solar fotovoltaica e inclu\u00ed-la no leil\u00e3o?<\/strong>&#8221; aponta Laterman. N\u00f3s, do Greenpeace, continuaremos pressionando por essas respostas.<\/span><\/p>\n<div id=\"attachment_4292\" style=\"width: 1034px\" class=\"wp-caption alignnone\"><img loading=\"lazy\" decoding=\"async\" aria-describedby=\"caption-attachment-4292\" class=\"size-large wp-image-4292\" src=\"https:\/\/www.greenpeace.org\/static\/planet4-brasil-stateless\/2018\/08\/3bf84a1c-gp0stscwx-1024x683.jpg\" alt=\"Funeral do carv\u00e3o realizado por ativistas do Greenpeace em frente \u00e0 termel\u00e9trica de Candiota\" width=\"1024\" height=\"683\" srcset=\"https:\/\/www.greenpeace.org\/static\/planet4-brasil-stateless\/2018\/08\/3bf84a1c-gp0stscwx-1024x683.jpg 1024w, https:\/\/www.greenpeace.org\/static\/planet4-brasil-stateless\/2018\/08\/3bf84a1c-gp0stscwx-300x200.jpg 300w, https:\/\/www.greenpeace.org\/static\/planet4-brasil-stateless\/2018\/08\/3bf84a1c-gp0stscwx-768x512.jpg 768w, https:\/\/www.greenpeace.org\/static\/planet4-brasil-stateless\/2018\/08\/3bf84a1c-gp0stscwx-510x340.jpg 510w, https:\/\/www.greenpeace.org\/static\/planet4-brasil-stateless\/2018\/08\/3bf84a1c-gp0stscwx.jpg 1200w\" sizes=\"auto, (max-width: 1024px) 100vw, 1024px\" \/><p id=\"caption-attachment-4292\" class=\"wp-caption-text\">Ativistas pedem que o governo brasileiro se comprometa com o fim do carv\u00e3o, em frente \u00e0 termel\u00e9trica de Candiota (RS)<\/p><\/div>\n<p>&nbsp;<\/p>\n","protected":false},"excerpt":{"rendered":"<p>E\u00f3licas destronam fontes f\u00f3sseis em leil\u00e3o de energia e reafirmam o potencial avassalador das renov\u00e1veis no Brasil<\/p>\n","protected":false},"author":28,"featured_media":4407,"comment_status":"open","ping_status":"closed","sticky":false,"template":"","format":"standard","meta":{"ep_exclude_from_search":false,"p4_og_title":"","p4_og_description":"","p4_og_image":"","p4_og_image_id":"","p4_seo_canonical_url":"","p4_campaign_name":"","p4_local_project":"","p4_basket_name":"","p4_department":"","footnotes":""},"categories":[2],"tags":[7],"p4-page-type":[16],"class_list":["post-4418","post","type-post","status-publish","format-standard","has-post-thumbnail","hentry","category-transforme-a-sociedade","tag-energia","p4-page-type-blog"],"_links":{"self":[{"href":"https:\/\/www.greenpeace.org\/brasil\/wp-json\/wp\/v2\/posts\/4418","targetHints":{"allow":["GET"]}}],"collection":[{"href":"https:\/\/www.greenpeace.org\/brasil\/wp-json\/wp\/v2\/posts"}],"about":[{"href":"https:\/\/www.greenpeace.org\/brasil\/wp-json\/wp\/v2\/types\/post"}],"author":[{"embeddable":true,"href":"https:\/\/www.greenpeace.org\/brasil\/wp-json\/wp\/v2\/users\/28"}],"replies":[{"embeddable":true,"href":"https:\/\/www.greenpeace.org\/brasil\/wp-json\/wp\/v2\/comments?post=4418"}],"version-history":[{"count":6,"href":"https:\/\/www.greenpeace.org\/brasil\/wp-json\/wp\/v2\/posts\/4418\/revisions"}],"predecessor-version":[{"id":58774,"href":"https:\/\/www.greenpeace.org\/brasil\/wp-json\/wp\/v2\/posts\/4418\/revisions\/58774"}],"wp:featuredmedia":[{"embeddable":true,"href":"https:\/\/www.greenpeace.org\/brasil\/wp-json\/wp\/v2\/media\/4407"}],"wp:attachment":[{"href":"https:\/\/www.greenpeace.org\/brasil\/wp-json\/wp\/v2\/media?parent=4418"}],"wp:term":[{"taxonomy":"category","embeddable":true,"href":"https:\/\/www.greenpeace.org\/brasil\/wp-json\/wp\/v2\/categories?post=4418"},{"taxonomy":"post_tag","embeddable":true,"href":"https:\/\/www.greenpeace.org\/brasil\/wp-json\/wp\/v2\/tags?post=4418"},{"taxonomy":"p4-page-type","embeddable":true,"href":"https:\/\/www.greenpeace.org\/brasil\/wp-json\/wp\/v2\/p4-page-type?post=4418"}],"curies":[{"name":"wp","href":"https:\/\/api.w.org\/{rel}","templated":true}]}}