{"id":44219,"date":"2022-12-14T16:42:50","date_gmt":"2022-12-14T19:42:50","guid":{"rendered":"https:\/\/www.greenpeace.org\/brasil\/?p=44219"},"modified":"2024-04-01T11:08:23","modified_gmt":"2024-04-01T14:08:23","slug":"deter-b-registra-555-km-de-desmatamento-na-amazonia-segundo-maior-numero-da-serie-historica","status":"publish","type":"post","link":"https:\/\/www.greenpeace.org\/brasil\/imprensa\/deter-b-registra-555-km-de-desmatamento-na-amazonia-segundo-maior-numero-da-serie-historica\/","title":{"rendered":"Deter-B registra 555 km\u00b2 de desmatamento na Amaz\u00f4nia, segundo maior n\u00famero da s\u00e9rie hist\u00f3rica\u00a0"},"content":{"rendered":"\n<h4 class=\"has-text-align-left is-style-roboto-font-family wp-block-heading\">Os altos \u00edndices de destrui\u00e7\u00e3o est\u00e3o concentrados no Par\u00e1, Rond\u00f4nia e Mato Grosso <\/h4>\n\n<figure class=\"wp-block-image size-large\"><img loading=\"lazy\" decoding=\"async\" width=\"1024\" height=\"683\" src=\"https:\/\/www.greenpeace.org\/static\/planet4-brasil-stateless\/2022\/12\/d4f9577f-gp1t2okp_medium_res-1024x683.jpg\" alt=\"\" class=\"wp-image-44220\" srcset=\"https:\/\/www.greenpeace.org\/static\/planet4-brasil-stateless\/2022\/12\/d4f9577f-gp1t2okp_medium_res-1024x683.jpg 1024w, https:\/\/www.greenpeace.org\/static\/planet4-brasil-stateless\/2022\/12\/d4f9577f-gp1t2okp_medium_res-300x200.jpg 300w, https:\/\/www.greenpeace.org\/static\/planet4-brasil-stateless\/2022\/12\/d4f9577f-gp1t2okp_medium_res-768x512.jpg 768w, https:\/\/www.greenpeace.org\/static\/planet4-brasil-stateless\/2022\/12\/d4f9577f-gp1t2okp_medium_res-510x340.jpg 510w, https:\/\/www.greenpeace.org\/static\/planet4-brasil-stateless\/2022\/12\/d4f9577f-gp1t2okp_medium_res.jpg 1200w\" sizes=\"auto, (max-width: 1024px) 100vw, 1024px\" \/><figcaption class=\"wp-element-caption\"><em>Expedi\u00e7\u00e3o de monitoramento de fogo e desmatamento, realizada em agosto de 2022, na regi\u00e3o entre Rond\u00f4nia e sul do Amazonas.\u00a9 Christian Braga \/ Greenpeace<\/em><br><\/figcaption><\/figure>\n\n<p><\/p>\n\n<p class=\"is-style-roboto-font-family\"><strong>Manaus, 9 de dezembro de 2022 &#8211;<\/strong> Dados do sistema Deter-B, do Instituto de Pesquisas Espaciais (Inpe), divulgados hoje (9), revelam que 555 km\u00b2 da Amaz\u00f4nia estiveram sob alertas de desmatamento durante o m\u00eas de novembro, registrando o segundo maior n\u00famero da s\u00e9rie hist\u00f3rica, iniciada em 2015, sendo apenas 7 km<sup>2 <\/sup>menor que o recorde de 562 km<sup>2 <\/sup>registrado em 2019. Trata-se de um aumento de 123% em compara\u00e7\u00e3o ao mesmo per\u00edodo do ano passado, quando a \u00e1rea com alertas registrou 249 km\u00b2. Lidera o ranking da destrui\u00e7\u00e3o da Amaz\u00f4nia o estado do Par\u00e1 (26%), seguido de Rond\u00f4nia (21%) e Mato Grosso (19%). No acumulado entre janeiro e novembro de 2022, houve recorde da s\u00e9rie hist\u00f3rica: 10.049 km\u00b2 de destrui\u00e7\u00e3o, n\u00famero que j\u00e1 supera o total de alertas de desmatamento de qualquer ano anterior medido pelo sistema.<\/p>\n\n<p class=\"is-style-roboto-font-family\">\u201cEsse governo que est\u00e1 chegando ao fim, foi um desastre para a floresta e \u00e9 culpado pelos \u00faltimos quatro anos terem registrado taxas de desmatamento acima de 10 mil km\u00b2. Estamos cansados de ver, m\u00eas ap\u00f3s m\u00eas, um n\u00famero enorme de alertas de desmatamento na Amaz\u00f4nia. O pr\u00f3ximo governo ter\u00e1 um \u00e1rduo trabalho pela frente para diminuir esses \u00edndices alarmantes e n\u00f3s seguiremos, como sempre fizemos, cobrando a\u00e7\u00f5es efetivas de combate ao desmatamento, garimpo ilegal, invas\u00e3o de \u00e1reas protegidas, grilagem e viol\u00eancia contra os povos da floresta\u201d, afirma R\u00f4mulo Batista, porta-voz de Amaz\u00f4nia do Greenpeace Brasil.<\/p>\n\n<p class=\"is-style-roboto-font-family\">A destrui\u00e7\u00e3o desenfreada da Amaz\u00f4nia tem levado a floresta para um ponto de n\u00e3o retorno e deve ser contida de maneira urgente. Nesta semana, em Montreal (Canad\u00e1), come\u00e7ou a 15\u00aa Confer\u00eancia de Biodiversidade da ONU (COP15). A Confer\u00eancia re\u00fane l\u00edderes mundiais, organiza\u00e7\u00f5es de meio ambiente e ativistas para discutir metas e objetivos que v\u00e3o nortear as a\u00e7\u00f5es globais que revertam a perda da biodiversidade global at\u00e9 2030.&nbsp;<\/p>\n\n<p class=\"is-style-roboto-font-family\">O Greenpeace Brasil participa da COP da Biodiversidade pautando quest\u00f5es-chave: a prote\u00e7\u00e3o dos direitos ind\u00edgenas e o reconhecimento expl\u00edcito dos Povos Ind\u00edgenas e comunidades locais na prote\u00e7\u00e3o da biodiversidade global; a cria\u00e7\u00e3o de uma meta global ambiciosa para proteger pelo menos 30% da terra e 30% dos mares at\u00e9 2030; e a implementa\u00e7\u00e3o de ferramentas e medidas claras, bem como financiamento equitativo para a implementa\u00e7\u00e3o dessas metas.<\/p>\n\n<p class=\"is-style-roboto-font-family\"><strong>Assessoria de imprensa Greenpeace Brasil<\/strong><\/p>\n\n<p class=\"is-style-roboto-font-family\">&nbsp;imprensa.br@greenpeace.org | +55 92 99480-3580&nbsp;<\/p>\n\n<p class=\"is-style-roboto-font-family\"><em>O Greenpeace Brasil \u00e9 uma organiza\u00e7\u00e3o ativista ambiental sem fins lucrativos, que atua desde 1992 na defesa do meio ambiente. Ao lado de todas as pessoas que buscam um mundo mais verde, justo e pac\u00edfico, a organiza\u00e7\u00e3o atua h\u00e1 30 anos pela defesa do meio ambiente denunciando e confrontando governos, empresas e projetos que incentivam a destrui\u00e7\u00e3o das florestas.<\/em><\/p>\n","protected":false},"excerpt":{"rendered":"<p>Os altos \u00edndices de destrui\u00e7\u00e3o est\u00e3o concentrados no Par\u00e1, Rond\u00f4nia e Mato Grosso Manaus, 9 de dezembro de 2022; Dados do sistema Deter-B, do Instituto de Pesquisas Espaciais (Inpe),&hellip;<\/p>\n","protected":false},"author":104,"featured_media":44220,"comment_status":"closed","ping_status":"closed","sticky":false,"template":"","format":"standard","meta":{"ep_exclude_from_search":false,"p4_og_title":"","p4_og_description":"","p4_og_image":"","p4_og_image_id":"","p4_seo_canonical_url":"","p4_campaign_name":"not set","p4_local_project":"not set","p4_basket_name":"not set","p4_department":"","footnotes":""},"categories":[49],"tags":[46,55],"p4-page-type":[14],"class_list":["post-44219","post","type-post","status-publish","format-standard","has-post-thumbnail","hentry","category-amazonia","tag-desmatamento","tag-imprensa","p4-page-type-imprensa"],"_links":{"self":[{"href":"https:\/\/www.greenpeace.org\/brasil\/wp-json\/wp\/v2\/posts\/44219","targetHints":{"allow":["GET"]}}],"collection":[{"href":"https:\/\/www.greenpeace.org\/brasil\/wp-json\/wp\/v2\/posts"}],"about":[{"href":"https:\/\/www.greenpeace.org\/brasil\/wp-json\/wp\/v2\/types\/post"}],"author":[{"embeddable":true,"href":"https:\/\/www.greenpeace.org\/brasil\/wp-json\/wp\/v2\/users\/104"}],"replies":[{"embeddable":true,"href":"https:\/\/www.greenpeace.org\/brasil\/wp-json\/wp\/v2\/comments?post=44219"}],"version-history":[{"count":2,"href":"https:\/\/www.greenpeace.org\/brasil\/wp-json\/wp\/v2\/posts\/44219\/revisions"}],"predecessor-version":[{"id":44227,"href":"https:\/\/www.greenpeace.org\/brasil\/wp-json\/wp\/v2\/posts\/44219\/revisions\/44227"}],"wp:featuredmedia":[{"embeddable":true,"href":"https:\/\/www.greenpeace.org\/brasil\/wp-json\/wp\/v2\/media\/44220"}],"wp:attachment":[{"href":"https:\/\/www.greenpeace.org\/brasil\/wp-json\/wp\/v2\/media?parent=44219"}],"wp:term":[{"taxonomy":"category","embeddable":true,"href":"https:\/\/www.greenpeace.org\/brasil\/wp-json\/wp\/v2\/categories?post=44219"},{"taxonomy":"post_tag","embeddable":true,"href":"https:\/\/www.greenpeace.org\/brasil\/wp-json\/wp\/v2\/tags?post=44219"},{"taxonomy":"p4-page-type","embeddable":true,"href":"https:\/\/www.greenpeace.org\/brasil\/wp-json\/wp\/v2\/p4-page-type?post=44219"}],"curies":[{"name":"wp","href":"https:\/\/api.w.org\/{rel}","templated":true}]}}