{"id":44337,"date":"2022-12-21T10:30:08","date_gmt":"2022-12-21T13:30:08","guid":{"rendered":"https:\/\/www.greenpeace.org\/brasil\/?p=44337"},"modified":"2025-04-04T16:33:00","modified_gmt":"2025-04-04T19:33:00","slug":"relatorio-anual-2021","status":"publish","type":"post","link":"https:\/\/www.greenpeace.org\/brasil\/publicacoes\/relatorio-anual-2021\/","title":{"rendered":"Relat\u00f3rio Anual 2021"},"content":{"rendered":"\n<figure class=\"wp-block-image size-full\"><img loading=\"lazy\" decoding=\"async\" width=\"798\" height=\"442\" src=\"https:\/\/www.greenpeace.org\/static\/planet4-brasil-stateless\/2022\/12\/bcd73060-capa_relatorioanual.jpg\" alt=\"\" class=\"wp-image-44338\" srcset=\"https:\/\/www.greenpeace.org\/static\/planet4-brasil-stateless\/2022\/12\/bcd73060-capa_relatorioanual.jpg 798w, https:\/\/www.greenpeace.org\/static\/planet4-brasil-stateless\/2022\/12\/bcd73060-capa_relatorioanual-300x166.jpg 300w, https:\/\/www.greenpeace.org\/static\/planet4-brasil-stateless\/2022\/12\/bcd73060-capa_relatorioanual-768x425.jpg 768w, https:\/\/www.greenpeace.org\/static\/planet4-brasil-stateless\/2022\/12\/bcd73060-capa_relatorioanual-510x282.jpg 510w\" sizes=\"auto, (max-width: 798px) 100vw, 798px\" \/><\/figure>\n\n<p>O in\u00edcio da vacina\u00e7\u00e3o contra a Covid-19 em 2021 nos permitiu voltar a uma certa normalidade, ainda que muito cautelosa. Foi um ano de muito trabalho, onde sobrevoamos a Amaz\u00f4nia para denunciar crimes como desmatamento e garimpo ilegal, al\u00e9m de nos mobilizarmos em Bras\u00edlia para enfrentar um Congresso Nacional disposto a passar a boiada.<\/p>\n\n<div class=\"wp-block-buttons is-layout-flex wp-block-buttons-is-layout-flex\">\n<div class=\"wp-block-button\"><a class=\"wp-block-button__link wp-element-button\" href=\"https:\/\/www.greenpeace.org.br\/relatorio-anual-2021\/home\" target=\"_blank\" rel=\"noreferrer noopener\">Acesse a vers\u00e3o online do Relat\u00f3rio Anual 2021<\/a><\/div>\n<\/div>\n\n<p>Fortalecemos o combate \u00e0 inseguran\u00e7a alimentar e entregamos comida de verdade, produzida pela agricultura familiar, para quem estava passando fome. Estivemos ao lado do movimento ind\u00edgena em mobiliza\u00e7\u00f5es em defesa de seus direitos e territ\u00f3rios. Tamb\u00e9m participamos da 26\u00aa edi\u00e7\u00e3o da Confer\u00eancia do Clima, da ONU, na Esc\u00f3cia, ao lado da juventude para exigir justi\u00e7a clim\u00e1tica e medidas eficazes contra a crise clim\u00e1tica.<\/p>\n\n<p>Essas s\u00e3o apenas algumas a\u00e7\u00f5es e alguns lugares para onde nosso ativismo nos levou em 2021. Uma atua\u00e7\u00e3o que s\u00f3 foi poss\u00edvel gra\u00e7as aos nossos colaboradores, volunt\u00e1rios e volunt\u00e1rias em todo Brasil, e a milhares de pessoas que apoiam a luta socioambiental.<\/p>\n\n<p>Confira o <strong><a href=\"https:\/\/www.greenpeace.org\/static\/planet4-brasil-stateless\/2022\/12\/780170fc-relatorio_anual_greenpeace_2021.pdf\" data-type=\"URL\" data-id=\"https:\/\/www.greenpeace.org\/static\/planet4-brasil-stateless\/2022\/12\/780170fc-relatorio_anual_greenpeace_2021.pdf\" target=\"_blank\" rel=\"noreferrer noopener\">Relat\u00f3rio Anual 2021<\/a><\/strong> e saiba, com detalhes, tudo o que rolou!<br>Que voc\u00ea tenha uma \u00f3tima leitura.<\/p>\n","protected":false},"excerpt":{"rendered":"<p>O in\u00edcio da vacina\u00e7\u00e3o contra a Covid-19 trouxe avan\u00e7os importantes para a nossa luta, j\u00e1 que essa conquista nos permitiu voltarmos com calma \u00e0 normalidade. Confira nosso relat\u00f3rio de atividades de 2021.<\/p>\n","protected":false},"author":28,"featured_media":44391,"comment_status":"open","ping_status":"closed","sticky":false,"template":"","format":"standard","meta":{"ep_exclude_from_search":false,"p4_og_title":"","p4_og_description":"","p4_og_image":"","p4_og_image_id":"","p4_seo_canonical_url":"","p4_campaign_name":"not set","p4_local_project":"not set","p4_basket_name":"not set","p4_department":"","footnotes":""},"categories":[5],"tags":[25],"p4-page-type":[15],"class_list":["post-44337","post","type-post","status-publish","format-standard","has-post-thumbnail","hentry","category-greenpeace","tag-relatorios-anuais","p4-page-type-publicacoes"],"_links":{"self":[{"href":"https:\/\/www.greenpeace.org\/brasil\/wp-json\/wp\/v2\/posts\/44337","targetHints":{"allow":["GET"]}}],"collection":[{"href":"https:\/\/www.greenpeace.org\/brasil\/wp-json\/wp\/v2\/posts"}],"about":[{"href":"https:\/\/www.greenpeace.org\/brasil\/wp-json\/wp\/v2\/types\/post"}],"author":[{"embeddable":true,"href":"https:\/\/www.greenpeace.org\/brasil\/wp-json\/wp\/v2\/users\/28"}],"replies":[{"embeddable":true,"href":"https:\/\/www.greenpeace.org\/brasil\/wp-json\/wp\/v2\/comments?post=44337"}],"version-history":[{"count":7,"href":"https:\/\/www.greenpeace.org\/brasil\/wp-json\/wp\/v2\/posts\/44337\/revisions"}],"predecessor-version":[{"id":56693,"href":"https:\/\/www.greenpeace.org\/brasil\/wp-json\/wp\/v2\/posts\/44337\/revisions\/56693"}],"wp:featuredmedia":[{"embeddable":true,"href":"https:\/\/www.greenpeace.org\/brasil\/wp-json\/wp\/v2\/media\/44391"}],"wp:attachment":[{"href":"https:\/\/www.greenpeace.org\/brasil\/wp-json\/wp\/v2\/media?parent=44337"}],"wp:term":[{"taxonomy":"category","embeddable":true,"href":"https:\/\/www.greenpeace.org\/brasil\/wp-json\/wp\/v2\/categories?post=44337"},{"taxonomy":"post_tag","embeddable":true,"href":"https:\/\/www.greenpeace.org\/brasil\/wp-json\/wp\/v2\/tags?post=44337"},{"taxonomy":"p4-page-type","embeddable":true,"href":"https:\/\/www.greenpeace.org\/brasil\/wp-json\/wp\/v2\/p4-page-type?post=44337"}],"curies":[{"name":"wp","href":"https:\/\/api.w.org\/{rel}","templated":true}]}}