{"id":44488,"date":"2023-01-06T11:56:40","date_gmt":"2023-01-06T14:56:40","guid":{"rendered":"https:\/\/www.greenpeace.org\/brasil\/?p=44488"},"modified":"2023-01-06T11:56:42","modified_gmt":"2023-01-06T14:56:42","slug":"voluntariosas-querem-saber-o-que-voce-espera-para-a-causa-socioambiental-em-2023","status":"publish","type":"post","link":"https:\/\/www.greenpeace.org\/brasil\/blog\/voluntariosas-querem-saber-o-que-voce-espera-para-a-causa-socioambiental-em-2023\/","title":{"rendered":"Volunt\u00e1rios(as) querem saber: o que voc\u00ea espera para a causa socioambiental em 2023?"},"content":{"rendered":"\n<h4 class=\"wp-block-heading\">Os grupos locais relembraram a\u00e7\u00f5es do \u00faltimo ano e n\u00e3o perderam tempo para iniciar as novas atividades.<\/h4>\n\n<p>Ol\u00e1, galera! Desejo para todos e todas um feliz ano novo e que 2023 seja repleto de conquistas para n\u00f3s.<\/p>\n\n<p>Para come\u00e7ar este primeiro Gir\u00e3o do ano, confira as mensagens de felicita\u00e7\u00f5es que os grupos locais deixaram nas redes:<\/p>\n\n<p><a href=\"https:\/\/www.instagram.com\/p\/Cm2FXwBOMC6\/\"><strong>Belo Horizonte:<\/strong><\/a><br><img loading=\"lazy\" decoding=\"async\" width=\"300\" height=\"300\" class=\"wp-image-44503\" style=\"width: 300px;\" src=\"https:\/\/www.greenpeace.org\/static\/planet4-brasil-stateless\/2023\/01\/40562f71-unknown_323180372_3008518452784029_8835843537020989726_n.jpg\" alt=\"\" srcset=\"https:\/\/www.greenpeace.org\/static\/planet4-brasil-stateless\/2023\/01\/40562f71-unknown_323180372_3008518452784029_8835843537020989726_n.jpg 1080w, https:\/\/www.greenpeace.org\/static\/planet4-brasil-stateless\/2023\/01\/40562f71-unknown_323180372_3008518452784029_8835843537020989726_n-300x300.jpg 300w, https:\/\/www.greenpeace.org\/static\/planet4-brasil-stateless\/2023\/01\/40562f71-unknown_323180372_3008518452784029_8835843537020989726_n-1024x1024.jpg 1024w, https:\/\/www.greenpeace.org\/static\/planet4-brasil-stateless\/2023\/01\/40562f71-unknown_323180372_3008518452784029_8835843537020989726_n-150x150.jpg 150w, https:\/\/www.greenpeace.org\/static\/planet4-brasil-stateless\/2023\/01\/40562f71-unknown_323180372_3008518452784029_8835843537020989726_n-768x768.jpg 768w, https:\/\/www.greenpeace.org\/static\/planet4-brasil-stateless\/2023\/01\/40562f71-unknown_323180372_3008518452784029_8835843537020989726_n-340x340.jpg 340w\" sizes=\"auto, (max-width: 300px) 100vw, 300px\" \/><\/p>\n\n<p><a href=\"https:\/\/www.instagram.com\/p\/Cm37O-Vr9Du\/\"><strong>Jo\u00e3o Pessoa:<\/strong><\/a><br><img loading=\"lazy\" decoding=\"async\" width=\"300\" height=\"300\" class=\"wp-image-44497\" style=\"width: 300px;\" src=\"https:\/\/www.greenpeace.org\/static\/planet4-brasil-stateless\/2023\/01\/d775f5ff-unknown_323150945_867159031220515_6667823676192840333_n.jpg\" alt=\"\" srcset=\"https:\/\/www.greenpeace.org\/static\/planet4-brasil-stateless\/2023\/01\/d775f5ff-unknown_323150945_867159031220515_6667823676192840333_n.jpg 1080w, https:\/\/www.greenpeace.org\/static\/planet4-brasil-stateless\/2023\/01\/d775f5ff-unknown_323150945_867159031220515_6667823676192840333_n-300x300.jpg 300w, https:\/\/www.greenpeace.org\/static\/planet4-brasil-stateless\/2023\/01\/d775f5ff-unknown_323150945_867159031220515_6667823676192840333_n-1024x1024.jpg 1024w, https:\/\/www.greenpeace.org\/static\/planet4-brasil-stateless\/2023\/01\/d775f5ff-unknown_323150945_867159031220515_6667823676192840333_n-150x150.jpg 150w, https:\/\/www.greenpeace.org\/static\/planet4-brasil-stateless\/2023\/01\/d775f5ff-unknown_323150945_867159031220515_6667823676192840333_n-768x768.jpg 768w, https:\/\/www.greenpeace.org\/static\/planet4-brasil-stateless\/2023\/01\/d775f5ff-unknown_323150945_867159031220515_6667823676192840333_n-340x340.jpg 340w\" sizes=\"auto, (max-width: 300px) 100vw, 300px\" \/><img loading=\"lazy\" decoding=\"async\" width=\"300\" height=\"300\" class=\"wp-image-44490\" style=\"width: 300px;\" src=\"https:\/\/www.greenpeace.org\/static\/planet4-brasil-stateless\/2023\/01\/6134a1f3-unknown_322778209_896278338053062_4963049646501908518_n.jpg\" alt=\"\" srcset=\"https:\/\/www.greenpeace.org\/static\/planet4-brasil-stateless\/2023\/01\/6134a1f3-unknown_322778209_896278338053062_4963049646501908518_n.jpg 1080w, https:\/\/www.greenpeace.org\/static\/planet4-brasil-stateless\/2023\/01\/6134a1f3-unknown_322778209_896278338053062_4963049646501908518_n-300x300.jpg 300w, https:\/\/www.greenpeace.org\/static\/planet4-brasil-stateless\/2023\/01\/6134a1f3-unknown_322778209_896278338053062_4963049646501908518_n-1024x1024.jpg 1024w, https:\/\/www.greenpeace.org\/static\/planet4-brasil-stateless\/2023\/01\/6134a1f3-unknown_322778209_896278338053062_4963049646501908518_n-150x150.jpg 150w, https:\/\/www.greenpeace.org\/static\/planet4-brasil-stateless\/2023\/01\/6134a1f3-unknown_322778209_896278338053062_4963049646501908518_n-768x768.jpg 768w, https:\/\/www.greenpeace.org\/static\/planet4-brasil-stateless\/2023\/01\/6134a1f3-unknown_322778209_896278338053062_4963049646501908518_n-340x340.jpg 340w\" sizes=\"auto, (max-width: 300px) 100vw, 300px\" \/><\/p>\n\n<p><a href=\"https:\/\/www.instagram.com\/p\/Cm5Z1_GOwQU\/\"><strong>Salvador:<\/strong><\/a><br><img loading=\"lazy\" decoding=\"async\" width=\"300\" height=\"300\" class=\"wp-image-44492\" style=\"width: 300px;\" src=\"https:\/\/www.greenpeace.org\/static\/planet4-brasil-stateless\/2023\/01\/69d44178-unknown_322943167_718145976491913_5634846929004924613_n.jpg\" alt=\"\" srcset=\"https:\/\/www.greenpeace.org\/static\/planet4-brasil-stateless\/2023\/01\/69d44178-unknown_322943167_718145976491913_5634846929004924613_n.jpg 1080w, https:\/\/www.greenpeace.org\/static\/planet4-brasil-stateless\/2023\/01\/69d44178-unknown_322943167_718145976491913_5634846929004924613_n-300x300.jpg 300w, https:\/\/www.greenpeace.org\/static\/planet4-brasil-stateless\/2023\/01\/69d44178-unknown_322943167_718145976491913_5634846929004924613_n-1024x1024.jpg 1024w, https:\/\/www.greenpeace.org\/static\/planet4-brasil-stateless\/2023\/01\/69d44178-unknown_322943167_718145976491913_5634846929004924613_n-150x150.jpg 150w, https:\/\/www.greenpeace.org\/static\/planet4-brasil-stateless\/2023\/01\/69d44178-unknown_322943167_718145976491913_5634846929004924613_n-768x768.jpg 768w, https:\/\/www.greenpeace.org\/static\/planet4-brasil-stateless\/2023\/01\/69d44178-unknown_322943167_718145976491913_5634846929004924613_n-340x340.jpg 340w\" sizes=\"auto, (max-width: 300px) 100vw, 300px\" \/><\/p>\n\n<p>Al\u00e9m dessas lindas mensagens, alguns grupos prepararam uma retrospectiva de 2022:<\/p>\n\n<p><a href=\"https:\/\/www.instagram.com\/p\/Cm1Zc3th__H\/\"><strong>Bras\u00edlia:<\/strong><\/a><br><img loading=\"lazy\" decoding=\"async\" width=\"300\" height=\"297\" class=\"wp-image-44499\" style=\"width: 300px;\" src=\"https:\/\/www.greenpeace.org\/static\/planet4-brasil-stateless\/2023\/01\/bfc065c3-brasilia.jpg\" alt=\"\" srcset=\"https:\/\/www.greenpeace.org\/static\/planet4-brasil-stateless\/2023\/01\/bfc065c3-brasilia.jpg 294w, https:\/\/www.greenpeace.org\/static\/planet4-brasil-stateless\/2023\/01\/bfc065c3-brasilia-150x150.jpg 150w\" sizes=\"auto, (max-width: 300px) 100vw, 300px\" \/><\/p>\n\n<p><a href=\"https:\/\/www.instagram.com\/p\/CmzFO0DjlZW\/\"><strong>Goi\u00e2nia:<\/strong><\/a><br><img loading=\"lazy\" decoding=\"async\" width=\"300\" height=\"303\" class=\"wp-image-44498\" style=\"width: 300px;\" src=\"https:\/\/www.greenpeace.org\/static\/planet4-brasil-stateless\/2023\/01\/11a0b5a4-goiania.jpg\" alt=\"\"><br><br><a href=\"https:\/\/www.instagram.com\/p\/CmzHt8quci5\/\"><strong>Porto Alegre:<\/strong><\/a><br><img loading=\"lazy\" decoding=\"async\" width=\"300\" height=\"375\" class=\"wp-image-44496\" style=\"width: 300px;\" src=\"https:\/\/www.greenpeace.org\/static\/planet4-brasil-stateless\/2023\/01\/1cc428c8-unknown_322628350_183492367664371_4213983415195126212_n.jpg\" alt=\"\" srcset=\"https:\/\/www.greenpeace.org\/static\/planet4-brasil-stateless\/2023\/01\/1cc428c8-unknown_322628350_183492367664371_4213983415195126212_n.jpg 1080w, https:\/\/www.greenpeace.org\/static\/planet4-brasil-stateless\/2023\/01\/1cc428c8-unknown_322628350_183492367664371_4213983415195126212_n-240x300.jpg 240w, https:\/\/www.greenpeace.org\/static\/planet4-brasil-stateless\/2023\/01\/1cc428c8-unknown_322628350_183492367664371_4213983415195126212_n-819x1024.jpg 819w, https:\/\/www.greenpeace.org\/static\/planet4-brasil-stateless\/2023\/01\/1cc428c8-unknown_322628350_183492367664371_4213983415195126212_n-768x960.jpg 768w, https:\/\/www.greenpeace.org\/static\/planet4-brasil-stateless\/2023\/01\/1cc428c8-unknown_322628350_183492367664371_4213983415195126212_n-272x340.jpg 272w\" sizes=\"auto, (max-width: 300px) 100vw, 300px\" \/><img loading=\"lazy\" decoding=\"async\" width=\"300\" height=\"375\" class=\"wp-image-44495\" style=\"width: 300px;\" src=\"https:\/\/www.greenpeace.org\/static\/planet4-brasil-stateless\/2023\/01\/d2235e08-unknown_323312843_680686730423264_5462266682650228024_n.jpg\" alt=\"\" srcset=\"https:\/\/www.greenpeace.org\/static\/planet4-brasil-stateless\/2023\/01\/d2235e08-unknown_323312843_680686730423264_5462266682650228024_n.jpg 1080w, https:\/\/www.greenpeace.org\/static\/planet4-brasil-stateless\/2023\/01\/d2235e08-unknown_323312843_680686730423264_5462266682650228024_n-240x300.jpg 240w, https:\/\/www.greenpeace.org\/static\/planet4-brasil-stateless\/2023\/01\/d2235e08-unknown_323312843_680686730423264_5462266682650228024_n-819x1024.jpg 819w, https:\/\/www.greenpeace.org\/static\/planet4-brasil-stateless\/2023\/01\/d2235e08-unknown_323312843_680686730423264_5462266682650228024_n-768x960.jpg 768w, https:\/\/www.greenpeace.org\/static\/planet4-brasil-stateless\/2023\/01\/d2235e08-unknown_323312843_680686730423264_5462266682650228024_n-272x340.jpg 272w\" sizes=\"auto, (max-width: 300px) 100vw, 300px\" \/><\/p>\n\n<p>No \u00faltimo ano conseguimos superar desafios inimagin\u00e1veis, agora abra\u00e7amos 2023 com a expectativa de melhores solu\u00e7\u00f5es para o meio ambiente. Por aqui, os ativistas j\u00e1 come\u00e7aram a agir:<\/p>\n\n<p><a href=\"https:\/\/www.instagram.com\/p\/CmsKpfvOtd_\/\"><strong>Os voluntas de Porto Alegre manifestaram apoio a Retomada Ind\u00edgena Kaingang\/Xokleng G\u00e3h R\u00e9,<\/strong><\/a> no Morro Santana, em Porto Alegre. Para fortalecer a defesa da luta pela terra, o grupo realizar\u00e1 uma <a href=\"https:\/\/www.instagram.com\/p\/Cm87EOxu5ZF\/\"><strong>ecotrilha pela demarca\u00e7\u00e3o<\/strong><\/a>, no domingo (08):<br><img loading=\"lazy\" decoding=\"async\" width=\"300\" height=\"300\" class=\"wp-image-44493\" style=\"width: 300px;\" src=\"https:\/\/www.greenpeace.org\/static\/planet4-brasil-stateless\/2023\/01\/dffcc102-unknown_322045843_878594653282614_1932890687022772432_n.jpg\" alt=\"\" srcset=\"https:\/\/www.greenpeace.org\/static\/planet4-brasil-stateless\/2023\/01\/dffcc102-unknown_322045843_878594653282614_1932890687022772432_n.jpg 1080w, https:\/\/www.greenpeace.org\/static\/planet4-brasil-stateless\/2023\/01\/dffcc102-unknown_322045843_878594653282614_1932890687022772432_n-300x300.jpg 300w, https:\/\/www.greenpeace.org\/static\/planet4-brasil-stateless\/2023\/01\/dffcc102-unknown_322045843_878594653282614_1932890687022772432_n-1024x1024.jpg 1024w, https:\/\/www.greenpeace.org\/static\/planet4-brasil-stateless\/2023\/01\/dffcc102-unknown_322045843_878594653282614_1932890687022772432_n-150x150.jpg 150w, https:\/\/www.greenpeace.org\/static\/planet4-brasil-stateless\/2023\/01\/dffcc102-unknown_322045843_878594653282614_1932890687022772432_n-768x768.jpg 768w, https:\/\/www.greenpeace.org\/static\/planet4-brasil-stateless\/2023\/01\/dffcc102-unknown_322045843_878594653282614_1932890687022772432_n-340x340.jpg 340w\" sizes=\"auto, (max-width: 300px) 100vw, 300px\" \/><img loading=\"lazy\" decoding=\"async\" width=\"300\" height=\"300\" class=\"wp-image-44494\" style=\"width: 300px;\" src=\"https:\/\/www.greenpeace.org\/static\/planet4-brasil-stateless\/2023\/01\/fecc89b1-unknown_323938836_790992802461109_1324491338852235803_n.jpg\" alt=\"\" srcset=\"https:\/\/www.greenpeace.org\/static\/planet4-brasil-stateless\/2023\/01\/fecc89b1-unknown_323938836_790992802461109_1324491338852235803_n.jpg 1080w, https:\/\/www.greenpeace.org\/static\/planet4-brasil-stateless\/2023\/01\/fecc89b1-unknown_323938836_790992802461109_1324491338852235803_n-300x300.jpg 300w, https:\/\/www.greenpeace.org\/static\/planet4-brasil-stateless\/2023\/01\/fecc89b1-unknown_323938836_790992802461109_1324491338852235803_n-1024x1024.jpg 1024w, https:\/\/www.greenpeace.org\/static\/planet4-brasil-stateless\/2023\/01\/fecc89b1-unknown_323938836_790992802461109_1324491338852235803_n-150x150.jpg 150w, https:\/\/www.greenpeace.org\/static\/planet4-brasil-stateless\/2023\/01\/fecc89b1-unknown_323938836_790992802461109_1324491338852235803_n-768x768.jpg 768w, https:\/\/www.greenpeace.org\/static\/planet4-brasil-stateless\/2023\/01\/fecc89b1-unknown_323938836_790992802461109_1324491338852235803_n-340x340.jpg 340w\" sizes=\"auto, (max-width: 300px) 100vw, 300px\" \/><\/p>\n\n<p>Na \u00faltima quinta-feira (29), Marina Silva foi anunciada como a futura ministra do Meio Ambiente e S\u00f4nia Guajajara foi escolhida para liderar o novo Minist\u00e9rio dos Povos Ind\u00edgenas. O grupo do <a href=\"https:\/\/www.instagram.com\/p\/Cm1tgF5LQow\/\"><strong>Vale do Itaja\u00ed<\/strong><\/a> afirmou que o conhecimento hist\u00f3rico que elas trazem em suas bagagens de atua\u00e7\u00e3o pode ajudar neste cen\u00e1rio extremamente desafiador e refor\u00e7ou que devemos estar atentos para cobrar o cumprimento das promessas feitas pelo presidente eleito, Lula, durante sua campanha:<strong><br><\/strong><img loading=\"lazy\" decoding=\"async\" width=\"300\" height=\"300\" class=\"wp-image-44502\" style=\"width: 300px;\" src=\"https:\/\/www.greenpeace.org\/static\/planet4-brasil-stateless\/2023\/01\/c282c68b-unknown_322749660_457621103245108_7357143801435377855_n.jpg\" alt=\"\" srcset=\"https:\/\/www.greenpeace.org\/static\/planet4-brasil-stateless\/2023\/01\/c282c68b-unknown_322749660_457621103245108_7357143801435377855_n.jpg 1080w, https:\/\/www.greenpeace.org\/static\/planet4-brasil-stateless\/2023\/01\/c282c68b-unknown_322749660_457621103245108_7357143801435377855_n-300x300.jpg 300w, https:\/\/www.greenpeace.org\/static\/planet4-brasil-stateless\/2023\/01\/c282c68b-unknown_322749660_457621103245108_7357143801435377855_n-1024x1024.jpg 1024w, https:\/\/www.greenpeace.org\/static\/planet4-brasil-stateless\/2023\/01\/c282c68b-unknown_322749660_457621103245108_7357143801435377855_n-150x150.jpg 150w, https:\/\/www.greenpeace.org\/static\/planet4-brasil-stateless\/2023\/01\/c282c68b-unknown_322749660_457621103245108_7357143801435377855_n-768x768.jpg 768w, https:\/\/www.greenpeace.org\/static\/planet4-brasil-stateless\/2023\/01\/c282c68b-unknown_322749660_457621103245108_7357143801435377855_n-340x340.jpg 340w\" sizes=\"auto, (max-width: 300px) 100vw, 300px\" \/><\/p>\n\n<p>Os grupos locais de <a href=\"https:\/\/www.instagram.com\/p\/CmzLP1RrZtK\/\"><strong>Belo Horizonte<\/strong><\/a> e <a href=\"https:\/\/www.instagram.com\/p\/CmybbMRMCmU\/\"><strong>Salvador<\/strong><\/a> fizeram um alerta para o per\u00edodo de fortes chuvas, que causam muitos desastres pelo pa\u00eds em decorr\u00eancia da emerg\u00eancia clim\u00e1tica:<br><img loading=\"lazy\" decoding=\"async\" width=\"300\" height=\"302\" class=\"wp-image-44489\" style=\"width: 300px;\" src=\"https:\/\/www.greenpeace.org\/static\/planet4-brasil-stateless\/2023\/01\/f763359c-bh.jpg\" alt=\"\" srcset=\"https:\/\/www.greenpeace.org\/static\/planet4-brasil-stateless\/2023\/01\/f763359c-bh.jpg 291w, https:\/\/www.greenpeace.org\/static\/planet4-brasil-stateless\/2023\/01\/f763359c-bh-150x150.jpg 150w\" sizes=\"auto, (max-width: 300px) 100vw, 300px\" \/><img loading=\"lazy\" decoding=\"async\" width=\"300\" height=\"300\" class=\"wp-image-44491\" style=\"width: 300px;\" src=\"https:\/\/www.greenpeace.org\/static\/planet4-brasil-stateless\/2023\/01\/85d4ad26-unknown_322981032_8494957317212826_8885290218650834826_n.jpg\" alt=\"\" srcset=\"https:\/\/www.greenpeace.org\/static\/planet4-brasil-stateless\/2023\/01\/85d4ad26-unknown_322981032_8494957317212826_8885290218650834826_n.jpg 1080w, https:\/\/www.greenpeace.org\/static\/planet4-brasil-stateless\/2023\/01\/85d4ad26-unknown_322981032_8494957317212826_8885290218650834826_n-300x300.jpg 300w, https:\/\/www.greenpeace.org\/static\/planet4-brasil-stateless\/2023\/01\/85d4ad26-unknown_322981032_8494957317212826_8885290218650834826_n-1024x1024.jpg 1024w, https:\/\/www.greenpeace.org\/static\/planet4-brasil-stateless\/2023\/01\/85d4ad26-unknown_322981032_8494957317212826_8885290218650834826_n-150x150.jpg 150w, https:\/\/www.greenpeace.org\/static\/planet4-brasil-stateless\/2023\/01\/85d4ad26-unknown_322981032_8494957317212826_8885290218650834826_n-768x768.jpg 768w, https:\/\/www.greenpeace.org\/static\/planet4-brasil-stateless\/2023\/01\/85d4ad26-unknown_322981032_8494957317212826_8885290218650834826_n-340x340.jpg 340w\" sizes=\"auto, (max-width: 300px) 100vw, 300px\" \/><\/p>\n\n<p><a href=\"https:\/\/www.instagram.com\/p\/Cm7OROtpULB\/\"><strong>Os voluntas do Vale do Itaja\u00ed j\u00e1 iniciaram o ano com uma receita vegana!<\/strong><\/a> Quem compartilhou foi o volunt\u00e1rio Bruno Piske, ele arrasou no preparo do \u201cTofu Cake\u201d, vers\u00e3o vegana do \u201ccheesecake\u201d:<br><img loading=\"lazy\" decoding=\"async\" src=\"https:\/\/lh5.googleusercontent.com\/2c7LV4420rtdbTHEr-fC-FeS7XD_9o03zsSOFCSQRHfk7Zq65t7Pa_ohVQYrkG05xxok22lsA0V_LJMvJHZuOYa9uKPlgDixicxw0ARWDQPbjzyyk_Td69csI-86SoeV4_o8UmztppzrWiqYptQ1rvKaj05K_WRCUZD0v0OPI4tLQGHei4cge5ZyCtailg\" width=\"288\" height=\"284\"><img loading=\"lazy\" decoding=\"async\" src=\"https:\/\/lh6.googleusercontent.com\/7Ncddlj5JD_gW1pK9L2poKHvtvo01-TFQ-rpO-FduymT7N_7_Ubl-mKUyxF61I1QxHstLP5uQAWBcOMdVxmp3r5MFxOXVYzPwV0D9Cv9ahnlD3R50v5IVKQ3aBZNt46sGWC3faePSS8gF8KxmZCqDBrV5gKcxlQO6h6XVBJT5RcULDU8yKGBZuFWb4Q9MQ\" width=\"285\" height=\"284\"><\/p>\n\n<p>Isso a\u00ed, amores! Vamos continuar acompanhando essa galerinha incr\u00edvel, fiquem atentos \ud83d\udc40. Continuamos firmes e fortes na luta por um mundo mais justo, verde e pac\u00edfico. Beijo forte no cora\u00e7\u00e3o \ud83d\udc4b\ud83d\ude18<\/p>\n","protected":false},"excerpt":{"rendered":"<p>Os grupos locais relembraram a\u00e7\u00f5es do \u00faltimo ano e n\u00e3o perderam tempo para iniciar as novas atividades.<\/p>\n","protected":false},"author":103,"featured_media":44503,"comment_status":"open","ping_status":"closed","sticky":false,"template":"","format":"standard","meta":{"ep_exclude_from_search":false,"p4_og_title":"","p4_og_description":"","p4_og_image":"","p4_og_image_id":"","p4_seo_canonical_url":"","p4_campaign_name":"not set","p4_local_project":"not set","p4_basket_name":"not set","p4_department":"","footnotes":""},"categories":[5],"tags":[23],"p4-page-type":[16],"class_list":["post-44488","post","type-post","status-publish","format-standard","has-post-thumbnail","hentry","category-greenpeace","tag-mobilizacao","p4-page-type-blog"],"_links":{"self":[{"href":"https:\/\/www.greenpeace.org\/brasil\/wp-json\/wp\/v2\/posts\/44488","targetHints":{"allow":["GET"]}}],"collection":[{"href":"https:\/\/www.greenpeace.org\/brasil\/wp-json\/wp\/v2\/posts"}],"about":[{"href":"https:\/\/www.greenpeace.org\/brasil\/wp-json\/wp\/v2\/types\/post"}],"author":[{"embeddable":true,"href":"https:\/\/www.greenpeace.org\/brasil\/wp-json\/wp\/v2\/users\/103"}],"replies":[{"embeddable":true,"href":"https:\/\/www.greenpeace.org\/brasil\/wp-json\/wp\/v2\/comments?post=44488"}],"version-history":[{"count":1,"href":"https:\/\/www.greenpeace.org\/brasil\/wp-json\/wp\/v2\/posts\/44488\/revisions"}],"predecessor-version":[{"id":44504,"href":"https:\/\/www.greenpeace.org\/brasil\/wp-json\/wp\/v2\/posts\/44488\/revisions\/44504"}],"wp:featuredmedia":[{"embeddable":true,"href":"https:\/\/www.greenpeace.org\/brasil\/wp-json\/wp\/v2\/media\/44503"}],"wp:attachment":[{"href":"https:\/\/www.greenpeace.org\/brasil\/wp-json\/wp\/v2\/media?parent=44488"}],"wp:term":[{"taxonomy":"category","embeddable":true,"href":"https:\/\/www.greenpeace.org\/brasil\/wp-json\/wp\/v2\/categories?post=44488"},{"taxonomy":"post_tag","embeddable":true,"href":"https:\/\/www.greenpeace.org\/brasil\/wp-json\/wp\/v2\/tags?post=44488"},{"taxonomy":"p4-page-type","embeddable":true,"href":"https:\/\/www.greenpeace.org\/brasil\/wp-json\/wp\/v2\/p4-page-type?post=44488"}],"curies":[{"name":"wp","href":"https:\/\/api.w.org\/{rel}","templated":true}]}}