{"id":4460,"date":"2018-09-04T12:57:12","date_gmt":"2018-09-04T15:57:12","guid":{"rendered":"https:\/\/www.greenpeace.org\/brasil\/?p=4460"},"modified":"2019-11-06T05:20:21","modified_gmt":"2019-11-06T08:20:21","slug":"povos-indigenas-1-x-0-oleodutos","status":"publish","type":"post","link":"https:\/\/www.greenpeace.org\/brasil\/blog\/povos-indigenas-1-x-0-oleodutos\/","title":{"rendered":"Povos Ind\u00edgenas 1 x 0 Oleodutos"},"content":{"rendered":"<h4>Justi\u00e7a canadense paralisou as obras para amplia\u00e7\u00e3o de um oleoduto que amea\u00e7a terras ind\u00edgenas e pode contaminar as \u00e1guas da regi\u00e3o<\/h4>\n<p><img loading=\"lazy\" decoding=\"async\" class=\"alignnone wp-image-4461 size-large\" src=\"https:\/\/www.greenpeace.org\/static\/planet4-brasil-stateless\/2018\/09\/5aac1ba4-fca_canada-march-1024x1024.jpg\" alt=\"\" width=\"1024\" height=\"1024\" srcset=\"https:\/\/www.greenpeace.org\/static\/planet4-brasil-stateless\/2018\/09\/5aac1ba4-fca_canada-march-1024x1024.jpg 1024w, https:\/\/www.greenpeace.org\/static\/planet4-brasil-stateless\/2018\/09\/5aac1ba4-fca_canada-march-150x150.jpg 150w, https:\/\/www.greenpeace.org\/static\/planet4-brasil-stateless\/2018\/09\/5aac1ba4-fca_canada-march-300x300.jpg 300w, https:\/\/www.greenpeace.org\/static\/planet4-brasil-stateless\/2018\/09\/5aac1ba4-fca_canada-march-768x768.jpg 768w, https:\/\/www.greenpeace.org\/static\/planet4-brasil-stateless\/2018\/09\/5aac1ba4-fca_canada-march-340x340.jpg 340w, https:\/\/www.greenpeace.org\/static\/planet4-brasil-stateless\/2018\/09\/5aac1ba4-fca_canada-march.jpg 1080w\" sizes=\"auto, (max-width: 1024px) 100vw, 1024px\" \/><\/p>\n<p>Uma decis\u00e3o da Corte Federal Canadense no dia 30 de agosto decretou a paralisa\u00e7\u00e3o da expans\u00e3o do oleoduto Trans Mountain, que transporta petr\u00f3leo da regi\u00e3o de Alberta para a costa oeste do pa\u00eds. Esse projeto <strong>fara\u00f4nico amea\u00e7a terras ind\u00edgenas e a qualidade da \u00e1gua na regi\u00e3o por onde passariam os dutos<\/strong>. Al\u00e9m disso, \u00e9 um investimento em uma fonte de energia f\u00f3ssil e prejudicial ao clima global.<\/p>\n<p>A decis\u00e3o judicial declarou que o governo canadense falhou ao n\u00e3o consultar as popula\u00e7\u00f5es tradicionais que seriam atingidas pelo projeto. Outro problema apontado pela corte \u00e9 que o planejamento n\u00e3o levou em conta o aumento no tr\u00e1fego de navios na costa do Canad\u00e1, decorrente da amplia\u00e7\u00e3o de atividade petrol\u00edfera, que pode provocar uma s\u00e9rie de impactos, inclusive \u00e0 vida marinha na regi\u00e3o.<\/p>\n<p>Neste ano, o governo se tornou o respons\u00e1vel pelas obras de expans\u00e3o ao comprar a infraestrutura existente da empresa Kinder Morgan. Agora, <strong>o processo de licenciamento ambiental s\u00f3 poder\u00e1 ser retomado quando os povos ind\u00edgenas afetados forem devidamente escutados.<\/strong><\/p>\n<p>A senten\u00e7a representa uma grande vit\u00f3ria das popula\u00e7\u00f5es tradicionais, que t\u00eam sido a grande frente de resist\u00eancia contra o projeto. Elas j\u00e1 organizaram diversas manifesta\u00e7\u00f5es nos canteiros de obras para barrar o oleoduto e mostrar que suas reivindica\u00e7\u00f5es devem ser ouvidas.<\/p>\n<p>Agora, o governo federal do Canad\u00e1 dever\u00e1 corrigir os erros apontados pela Corte Federal antes que o projeto possa ser levado adiante. A decis\u00e3o da Justi\u00e7a pode provocar meses de atraso \u00e0 agenda inicial de obras e deve garantir que os direitos dos povos ind\u00edgenas sejam, enfim, respeitados.<\/p>\n<p><strong>A vit\u00f3ria das popula\u00e7\u00f5es tradicionais, com o apoio de diversas organiza\u00e7\u00f5es ambientais ao redor do mundo, mostra que podemos fazer a diferen\u00e7a e ganhar de grandes e poderosas empresas.<\/strong><\/p>\n<p>Mas o trabalho n\u00e3o acabou! Precisamos continuar pressionando e apoiando a luta das popula\u00e7\u00f5es tradicionais para que o projeto de expans\u00e3o do oleoduto seja barrado de uma vez por todas. Isso ir\u00e1 garantir o respeito ao territ\u00f3rio de povos origin\u00e1rios e o fim dos investimentos em energias f\u00f3sseis poluentes para que possamos construir, juntos, um futuro mais verde e justo para todos.<\/p>\n","protected":false},"excerpt":{"rendered":"<p>Justi\u00e7a canadense paralisou as obras para amplia\u00e7\u00e3o de um oleoduto que amea\u00e7a terras ind\u00edgenas e pode contaminar as \u00e1guas da regi\u00e3o.<\/p>\n","protected":false},"author":28,"featured_media":4461,"comment_status":"open","ping_status":"closed","sticky":false,"template":"","format":"standard","meta":{"ep_exclude_from_search":false,"p4_og_title":"","p4_og_description":"","p4_og_image":"","p4_og_image_id":"","p4_seo_canonical_url":"","p4_campaign_name":"","p4_local_project":"","p4_basket_name":"","p4_department":"","footnotes":""},"categories":[2],"tags":[6,7],"p4-page-type":[16],"class_list":["post-4460","post","type-post","status-publish","format-standard","has-post-thumbnail","hentry","category-transforme-a-sociedade","tag-clima","tag-energia","p4-page-type-blog"],"_links":{"self":[{"href":"https:\/\/www.greenpeace.org\/brasil\/wp-json\/wp\/v2\/posts\/4460","targetHints":{"allow":["GET"]}}],"collection":[{"href":"https:\/\/www.greenpeace.org\/brasil\/wp-json\/wp\/v2\/posts"}],"about":[{"href":"https:\/\/www.greenpeace.org\/brasil\/wp-json\/wp\/v2\/types\/post"}],"author":[{"embeddable":true,"href":"https:\/\/www.greenpeace.org\/brasil\/wp-json\/wp\/v2\/users\/28"}],"replies":[{"embeddable":true,"href":"https:\/\/www.greenpeace.org\/brasil\/wp-json\/wp\/v2\/comments?post=4460"}],"version-history":[{"count":2,"href":"https:\/\/www.greenpeace.org\/brasil\/wp-json\/wp\/v2\/posts\/4460\/revisions"}],"predecessor-version":[{"id":4463,"href":"https:\/\/www.greenpeace.org\/brasil\/wp-json\/wp\/v2\/posts\/4460\/revisions\/4463"}],"wp:featuredmedia":[{"embeddable":true,"href":"https:\/\/www.greenpeace.org\/brasil\/wp-json\/wp\/v2\/media\/4461"}],"wp:attachment":[{"href":"https:\/\/www.greenpeace.org\/brasil\/wp-json\/wp\/v2\/media?parent=4460"}],"wp:term":[{"taxonomy":"category","embeddable":true,"href":"https:\/\/www.greenpeace.org\/brasil\/wp-json\/wp\/v2\/categories?post=4460"},{"taxonomy":"post_tag","embeddable":true,"href":"https:\/\/www.greenpeace.org\/brasil\/wp-json\/wp\/v2\/tags?post=4460"},{"taxonomy":"p4-page-type","embeddable":true,"href":"https:\/\/www.greenpeace.org\/brasil\/wp-json\/wp\/v2\/p4-page-type?post=4460"}],"curies":[{"name":"wp","href":"https:\/\/api.w.org\/{rel}","templated":true}]}}