{"id":44628,"date":"2023-01-20T17:56:09","date_gmt":"2023-01-20T20:56:09","guid":{"rendered":"https:\/\/www.greenpeace.org\/brasil\/?p=44628"},"modified":"2023-01-23T11:30:17","modified_gmt":"2023-01-23T14:30:17","slug":"voluntas-mostram-como-a-doacao-de-roupas-pode-ajudar-as-pessoas-e-o-meio-ambiente","status":"publish","type":"post","link":"https:\/\/www.greenpeace.org\/brasil\/blog\/voluntas-mostram-como-a-doacao-de-roupas-pode-ajudar-as-pessoas-e-o-meio-ambiente\/","title":{"rendered":"Voluntas mostram como a doa\u00e7\u00e3o de roupas pode ajudar as pessoas e o meio ambiente"},"content":{"rendered":"\n<h4 class=\"wp-block-heading\"><strong>Neste in\u00edcio de ano, ativistas dedicam-se \u00e0s campanhas locais e a\u00e7\u00f5es sociais.<\/strong><\/h4>\n\n<p>Ol\u00e1! Espero que esteja tudo bem por a\u00ed.&nbsp;<\/p>\n\n<p>Os volunt\u00e1rios e volunt\u00e1rias t\u00eam investido tempo em a\u00e7\u00f5es solid\u00e1rias de diversas formas, uma delas \u00e9 a arrecada\u00e7\u00e3o de roupas. Voc\u00ea sabia que contribuir com essa a\u00e7\u00e3o tamb\u00e9m \u00e9 uma atitude sustent\u00e1vel?&nbsp;<\/p>\n\n<p>Um estudo da ONU de 2019 mostrou que a ind\u00fastria t\u00eaxtil \u00e9 respons\u00e1vel por 20% do total de desperd\u00edcio de \u00e1gua globalmente. O mesmo relat\u00f3rio tamb\u00e9m revelou que a fabrica\u00e7\u00e3o de roupas e cal\u00e7ados gera 8% dos gases do efeito estufa.<\/p>\n\n<p>Vivemos em um sistema que desperdi\u00e7a demasiadamente; Pensando nisso, eu te convido a tamb\u00e9m fazer a limpa no seu guarda-roupa e entrar para esse movimento de solidariedade. Ao doar roupas voc\u00ea promove a sustentabilidade, visto que a doa\u00e7\u00e3o aumenta o tempo de uso da pe\u00e7a, impedindo que ela v\u00e1 para os lix\u00f5es e polua ainda mais o meio ambiente.<\/p>\n\n<p>Inspire-se na galera do Ra\u00edzes (coletivo apoiado pelo grupo de volunt\u00e1rios e volunt\u00e1rias de S\u00e3o Paulo),<strong> <\/strong><a href=\"https:\/\/www.instagram.com\/p\/CnfgHk8vi76\/\"><strong>que visitou pela segunda vez a aldeia Tekoa Itakupe.<\/strong><\/a> As ativistas levaram doa\u00e7\u00f5es de roupas para as fam\u00edlias que t\u00eam sofrido com as chuvas intensas dos \u00faltimos dias:<br><img loading=\"lazy\" decoding=\"async\" src=\"https:\/\/lh5.googleusercontent.com\/nBA_fxoQpdgBYGdQaY8DPCOsZaYWGotbG47vxDPPweWCtziCkSc6G87zWzrbvq0phbHueifwnFHce1OIXXp93IsZ2f1LZgntX-5ZWuGuhgUX1u6KZxw2wNfGMIyuwQsiaVdl6sQ7ynrv-pMvQd5Y71d8ArRRJvqhNFCraPEIZwYRipRhgvKIoopAC3cgfg\" width=\"297\" height=\"367\"><img loading=\"lazy\" decoding=\"async\" src=\"https:\/\/lh6.googleusercontent.com\/zK4dhl9OnlRxOQdXeACUECph4dv-Wh1CNZg2ETfcno-mRuH7x0ZhlHYmc5rguy3jx7Cdskxm0jsL3fzIGKxQujPR6qJDdF6TR1FG9pkHdd8lUyNU-h1LVK27QL4747Qef5zj06qDAFJFdaSLJi0wfj0R5_KFYWHrw-PISqyOjIg8tzHgHmw0H1f7WMlshQ\" width=\"295\" height=\"368\"><\/p>\n\n<p>Na ter\u00e7a-feira (10), o grupo de Recife visitou a <em>Rede Feminina de combate ao C\u00e2ncer de Pernambuco <\/em>(<a href=\"https:\/\/www.instagram.com\/redefemininape\/\"><strong>@redefemininape<\/strong><\/a>) e entregou alimentos arrecadados na trilha solid\u00e1ria, realizada na semana retrasada:<br><img loading=\"lazy\" decoding=\"async\" width=\"400\" height=\"500\" class=\"wp-image-44631\" style=\"width: 400px;\" src=\"https:\/\/www.greenpeace.org\/static\/planet4-brasil-stateless\/2023\/01\/f69f80db-unknown_324707057_215336074246157_7081971922662538541_n.jpg\" alt=\"\" srcset=\"https:\/\/www.greenpeace.org\/static\/planet4-brasil-stateless\/2023\/01\/f69f80db-unknown_324707057_215336074246157_7081971922662538541_n.jpg 1080w, https:\/\/www.greenpeace.org\/static\/planet4-brasil-stateless\/2023\/01\/f69f80db-unknown_324707057_215336074246157_7081971922662538541_n-240x300.jpg 240w, https:\/\/www.greenpeace.org\/static\/planet4-brasil-stateless\/2023\/01\/f69f80db-unknown_324707057_215336074246157_7081971922662538541_n-819x1024.jpg 819w, https:\/\/www.greenpeace.org\/static\/planet4-brasil-stateless\/2023\/01\/f69f80db-unknown_324707057_215336074246157_7081971922662538541_n-768x960.jpg 768w, https:\/\/www.greenpeace.org\/static\/planet4-brasil-stateless\/2023\/01\/f69f80db-unknown_324707057_215336074246157_7081971922662538541_n-272x340.jpg 272w\" sizes=\"auto, (max-width: 400px) 100vw, 400px\" \/><\/p>\n\n<figure class=\"wp-block-image\"><img decoding=\"async\" src=\"https:\/\/lh3.googleusercontent.com\/oyimaDoxxOTaoxy6M7tAG004FreIYblXloLYuLKIZIaXA9NdHKZv27nNSemHBrSuWUydpoRKafdsw1nSGPYl15hwKUwsoO62KlHkTt97DQD7r9O7fJw7CdJLI1Magr8oQKv-AVwiDCW3qOk8RveMj3CYlzXZGHH8_6QQx4CwTWfZb8uGFroTB-n2Vb2bcw\" alt=\"\"\/><\/figure>\n\n<p>Na pr\u00f3xima segunda-feira (23), acontecer\u00e1 uma palestra organizada pelo Coletivo Preserva Reden\u00e7\u00e3o, um movimento contra a concess\u00e3o do Parque Reden\u00e7\u00e3o \u00e0 iniciativa privada. <a href=\"https:\/\/www.instagram.com\/p\/CnhPa3TOvFw\/\"><strong>Os volunt\u00e1rios e volunt\u00e1rias de Porto Alegre fizeram o convite para todas as pessoas ajudarem a defender nossas pra\u00e7as e parques urbanos, participando desse evento:<\/strong><\/a><br><img loading=\"lazy\" decoding=\"async\" width=\"400\" height=\"400\" class=\"wp-image-44630\" style=\"width: 400px;\" src=\"https:\/\/www.greenpeace.org\/static\/planet4-brasil-stateless\/2023\/01\/ea75cae1-unknown_325837435_1168902667164692_2212390825040285835_n.jpg\" alt=\"\" srcset=\"https:\/\/www.greenpeace.org\/static\/planet4-brasil-stateless\/2023\/01\/ea75cae1-unknown_325837435_1168902667164692_2212390825040285835_n.jpg 756w, https:\/\/www.greenpeace.org\/static\/planet4-brasil-stateless\/2023\/01\/ea75cae1-unknown_325837435_1168902667164692_2212390825040285835_n-300x300.jpg 300w, https:\/\/www.greenpeace.org\/static\/planet4-brasil-stateless\/2023\/01\/ea75cae1-unknown_325837435_1168902667164692_2212390825040285835_n-150x150.jpg 150w, https:\/\/www.greenpeace.org\/static\/planet4-brasil-stateless\/2023\/01\/ea75cae1-unknown_325837435_1168902667164692_2212390825040285835_n-340x340.jpg 340w\" sizes=\"auto, (max-width: 400px) 100vw, 400px\" \/><\/p>\n\n<figure class=\"wp-block-image\"><img decoding=\"async\" src=\"https:\/\/lh4.googleusercontent.com\/uC6wdvhktXY_11byo83t49vs0JO-zN5eHwC-TQfLTIQTmurqA9BAvZL4csNEJxrmMEsyH4lgE57dr9EiPNDvrxKbFQozfGhoDEbfPQA3QGs2MVpYWUjZiucd-XbwKfXxH1awx_fQDO79S7mEvmXQuHg8cW_D1zorTSjCZFt0OoyZyb01AyGUznX-zYWtnw\" alt=\"\"\/><\/figure>\n\n<p>Est\u00e1 sem ideia do que fazer na #SegundaSemCarne? Ent\u00e3o hoje os seus problemas acabaram! Se liga s\u00f3 nessas receitinhas maravilhosas que os grupos postaram na \u00faltima semana:<\/p>\n\n<p><a href=\"https:\/\/www.instagram.com\/p\/CneoyZ6umNC\/\"><strong>A galera de Bras\u00edlia ensinou a receita de macarr\u00e3o cremoso<\/strong><\/a>:<br><img loading=\"lazy\" decoding=\"async\" src=\"https:\/\/lh5.googleusercontent.com\/WI-QQiW7vRyDFu_I4__UXx9nrxKZBM_RuOwSesYxS3cL5L12AgVS-j2zKpmoAU0ilS3pwaLJGq20PWkx8dDw6CddFd1QG9zUwBEyCPYpRY24Qy2hgUOfUFXUhpRqndM-b0Hp5nhMCe3UF90eqhm44LTTIv2lXcXOE0F9Xbx9ZKKrjrKTX59EtKA1dwU1Bg\" width=\"359\" height=\"358\"><\/p>\n\n<p>J\u00e1 pra voc\u00ea que est\u00e1 na dieta low carb (baixa em carboidrato), <a href=\"https:\/\/www.instagram.com\/p\/CnemFJprvYz\/\"><strong>o grupo de Jo\u00e3o Pessoa ensinou a fazer um \u201cgr\u00e3omelete\u201d, omelete de gr\u00e3o-de-bico<\/strong><\/a>:<strong><br><\/strong><img loading=\"lazy\" decoding=\"async\" width=\"350\" height=\"350\" class=\"wp-image-44629\" style=\"width: 350px;\" src=\"https:\/\/www.greenpeace.org\/static\/planet4-brasil-stateless\/2023\/01\/08cc3b48-unknown_325526659_146317558219131_8814419618450210890_n.jpg\" alt=\"\" srcset=\"https:\/\/www.greenpeace.org\/static\/planet4-brasil-stateless\/2023\/01\/08cc3b48-unknown_325526659_146317558219131_8814419618450210890_n.jpg 1080w, https:\/\/www.greenpeace.org\/static\/planet4-brasil-stateless\/2023\/01\/08cc3b48-unknown_325526659_146317558219131_8814419618450210890_n-300x300.jpg 300w, https:\/\/www.greenpeace.org\/static\/planet4-brasil-stateless\/2023\/01\/08cc3b48-unknown_325526659_146317558219131_8814419618450210890_n-1024x1024.jpg 1024w, https:\/\/www.greenpeace.org\/static\/planet4-brasil-stateless\/2023\/01\/08cc3b48-unknown_325526659_146317558219131_8814419618450210890_n-150x150.jpg 150w, https:\/\/www.greenpeace.org\/static\/planet4-brasil-stateless\/2023\/01\/08cc3b48-unknown_325526659_146317558219131_8814419618450210890_n-768x768.jpg 768w, https:\/\/www.greenpeace.org\/static\/planet4-brasil-stateless\/2023\/01\/08cc3b48-unknown_325526659_146317558219131_8814419618450210890_n-340x340.jpg 340w\" sizes=\"auto, (max-width: 350px) 100vw, 350px\" \/><\/p>\n\n<p><br>Gostou das receitinhas? Que tal colocar nas metas de 2023 investir em uma alimenta\u00e7\u00e3o mais saud\u00e1vel e sustent\u00e1vel? N\u00f3s podemos te ajudar nisso! <a href=\"https:\/\/conexaoverde.greenpeace.org.br\/index.php\/group\/agricultura-e-alimentacao\/stream\"><strong>Entre agora para o grupo de Agricultura e Alimenta\u00e7\u00e3o, no Conex\u00e3o Verde.<\/strong><\/a> Por l\u00e1, n\u00f3s trocamos receitas e debatemos sobre not\u00edcias, v\u00eddeos, blogs e tudo o que pode nos ajudar a ter uma alimenta\u00e7\u00e3o mais equilibrada. Te espero l\u00e1! \ud83e\udd51\ud83e\udd6c\ud83c\udf4e\ud83e\udd55<\/p>\n","protected":false},"excerpt":{"rendered":"<p>Neste in\u00edcio de ano, ativistas dedicam-se \u00e0s campanhas locais e a\u00e7\u00f5es sociais.<\/p>\n","protected":false},"author":103,"featured_media":44633,"comment_status":"open","ping_status":"closed","sticky":false,"template":"","format":"standard","meta":{"ep_exclude_from_search":false,"p4_og_title":"","p4_og_description":"","p4_og_image":"","p4_og_image_id":"","p4_seo_canonical_url":"","p4_campaign_name":"not set","p4_local_project":"not set","p4_basket_name":"not set","p4_department":"","footnotes":""},"categories":[5],"tags":[23],"p4-page-type":[16],"class_list":["post-44628","post","type-post","status-publish","format-standard","has-post-thumbnail","hentry","category-greenpeace","tag-mobilizacao","p4-page-type-blog"],"_links":{"self":[{"href":"https:\/\/www.greenpeace.org\/brasil\/wp-json\/wp\/v2\/posts\/44628","targetHints":{"allow":["GET"]}}],"collection":[{"href":"https:\/\/www.greenpeace.org\/brasil\/wp-json\/wp\/v2\/posts"}],"about":[{"href":"https:\/\/www.greenpeace.org\/brasil\/wp-json\/wp\/v2\/types\/post"}],"author":[{"embeddable":true,"href":"https:\/\/www.greenpeace.org\/brasil\/wp-json\/wp\/v2\/users\/103"}],"replies":[{"embeddable":true,"href":"https:\/\/www.greenpeace.org\/brasil\/wp-json\/wp\/v2\/comments?post=44628"}],"version-history":[{"count":2,"href":"https:\/\/www.greenpeace.org\/brasil\/wp-json\/wp\/v2\/posts\/44628\/revisions"}],"predecessor-version":[{"id":44637,"href":"https:\/\/www.greenpeace.org\/brasil\/wp-json\/wp\/v2\/posts\/44628\/revisions\/44637"}],"wp:featuredmedia":[{"embeddable":true,"href":"https:\/\/www.greenpeace.org\/brasil\/wp-json\/wp\/v2\/media\/44633"}],"wp:attachment":[{"href":"https:\/\/www.greenpeace.org\/brasil\/wp-json\/wp\/v2\/media?parent=44628"}],"wp:term":[{"taxonomy":"category","embeddable":true,"href":"https:\/\/www.greenpeace.org\/brasil\/wp-json\/wp\/v2\/categories?post=44628"},{"taxonomy":"post_tag","embeddable":true,"href":"https:\/\/www.greenpeace.org\/brasil\/wp-json\/wp\/v2\/tags?post=44628"},{"taxonomy":"p4-page-type","embeddable":true,"href":"https:\/\/www.greenpeace.org\/brasil\/wp-json\/wp\/v2\/p4-page-type?post=44628"}],"curies":[{"name":"wp","href":"https:\/\/api.w.org\/{rel}","templated":true}]}}