{"id":4464,"date":"2018-09-05T10:00:08","date_gmt":"2018-09-05T13:00:08","guid":{"rendered":"https:\/\/www.greenpeace.org\/brasil\/?p=4464"},"modified":"2023-08-23T00:07:22","modified_gmt":"2023-08-23T03:07:22","slug":"uma-tartaruga-marinha-voa-para-proteger-os-oceanos","status":"publish","type":"post","link":"https:\/\/www.greenpeace.org\/brasil\/blog\/uma-tartaruga-marinha-voa-para-proteger-os-oceanos\/","title":{"rendered":"Uma tartaruga-marinha voa para proteger os oceanos"},"content":{"rendered":"<h4>Durante reuni\u00e3o da ONU com l\u00edderes do mundo todo, Greenpeace levou animais marinhos para chamar aten\u00e7\u00e3o \u00e0 necessidade urgente de um tratado global para o alto-mar.<\/h4>\n<div id=\"attachment_4466\" style=\"width: 1210px\" class=\"wp-caption aligncenter\"><img loading=\"lazy\" decoding=\"async\" aria-describedby=\"caption-attachment-4466\" class=\"wp-image-4466 size-full\" src=\"https:\/\/www.greenpeace.org\/static\/planet4-brasil-stateless\/2018\/09\/1fb3205d-gp0stsdpp.jpg\" alt=\"Em bote, ativistas levam uma pipa em formato de tartatuga-marinha para a frente da sede da ONU\" width=\"1200\" height=\"801\" srcset=\"https:\/\/www.greenpeace.org\/static\/planet4-brasil-stateless\/2018\/09\/1fb3205d-gp0stsdpp.jpg 1200w, https:\/\/www.greenpeace.org\/static\/planet4-brasil-stateless\/2018\/09\/1fb3205d-gp0stsdpp-300x200.jpg 300w, https:\/\/www.greenpeace.org\/static\/planet4-brasil-stateless\/2018\/09\/1fb3205d-gp0stsdpp-768x513.jpg 768w, https:\/\/www.greenpeace.org\/static\/planet4-brasil-stateless\/2018\/09\/1fb3205d-gp0stsdpp-1024x684.jpg 1024w, https:\/\/www.greenpeace.org\/static\/planet4-brasil-stateless\/2018\/09\/1fb3205d-gp0stsdpp-510x340.jpg 510w\" sizes=\"auto, (max-width: 1200px) 100vw, 1200px\" \/><p id=\"caption-attachment-4466\" class=\"wp-caption-text\">Ativistas do Greenpeace levaram uma tartaruga-marinha gigante para a frente da ONU, em Nova York.<\/p><\/div>\n<p><span style=\"font-weight: 400;\">Uma tartaruga-marinha foi avistada nesta ter\u00e7a-feira (5\/09) em frente \u00e0 sede das Na\u00e7\u00f5es Unidas, em Nova York. E n\u00e3o por acaso: Era ali que, pela primeira vez na hist\u00f3ria, representantes de diversos pa\u00edses come\u00e7avam a negociar um<strong> Tratado Global para os Oceanos.<\/strong><\/span><\/p>\n<p>O objetivo \u00e9 que o tratado proteja as chamadas &#8220;\u00e1guas internacionais&#8221;, ou &#8220;alto-mar&#8221;, que cobrem dois ter\u00e7os da Terra, mas n\u00e3o pertencem a nenhum pa\u00eds. Apenas 1% dessas \u00e1guas s\u00e3o protegidas atualmente.<i><\/i><\/p>\n<p><span style=\"font-weight: 400;\">Segundo Sandra Schoettner, porta-voz do Greenpeace Alemanha que estava em Nova York, n\u00e3o \u00e9 exagero dizer que a reuni\u00e3o \u00e9 um marco hist\u00f3rico. &#8220;\u00c9 urgente que os governantes criem um tratado que nos permita ter uma rede de santu\u00e1rios marinhos ao redor do mundo&#8221;, disse.<\/span><\/p>\n<p><span style=\"font-weight: 400;\"><a href=\"https:\/\/www.greenpeace.org\/brasil\/blog\/precisamos-proteger-o-alto-mar\/\" target=\"_blank\" rel=\"noopener noreferrer\">O Tratado Global para os Oceanos<\/a> \u00e9 crucial porque hoje n\u00e3o existe nenhuma lei mundial que proteja a maior parte das \u00e1guas internacionais. Existem apenas normas sobre a forma como exploramos os recursos nelas. <\/span>O resultado disso \u00e9 que <b>os oceanos est\u00e3o agora no seu limite, amea\u00e7ados pela sobrepesca, polui\u00e7\u00e3o e mudan\u00e7as clim\u00e1ticas.<\/b><i><\/i><\/p>\n<div id=\"attachment_4467\" style=\"width: 795px\" class=\"wp-caption aligncenter\"><img loading=\"lazy\" decoding=\"async\" aria-describedby=\"caption-attachment-4467\" class=\"wp-image-4467 size-full\" src=\"https:\/\/www.greenpeace.org\/static\/planet4-brasil-stateless\/2018\/09\/6521f83a-ocean-treaty.png\" alt=\"Ativistas seguram banner com a frase &quot;Nossos oceanos precisam de prote\u00e7\u00e3o global&quot;. \" width=\"785\" height=\"639\" srcset=\"https:\/\/www.greenpeace.org\/static\/planet4-brasil-stateless\/2018\/09\/6521f83a-ocean-treaty.png 785w, https:\/\/www.greenpeace.org\/static\/planet4-brasil-stateless\/2018\/09\/6521f83a-ocean-treaty-300x244.png 300w, https:\/\/www.greenpeace.org\/static\/planet4-brasil-stateless\/2018\/09\/6521f83a-ocean-treaty-418x340.png 418w\" sizes=\"auto, (max-width: 785px) 100vw, 785px\" \/><p id=\"caption-attachment-4467\" class=\"wp-caption-text\">Ativistas tamb\u00e9m levaram um banner em portugu\u00eas para a o protesto pac\u00edfico.<\/p><\/div>\n<p><span style=\"font-weight: 400;\">&#8220;O alto-mar pertence a todos n\u00f3s, mas se n\u00e3o agirmos logo, perderemos habitats vitais e esp\u00e9cies que nem tivemos tempo de conhecer. Os l\u00edderes mundiais devem mostrar sua vis\u00e3o para alcan\u00e7ar a meta de proteger 30% dos oceanos at\u00e9 2030. E isso s\u00f3 \u00e9 poss\u00edvel com um tratado que estabele\u00e7a prote\u00e7\u00e3o real para essas \u00e1guas e nos permita criar uma rede de santu\u00e1rios&#8221;, ressalta Sandra Schoettner.<\/span><i><\/i><\/p>\n<p><span style=\"font-weight: 400;\">Um dos exemplos de santu\u00e1rios que deve ser criado \u00e9 o do <\/span><b>Oceano Ant\u00e1rtico<\/b><span style=\"font-weight: 400;\">. Desde janeiro deste ano, n\u00f3s do Greenpeace estamos trabalhando para que as \u00e1guas da Ant\u00e1rtida sejam protegidas da pesca predat\u00f3ria que a amea\u00e7a. <\/span><\/p>\n<p><span style=\"font-weight: 400;\">Mais de 1,8 milh\u00e3o de pessoas assinaram a peti\u00e7\u00e3o defendendo esse santu\u00e1rio.\u00a0<\/span><span style=\"font-weight: 400;\">Se voc\u00ea n\u00e3o faz parte desse movimento, ainda d\u00e1 tempo!<\/span><!--HubSpot Call-to-Action Code --><span id=\"hs-cta-wrapper-25183f8d-d55a-4bbf-9e7d-3a6d0f9d2f40\" class=\"hs-cta-wrapper\"><span id=\"hs-cta-25183f8d-d55a-4bbf-9e7d-3a6d0f9d2f40\" class=\"hs-cta-node hs-cta-25183f8d-d55a-4bbf-9e7d-3a6d0f9d2f40\"><!-- [if lte IE 8]&gt;--><\/span><\/span><\/p>\n<p><a href=\"https:\/\/cta-redirect.hubspot.com\/cta\/redirect\/537105\/25183f8d-d55a-4bbf-9e7d-3a6d0f9d2f40\" target=\"_blank\" rel=\"noopener noreferrer\"><img decoding=\"async\" id=\"hs-cta-img-25183f8d-d55a-4bbf-9e7d-3a6d0f9d2f40\" class=\"hs-cta-img aligncenter\" src=\"https:\/\/no-cache.hubspot.com\/cta\/default\/537105\/25183f8d-d55a-4bbf-9e7d-3a6d0f9d2f40.png\" alt=\"Assine a peti\u00e7\u00e3o\" \/><\/a><\/p>\n","protected":false},"excerpt":{"rendered":"<p>Durante reuni\u00e3o da ONU com l\u00edderes do mundo todo, Greenpeace levou animais marinhos para chamar aten\u00e7\u00e3o \u00e0 necessidade urgente de um tratado global para o alto-mar.<\/p>\n","protected":false},"author":28,"featured_media":4466,"comment_status":"open","ping_status":"closed","sticky":false,"template":"","format":"standard","meta":{"ep_exclude_from_search":false,"p4_og_title":"","p4_og_description":"","p4_og_image":"","p4_og_image_id":"","p4_seo_canonical_url":"","p4_campaign_name":"","p4_local_project":"","p4_basket_name":"","p4_department":"","footnotes":""},"categories":[64,3],"tags":[26,27],"p4-page-type":[16],"class_list":["post-4464","post","type-post","status-publish","format-standard","has-post-thumbnail","hentry","category-oceanos","category-proteja-a-natureza","tag-biodiversidade","tag-oceanos","p4-page-type-blog"],"_links":{"self":[{"href":"https:\/\/www.greenpeace.org\/brasil\/wp-json\/wp\/v2\/posts\/4464","targetHints":{"allow":["GET"]}}],"collection":[{"href":"https:\/\/www.greenpeace.org\/brasil\/wp-json\/wp\/v2\/posts"}],"about":[{"href":"https:\/\/www.greenpeace.org\/brasil\/wp-json\/wp\/v2\/types\/post"}],"author":[{"embeddable":true,"href":"https:\/\/www.greenpeace.org\/brasil\/wp-json\/wp\/v2\/users\/28"}],"replies":[{"embeddable":true,"href":"https:\/\/www.greenpeace.org\/brasil\/wp-json\/wp\/v2\/comments?post=4464"}],"version-history":[{"count":8,"href":"https:\/\/www.greenpeace.org\/brasil\/wp-json\/wp\/v2\/posts\/4464\/revisions"}],"predecessor-version":[{"id":12852,"href":"https:\/\/www.greenpeace.org\/brasil\/wp-json\/wp\/v2\/posts\/4464\/revisions\/12852"}],"wp:featuredmedia":[{"embeddable":true,"href":"https:\/\/www.greenpeace.org\/brasil\/wp-json\/wp\/v2\/media\/4466"}],"wp:attachment":[{"href":"https:\/\/www.greenpeace.org\/brasil\/wp-json\/wp\/v2\/media?parent=4464"}],"wp:term":[{"taxonomy":"category","embeddable":true,"href":"https:\/\/www.greenpeace.org\/brasil\/wp-json\/wp\/v2\/categories?post=4464"},{"taxonomy":"post_tag","embeddable":true,"href":"https:\/\/www.greenpeace.org\/brasil\/wp-json\/wp\/v2\/tags?post=4464"},{"taxonomy":"p4-page-type","embeddable":true,"href":"https:\/\/www.greenpeace.org\/brasil\/wp-json\/wp\/v2\/p4-page-type?post=4464"}],"curies":[{"name":"wp","href":"https:\/\/api.w.org\/{rel}","templated":true}]}}