{"id":44957,"date":"2023-02-14T12:31:50","date_gmt":"2023-02-14T15:31:50","guid":{"rendered":"https:\/\/www.greenpeace.org\/brasil\/?p=44957"},"modified":"2023-02-14T12:40:42","modified_gmt":"2023-02-14T15:40:42","slug":"davi-kopenawa-nao-existe-essa-conversa-de-que-sem-o-garimpo-o-indigena-morre-de-fome-chega-desse-papo-furado","status":"publish","type":"post","link":"https:\/\/www.greenpeace.org\/brasil\/blog\/davi-kopenawa-nao-existe-essa-conversa-de-que-sem-o-garimpo-o-indigena-morre-de-fome-chega-desse-papo-furado\/","title":{"rendered":"Davi Kopenawa: \u201cN\u00e3o existe essa conversa de que sem o garimpo o ind\u00edgena morre de fome. Chega desse papo furado\u201d"},"content":{"rendered":"\n<h4 class=\"wp-block-heading\"><em>Na luta contra o garimpo ilegal, o xam\u00e3 defende uma alian\u00e7a in\u00e9dita e hist\u00f3rica entre os Yanomami, os Munduruku e os Kayap\u00f3<\/em><\/h4>\n\n<figure class=\"wp-block-image aligncenter size-large\"><img loading=\"lazy\" decoding=\"async\" width=\"682\" height=\"1024\" src=\"https:\/\/www.greenpeace.org\/static\/planet4-brasil-stateless\/2023\/02\/b0dbf084-rs101994_sny04954-lpr-1-682x1024.jpg\" alt=\"\" class=\"wp-image-44960\" srcset=\"https:\/\/www.greenpeace.org\/static\/planet4-brasil-stateless\/2023\/02\/b0dbf084-rs101994_sny04954-lpr-1-682x1024.jpg 682w, https:\/\/www.greenpeace.org\/static\/planet4-brasil-stateless\/2023\/02\/b0dbf084-rs101994_sny04954-lpr-1-200x300.jpg 200w, https:\/\/www.greenpeace.org\/static\/planet4-brasil-stateless\/2023\/02\/b0dbf084-rs101994_sny04954-lpr-1-768x1152.jpg 768w, https:\/\/www.greenpeace.org\/static\/planet4-brasil-stateless\/2023\/02\/b0dbf084-rs101994_sny04954-lpr-1-1024x1536.jpg 1024w, https:\/\/www.greenpeace.org\/static\/planet4-brasil-stateless\/2023\/02\/b0dbf084-rs101994_sny04954-lpr-1-910x1366.jpg 910w, https:\/\/www.greenpeace.org\/static\/planet4-brasil-stateless\/2023\/02\/b0dbf084-rs101994_sny04954-lpr-1-227x340.jpg 227w, https:\/\/www.greenpeace.org\/static\/planet4-brasil-stateless\/2023\/02\/b0dbf084-rs101994_sny04954-lpr-1.jpg 1333w\" sizes=\"auto, (max-width: 682px) 100vw, 682px\" \/><figcaption class=\"wp-element-caption\">Davi Kopenawa denuncia h\u00e1 anos os males do garimpo ilegal: &#8220;Est\u00e3o deixando marcas na minha casa, na minha terra&#8221;<div class=\"credit icon-left\">  \u00a9 Christian Braga \/ ISA<\/div><\/figcaption><\/figure>\n\n<p>A ocasi\u00e3o era solene: numa pequena sala em Bras\u00edlia (DF), em dezembro de 2022, trinta das maiores lideran\u00e7as ind\u00edgenas do pa\u00eds se reuniam. Eles discutiam como combater o garimpo ilegal, uma das chagas que afligem hoje os povos origin\u00e1rios do Brasil. <strong>Estavam na sala lideran\u00e7as Yanomami, Munduruku e Kayap\u00f3 Meb\u00eang\u00f4kre<\/strong>. As Terras Ind\u00edgenas guardadas por esses povos, situadas em Roraima, Amazonas e Par\u00e1, registram mais de 90% da \u00e1rea degradada pelo garimpo ilegal dentro dos territ\u00f3rios origin\u00e1rios, segundo o Instituto Socioambiental (ISA).\u00a0<\/p>\n\n<p>Um dos presentes nessa conversa era Davi Kopenawa. L\u00edder pol\u00edtico, xam\u00e3 e presidente da Hutukara Associa\u00e7\u00e3o Yanomami, <strong>ele \u00e9 uma das lideran\u00e7as intelectuais e espirituais mais renomadas dos povos ind\u00edgenas brasileiros<\/strong>. Davi Kopenawa \u00e9 ouvido internacionalmente &#8211; neste in\u00edcio de fevereiro, ele esteve na sede da Organiza\u00e7\u00e3o das Na\u00e7\u00f5es Unidas (ONU) em Nova Iorque, nos Estados Unidos, denunciando a crise pela qual passa seu povo.<\/p>\n\n<div class=\"wp-block-buttons is-content-justification-center is-layout-flex wp-container-core-buttons-is-layout-16018d1d wp-block-buttons-is-layout-flex\">\n<div class=\"wp-block-button\"><a class=\"wp-block-button__link wp-element-button\" href=\"https:\/\/www.greenpeace.org\/brasil\/apoie\/amazonia-livre-de-garimpo\/\" target=\"_blank\" rel=\"noreferrer noopener\">Assine a peti\u00e7\u00e3o #Amaz\u00f4niaLivredeGarimpo<\/a><\/div>\n<\/div>\n\n<p><strong>Acordo in\u00e9dito e hist\u00f3rico<\/strong><\/p>\n\n<p>Na reuni\u00e3o em Bras\u00edlia, Davi Kopenawa defendeu a <em>Alian\u00e7a em Defesa dos Territ\u00f3rios<\/em>. Esta Alian\u00e7a, pactuada recentemente, consiste numa uni\u00e3o dos tr\u00eas povos mais violentados pelo garimpo ilegal, que resolveram lutar juntos contra este problema.<strong> \u00c9 um acordo in\u00e9dito e hist\u00f3rico, que p\u00f5e na mesma mesa algumas lideran\u00e7as hist\u00f3ricas desses tr\u00eas povos, mas tamb\u00e9m re\u00fane os jovens que receberam a responsabilidade de manter a luta pela prote\u00e7\u00e3o de seus territ\u00f3rios. <\/strong>Todos<strong> <\/strong>v\u00e3o emprestar suas for\u00e7as, experi\u00eancias e ancestralidades para combater a grande chaga que fere os rios e florestas brasileiros.&nbsp;&nbsp;<\/p>\n\n<p>As lideran\u00e7as come\u00e7am, nos pr\u00f3ximos meses, um trabalho de incid\u00eancia pol\u00edtica, nacional e internacional, que <strong>vai refor\u00e7ar o maior pedido dos povos origin\u00e1rios da Amaz\u00f4nia hoje: a expuls\u00e3o dos garimpeiros de seus territ\u00f3rios<\/strong>. Outras medidas s\u00e3o necess\u00e1rias &#8211; a revitaliza\u00e7\u00e3o de bases da Funai e Ibama e a identifica\u00e7\u00e3o de quem financia os garimpos, por exemplo &#8211; mas a retirada dos garimpeiros das terras ind\u00edgenas \u00e9 hoje a mais urgente e efetiva medida para combater este problema.&nbsp;&nbsp;<\/p>\n\n<p>Reproduzimos abaixo uma das falas de Davi Kopenawa no encontro em Bras\u00edlia &#8211; em que ele descreve a situa\u00e7\u00e3o vivida pelos Yanomami e defende o trabalho conjunto de tr\u00eas das grandes na\u00e7\u00f5es ind\u00edgenas do nosso pa\u00eds.<\/p>\n\n<p><em>\u201cTem que tirar o garimpeiro da nossa terra. N\u00e3o existe essa conversa de que sem o garimpo o ind\u00edgena morre de fome. Chega desse nhem nhem nhem, desse papo furado. Os garimpeiros t\u00eam que ser retirados das nossas terras. O governo, o Minist\u00e9rio P\u00fablico Federal e o Ibama precisam cuidar deles. Os parentes est\u00e3o ficando sem comida. N\u00e3o estou triste, nem desanimado com essa situa\u00e7\u00e3o. Estou \u00e9 revoltado. Tem muitas comunidades nossas que n\u00e3o querem garimpo. Garimpeiro d\u00e1 rabeta, d\u00e1 gasolina, d\u00e1 rel\u00f3gio\u2026 d\u00e1 \u00e1lcool para os ind\u00edgenas. Mas o garimpeiro n\u00e3o cria escola.<\/em><\/p>\n\n<p><em>Os garimpeiros n\u00e3o nasceram nas montanhas das terras Yanomami. Eles v\u00eam de outros lugares, est\u00e3o na Europa, nos Estados Unidos. Os garimpeiros n\u00e3o nasceram das montanhas, como n\u00f3s. O rio Palimi\u00fa est\u00e1 sujo, polu\u00eddo. Vem muita arma de fogo, aeronave e helic\u00f3pteros da Venezuela.<\/em><\/p>\n\n<p><em>As drogas est\u00e3o estragando o jovem Yanomami. Os garimpeiros vem pras nossas florestas sem suas mulheres, eles deixam elas em casa. Os garimpeiros n\u00e3o se preocupam com as nossas mulheres ou fam\u00edlias. Eles aliciam nossas jovens, ficam com nossas mulheres. Fazem filhos nas nossas aldeias, que nascem, crescem. Por isso os garimpeiros dizem: \u2018essa terra \u00e9 nossa, esse territ\u00f3rio \u00e9 meu\u2019. A\u00ed ficam vindo mais garimpeiros e mais gente. N\u00e3o convidei garimpeiros para estragar a minha casa. Tem m\u00e1quina demais: m\u00e1quina alem\u00e3, chinesa, canadense, americana. Tem m\u00e1quina demais na minha casa.<\/em><\/p>\n\n<p><em>J\u00e1 conversei com o Lula. N\u00e3o tive pena dele. J\u00e1 disse a ele que, no passado, ele quebrou as pernas da Funai. Depois dele quem mais estragou a Funai foi Bolsonaro. A Funai precisa de um posto de vigil\u00e2ncia, de uma base na Terra Ind\u00edgena Yanomami.&nbsp;<\/em><\/p>\n\n<p><em>Tem que tirar as doen\u00e7as que est\u00e3o na minha terra: mal\u00e1ria, leishmaniose\u2026 est\u00e3o deixando marcas na minha casa, na minha terra. Bolsonaro empurrou os garimpeiros para dentro do nosso territ\u00f3rio. O governo do Bolsonaro s\u00f3 olhava o dinheiro. O dinheiro n\u00e3o vai salvar nossa vida, nosso planeta. Bolsonaro n\u00e3o via que a gente precisa respirar junto com as montanhas e as \u00e1guas. Respiramos juntos. Somos um cora\u00e7\u00e3o s\u00f3, junto da nossa terra-m\u00e3e.<\/em><\/p>\n\n<p><em>Vou continuar reclamando e cobrando. Precisamos recuperar a sa\u00fade ind\u00edgena. Sem tirar os garimpeiros, as doen\u00e7as n\u00e3o v\u00e3o sair do nosso territ\u00f3rio. Roubaram nossos medicamentos, levaram nossos rem\u00e9dios, desviaram as nossas vacinas durante a epidemia de covid-19. Nosso inimigo n\u00e3o pode ficar mais forte, n\u00e3o podemos voltar a ser como era em 91 ou 92, quando os garimpeiros invadiram nossa terra pela primeira vez. Precisamos olhar pra frente, precisamos ficar juntos: os povos Munduruku, Kayap\u00f3 e Yanomami.<\/em><\/p>\n\n<p><em>N\u00f3s, ind\u00edgenas que sofremos com o garimpo, somos irm\u00e3os. Eu penso isso. N\u00e3o estamos sofrendo sozinhos. Estamos sofrendo todos juntos. Os grandes e os pequenos. Os brancos sempre falam que a Terra Ind\u00edgena Yanomami \u00e9 grande, tem pouco \u00edndio e muita terra. Mas na cidade tem muita gente tamb\u00e9m. Nas cidades tem muito carro e lixo.<\/em><\/p>\n\n<p><em>Os chefes dos garimpos nos perseguem. Os Guarani t\u00eam uma terra pequena, mas sofrem demais. Queremos a retirada dos garimpeiros. Esse \u00e9 o primeiro passo. A retirada dos garimpeiros da Terra Ind\u00edgena Yanomami.&nbsp;<\/em><\/p>\n\n<p><em>Queremos que este ano a Funai, Ibama, PF se preparem e tirem os garimpeiros das nossas terras. Lula nos prometeu, todos os brancos viram. Se eu encontr\u00e1-lo, vou cobrar. Ele nos prometeu. Branco com branco se entende. Se eu for tirar o garimpeiro, eu morro. Jair Bolsonaro foi, para n\u00f3s, como uma entidade que quebra tudo, suja e desorganiza&nbsp; As crian\u00e7as Yanomami precisam ser removidas para a cidade. N\u00e3o temos rem\u00e9dios, m\u00e9dicos nem enfermeiras nos territ\u00f3rios\u201d.&nbsp;<\/em><\/p>\n\n<p><strong>A crise humanit\u00e1ria<\/strong><\/p>\n\n<p>A Terra Ind\u00edgena Yanomami \u00e9 a maior terra ind\u00edgena do Brasil, com mais 96 mil quil\u00f4metros quadrados de extens\u00e3o situados entre Roraima e o Amazonas. Homologada em 1992, ela abriga mais de 26 mil pessoas, incluindo ind\u00edgenas Yanomami, Ye&#8217;kwana e diversos outros povos em isolamento volunt\u00e1rio. <strong>\u00c9 um dos<\/strong> <strong>territ\u00f3rios origin\u00e1rios mais saqueados pelo garimpo ilegal &#8211; entre outubro de 2018 e dezembro de 2022, <\/strong><a href=\"https:\/\/www.socioambiental.org\/noticias-socioambientais\/garimpo-ilegal-na-terra-yanomami-cresceu-54-em-2022-aponta-hutukara\"><strong>o desmatamento acumulado associado ao garimpo naquele local cresceu 309%<\/strong><\/a>. Somente em 2022, o garimpo ilegal no interior do territ\u00f3rio cresceu 54% e devastou novos 1.782 hectares.\u00a0<\/p>\n\n<p>No in\u00edcio de 2023, o governo federal decretou Estado de Emerg\u00eancia <strong>por conta da crise humanit\u00e1ria vivida pelo povo Yanomami. <\/strong>Este povo \u00e9 v\u00edtima de uma equa\u00e7\u00e3o perversa, que se origina na conviv\u00eancia for\u00e7ada com os mais de 20 mil garimpeiros que causa desorganiza\u00e7\u00e3o de seu modo de vida, al\u00e9m de uma onda severa de fome e doen\u00e7as.<\/p>\n\n<div class=\"wp-block-buttons is-content-justification-center is-layout-flex wp-container-core-buttons-is-layout-16018d1d wp-block-buttons-is-layout-flex\"><\/div>\n","protected":false},"excerpt":{"rendered":"<p>Na luta contra o garimpo ilegal, o xam\u00e3 defende uma alian\u00e7a in\u00e9dita e hist\u00f3rica entre os Yanomami, os Munduruku e os Kayap\u00f3<\/p>\n","protected":false},"author":90,"featured_media":44960,"comment_status":"open","ping_status":"closed","sticky":false,"template":"","format":"standard","meta":{"ep_exclude_from_search":false,"p4_og_title":"","p4_og_description":"","p4_og_image":"","p4_og_image_id":"","p4_seo_canonical_url":"","p4_campaign_name":"not set","p4_local_project":"not set","p4_basket_name":"not set","p4_department":"","footnotes":""},"categories":[49],"tags":[43],"p4-page-type":[16],"class_list":["post-44957","post","type-post","status-publish","format-standard","has-post-thumbnail","hentry","category-amazonia","tag-povos-e-territorios","p4-page-type-blog"],"_links":{"self":[{"href":"https:\/\/www.greenpeace.org\/brasil\/wp-json\/wp\/v2\/posts\/44957","targetHints":{"allow":["GET"]}}],"collection":[{"href":"https:\/\/www.greenpeace.org\/brasil\/wp-json\/wp\/v2\/posts"}],"about":[{"href":"https:\/\/www.greenpeace.org\/brasil\/wp-json\/wp\/v2\/types\/post"}],"author":[{"embeddable":true,"href":"https:\/\/www.greenpeace.org\/brasil\/wp-json\/wp\/v2\/users\/90"}],"replies":[{"embeddable":true,"href":"https:\/\/www.greenpeace.org\/brasil\/wp-json\/wp\/v2\/comments?post=44957"}],"version-history":[{"count":5,"href":"https:\/\/www.greenpeace.org\/brasil\/wp-json\/wp\/v2\/posts\/44957\/revisions"}],"predecessor-version":[{"id":44963,"href":"https:\/\/www.greenpeace.org\/brasil\/wp-json\/wp\/v2\/posts\/44957\/revisions\/44963"}],"wp:featuredmedia":[{"embeddable":true,"href":"https:\/\/www.greenpeace.org\/brasil\/wp-json\/wp\/v2\/media\/44960"}],"wp:attachment":[{"href":"https:\/\/www.greenpeace.org\/brasil\/wp-json\/wp\/v2\/media?parent=44957"}],"wp:term":[{"taxonomy":"category","embeddable":true,"href":"https:\/\/www.greenpeace.org\/brasil\/wp-json\/wp\/v2\/categories?post=44957"},{"taxonomy":"post_tag","embeddable":true,"href":"https:\/\/www.greenpeace.org\/brasil\/wp-json\/wp\/v2\/tags?post=44957"},{"taxonomy":"p4-page-type","embeddable":true,"href":"https:\/\/www.greenpeace.org\/brasil\/wp-json\/wp\/v2\/p4-page-type?post=44957"}],"curies":[{"name":"wp","href":"https:\/\/api.w.org\/{rel}","templated":true}]}}