{"id":45125,"date":"2023-03-06T17:18:15","date_gmt":"2023-03-06T20:18:15","guid":{"rendered":"https:\/\/www.greenpeace.org\/brasil\/?p=45125"},"modified":"2023-08-23T00:04:29","modified_gmt":"2023-08-23T03:04:29","slug":"tratado-historico-para-a-protecao-global-dos-oceanos-e-acordado-na-onu","status":"publish","type":"post","link":"https:\/\/www.greenpeace.org\/brasil\/blog\/tratado-historico-para-a-protecao-global-dos-oceanos-e-acordado-na-onu\/","title":{"rendered":"Tratado hist\u00f3rico para a prote\u00e7\u00e3o global dos oceanos \u00e9 acordado na ONU"},"content":{"rendered":"\n<h4 class=\"wp-block-heading\"><strong>Acordo \u00e9 essencial para que a prote\u00e7\u00e3o de 30% dos oceanos at\u00e9 2030 seja alcan\u00e7ada<\/strong><\/h4>\n\n<figure class=\"wp-block-image size-large\"><img loading=\"lazy\" decoding=\"async\" width=\"1024\" height=\"663\" src=\"https:\/\/www.greenpeace.org\/static\/planet4-brasil-stateless\/2023\/03\/aa17cb28-gp04l30_medium_res-1024x663.jpg\" title=\"Imagem de Tubar\u00e3o-baleia no fundo do mar na Indon\u00e9sia\" alt=\"Imagem de Tubar\u00e3o-baleia no fundo do mar na Indon\u00e9sia\" class=\"wp-image-45127\" srcset=\"https:\/\/www.greenpeace.org\/static\/planet4-brasil-stateless\/2023\/03\/aa17cb28-gp04l30_medium_res-1024x663.jpg 1024w, https:\/\/www.greenpeace.org\/static\/planet4-brasil-stateless\/2023\/03\/aa17cb28-gp04l30_medium_res-300x194.jpg 300w, https:\/\/www.greenpeace.org\/static\/planet4-brasil-stateless\/2023\/03\/aa17cb28-gp04l30_medium_res-768x497.jpg 768w, https:\/\/www.greenpeace.org\/static\/planet4-brasil-stateless\/2023\/03\/aa17cb28-gp04l30_medium_res-510x330.jpg 510w, https:\/\/www.greenpeace.org\/static\/planet4-brasil-stateless\/2023\/03\/aa17cb28-gp04l30_medium_res.jpg 1200w\" sizes=\"auto, (max-width: 1024px) 100vw, 1024px\" \/><figcaption class=\"wp-element-caption\">O Tratado Global dos Oceanos proteger\u00e1 a encantadora biodiversidade do fundo dos mares (Foto: Paul Hilton \/ Greenpeace)<\/figcaption><\/figure>\n\n<p>O <strong><a href=\"https:\/\/www.greenpeace.org\/brasil\/blog\/por-que-precisamos-de-um-tratado-global-dos-oceanos\/\" data-type=\"URL\" data-id=\"https:\/\/www.greenpeace.org\/brasil\/blog\/por-que-precisamos-de-um-tratado-global-dos-oceanos\/\">Tratado Global dos Oceanos<\/a> <\/strong>foi finalmente acordado pela Organiza\u00e7\u00e3o das Na\u00e7\u00f5es (ONU) na \u00faltima sexta (4), ap\u00f3s quase duas d\u00e9cadas de negocia\u00e7\u00f5es.&nbsp;O instrumento global \u00e9 uma <strong>grande vit\u00f3ria<\/strong> para a biodiversidade dos mares e mant\u00e9m viva a meta de protegermos 30% dos oceanos at\u00e9 2030.<br><br>A cria\u00e7\u00e3o do Tratado, cujo texto passar\u00e1 por edi\u00e7\u00e3o t\u00e9cnica e tradu\u00e7\u00e3o para ent\u00e3o ser adotado oficialmente, foi apoiada por mais de <strong>5,5 milh\u00f5es de pessoas<\/strong> que participaram de abaixo-assinados do Greenpeace ao redor do mundo, com o objetivo de pressionar os l\u00edderes mundiais.<br><br>Segundo Laura Meller, da campanha de Oceanos do Greenpeace N\u00f3rdico, a aprova\u00e7\u00e3o do Tratado sinaliza a import\u00e2ncia da conserva\u00e7\u00e3o do meio ambiente superar quest\u00f5es geopol\u00edticas.<br><br>\u201cElogiamos os pa\u00edses por se comprometerem, deixando de lado as diferen\u00e7as e entregando um Tratado que nos permitir\u00e1 proteger os oceanos, construir resili\u00eancia \u00e0s mudan\u00e7as clim\u00e1ticas e proteger a vida e a subsist\u00eancia de bilh\u00f5es de pessoas&#8221;, afirma Meller, ressaltando que os pa\u00edses devem ratificar o Tratado o mais r\u00e1pido poss\u00edvel.<\/p>\n\n<p>\u201cO rel\u00f3gio ainda est\u00e1 correndo para <strong>entregarmos a meta 30&#215;30<\/strong>. Nos resta meia d\u00e9cada e n\u00e3o podemos ser complacentes\u201d.<\/p>\n\n<figure class=\"wp-block-image size-large\"><img loading=\"lazy\" decoding=\"async\" width=\"1024\" height=\"683\" src=\"https:\/\/www.greenpeace.org\/static\/planet4-brasil-stateless\/2023\/03\/5e183fb8-gp1sttsq_medium_res-1024x683.jpg\" alt=\"\" class=\"wp-image-45132\" srcset=\"https:\/\/www.greenpeace.org\/static\/planet4-brasil-stateless\/2023\/03\/5e183fb8-gp1sttsq_medium_res-1024x683.jpg 1024w, https:\/\/www.greenpeace.org\/static\/planet4-brasil-stateless\/2023\/03\/5e183fb8-gp1sttsq_medium_res-300x200.jpg 300w, https:\/\/www.greenpeace.org\/static\/planet4-brasil-stateless\/2023\/03\/5e183fb8-gp1sttsq_medium_res-768x512.jpg 768w, https:\/\/www.greenpeace.org\/static\/planet4-brasil-stateless\/2023\/03\/5e183fb8-gp1sttsq_medium_res-510x340.jpg 510w, https:\/\/www.greenpeace.org\/static\/planet4-brasil-stateless\/2023\/03\/5e183fb8-gp1sttsq_medium_res.jpg 1200w\" sizes=\"auto, (max-width: 1024px) 100vw, 1024px\" \/><figcaption class=\"wp-element-caption\">Tripula\u00e7\u00e3o de ativistas do Greenpeace, em 2020, agradecem a ades\u00e3o de milh\u00f5es de pessoas ao abaixo-assinado em defesa do Tratado Global dos Oceanos (Foto: Andrew McConnell \/ Greenpeace)<\/figcaption><\/figure>\n\n<p>A <em>High Ambition Coalition<\/em>, que inclui a Uni\u00e3o Europeia, os Estados Unidos e o Reino Unido, e a China foram atores-chave na intermedia\u00e7\u00e3o do acordo, assim como os pequenos Estados Insulares e o G77, coaliz\u00e3o de na\u00e7\u00f5es em desenvolvimento, que tamb\u00e9m tiveram atua\u00e7\u00e3o importante para o resultado final.<br><br>Apesar do Tratado abrir caminhos para a cria\u00e7\u00e3o das \u00e1reas protegidas, ainda h\u00e1 falhas no texto. Os governos j\u00e1 haviam se comprometido com a cria\u00e7\u00e3o do Tratado na COP 15 (Confer\u00eancia da Biodiversidade da ONU), em dezembro do ano passado, e agora <strong>continuaremos pressionando<\/strong> para que eles assegurem que o Tratado seja colocado em pr\u00e1tica de forma eficaz e ambiciosa.<br><\/p>\n","protected":false},"excerpt":{"rendered":"<p>Acordo \u00e9 essencial para que a prote\u00e7\u00e3o de 30% dos oceanos at\u00e9 2030 seja alcan\u00e7ada<\/p>\n","protected":false},"author":98,"featured_media":45127,"comment_status":"open","ping_status":"closed","sticky":false,"template":"","format":"standard","meta":{"ep_exclude_from_search":false,"p4_og_title":"","p4_og_description":"","p4_og_image":"","p4_og_image_id":"","p4_seo_canonical_url":"","p4_campaign_name":"","p4_local_project":"","p4_basket_name":"","p4_department":"","footnotes":""},"categories":[64,3],"tags":[27],"p4-page-type":[16],"class_list":["post-45125","post","type-post","status-publish","format-standard","has-post-thumbnail","hentry","category-oceanos","category-proteja-a-natureza","tag-oceanos","p4-page-type-blog"],"_links":{"self":[{"href":"https:\/\/www.greenpeace.org\/brasil\/wp-json\/wp\/v2\/posts\/45125","targetHints":{"allow":["GET"]}}],"collection":[{"href":"https:\/\/www.greenpeace.org\/brasil\/wp-json\/wp\/v2\/posts"}],"about":[{"href":"https:\/\/www.greenpeace.org\/brasil\/wp-json\/wp\/v2\/types\/post"}],"author":[{"embeddable":true,"href":"https:\/\/www.greenpeace.org\/brasil\/wp-json\/wp\/v2\/users\/98"}],"replies":[{"embeddable":true,"href":"https:\/\/www.greenpeace.org\/brasil\/wp-json\/wp\/v2\/comments?post=45125"}],"version-history":[{"count":11,"href":"https:\/\/www.greenpeace.org\/brasil\/wp-json\/wp\/v2\/posts\/45125\/revisions"}],"predecessor-version":[{"id":47660,"href":"https:\/\/www.greenpeace.org\/brasil\/wp-json\/wp\/v2\/posts\/45125\/revisions\/47660"}],"wp:featuredmedia":[{"embeddable":true,"href":"https:\/\/www.greenpeace.org\/brasil\/wp-json\/wp\/v2\/media\/45127"}],"wp:attachment":[{"href":"https:\/\/www.greenpeace.org\/brasil\/wp-json\/wp\/v2\/media?parent=45125"}],"wp:term":[{"taxonomy":"category","embeddable":true,"href":"https:\/\/www.greenpeace.org\/brasil\/wp-json\/wp\/v2\/categories?post=45125"},{"taxonomy":"post_tag","embeddable":true,"href":"https:\/\/www.greenpeace.org\/brasil\/wp-json\/wp\/v2\/tags?post=45125"},{"taxonomy":"p4-page-type","embeddable":true,"href":"https:\/\/www.greenpeace.org\/brasil\/wp-json\/wp\/v2\/p4-page-type?post=45125"}],"curies":[{"name":"wp","href":"https:\/\/api.w.org\/{rel}","templated":true}]}}