{"id":45237,"date":"2023-03-13T14:04:54","date_gmt":"2023-03-13T17:04:54","guid":{"rendered":"https:\/\/www.greenpeace.org\/brasil\/?p=45237"},"modified":"2023-03-13T17:44:15","modified_gmt":"2023-03-13T20:44:15","slug":"acordo-entre-uniao-europeia-e-mercosul-e-alvo-de-protesto-do-greenpeace-em-bh","status":"publish","type":"post","link":"https:\/\/www.greenpeace.org\/brasil\/blog\/acordo-entre-uniao-europeia-e-mercosul-e-alvo-de-protesto-do-greenpeace-em-bh\/","title":{"rendered":"Acordo entre Uni\u00e3o Europeia e Mercosul \u00e9 alvo de protesto do Greenpeace"},"content":{"rendered":"\n<h4 class=\"wp-block-heading\">Acordo \u00e9 volta ao passado colonial, onde a Am\u00e9rica Latina entrega seu patrim\u00f4nio natural, transformado em carne e soja, e recebe \u201cespelhinhos\u201d, na forma de agrot\u00f3xicos e pe\u00e7as automotivas<\/h4>\n\n<figure class=\"wp-block-image size-large\"><img loading=\"lazy\" decoding=\"async\" width=\"1024\" height=\"683\" src=\"https:\/\/www.greenpeace.org\/static\/planet4-brasil-stateless\/2023\/03\/23a36980-39-encontro-economico-brasil-alemanha_nilmar-lage-25-1024x683.jpg\" alt=\"\" class=\"wp-image-45239\" srcset=\"https:\/\/www.greenpeace.org\/static\/planet4-brasil-stateless\/2023\/03\/23a36980-39-encontro-economico-brasil-alemanha_nilmar-lage-25-1024x683.jpg 1024w, https:\/\/www.greenpeace.org\/static\/planet4-brasil-stateless\/2023\/03\/23a36980-39-encontro-economico-brasil-alemanha_nilmar-lage-25-300x200.jpg 300w, https:\/\/www.greenpeace.org\/static\/planet4-brasil-stateless\/2023\/03\/23a36980-39-encontro-economico-brasil-alemanha_nilmar-lage-25-768x512.jpg 768w, https:\/\/www.greenpeace.org\/static\/planet4-brasil-stateless\/2023\/03\/23a36980-39-encontro-economico-brasil-alemanha_nilmar-lage-25-1536x1024.jpg 1536w, https:\/\/www.greenpeace.org\/static\/planet4-brasil-stateless\/2023\/03\/23a36980-39-encontro-economico-brasil-alemanha_nilmar-lage-25-2048x1366.jpg 2048w, https:\/\/www.greenpeace.org\/static\/planet4-brasil-stateless\/2023\/03\/23a36980-39-encontro-economico-brasil-alemanha_nilmar-lage-25-510x340.jpg 510w\" sizes=\"auto, (max-width: 1024px) 100vw, 1024px\" \/><figcaption class=\"wp-element-caption\">Ativistas do Greenpeace empunham faixas com Com faixas com a mensagem \u201cPare o acordo neocolonial e t\u00f3xico UE-Mercosul\u201d, em portugu\u00eas, ingl\u00eas e alem\u00e3o.<div class=\"credit icon-left\"> \u00a9 Nilmar Lage \/ Greenpeace<\/div><\/figcaption><\/figure>\n\n<p>Nesta segunda-feira (13), ativistas do Greenpeace realizaram um protesto pac\u00edfico na entrada do <a href=\"https:\/\/www.portaldaindustria.com.br\/cni\/canais\/assuntos-internacionais\/eventos\/eeba-encontro-economico-brasil-alemanha-2023\/\">Encontro Econ\u00f4mico Brasil-Alemanha<\/a>, que aconteceu em Belo Horizonte (MG), para alertar os tomadores de decis\u00e3o sobre os riscos para o meio ambiente e os direitos humanos decorrentes de uma poss\u00edvel aprova\u00e7\u00e3o do acordo comercial entre Uni\u00e3o Europeia (UE) e Mercosul.<\/p>\n\n<p>Se aprovado como est\u00e1, o acordo ir\u00e1 refor\u00e7ar a l\u00f3gica neocolonialista em que os pa\u00edses da Am\u00e9rica do Sul seguir\u00e3o em seu \u201cpapel de eternos fornecedores de mat\u00e9rias-primas baratas, produzidas com custos sociais e ambientais imensos, em troca de produtos industrializados europeus\u201d, como pontua o pesquisador Thomas Fritz, no relat\u00f3rio<a href=\"https:\/\/www.greenpeace.org.br\/hubfs\/Relatorio_Acordo_Mercosul_UE_Out2020.pdf?_ga=2.237960515.257688629.1667225695-1879675582.1634580732\"> \u201cAcordo UE-Mercosul: Amea\u00e7a para a prote\u00e7\u00e3o do clima e dos direitos humanos\u201d<\/a>, publicado pelo Greenpeace Alemanha, em parceria com grupo de organiza\u00e7\u00f5es.\u00a0<\/p>\n\n<p>Com faixas com a mensagem em portugu\u00eas, ingl\u00eas e alem\u00e3o \u201cPare o acordo neocolonial e t\u00f3xico UE-Mercosul\u201d, os manifestantes pediram que a UE e os pa\u00edses do Mercosul trabalhem juntos na elabora\u00e7\u00e3o de outras formas de coopera\u00e7\u00e3o e com\u00e9rcio, que apoiem a transi\u00e7\u00e3o social e ecol\u00f3gica necess\u00e1ria em todos os pa\u00edses. Para o Greenpeace Brasil, o acordo precisa ser rejeitado em sua totalidade, pois as medidas previstas atualmente para evitar as viola\u00e7\u00f5es socioambientais n\u00e3o ser\u00e3o suficientes para evitar os impactos negativos da proposta.\u00a0<\/p>\n\n<figure class=\"wp-block-image alignright size-large is-resized\"><img loading=\"lazy\" decoding=\"async\" src=\"https:\/\/www.greenpeace.org\/static\/planet4-brasil-stateless\/2023\/03\/9c40b2d5-39-encontro-economico-brasil-alemanha_nilmar-lage-34-689x1024.jpg\" alt=\"\" class=\"wp-image-45240\" width=\"345\" height=\"512\" srcset=\"https:\/\/www.greenpeace.org\/static\/planet4-brasil-stateless\/2023\/03\/9c40b2d5-39-encontro-economico-brasil-alemanha_nilmar-lage-34-689x1024.jpg 689w, https:\/\/www.greenpeace.org\/static\/planet4-brasil-stateless\/2023\/03\/9c40b2d5-39-encontro-economico-brasil-alemanha_nilmar-lage-34-202x300.jpg 202w, https:\/\/www.greenpeace.org\/static\/planet4-brasil-stateless\/2023\/03\/9c40b2d5-39-encontro-economico-brasil-alemanha_nilmar-lage-34-768x1142.jpg 768w, https:\/\/www.greenpeace.org\/static\/planet4-brasil-stateless\/2023\/03\/9c40b2d5-39-encontro-economico-brasil-alemanha_nilmar-lage-34-1033x1536.jpg 1033w, https:\/\/www.greenpeace.org\/static\/planet4-brasil-stateless\/2023\/03\/9c40b2d5-39-encontro-economico-brasil-alemanha_nilmar-lage-34-1377x2048.jpg 1377w, https:\/\/www.greenpeace.org\/static\/planet4-brasil-stateless\/2023\/03\/9c40b2d5-39-encontro-economico-brasil-alemanha_nilmar-lage-34-919x1366.jpg 919w, https:\/\/www.greenpeace.org\/static\/planet4-brasil-stateless\/2023\/03\/9c40b2d5-39-encontro-economico-brasil-alemanha_nilmar-lage-34-229x340.jpg 229w, https:\/\/www.greenpeace.org\/static\/planet4-brasil-stateless\/2023\/03\/9c40b2d5-39-encontro-economico-brasil-alemanha_nilmar-lage-34-scaled.jpg 1722w\" sizes=\"auto, (max-width: 345px) 100vw, 345px\" \/><figcaption class=\"wp-element-caption\">O Encontro Econ\u00f4mico Brasil-Alemanha aconteceu em Belo Horizonte (MG), e teve presen\u00e7a de Robert Habeck e Cem \u00d6zdemir, respectivamente ministros da economia e do clima e da agricultura da Alemanha.<div class=\"credit icon-left\"> \u00a9 Nilmar Lage \/ Greenpeace<\/div><\/figcaption><\/figure>\n\n<p>Para Thais Bannwart, porta-voz da campanha de Amaz\u00f4nia do Greenpeace Brasil,&nbsp;o acordo de livre com\u00e9rcio vai no sentido contr\u00e1rio \u00e0s necessidades atuais para o combate das mudan\u00e7as clim\u00e1ticas, da prote\u00e7\u00e3o ambiental e dos direitos humanos, sobretudo das popula\u00e7\u00f5es mais vulnerabilizadas.&nbsp;<\/p>\n\n<p>\u201cO objetivo do acordo \u00e9 aumentar o com\u00e9rcio de produtos agr\u00edcolas como carne e soja, produtos qu\u00edmicos, como agrot\u00f3xicos, carros e pe\u00e7as de autom\u00f3veis. O diabo n\u00e3o est\u00e1 apenas nos detalhes, todo o acordo vai nos levar para tr\u00e1s na a\u00e7\u00e3o clim\u00e1tica e na prote\u00e7\u00e3o da natureza, em benef\u00edcio das ind\u00fastrias automotiva e qu\u00edmica europeia e do agroneg\u00f3cio sul-americano em grande escala\u201d, afirma.&nbsp;<\/p>\n\n<p>De acordo com <a href=\"https:\/\/www.greenpeace.org.br\/hubfs\/Relatorio_Acordo_Mercosul_UE_Out2020.pdf?_ga=2.237960515.257688629.1667225695-1879675582.1634580732\">o relat\u00f3rio do Greenpeace Alemanha<\/a>, \u201cao reduzir tarifas comerciais e ampliar quotas de importa\u00e7\u00e3o e exporta\u00e7\u00e3o, o acordo vai aumentar ainda mais a press\u00e3o do agroneg\u00f3cio e das multinacionais de minera\u00e7\u00e3o e energia sobre os recursos naturais da Amaz\u00f4nia, do Cerrado, do Chaco e de outras regi\u00f5es da Am\u00e9rica do Sul, colocando em risco ainda maior os povos que nelas vivem \u2013 sejam eles camponeses e agricultores familiares, povos ind\u00edgenas, quilombolas ou ribeirinhos. Al\u00e9m disso, poder\u00e1 ampliar os riscos relativos \u00e0 contamina\u00e7\u00e3o por agrot\u00f3xicos, \u00e0 concentra\u00e7\u00e3o fundi\u00e1ria e \u00e0 profunda e desigual dist\u00e2ncia entre cidad\u00e3os europeus e sul-americanos no que diz respeito \u00e0 seguran\u00e7a e soberania alimentar\u201d.&nbsp;<\/p>\n\n<p><strong>Desmatamento Zero ou vender nossos recursos naturais: escolha nada dif\u00edcil<\/strong><\/p>\n\n<p>Atualmente,<a href=\"https:\/\/www.greenpeace.org.br\/hubfs\/Relatorio_Acordo_Mercosul_UE_Out2020.pdf?_ga=2.237960515.257688629.1667225695-1879675582.1634580732\"> dois ter\u00e7os das importa\u00e7\u00f5es da UE de pa\u00edses do Mercosul<\/a> consistem em mat\u00e9rias-primas agr\u00edcolas e minerais. O bloco europeu compra 13% de toda a soja produzida nos pa\u00edses latinoamericanos, e o novo acordo n\u00e3o traz nenhuma especifica\u00e7\u00e3o sobre uma produ\u00e7\u00e3o mais sustent\u00e1vel da oleaginosa, que vem deixando um rastro de destrui\u00e7\u00e3o e viol\u00eancia no Cerrado brasileiro e no Gran Chaco argentino. Pelo contr\u00e1rio, o acordo prev\u00ea a venda de ra\u00e7\u00e3o animal ainda mais barata para a UE.&nbsp;<\/p>\n\n<p>No caso da pecu\u00e1ria, o acordo prev\u00ea um aumento de 50% nos atuais volumes de exporta\u00e7\u00e3o, em um cen\u00e1rio em que a pecu\u00e1ria j\u00e1 ocupa 90% de todas as \u00e1reas naturais desmatadas no Brasil, em todos os seis biomas, de acordo com dados do <a href=\"https:\/\/mapbiomas.org\/amazonia-e-o-bioma-com-mais-pastagens-no-brasil\">\u201cProjeto MapBiomas \u2013 Mapeamento Anual de Cobertura e Uso da Terra do Brasil &#8211; Cole\u00e7\u00e3o 7\u201d<\/a>.<\/p>\n\n<p>Se o tratado for ratificado em sua forma atual, a mensagem \u00e9 clara: o lucro de poucos prevalece sobre todos. A atual inten\u00e7\u00e3o da Comiss\u00e3o Europeia de abordar as brechas de sustentabilidade do acordo UE-Mercosul por meio de um \u201cinstrumento adicional\u201d de natureza interpretativa \u00e9 um processo de <em>&#8220;greenwashing&#8221;<\/em>, incapaz de corrigir as graves defici\u00eancias do acordo.<\/p>\n<div data-render=\"planet4-blocks\/gallery\" data-attributes=\"{&quot;attributes&quot;:{&quot;multiple_image&quot;:&quot;45242,45241,45244&quot;,&quot;image_data&quot;:[{&quot;url&quot;:&quot;https:\\\/\\\/www.greenpeace.org\\\/static\\\/planet4-brasil-stateless\\\/2023\\\/03\\\/70655088-gp1svzx1_web_size.jpg&quot;,&quot;focalPoint&quot;:{&quot;x&quot;:0.5,&quot;y&quot;:0.5},&quot;id&quot;:45242},{&quot;url&quot;:&quot;https:\\\/\\\/www.greenpeace.org\\\/static\\\/planet4-brasil-stateless\\\/2023\\\/03\\\/54857c1a-gp0sttdo7_web_size.jpg&quot;,&quot;focalPoint&quot;:{&quot;x&quot;:0.5,&quot;y&quot;:0.5},&quot;id&quot;:45241},{&quot;url&quot;:&quot;https:\\\/\\\/www.greenpeace.org\\\/static\\\/planet4-brasil-stateless\\\/2023\\\/03\\\/c66e76a4-gp1sxz97_web_size.jpg&quot;,&quot;focalPoint&quot;:{&quot;x&quot;:0.5,&quot;y&quot;:0.5},&quot;id&quot;:45244}],&quot;gallery_block_style&quot;:0,&quot;gallery_block_title&quot;:&quot;&quot;,&quot;gallery_block_description&quot;:&quot;&quot;,&quot;gallery_block_focus_points&quot;:&quot;&quot;,&quot;images&quot;:[{&quot;image_src&quot;:&quot;https:\\\/\\\/www.greenpeace.org\\\/static\\\/planet4-brasil-stateless\\\/2023\\\/03\\\/70655088-gp1svzx1_web_size.jpg&quot;,&quot;image_srcset&quot;:&quot;https:\\\/\\\/www.greenpeace.org\\\/static\\\/planet4-brasil-stateless\\\/2023\\\/03\\\/70655088-gp1svzx1_web_size.jpg 800w, https:\\\/\\\/www.greenpeace.org\\\/static\\\/planet4-brasil-stateless\\\/2023\\\/03\\\/70655088-gp1svzx1_web_size-300x200.jpg 300w, https:\\\/\\\/www.greenpeace.org\\\/static\\\/planet4-brasil-stateless\\\/2023\\\/03\\\/70655088-gp1svzx1_web_size-768x513.jpg 768w, https:\\\/\\\/www.greenpeace.org\\\/static\\\/planet4-brasil-stateless\\\/2023\\\/03\\\/70655088-gp1svzx1_web_size-510x340.jpg 510w&quot;,&quot;image_sizes&quot;:false,&quot;alt_text&quot;:&quot;&quot;,&quot;caption&quot;:&quot;A desmatamento para a implanta\\u00e7\\u00e3o de pastagem e gado abre caminho para a destrui\\u00e7\\u00e3o na Amaz\\u00f4nia.  &quot;,&quot;focus_image&quot;:&quot;&quot;,&quot;credits&quot;:&quot;\\u00a9 Victor Moriyama \\\/ Amaz\\u00f4nia em Chamas&quot;},{&quot;image_src&quot;:&quot;https:\\\/\\\/www.greenpeace.org\\\/static\\\/planet4-brasil-stateless\\\/2023\\\/03\\\/54857c1a-gp0sttdo7_web_size.jpg&quot;,&quot;image_srcset&quot;:&quot;https:\\\/\\\/www.greenpeace.org\\\/static\\\/planet4-brasil-stateless\\\/2023\\\/03\\\/54857c1a-gp0sttdo7_web_size.jpg 800w, https:\\\/\\\/www.greenpeace.org\\\/static\\\/planet4-brasil-stateless\\\/2023\\\/03\\\/54857c1a-gp0sttdo7_web_size-300x200.jpg 300w, https:\\\/\\\/www.greenpeace.org\\\/static\\\/planet4-brasil-stateless\\\/2023\\\/03\\\/54857c1a-gp0sttdo7_web_size-768x512.jpg 768w, https:\\\/\\\/www.greenpeace.org\\\/static\\\/planet4-brasil-stateless\\\/2023\\\/03\\\/54857c1a-gp0sttdo7_web_size-510x340.jpg 510w&quot;,&quot;image_sizes&quot;:false,&quot;alt_text&quot;:&quot;&quot;,&quot;caption&quot;:&quot;Avan\\u00e7o da soja vem promovendo desmatamento e a viol\\u00eancia no campo no Cerrado. &quot;,&quot;focus_image&quot;:&quot;&quot;,&quot;credits&quot;:&quot;&quot;},{&quot;image_src&quot;:&quot;https:\\\/\\\/www.greenpeace.org\\\/static\\\/planet4-brasil-stateless\\\/2023\\\/03\\\/c66e76a4-gp1sxz97_web_size.jpg&quot;,&quot;image_srcset&quot;:&quot;https:\\\/\\\/www.greenpeace.org\\\/static\\\/planet4-brasil-stateless\\\/2023\\\/03\\\/c66e76a4-gp1sxz97_web_size.jpg 800w, https:\\\/\\\/www.greenpeace.org\\\/static\\\/planet4-brasil-stateless\\\/2023\\\/03\\\/c66e76a4-gp1sxz97_web_size-300x200.jpg 300w, https:\\\/\\\/www.greenpeace.org\\\/static\\\/planet4-brasil-stateless\\\/2023\\\/03\\\/c66e76a4-gp1sxz97_web_size-768x513.jpg 768w, https:\\\/\\\/www.greenpeace.org\\\/static\\\/planet4-brasil-stateless\\\/2023\\\/03\\\/c66e76a4-gp1sxz97_web_size-510x340.jpg 510w&quot;,&quot;image_sizes&quot;:false,&quot;alt_text&quot;:&quot;&quot;,&quot;caption&quot;:&quot;O Gran Chaco, que ocorre na divida entre Argentina, Paraguai, Bolivia, est\\u00e1 amea\\u00e7ado pelo avan\\u00e7o da fronteira agr\\u00edcola. &quot;,&quot;focus_image&quot;:&quot;&quot;,&quot;credits&quot;:&quot;\\u00a9 Martin Katz \\\/ Greenpeace&quot;}]}}\"><\/div>\n<p>A atual vers\u00e3o do acordo foi conclu\u00edda em junho de 2019, durante o governo Bolsonaro, ap\u00f3s mais de 20 anos de negocia\u00e7\u00e3o. Mas devido \u00e0 explos\u00e3o do desmatamento da Amaz\u00f4nia e da viol\u00eancia contra povos ind\u00edgenas do Brasil sob Bolsonaro, o acordo n\u00e3o foi ratificado pelas partes. Agora, com a elei\u00e7\u00e3o de Lula como presidente, a Comiss\u00e3o Europeia, assim como alguns governos e ind\u00fastrias na Europa, veem uma oportunidade de promover o acordo comercial UE-Mercosul e pressionam por sua ratifica\u00e7\u00e3o.<\/p>\n\n<p>Mas este \u00e9 um acordo do s\u00e9culo passado e que reflete o pensamento daquele tempo. N\u00e3o condiz com as necessidades destes tempos. O presidente Lula manifestou preocupa\u00e7\u00e3o com o acordo, enfatizando que quer um com\u00e9rcio mais justo e n\u00e3o est\u00e1 interessado em acordos comerciais que condenem o Brasil ao \u201ceterno papel de exportador de <em>commodities<\/em> e mat\u00e9rias-primas\u201d. Por\u00e9m, Lula e membros do governo t\u00eam avan\u00e7ado no di\u00e1logo sobre o acordo e indicado que querem renegociar o texto com a Uni\u00e3o Europeia.<\/p>\n\n<p>\u201cSem um repensar radical, o acordo levar\u00e1 \u00e0 destrui\u00e7\u00e3o cont\u00ednua da Amaz\u00f4nia e de outros ecossistemas vitais, acelerando as crises do clima e da natureza, e fortalecer\u00e1 as assimetrias econ\u00f4micas entre as economias do Mercosul e da UE, aprofundando as disparidades globais\u201d, alerta Thais Bannwart. <\/p>\n\n<p>Considerando os desafios impostos pelas mudan\u00e7as clim\u00e1ticas e uma nova configura\u00e7\u00e3o geopol\u00edtica do s\u00e9culo XXI, \u00e9 urgente repensar acordos de com\u00e9rcio baseados na coopera\u00e7\u00e3o e que coloquem a quest\u00e3o ambiental e os direitos humanos como elementos centrais.<\/p>\n","protected":false},"excerpt":{"rendered":"<p>Acordo \u00e9 volta ao passado colonial, onde a Am\u00e9rica Latina entrega seu patrim\u00f4nio natural, transformado em carne e soja, e recebe \u201cespelhinhos\u201d, na forma de agrot\u00f3xicos e pe\u00e7as automotivas<\/p>\n","protected":false},"author":24,"featured_media":45239,"comment_status":"open","ping_status":"closed","sticky":false,"template":"","format":"standard","meta":{"ep_exclude_from_search":false,"p4_og_title":"","p4_og_description":"","p4_og_image":"","p4_og_image_id":"","p4_seo_canonical_url":"","p4_campaign_name":"","p4_local_project":"","p4_basket_name":"","p4_department":"","footnotes":""},"categories":[49],"tags":[46],"p4-page-type":[16],"class_list":["post-45237","post","type-post","status-publish","format-standard","has-post-thumbnail","hentry","category-amazonia","tag-desmatamento","p4-page-type-blog"],"_links":{"self":[{"href":"https:\/\/www.greenpeace.org\/brasil\/wp-json\/wp\/v2\/posts\/45237","targetHints":{"allow":["GET"]}}],"collection":[{"href":"https:\/\/www.greenpeace.org\/brasil\/wp-json\/wp\/v2\/posts"}],"about":[{"href":"https:\/\/www.greenpeace.org\/brasil\/wp-json\/wp\/v2\/types\/post"}],"author":[{"embeddable":true,"href":"https:\/\/www.greenpeace.org\/brasil\/wp-json\/wp\/v2\/users\/24"}],"replies":[{"embeddable":true,"href":"https:\/\/www.greenpeace.org\/brasil\/wp-json\/wp\/v2\/comments?post=45237"}],"version-history":[{"count":10,"href":"https:\/\/www.greenpeace.org\/brasil\/wp-json\/wp\/v2\/posts\/45237\/revisions"}],"predecessor-version":[{"id":45254,"href":"https:\/\/www.greenpeace.org\/brasil\/wp-json\/wp\/v2\/posts\/45237\/revisions\/45254"}],"wp:featuredmedia":[{"embeddable":true,"href":"https:\/\/www.greenpeace.org\/brasil\/wp-json\/wp\/v2\/media\/45239"}],"wp:attachment":[{"href":"https:\/\/www.greenpeace.org\/brasil\/wp-json\/wp\/v2\/media?parent=45237"}],"wp:term":[{"taxonomy":"category","embeddable":true,"href":"https:\/\/www.greenpeace.org\/brasil\/wp-json\/wp\/v2\/categories?post=45237"},{"taxonomy":"post_tag","embeddable":true,"href":"https:\/\/www.greenpeace.org\/brasil\/wp-json\/wp\/v2\/tags?post=45237"},{"taxonomy":"p4-page-type","embeddable":true,"href":"https:\/\/www.greenpeace.org\/brasil\/wp-json\/wp\/v2\/p4-page-type?post=45237"}],"curies":[{"name":"wp","href":"https:\/\/api.w.org\/{rel}","templated":true}]}}