{"id":45332,"date":"2023-03-17T17:39:39","date_gmt":"2023-03-17T20:39:39","guid":{"rendered":"https:\/\/www.greenpeace.org\/brasil\/?p=45332"},"modified":"2023-03-20T11:11:50","modified_gmt":"2023-03-20T14:11:50","slug":"apos-tragedia-populacao-do-litoral-norte-de-sp-precisa-ser-parte-da-reconstrucao","status":"publish","type":"post","link":"https:\/\/www.greenpeace.org\/brasil\/blog\/apos-tragedia-populacao-do-litoral-norte-de-sp-precisa-ser-parte-da-reconstrucao\/","title":{"rendered":"Ap\u00f3s trag\u00e9dia, popula\u00e7\u00e3o do litoral norte de SP precisa ser parte da reconstru\u00e7\u00e3o"},"content":{"rendered":"\n<h4 class=\"wp-block-heading\">Acabar com as diferen\u00e7as impostas pela desigualdade tem a mesma urg\u00eancia que adaptar as cidades \u00e0 nova realidade do clima&nbsp;<\/h4>\n\n<figure class=\"wp-block-image size-full\"><img loading=\"lazy\" decoding=\"async\" width=\"800\" height=\"533\" src=\"https:\/\/www.greenpeace.org\/static\/planet4-brasil-stateless\/2023\/03\/270e261c-gp0stvjwb_web_size.jpg\" alt=\"\" class=\"wp-image-45333\" srcset=\"https:\/\/www.greenpeace.org\/static\/planet4-brasil-stateless\/2023\/03\/270e261c-gp0stvjwb_web_size.jpg 800w, https:\/\/www.greenpeace.org\/static\/planet4-brasil-stateless\/2023\/03\/270e261c-gp0stvjwb_web_size-300x200.jpg 300w, https:\/\/www.greenpeace.org\/static\/planet4-brasil-stateless\/2023\/03\/270e261c-gp0stvjwb_web_size-768x512.jpg 768w, https:\/\/www.greenpeace.org\/static\/planet4-brasil-stateless\/2023\/03\/270e261c-gp0stvjwb_web_size-510x340.jpg 510w\" sizes=\"auto, (max-width: 800px) 100vw, 800px\" \/><figcaption class=\"wp-element-caption\">Moradores da Vila Sahy, em S\u00e3o Sebasti\u00e3o, carregam m\u00f3veis para salvar o que restou das casas mais impactadas ap\u00f3s os deslizamentos da madrugada de 18 para 19 de fevereiro de 2023. \u00a9 Diego Baravelli \/ Greenpeace<\/figcaption><\/figure>\n\n<p>Desde o come\u00e7o deste ano, temos comunicado sobre <a href=\"https:\/\/www.greenpeace.org\/brasil\/blog\/a-solidariedade-salva-ajude-as-comunidades-mais-afetadas-pelas-fortes-chuvas\/\">como a solidariedade \u00e9 fundamental<\/a> em momentos de calamidade p\u00fablica como a que aconteceu recentemente no <a href=\"https:\/\/www.greenpeace.org\/brasil\/blog\/sao-as-aguas-de-marco-fechando-o-verao\/\">litoral norte de S\u00e3o Paulo<\/a>. Uma trag\u00e9dia que fez com que moradores perdessem a casa, familiares e, temporariamente, o rumo da vida ap\u00f3s deslizamentos que desenharam imensos caminhos de terra e troncos ca\u00eddos sobre casas que nem se v\u00ea mais em algumas ruas da Vila Sahy, o bairro mais atingido de S\u00e3o Sebasti\u00e3o ap\u00f3s as chuvas que come\u00e7aram na noite de 18 de fevereiro.\u00a0<\/p>\n\n<p class=\"has-grey-200-background-color has-background\">\u201cDepois do ocorrido, eu e meu marido ficamos completamente desnorteados. Eu andava pra cima e pra baixo com uma mochila e, por uma semana, dormimos em um carro emprestado porque o nosso encheu de \u00e1gua\u201d, relata Fernanda Fischer, dona de uma sorveteria e uma das moradoras que perdeu a casa com os deslizamentos na Vila Sahy. Ela segue sem previs\u00e3o de quando vai conseguir reabrir a loja e comenta a preocupa\u00e7\u00e3o com as contas a pagar, que n\u00e3o esperam a situa\u00e7\u00e3o melhorar.<\/p>\n\n<p>Temos exposto tamb\u00e9m ao longo dos anos que n\u00e3o s\u00e3o apenas as fortes chuvas que precisam estar sob os holofotes, mas sim a m\u00e3o ausente do poder p\u00fablico que se comporta como se n\u00e3o tivesse ferramentas suficientes para agir antecipadamente frente a uma realidade imposta pela crise clim\u00e1tica.&nbsp;<\/p>\n\n<p>A culpa n\u00e3o \u00e9 de quem teve a casa soterrada ou de quem perdeu amigos e familiares. O <strong>poder p\u00fablico<\/strong> historicamente privilegia e destina a um grupo seleto de pessoas, majoritariamente brancas e detentoras do poder econ\u00f4mico, direitos como moradia digna, segura, servi\u00e7os de saneamento b\u00e1sico e outros que deveriam ser disponibilizados a toda a popula\u00e7\u00e3o. <strong>\u00c0s pessoas negras, especialmente mulheres chefes de fam\u00edlia, popula\u00e7\u00f5es ind\u00edgenas, perif\u00e9ricas e comunidades tradicionais do pa\u00eds, ele geralmente vira as costas e, por ora, segue impune frente ao abandono de suas obriga\u00e7\u00f5es para garantir moradia digna e evitar novas perdas.<\/strong><\/p>\n\n<p class=\"has-white-color has-green-800-background-color has-text-color has-background\">\u201cPara mim, que moro aqui, eu sinto na pele a trag\u00e9dia disso tudo porque eu n\u00e3o posso nem imaginar morar na Barra do Sahy. A Barra do Sahy \u00e9 um lugar de elite e o metro quadrado de um terreno l\u00e1 deve valer o terreno inteiro da quebrada (onde est\u00e3o as casas atingidas pela lama). Eles (o poder p\u00fablico e o poder econ\u00f4mico) s\u00f3 querem a gente aqui enquanto a gente puder servir. Eles separam o branco, com suas casas vazias, da gente. E eu n\u00e3o nasci para servir\u201d, protesta Fl\u00e1vio Franklin, m\u00fasico, artista visual e um dos moradores que teve a casa interditada.<\/p>\n\n<p>E antes que haja qualquer equ\u00edvoco na interpreta\u00e7\u00e3o dessa fala, Fl\u00e1vio est\u00e1 longe de se fazer de v\u00edtima. Ele \u00e9 protagonista de sua luta pelo direito de ocupar o lugar que ele quiser na sociedade. Ele tem consci\u00eancia de uma realidade pautada pelo <a href=\"https:\/\/www.youtube.com\/watch?v=QL5jZAnJdxc\">racismo<\/a> e que se soma \u00e0s consequ\u00eancias das trag\u00e9dias ambientais. E mais, Fl\u00e1vio indica solu\u00e7\u00f5es necess\u00e1rias.<\/p>\n\n<p class=\"has-grey-200-background-color has-background\">\u201c<strong>Eu quero viver dignamente. Eu tenho esse direito.<\/strong> Existem v\u00e1rios terrenos ali na Barra do Sahy que o poder p\u00fablico poderia comprar e destinar para as pessoas que precisam morar com seguran\u00e7a. Mas eles n\u00e3o t\u00eam esse interesse, pois s\u00f3 pensam na especula\u00e7\u00e3o imobili\u00e1ria. Ser\u00e1 que ningu\u00e9m se d\u00e1 conta de que \u00e9 a gente que movimenta a economia local enquanto muitas casas ficam vazias? A gente sim deveria ser prioridade\u201d, defende.&nbsp;<\/p>\n\n<p>Mas cad\u00ea o poder p\u00fablico para ouvir o Fl\u00e1vio, a Fernanda, a popula\u00e7\u00e3o e, junto com essas pessoas, elaborar solu\u00e7\u00f5es e coloc\u00e1-las em pr\u00e1tica para tornar o bairro seguro?<\/p>\n<div data-render=\"planet4-blocks\/gallery\" data-attributes=\"{&quot;attributes&quot;:{&quot;multiple_image&quot;:&quot;45338,45339&quot;,&quot;image_data&quot;:[{&quot;url&quot;:&quot;https:\\\/\\\/www.greenpeace.org\\\/static\\\/planet4-brasil-stateless\\\/2023\\\/03\\\/9a9a4429-gp0stvjte_web_size.jpg&quot;,&quot;focalPoint&quot;:{&quot;x&quot;:0.5,&quot;y&quot;:0.5},&quot;id&quot;:45338},{&quot;url&quot;:&quot;https:\\\/\\\/www.greenpeace.org\\\/static\\\/planet4-brasil-stateless\\\/2023\\\/03\\\/524bb421-gp0stvjut_web_size.jpg&quot;,&quot;focalPoint&quot;:{&quot;x&quot;:0.5,&quot;y&quot;:0.5},&quot;id&quot;:45339}],&quot;gallery_block_style&quot;:0,&quot;gallery_block_title&quot;:&quot;&quot;,&quot;gallery_block_description&quot;:&quot;&quot;,&quot;gallery_block_focus_points&quot;:&quot;&quot;,&quot;images&quot;:[{&quot;image_src&quot;:&quot;https:\\\/\\\/www.greenpeace.org\\\/static\\\/planet4-brasil-stateless\\\/2023\\\/03\\\/9a9a4429-gp0stvjte_web_size.jpg&quot;,&quot;image_srcset&quot;:&quot;https:\\\/\\\/www.greenpeace.org\\\/static\\\/planet4-brasil-stateless\\\/2023\\\/03\\\/9a9a4429-gp0stvjte_web_size.jpg 800w, https:\\\/\\\/www.greenpeace.org\\\/static\\\/planet4-brasil-stateless\\\/2023\\\/03\\\/9a9a4429-gp0stvjte_web_size-300x200.jpg 300w, https:\\\/\\\/www.greenpeace.org\\\/static\\\/planet4-brasil-stateless\\\/2023\\\/03\\\/9a9a4429-gp0stvjte_web_size-768x512.jpg 768w, https:\\\/\\\/www.greenpeace.org\\\/static\\\/planet4-brasil-stateless\\\/2023\\\/03\\\/9a9a4429-gp0stvjte_web_size-510x340.jpg 510w&quot;,&quot;image_sizes&quot;:false,&quot;alt_text&quot;:&quot;&quot;,&quot;caption&quot;:&quot;Moradores e volunt\\u00e1rios transportam m\\u00f3veis retirados das casas mais impactadas ap\\u00f3s os deslizamentos da madrugada de 18 para 19 de fevereiro de 2023, na Vila Sahy, em S\\u00e3o Sebasti\\u00e3o,. \\u00a9 Diego Baravelli \\\/ Greenpeace&quot;,&quot;focus_image&quot;:&quot;&quot;,&quot;credits&quot;:&quot;&quot;},{&quot;image_src&quot;:&quot;https:\\\/\\\/www.greenpeace.org\\\/static\\\/planet4-brasil-stateless\\\/2023\\\/03\\\/524bb421-gp0stvjut_web_size.jpg&quot;,&quot;image_srcset&quot;:&quot;https:\\\/\\\/www.greenpeace.org\\\/static\\\/planet4-brasil-stateless\\\/2023\\\/03\\\/524bb421-gp0stvjut_web_size.jpg 800w, https:\\\/\\\/www.greenpeace.org\\\/static\\\/planet4-brasil-stateless\\\/2023\\\/03\\\/524bb421-gp0stvjut_web_size-300x200.jpg 300w, https:\\\/\\\/www.greenpeace.org\\\/static\\\/planet4-brasil-stateless\\\/2023\\\/03\\\/524bb421-gp0stvjut_web_size-768x512.jpg 768w, https:\\\/\\\/www.greenpeace.org\\\/static\\\/planet4-brasil-stateless\\\/2023\\\/03\\\/524bb421-gp0stvjut_web_size-510x340.jpg 510w&quot;,&quot;image_sizes&quot;:false,&quot;alt_text&quot;:&quot;&quot;,&quot;caption&quot;:&quot;Moradores e volunt\\u00e1rios transportam m\\u00f3veis retirados das casas mais impactadas ap\\u00f3s os deslizamentos da madrugada de 18 para 19 de fevereiro de 2023, na Vila Sahy, em S\\u00e3o Sebasti\\u00e3o,. \\u00a9 Diego Baravelli \\\/ Greenpeace&quot;,&quot;focus_image&quot;:&quot;&quot;,&quot;credits&quot;:&quot;&quot;}]}}\"><\/div>\n<p><strong>Solidariedade desde o primeiro dia<\/strong><\/p>\n\n<p>Sem jamais deixar de lado a import\u00e2ncia de pressionar o poder p\u00fablico por pol\u00edticas p\u00fablicas que evitem novas trag\u00e9dias, a solidariedade tem seu papel. Ela fez e faz toda a diferen\u00e7a para quem enfrentou uma madrugada com chuvas de propor\u00e7\u00f5es sem igual num acumulado de 24 horas.&nbsp;<\/p>\n\n<p>Ap\u00f3s os deslizamentos de terra, a Vila Sahy e outras regi\u00f5es impactadas s\u00f3 podiam ser acessadas pelo mar.<\/p>\n\n<p class=\"has-grey-100-color has-green-800-background-color has-text-color has-background\">\u201cA comunidade foi o ponto-chave desde o primeiro momento. N\u00e3o tinha como ningu\u00e9m chegar. Tudo aconteceu na madrugada e o primeiro helic\u00f3ptero que veio para come\u00e7ar a socorrer as v\u00edtimas chegou quase duas horas da tarde. E nisso, os moradores, a comunidade em si j\u00e1 tinha trabalhado muito\u201d, relata Fernanda Fischer.<\/p>\n\n<p>O grupo de volunt\u00e1rios do Greenpeace em Bertioga se uniu \u00e0 popula\u00e7\u00e3o poucos dias ap\u00f3s a trag\u00e9dia. Al\u00e9m de registrar e denunciar o cen\u00e1rio de tristeza, ang\u00fastia e injusti\u00e7a, eles e elas dedicaram esfor\u00e7os para contribuir com a remo\u00e7\u00e3o da lama de casas e ruas, e com o carregamento de m\u00f3veis junto a moradores que tentavam salvar o que estava ao alcance nas casas mais impactadas &#8211; apenas alguns tinham para onde levar e guardar m\u00f3veis e outros pertences, gra\u00e7as \u00e0 solidariedade de parentes e amigos. Ajudaram tamb\u00e9m com a distribui\u00e7\u00e3o de alimentos agroecol\u00f3gicos e kits de limpeza comprados com as doa\u00e7\u00f5es.<\/p>\n\n<p class=\"has-grey-200-background-color has-background\">\u201cNesse momento de crise, a gente viu que toda ajuda \u00e9 bem-vinda. Desde a mais pontual at\u00e9 as necessidades que seguem sendo urgentes, como a luta por justi\u00e7a. Ao mesmo tempo que essas pessoas est\u00e3o muito fragilizadas, elas possuem uma for\u00e7a enorme para enfrentar tudo isso. Todos querem e precisam reconstruir suas vidas\u201d, comenta Raphael Roberto, do grupo de volunt\u00e1rios de Bertioga.<\/p>\n<div data-render=\"planet4-blocks\/gallery\" data-attributes=\"{&quot;attributes&quot;:{&quot;multiple_image&quot;:&quot;45346,45347&quot;,&quot;image_data&quot;:[{&quot;url&quot;:&quot;https:\\\/\\\/www.greenpeace.org\\\/static\\\/planet4-brasil-stateless\\\/2023\\\/03\\\/e5f1e19c-gp0stvjxu_web_size.jpg&quot;,&quot;focalPoint&quot;:{&quot;x&quot;:0.5,&quot;y&quot;:0.5},&quot;id&quot;:45346},{&quot;url&quot;:&quot;https:\\\/\\\/www.greenpeace.org\\\/static\\\/planet4-brasil-stateless\\\/2023\\\/03\\\/7879cea3-gp0stvjva_web_size.jpg&quot;,&quot;focalPoint&quot;:{&quot;x&quot;:0.5,&quot;y&quot;:0.5},&quot;id&quot;:45347}],&quot;gallery_block_style&quot;:0,&quot;gallery_block_title&quot;:&quot;&quot;,&quot;gallery_block_description&quot;:&quot;&quot;,&quot;gallery_block_focus_points&quot;:&quot;&quot;,&quot;images&quot;:[{&quot;image_src&quot;:&quot;https:\\\/\\\/www.greenpeace.org\\\/static\\\/planet4-brasil-stateless\\\/2023\\\/03\\\/e5f1e19c-gp0stvjxu_web_size.jpg&quot;,&quot;image_srcset&quot;:&quot;https:\\\/\\\/www.greenpeace.org\\\/static\\\/planet4-brasil-stateless\\\/2023\\\/03\\\/e5f1e19c-gp0stvjxu_web_size.jpg 800w, https:\\\/\\\/www.greenpeace.org\\\/static\\\/planet4-brasil-stateless\\\/2023\\\/03\\\/e5f1e19c-gp0stvjxu_web_size-300x200.jpg 300w, https:\\\/\\\/www.greenpeace.org\\\/static\\\/planet4-brasil-stateless\\\/2023\\\/03\\\/e5f1e19c-gp0stvjxu_web_size-768x512.jpg 768w, https:\\\/\\\/www.greenpeace.org\\\/static\\\/planet4-brasil-stateless\\\/2023\\\/03\\\/e5f1e19c-gp0stvjxu_web_size-510x340.jpg 510w&quot;,&quot;image_sizes&quot;:false,&quot;alt_text&quot;:&quot;&quot;,&quot;caption&quot;:&quot;Doa\\u00e7\\u00f5es de alimentos agroecol\\u00f3gicos do MST entregues diretamente para moradores na Vila Sahy, em S\\u00e3o Sebasti\\u00e3o, em 04\\\/03\\\/2023. \\u00a9 Diego Baravelli \\\/ Greenpeace&quot;,&quot;focus_image&quot;:&quot;&quot;,&quot;credits&quot;:&quot;&quot;},{&quot;image_src&quot;:&quot;https:\\\/\\\/www.greenpeace.org\\\/static\\\/planet4-brasil-stateless\\\/2023\\\/03\\\/7879cea3-gp0stvjva_web_size.jpg&quot;,&quot;image_srcset&quot;:&quot;https:\\\/\\\/www.greenpeace.org\\\/static\\\/planet4-brasil-stateless\\\/2023\\\/03\\\/7879cea3-gp0stvjva_web_size.jpg 800w, https:\\\/\\\/www.greenpeace.org\\\/static\\\/planet4-brasil-stateless\\\/2023\\\/03\\\/7879cea3-gp0stvjva_web_size-300x200.jpg 300w, https:\\\/\\\/www.greenpeace.org\\\/static\\\/planet4-brasil-stateless\\\/2023\\\/03\\\/7879cea3-gp0stvjva_web_size-768x512.jpg 768w, https:\\\/\\\/www.greenpeace.org\\\/static\\\/planet4-brasil-stateless\\\/2023\\\/03\\\/7879cea3-gp0stvjva_web_size-510x340.jpg 510w&quot;,&quot;image_sizes&quot;:false,&quot;alt_text&quot;:&quot;&quot;,&quot;caption&quot;:&quot;Doa\\u00e7\\u00f5es de alimentos agroecol\\u00f3gicos do MST entregues diretamente para moradores na Vila Sahy, em S\\u00e3o Sebasti\\u00e3o, em 04\\\/03\\\/2023. \\u00a9 Diego Baravelli \\\/ Greenpeace&quot;,&quot;focus_image&quot;:&quot;&quot;,&quot;credits&quot;:&quot;&quot;}]}}\"><\/div>\n<p><strong>O problema n\u00e3o acabou<\/strong><\/p>\n\n<p>Ap\u00f3s 15 dias do desastre, quando estive na Vila Sahy acompanhando o trabalho do grupo de volunt\u00e1rios, ainda havia moradores incans\u00e1veis removendo a lama de casas e ruas.\u00a0As necessidades continuavam sendo muitas, inclusive de apoio psicol\u00f3gico. Para Fernanda, que passou uma semana dormindo no carro, participar de a\u00e7\u00f5es de solidariedade resgatou um rumo para a vida nesses dias ainda t\u00e3o desafiadores.<\/p>\n\n<p class=\"has-grey-900-color has-grey-100-background-color has-text-color has-background\"><strong>\u201cEst\u00e1 todo mundo precisando de um suporte psicol\u00f3gico, financeiro, f\u00edsico. A gente est\u00e1 de p\u00e9 por Deus e porque \u00e9 um ajudando o outro, caso contr\u00e1rio, ningu\u00e9m teria mais for\u00e7as\u201d, desabafa.<\/strong>&nbsp;<\/p>\n\n<p>A principal pergunta que todo mundo fazia continuava sem resposta. <em>E agora? Quem perdeu a casa, para onde vai? <\/em>As pessoas abrigadas em pousadas, hot\u00e9is e col\u00f4nias de f\u00e9rias por meio de uma parceria dos governos municipal, estadual, federal e iniciativa privada, expressavam ang\u00fastia pela falta de di\u00e1logo e resposta &#8211; e aqui, mais uma prova de que a a\u00e7\u00e3o s\u00f3 chega quando a trag\u00e9dia j\u00e1 aconteceu. Uma senhora relatou que n\u00e3o tinha ao menos itens de limpeza para limpar o quarto onde estava com a fam\u00edlia. Enquanto isso, profissionais identificados com coletes da prefeitura de S\u00e3o Sebasti\u00e3o instalavam placas de \u201cinterditada\u201d em algumas das casas. Os moradores n\u00e3o entendiam o que aquilo de fato significava. Pairava tamb\u00e9m no ar o medo das doen\u00e7as geradas pelo contato com a lama e a \u00e1gua contaminada.<\/p>\n\n<figure class=\"wp-block-image size-full\"><img loading=\"lazy\" decoding=\"async\" width=\"800\" height=\"533\" src=\"https:\/\/www.greenpeace.org\/static\/planet4-brasil-stateless\/2023\/03\/1d212352-gp0stvjvx_web_size.jpg\" alt=\"\" class=\"wp-image-45351\" srcset=\"https:\/\/www.greenpeace.org\/static\/planet4-brasil-stateless\/2023\/03\/1d212352-gp0stvjvx_web_size.jpg 800w, https:\/\/www.greenpeace.org\/static\/planet4-brasil-stateless\/2023\/03\/1d212352-gp0stvjvx_web_size-300x200.jpg 300w, https:\/\/www.greenpeace.org\/static\/planet4-brasil-stateless\/2023\/03\/1d212352-gp0stvjvx_web_size-768x512.jpg 768w, https:\/\/www.greenpeace.org\/static\/planet4-brasil-stateless\/2023\/03\/1d212352-gp0stvjvx_web_size-510x340.jpg 510w\" sizes=\"auto, (max-width: 800px) 100vw, 800px\" \/><figcaption class=\"wp-element-caption\">Moradores da Vila Sahy, em S\u00e3o Sebasti\u00e3o, carregam m\u00f3veis para salvar o que restou das casas mais impactadas ap\u00f3s os deslizamentos da madrugada de 18 para 19 de fevereiro de 2023. \u00a9 Diego Baravelli \/ Greenpeace<\/figcaption><\/figure>\n\n<p><strong>O momento \u00e9 de luto, mas tamb\u00e9m de luta<\/strong><\/p>\n\n<p>Evanildes Andrade, presidente da Associa\u00e7\u00e3o de Moradores da Vila Sahy (Amovila), conta que h\u00e1 20 anos luta junto ao poder p\u00fablico por regulariza\u00e7\u00e3o fundi\u00e1ria e planejamento urbano para a regi\u00e3o com a participa\u00e7\u00e3o da popula\u00e7\u00e3o.&nbsp;<\/p>\n\n<p class=\"has-grey-100-color has-green-800-background-color has-text-color has-background\">\u201cA gente vem h\u00e1 muito tempo buscando di\u00e1logo com a prefeitura, com a Secretaria de Meio Ambiente, participando de audi\u00eancias p\u00fablicas, numa atua\u00e7\u00e3o intensiva, inclusive junto com outras organiza\u00e7\u00f5es, por uma s\u00e9rie de pol\u00edticas p\u00fablicas, entre elas, de habita\u00e7\u00e3o. Em muitas reuni\u00f5es ao longo dos anos, n\u00f3s alertamos que n\u00e3o adiantava a prefeitura vir tapar buraco ou fazer uma pavimenta\u00e7\u00e3o se n\u00e3o tivesse uma regulariza\u00e7\u00e3o fundi\u00e1ria que garantisse moradia segura para quem precisa morar aqui\u201d, diz Evanildes.<\/p>\n\n<p>Ela destaca tamb\u00e9m que essa \u00e9 <strong>uma trag\u00e9dia que poderia ter sido evitada.<\/strong><\/p>\n\n<p class=\"has-grey-200-background-color has-background\">\u201cNessa nova gest\u00e3o, n\u00f3s at\u00e9 sentamos com a prefeitura para conversar, apresentamos o mapeamento que temos da \u00e1rea, um diagn\u00f3stico dos riscos e at\u00e9 apontamos uma \u00e1rea sugerindo que fosse comprada para a constru\u00e7\u00e3o de casas seguras para as pessoas em \u00e1reas de risco. Infelizmente, n\u00e3o vimos nenhuma a\u00e7\u00e3o concreta e o que testemunhamos foi a neglig\u00eancia do poder p\u00fablico frente a uma trag\u00e9dia anunciada\u201d, protesta.<\/p>\n\n<p>Nesta semana, a Amovila e moradores da Vila Sahy reuniram-se com a Defensoria P\u00fablica com o objetivo de \u201ctra\u00e7ar caminhos para garantir direitos que at\u00e9 agora n\u00e3o foram formalmente garantidos. Ningu\u00e9m vai derrubar nenhum im\u00f3vel desta comunidade sem antes passar minuciosamente por laudo t\u00e9cnico com aprova\u00e7\u00e3o do dono do im\u00f3vel, e o mesmo ser ressarcido\u201d. O posicionamento foi <a href=\"https:\/\/m.facebook.com\/story.php?story_fbid=pfbid02wShz2kyRFWoeZr5X9qML9uDfBuGTVXAthsi2uyYYurqWkfqgyEkMFv6bDPAe8D4al&amp;id=100064560914632&amp;sfnsn=wiwspwa&amp;mibextid=VhDh1V\">publicado nas redes sociais <\/a>da Associa\u00e7\u00e3o. &nbsp;<\/p>\n\n<p><strong>Para que se fa\u00e7a justi\u00e7a \u00e0s pessoas impactadas e se elabore solu\u00e7\u00f5es, \u00e9 inegoci\u00e1vel ouvir quem est\u00e1 no territ\u00f3rio.<\/strong> Para que as cidades se tornem seguras, elas precisam ser adaptadas \u00e0 nova realidade do clima. Ouvi de muitos moradores que n\u00e3o adianta propor habita\u00e7\u00e3o a uma hora e meia de dist\u00e2ncia da Vila Sahy, se \u00e9 ali que as pessoas trabalham e onde constru\u00edram suas vidas. O modo de viver precisa ser considerado e respeitado.<\/p>\n\n<p><\/p>\n\n<figure class=\"wp-block-embed is-type-video is-provider-youtube wp-block-embed-youtube wp-embed-aspect-16-9 wp-has-aspect-ratio\"><div class=\"wp-block-embed__wrapper\">\n<lite-youtube style=\"background-image: url('https:\/\/i.ytimg.com\/vi\/IqYbO6hP4B0\/hqdefault.jpg');\" videoid=\"IqYbO6hP4B0\" params=\"rel=0\"><\/lite-youtube>\n<\/div><figcaption class=\"wp-element-caption\">Ap\u00f3s trag\u00e9dia, popula\u00e7\u00e3o do litoral norte de SP precisa ser parte da reconstru\u00e7\u00e3o e monitoramento das a\u00e7\u00f5es. Edi\u00e7\u00e3o: Victor Bravo<\/figcaption><\/figure>\n","protected":false},"excerpt":{"rendered":"<p>Acabar com as diferen\u00e7as impostas pela desigualdade tem a mesma urg\u00eancia que adaptar as cidades \u00e0 nova realidade do clima<\/p>\n","protected":false},"author":67,"featured_media":45333,"comment_status":"open","ping_status":"closed","sticky":false,"template":"","format":"standard","meta":{"ep_exclude_from_search":false,"p4_og_title":"","p4_og_description":"","p4_og_image":"","p4_og_image_id":"","p4_seo_canonical_url":"","p4_campaign_name":"","p4_local_project":"","p4_basket_name":"","p4_department":"","footnotes":""},"categories":[2],"tags":[42],"p4-page-type":[16],"class_list":["post-45332","post","type-post","status-publish","format-standard","has-post-thumbnail","hentry","category-transforme-a-sociedade","tag-justica-climatica","p4-page-type-blog"],"_links":{"self":[{"href":"https:\/\/www.greenpeace.org\/brasil\/wp-json\/wp\/v2\/posts\/45332","targetHints":{"allow":["GET"]}}],"collection":[{"href":"https:\/\/www.greenpeace.org\/brasil\/wp-json\/wp\/v2\/posts"}],"about":[{"href":"https:\/\/www.greenpeace.org\/brasil\/wp-json\/wp\/v2\/types\/post"}],"author":[{"embeddable":true,"href":"https:\/\/www.greenpeace.org\/brasil\/wp-json\/wp\/v2\/users\/67"}],"replies":[{"embeddable":true,"href":"https:\/\/www.greenpeace.org\/brasil\/wp-json\/wp\/v2\/comments?post=45332"}],"version-history":[{"count":17,"href":"https:\/\/www.greenpeace.org\/brasil\/wp-json\/wp\/v2\/posts\/45332\/revisions"}],"predecessor-version":[{"id":45375,"href":"https:\/\/www.greenpeace.org\/brasil\/wp-json\/wp\/v2\/posts\/45332\/revisions\/45375"}],"wp:featuredmedia":[{"embeddable":true,"href":"https:\/\/www.greenpeace.org\/brasil\/wp-json\/wp\/v2\/media\/45333"}],"wp:attachment":[{"href":"https:\/\/www.greenpeace.org\/brasil\/wp-json\/wp\/v2\/media?parent=45332"}],"wp:term":[{"taxonomy":"category","embeddable":true,"href":"https:\/\/www.greenpeace.org\/brasil\/wp-json\/wp\/v2\/categories?post=45332"},{"taxonomy":"post_tag","embeddable":true,"href":"https:\/\/www.greenpeace.org\/brasil\/wp-json\/wp\/v2\/tags?post=45332"},{"taxonomy":"p4-page-type","embeddable":true,"href":"https:\/\/www.greenpeace.org\/brasil\/wp-json\/wp\/v2\/p4-page-type?post=45332"}],"curies":[{"name":"wp","href":"https:\/\/api.w.org\/{rel}","templated":true}]}}