{"id":45615,"date":"2023-03-31T13:36:51","date_gmt":"2023-03-31T16:36:51","guid":{"rendered":"https:\/\/www.greenpeace.org\/brasil\/?p=45615"},"modified":"2023-03-31T13:36:55","modified_gmt":"2023-03-31T16:36:55","slug":"dia-internacional-das-florestas-e-dia-mundial-da-agua-confira-o-que-os-grupos-locais-organizaram","status":"publish","type":"post","link":"https:\/\/www.greenpeace.org\/brasil\/blog\/dia-internacional-das-florestas-e-dia-mundial-da-agua-confira-o-que-os-grupos-locais-organizaram\/","title":{"rendered":"Dia Internacional das Florestas e Dia Mundial da \u00c1gua: confira o que os grupos locais organizaram"},"content":{"rendered":"\n<h4 class=\"wp-block-heading\">Na \u00faltima semana, volunt\u00e1rios e volunt\u00e1rias realizaram oficina de permacultura, debates, Ponto Verde e divulga\u00e7\u00e3o de conte\u00fados alertando sobre a import\u00e2ncia das florestas e da \u00e1gua.<\/h4>\n\n<p>Oi! Espero que esteja bem. J\u00e1 se perguntou como um grupo de pessoas apaixonadas pela preserva\u00e7\u00e3o da natureza se une para lutar por um mundo melhor? Ent\u00e3o, fique comigo que eu vou te mostrar como os grupos locais est\u00e3o fazendo a diferen\u00e7a.<\/p>\n\n<figure class=\"wp-block-image\"><img decoding=\"async\" src=\"https:\/\/lh4.googleusercontent.com\/PqrRmcD3d3v6hKYwhGLoVEra7enyaAZP3zwJ0eT2yGojlxKqnZ2kLeaDXn7N6HFpVWlc2ex9XPAJ1-ehmz9CdAt4DlB2vua1yZ-c8njKUyBVAJ50N7o85JMJwpa3eHba5CwcwTnWGnXx1hOo6XgZN4k\" alt=\"\"\/><\/figure>\n\n<p>No domingo (19), <a href=\"https:\/\/www.instagram.com\/p\/CqDje7UOlhH\/\"><strong>o grupo do Vale do Itaja\u00ed participou de uma oficina sobre permacultura<\/strong><\/a>, que \u00e9 um conjunto de t\u00e9cnicas e princ\u00edpios de design que visam criar sistemas sustent\u00e1veis para a produ\u00e7\u00e3o de alimentos, energia, habita\u00e7\u00e3o e outras necessidades humanas em harmonia com a natureza. A oficina foi realizada na sede do Instituto de Permacultura Vale do Itaja\u00ed (IPEVI):<br><img loading=\"lazy\" decoding=\"async\" width=\"300\" height=\"300\" class=\"wp-image-45621\" style=\"width: 300px;\" src=\"https:\/\/www.greenpeace.org\/static\/planet4-brasil-stateless\/2023\/03\/2a2cab4a-unknown_336980841_148120381225559_6476819224017749873_n.jpg\" alt=\"\" srcset=\"https:\/\/www.greenpeace.org\/static\/planet4-brasil-stateless\/2023\/03\/2a2cab4a-unknown_336980841_148120381225559_6476819224017749873_n.jpg 1080w, https:\/\/www.greenpeace.org\/static\/planet4-brasil-stateless\/2023\/03\/2a2cab4a-unknown_336980841_148120381225559_6476819224017749873_n-300x300.jpg 300w, https:\/\/www.greenpeace.org\/static\/planet4-brasil-stateless\/2023\/03\/2a2cab4a-unknown_336980841_148120381225559_6476819224017749873_n-1024x1024.jpg 1024w, https:\/\/www.greenpeace.org\/static\/planet4-brasil-stateless\/2023\/03\/2a2cab4a-unknown_336980841_148120381225559_6476819224017749873_n-150x150.jpg 150w, https:\/\/www.greenpeace.org\/static\/planet4-brasil-stateless\/2023\/03\/2a2cab4a-unknown_336980841_148120381225559_6476819224017749873_n-768x768.jpg 768w, https:\/\/www.greenpeace.org\/static\/planet4-brasil-stateless\/2023\/03\/2a2cab4a-unknown_336980841_148120381225559_6476819224017749873_n-340x340.jpg 340w\" sizes=\"auto, (max-width: 300px) 100vw, 300px\" \/><img loading=\"lazy\" decoding=\"async\" width=\"300\" height=\"300\" class=\"wp-image-45620\" style=\"width: 300px;\" src=\"https:\/\/www.greenpeace.org\/static\/planet4-brasil-stateless\/2023\/03\/5975fc7a-unknown_337157662_234246395675224_5700747817733735410_n.jpg\" alt=\"\" srcset=\"https:\/\/www.greenpeace.org\/static\/planet4-brasil-stateless\/2023\/03\/5975fc7a-unknown_337157662_234246395675224_5700747817733735410_n.jpg 1440w, https:\/\/www.greenpeace.org\/static\/planet4-brasil-stateless\/2023\/03\/5975fc7a-unknown_337157662_234246395675224_5700747817733735410_n-300x300.jpg 300w, https:\/\/www.greenpeace.org\/static\/planet4-brasil-stateless\/2023\/03\/5975fc7a-unknown_337157662_234246395675224_5700747817733735410_n-1024x1024.jpg 1024w, https:\/\/www.greenpeace.org\/static\/planet4-brasil-stateless\/2023\/03\/5975fc7a-unknown_337157662_234246395675224_5700747817733735410_n-150x150.jpg 150w, https:\/\/www.greenpeace.org\/static\/planet4-brasil-stateless\/2023\/03\/5975fc7a-unknown_337157662_234246395675224_5700747817733735410_n-768x768.jpg 768w, https:\/\/www.greenpeace.org\/static\/planet4-brasil-stateless\/2023\/03\/5975fc7a-unknown_337157662_234246395675224_5700747817733735410_n-1366x1366.jpg 1366w, https:\/\/www.greenpeace.org\/static\/planet4-brasil-stateless\/2023\/03\/5975fc7a-unknown_337157662_234246395675224_5700747817733735410_n-340x340.jpg 340w\" sizes=\"auto, (max-width: 300px) 100vw, 300px\" \/><br><br><a href=\"https:\/\/www.instagram.com\/p\/CqTnZ2mJQGB\/\"><strong>Inspirados pelo Dia Mundial da \u00c1gua (22), volunt\u00e1rios e volunt\u00e1rias participaram de um mutir\u00e3o de limpeza<\/strong>.<\/a> O grupo uniu for\u00e7as com os movimentos Nosso Rio, em Blumenau, e Juntos pelo Rio Itaja\u00ed, na cidade de Itaja\u00ed:<br><img loading=\"lazy\" decoding=\"async\" width=\"300\" height=\"300\" class=\"wp-image-45619\" style=\"width: 300px;\" src=\"https:\/\/www.greenpeace.org\/static\/planet4-brasil-stateless\/2023\/03\/2073c3e2-unknown_337835723_749874773244746_8670343826558591720_n.jpg\" alt=\"\" srcset=\"https:\/\/www.greenpeace.org\/static\/planet4-brasil-stateless\/2023\/03\/2073c3e2-unknown_337835723_749874773244746_8670343826558591720_n.jpg 1080w, https:\/\/www.greenpeace.org\/static\/planet4-brasil-stateless\/2023\/03\/2073c3e2-unknown_337835723_749874773244746_8670343826558591720_n-300x300.jpg 300w, https:\/\/www.greenpeace.org\/static\/planet4-brasil-stateless\/2023\/03\/2073c3e2-unknown_337835723_749874773244746_8670343826558591720_n-1024x1024.jpg 1024w, https:\/\/www.greenpeace.org\/static\/planet4-brasil-stateless\/2023\/03\/2073c3e2-unknown_337835723_749874773244746_8670343826558591720_n-150x150.jpg 150w, https:\/\/www.greenpeace.org\/static\/planet4-brasil-stateless\/2023\/03\/2073c3e2-unknown_337835723_749874773244746_8670343826558591720_n-768x768.jpg 768w, https:\/\/www.greenpeace.org\/static\/planet4-brasil-stateless\/2023\/03\/2073c3e2-unknown_337835723_749874773244746_8670343826558591720_n-340x340.jpg 340w\" sizes=\"auto, (max-width: 300px) 100vw, 300px\" \/><img loading=\"lazy\" decoding=\"async\" width=\"300\" height=\"300\" class=\"wp-image-45618\" style=\"width: 300px;\" src=\"https:\/\/www.greenpeace.org\/static\/planet4-brasil-stateless\/2023\/03\/b87f9674-unknown_338396877_6504455892912037_6216878603691916092_n.jpg\" alt=\"\" srcset=\"https:\/\/www.greenpeace.org\/static\/planet4-brasil-stateless\/2023\/03\/b87f9674-unknown_338396877_6504455892912037_6216878603691916092_n.jpg 1080w, https:\/\/www.greenpeace.org\/static\/planet4-brasil-stateless\/2023\/03\/b87f9674-unknown_338396877_6504455892912037_6216878603691916092_n-300x300.jpg 300w, https:\/\/www.greenpeace.org\/static\/planet4-brasil-stateless\/2023\/03\/b87f9674-unknown_338396877_6504455892912037_6216878603691916092_n-1024x1024.jpg 1024w, https:\/\/www.greenpeace.org\/static\/planet4-brasil-stateless\/2023\/03\/b87f9674-unknown_338396877_6504455892912037_6216878603691916092_n-150x150.jpg 150w, https:\/\/www.greenpeace.org\/static\/planet4-brasil-stateless\/2023\/03\/b87f9674-unknown_338396877_6504455892912037_6216878603691916092_n-768x767.jpg 768w, https:\/\/www.greenpeace.org\/static\/planet4-brasil-stateless\/2023\/03\/b87f9674-unknown_338396877_6504455892912037_6216878603691916092_n-340x340.jpg 340w\" sizes=\"auto, (max-width: 300px) 100vw, 300px\" \/><\/p>\n\n<p><a href=\"https:\/\/www.instagram.com\/p\/CqSm89PNTZH\/\"><strong>O grupo de Belo Horizonte tamb\u00e9m aproveitou o Dia Mundial da \u00c1gua e mobilizou-se de diversas formas para refletir sobre a rela\u00e7\u00e3o entre o ser humano e esse recurso natural t\u00e3o importante<\/strong><\/a>. Os volunt\u00e1rios e volunt\u00e1rias realizaram a\u00e7\u00f5es em parceria com outras institui\u00e7\u00f5es e promoveram atividades online, incluindo premia\u00e7\u00f5es. Para finalizar, participaram do evento Lixo Zero:<strong><br><\/strong><img loading=\"lazy\" decoding=\"async\" width=\"300\" height=\"300\" class=\"wp-image-45638\" style=\"width: 300px;\" src=\"https:\/\/www.greenpeace.org\/static\/planet4-brasil-stateless\/2023\/03\/a5542b4d-unknown_337563081_1297893604402778_1891636155164432631_n.jpg\" alt=\"\" srcset=\"https:\/\/www.greenpeace.org\/static\/planet4-brasil-stateless\/2023\/03\/a5542b4d-unknown_337563081_1297893604402778_1891636155164432631_n.jpg 1440w, https:\/\/www.greenpeace.org\/static\/planet4-brasil-stateless\/2023\/03\/a5542b4d-unknown_337563081_1297893604402778_1891636155164432631_n-300x300.jpg 300w, https:\/\/www.greenpeace.org\/static\/planet4-brasil-stateless\/2023\/03\/a5542b4d-unknown_337563081_1297893604402778_1891636155164432631_n-1024x1024.jpg 1024w, https:\/\/www.greenpeace.org\/static\/planet4-brasil-stateless\/2023\/03\/a5542b4d-unknown_337563081_1297893604402778_1891636155164432631_n-150x150.jpg 150w, https:\/\/www.greenpeace.org\/static\/planet4-brasil-stateless\/2023\/03\/a5542b4d-unknown_337563081_1297893604402778_1891636155164432631_n-768x768.jpg 768w, https:\/\/www.greenpeace.org\/static\/planet4-brasil-stateless\/2023\/03\/a5542b4d-unknown_337563081_1297893604402778_1891636155164432631_n-1366x1366.jpg 1366w, https:\/\/www.greenpeace.org\/static\/planet4-brasil-stateless\/2023\/03\/a5542b4d-unknown_337563081_1297893604402778_1891636155164432631_n-340x340.jpg 340w\" sizes=\"auto, (max-width: 300px) 100vw, 300px\" \/><\/p>\n\n<p><a href=\"https:\/\/www.instagram.com\/p\/CqOfG6xuxi7\/\"><strong>No \u00faltimo s\u00e1bado (25), o grupo de Porto Alegre, em parceria com diversos colaboradores, participou da Noite das Ideias<\/strong><\/a>. O evento contou com o debate intitulado &#8220;Mais Verde, Mais Qualidade de Vida&#8221;, que aconteceu no Museu de Porto Alegre, Joaquim Felizardo. De acordo com os organizadores, o objetivo do encontro foi celebrar a livre circula\u00e7\u00e3o de ideias e a troca de conhecimento, promovendo a intera\u00e7\u00e3o entre diferentes campos do pensamento, das artes, das ci\u00eancias e da sociedade:<br><img loading=\"lazy\" decoding=\"async\" width=\"300\" height=\"300\" class=\"wp-image-45626\" style=\"width: 300px;\" src=\"https:\/\/www.greenpeace.org\/static\/planet4-brasil-stateless\/2023\/03\/30136440-unknown_337910735_653421366550159_8676930364435857288_n.jpg\" alt=\"\" srcset=\"https:\/\/www.greenpeace.org\/static\/planet4-brasil-stateless\/2023\/03\/30136440-unknown_337910735_653421366550159_8676930364435857288_n.jpg 1175w, https:\/\/www.greenpeace.org\/static\/planet4-brasil-stateless\/2023\/03\/30136440-unknown_337910735_653421366550159_8676930364435857288_n-300x300.jpg 300w, https:\/\/www.greenpeace.org\/static\/planet4-brasil-stateless\/2023\/03\/30136440-unknown_337910735_653421366550159_8676930364435857288_n-1024x1024.jpg 1024w, https:\/\/www.greenpeace.org\/static\/planet4-brasil-stateless\/2023\/03\/30136440-unknown_337910735_653421366550159_8676930364435857288_n-150x150.jpg 150w, https:\/\/www.greenpeace.org\/static\/planet4-brasil-stateless\/2023\/03\/30136440-unknown_337910735_653421366550159_8676930364435857288_n-768x768.jpg 768w, https:\/\/www.greenpeace.org\/static\/planet4-brasil-stateless\/2023\/03\/30136440-unknown_337910735_653421366550159_8676930364435857288_n-340x340.jpg 340w\" sizes=\"auto, (max-width: 300px) 100vw, 300px\" \/><img loading=\"lazy\" decoding=\"async\" width=\"300\" height=\"300\" class=\"wp-image-45643\" style=\"width: 300px;\" src=\"https:\/\/www.greenpeace.org\/static\/planet4-brasil-stateless\/2023\/03\/96b0c629-fb_img_1679790897107-1.jpg\" alt=\"\" srcset=\"https:\/\/www.greenpeace.org\/static\/planet4-brasil-stateless\/2023\/03\/96b0c629-fb_img_1679790897107-1.jpg 539w, https:\/\/www.greenpeace.org\/static\/planet4-brasil-stateless\/2023\/03\/96b0c629-fb_img_1679790897107-1-300x300.jpg 300w, https:\/\/www.greenpeace.org\/static\/planet4-brasil-stateless\/2023\/03\/96b0c629-fb_img_1679790897107-1-150x150.jpg 150w, https:\/\/www.greenpeace.org\/static\/planet4-brasil-stateless\/2023\/03\/96b0c629-fb_img_1679790897107-1-340x340.jpg 340w\" sizes=\"auto, (max-width: 300px) 100vw, 300px\" \/><\/p>\n\n<p><a href=\"https:\/\/www.instagram.com\/p\/CqRQi5nubcO\/\"><strong>J\u00e1 no domingo (26), os ativistas fizeram um Ponto Verde<\/strong><\/a> com o objetivo de conscientizar as pessoas sobre as mudan\u00e7as clim\u00e1ticas e convid\u00e1-las a fazer parte do voluntariado:<br><img loading=\"lazy\" decoding=\"async\" src=\"https:\/\/lh4.googleusercontent.com\/rTvUN3ms4WogXZbLz6TsTRfqbZZOt1fDvTrR9NympAzJnzNkOgPzpAqV-cv9YTgouCRoQanUpS-LRhPWRWPNuJAURMzqzZjyKD39XV5TilGwXyvyPTDUbwABF-A86IHlwZwMJVBR93F9FHMJWkcnBDQ\" width=\"295\" height=\"221\"><img loading=\"lazy\" decoding=\"async\" src=\"https:\/\/lh6.googleusercontent.com\/BYguFVxI_mK5estF7JsLBUiy9656sKdT1wD1QeEtkyCfcsaj7rqj8dSkBU1-4qeedBNrndnuS94465cNh3dOs_8660jyzhZTNg7TUBzwIvVKaWqvnfwXNeu4TbKrdv3JrxJS-V-Y7xdpNCnSeYlXAbE\" width=\"298\" height=\"223\"><\/p>\n\n<p><a href=\"https:\/\/www.instagram.com\/p\/CqDi0r1O_hx\/\"><strong>O grupo de volunt\u00e1rios da Zona da Mata participou de um projeto organizado pela Trilha Brigadeiro Capara\u00f3<\/strong><\/a>, que conecta o Parque Estadual da Serra do Brigadeiro ao Parque Nacional do Capara\u00f3. Juntos, realizaram o manejo e o plantio de mudas de esp\u00e9cies frut\u00edferas nativas da Mata Atl\u00e2ntica.<br><img loading=\"lazy\" decoding=\"async\" width=\"300\" height=\"374\" class=\"wp-image-45617\" style=\"width: 300px;\" src=\"https:\/\/www.greenpeace.org\/static\/planet4-brasil-stateless\/2023\/03\/55bd7fb7-unknown_336963620_902602217620431_3717150579286053357_n.jpg\" alt=\"\" srcset=\"https:\/\/www.greenpeace.org\/static\/planet4-brasil-stateless\/2023\/03\/55bd7fb7-unknown_336963620_902602217620431_3717150579286053357_n.jpg 1080w, https:\/\/www.greenpeace.org\/static\/planet4-brasil-stateless\/2023\/03\/55bd7fb7-unknown_336963620_902602217620431_3717150579286053357_n-241x300.jpg 241w, https:\/\/www.greenpeace.org\/static\/planet4-brasil-stateless\/2023\/03\/55bd7fb7-unknown_336963620_902602217620431_3717150579286053357_n-822x1024.jpg 822w, https:\/\/www.greenpeace.org\/static\/planet4-brasil-stateless\/2023\/03\/55bd7fb7-unknown_336963620_902602217620431_3717150579286053357_n-768x957.jpg 768w, https:\/\/www.greenpeace.org\/static\/planet4-brasil-stateless\/2023\/03\/55bd7fb7-unknown_336963620_902602217620431_3717150579286053357_n-273x340.jpg 273w\" sizes=\"auto, (max-width: 300px) 100vw, 300px\" \/><img loading=\"lazy\" decoding=\"async\" width=\"300\" height=\"375\" class=\"wp-image-45616\" style=\"width: 300px;\" src=\"https:\/\/www.greenpeace.org\/static\/planet4-brasil-stateless\/2023\/03\/598bedef-unknown_336952598_1536208500200869_3390544449517438847_n.jpg\" alt=\"\" srcset=\"https:\/\/www.greenpeace.org\/static\/planet4-brasil-stateless\/2023\/03\/598bedef-unknown_336952598_1536208500200869_3390544449517438847_n.jpg 1080w, https:\/\/www.greenpeace.org\/static\/planet4-brasil-stateless\/2023\/03\/598bedef-unknown_336952598_1536208500200869_3390544449517438847_n-240x300.jpg 240w, https:\/\/www.greenpeace.org\/static\/planet4-brasil-stateless\/2023\/03\/598bedef-unknown_336952598_1536208500200869_3390544449517438847_n-819x1024.jpg 819w, https:\/\/www.greenpeace.org\/static\/planet4-brasil-stateless\/2023\/03\/598bedef-unknown_336952598_1536208500200869_3390544449517438847_n-768x960.jpg 768w, https:\/\/www.greenpeace.org\/static\/planet4-brasil-stateless\/2023\/03\/598bedef-unknown_336952598_1536208500200869_3390544449517438847_n-272x340.jpg 272w\" sizes=\"auto, (max-width: 300px) 100vw, 300px\" \/><br><\/p>\n\n<figure class=\"wp-block-image\"><img decoding=\"async\" src=\"https:\/\/lh5.googleusercontent.com\/IX-IDE1afU5fF6gdEgg9QyBwgMQzraDCYOINMhgX5Qqwlj2e2PqRv-mc45N9bI4cvEDNVNjwyDIOT_xORk6vfsnJoAmiv6aIly7unacoXUvC3rdJJB9JONu8dUUpJDquBSOYfhkcO1N6qJLd-rfKffE\" alt=\"\"\/><\/figure>\n\n<p>Na \u00faltima ter\u00e7a (21) foi o Dia Internacional das Florestas, uma data criada com o intuito de informar a popula\u00e7\u00e3o sobre a import\u00e2ncia das florestas para a sobreviv\u00eancia humana e para o planeta como um todo.<br><br>As florestas desempenham um papel crucial na regula\u00e7\u00e3o do clima, na conserva\u00e7\u00e3o da biodiversidade, na purifica\u00e7\u00e3o do ar e da \u00e1gua, al\u00e9m de serem fontes importantes de recursos naturais, como madeira, alimentos e medicamentos.<\/p>\n\n<p>Os grupos locais utilizaram as redes sociais para expor os problemas que as florestas enfrentam e o quanto \u00e9 relevante a sua conserva\u00e7\u00e3o:<\/p>\n\n<p><a href=\"https:\/\/www.instagram.com\/p\/CqJm7BYuAOW\/\"><strong>Bel\u00e9m<\/strong><\/a><strong>, <\/strong><a href=\"https:\/\/www.instagram.com\/p\/CqDhcrnjosX\/\"><strong>Goi\u00e2nia<\/strong><\/a><strong>, <\/strong><a href=\"https:\/\/www.instagram.com\/p\/CqD5wPrpPq_\/\"><strong>Jo\u00e3o Pessoa<\/strong><\/a><strong>, <\/strong><a href=\"https:\/\/www.instagram.com\/p\/CqEkdQrrpAJ\/\"><strong>Recife<\/strong><\/a><strong> e <\/strong><a href=\"https:\/\/www.instagram.com\/p\/CqEL3bfJspz\/\"><strong>S\u00e3o Lu\u00eds<\/strong><\/a><strong>:<\/strong><br><img loading=\"lazy\" decoding=\"async\" width=\"300\" height=\"300\" class=\"wp-image-45642\" style=\"width: 300px;\" src=\"https:\/\/www.greenpeace.org\/static\/planet4-brasil-stateless\/2023\/03\/44783d2e-unknown_337549148_765620831618160_6942510149035271979_n.jpg\" alt=\"\" srcset=\"https:\/\/www.greenpeace.org\/static\/planet4-brasil-stateless\/2023\/03\/44783d2e-unknown_337549148_765620831618160_6942510149035271979_n.jpg 1080w, https:\/\/www.greenpeace.org\/static\/planet4-brasil-stateless\/2023\/03\/44783d2e-unknown_337549148_765620831618160_6942510149035271979_n-300x300.jpg 300w, https:\/\/www.greenpeace.org\/static\/planet4-brasil-stateless\/2023\/03\/44783d2e-unknown_337549148_765620831618160_6942510149035271979_n-1024x1024.jpg 1024w, https:\/\/www.greenpeace.org\/static\/planet4-brasil-stateless\/2023\/03\/44783d2e-unknown_337549148_765620831618160_6942510149035271979_n-150x150.jpg 150w, https:\/\/www.greenpeace.org\/static\/planet4-brasil-stateless\/2023\/03\/44783d2e-unknown_337549148_765620831618160_6942510149035271979_n-768x768.jpg 768w, https:\/\/www.greenpeace.org\/static\/planet4-brasil-stateless\/2023\/03\/44783d2e-unknown_337549148_765620831618160_6942510149035271979_n-340x340.jpg 340w\" sizes=\"auto, (max-width: 300px) 100vw, 300px\" \/><img loading=\"lazy\" decoding=\"async\" width=\"300\" height=\"300\" class=\"wp-image-45634\" style=\"width: 300px;\" src=\"https:\/\/www.greenpeace.org\/static\/planet4-brasil-stateless\/2023\/03\/917823ad-goiania.jpg\" alt=\"\" srcset=\"https:\/\/www.greenpeace.org\/static\/planet4-brasil-stateless\/2023\/03\/917823ad-goiania.jpg 323w, https:\/\/www.greenpeace.org\/static\/planet4-brasil-stateless\/2023\/03\/917823ad-goiania-300x300.jpg 300w, https:\/\/www.greenpeace.org\/static\/planet4-brasil-stateless\/2023\/03\/917823ad-goiania-150x150.jpg 150w\" sizes=\"auto, (max-width: 300px) 100vw, 300px\" \/><br><img loading=\"lazy\" decoding=\"async\" width=\"300\" height=\"300\" class=\"wp-image-45632\" style=\"width: 300px;\" src=\"https:\/\/www.greenpeace.org\/static\/planet4-brasil-stateless\/2023\/03\/8a4073b8-unknown_337307891_547104687405933_6107900491270681237_n.jpg\" alt=\"\" srcset=\"https:\/\/www.greenpeace.org\/static\/planet4-brasil-stateless\/2023\/03\/8a4073b8-unknown_337307891_547104687405933_6107900491270681237_n.jpg 1080w, https:\/\/www.greenpeace.org\/static\/planet4-brasil-stateless\/2023\/03\/8a4073b8-unknown_337307891_547104687405933_6107900491270681237_n-300x300.jpg 300w, https:\/\/www.greenpeace.org\/static\/planet4-brasil-stateless\/2023\/03\/8a4073b8-unknown_337307891_547104687405933_6107900491270681237_n-1024x1024.jpg 1024w, https:\/\/www.greenpeace.org\/static\/planet4-brasil-stateless\/2023\/03\/8a4073b8-unknown_337307891_547104687405933_6107900491270681237_n-150x150.jpg 150w, https:\/\/www.greenpeace.org\/static\/planet4-brasil-stateless\/2023\/03\/8a4073b8-unknown_337307891_547104687405933_6107900491270681237_n-768x768.jpg 768w, https:\/\/www.greenpeace.org\/static\/planet4-brasil-stateless\/2023\/03\/8a4073b8-unknown_337307891_547104687405933_6107900491270681237_n-340x340.jpg 340w\" sizes=\"auto, (max-width: 300px) 100vw, 300px\" \/><img loading=\"lazy\" decoding=\"async\" width=\"300\" height=\"300\" class=\"wp-image-45625\" style=\"width: 300px;\" src=\"https:\/\/www.greenpeace.org\/static\/planet4-brasil-stateless\/2023\/03\/99537e48-unknown_337151975_882454179728700_6267833576826368772_n.jpg\" alt=\"\" srcset=\"https:\/\/www.greenpeace.org\/static\/planet4-brasil-stateless\/2023\/03\/99537e48-unknown_337151975_882454179728700_6267833576826368772_n.jpg 1080w, https:\/\/www.greenpeace.org\/static\/planet4-brasil-stateless\/2023\/03\/99537e48-unknown_337151975_882454179728700_6267833576826368772_n-300x300.jpg 300w, https:\/\/www.greenpeace.org\/static\/planet4-brasil-stateless\/2023\/03\/99537e48-unknown_337151975_882454179728700_6267833576826368772_n-1024x1024.jpg 1024w, https:\/\/www.greenpeace.org\/static\/planet4-brasil-stateless\/2023\/03\/99537e48-unknown_337151975_882454179728700_6267833576826368772_n-150x150.jpg 150w, https:\/\/www.greenpeace.org\/static\/planet4-brasil-stateless\/2023\/03\/99537e48-unknown_337151975_882454179728700_6267833576826368772_n-768x768.jpg 768w, https:\/\/www.greenpeace.org\/static\/planet4-brasil-stateless\/2023\/03\/99537e48-unknown_337151975_882454179728700_6267833576826368772_n-340x340.jpg 340w\" sizes=\"auto, (max-width: 300px) 100vw, 300px\" \/><br><img loading=\"lazy\" decoding=\"async\" width=\"300\" height=\"303\" class=\"wp-image-45623\" style=\"width: 300px;\" src=\"https:\/\/www.greenpeace.org\/static\/planet4-brasil-stateless\/2023\/03\/83b3439e-dia-mundial-das-florestas-sao-luis.jpg\" alt=\"\" srcset=\"https:\/\/www.greenpeace.org\/static\/planet4-brasil-stateless\/2023\/03\/83b3439e-dia-mundial-das-florestas-sao-luis.jpg 302w, https:\/\/www.greenpeace.org\/static\/planet4-brasil-stateless\/2023\/03\/83b3439e-dia-mundial-das-florestas-sao-luis-297x300.jpg 297w\" sizes=\"auto, (max-width: 300px) 100vw, 300px\" \/><br><br>Logo em seguida, na quarta (22), comemorou-se o Dia Mundial da \u00c1gua. A data foi institu\u00edda pela ONU (Organiza\u00e7\u00e3o das Na\u00e7\u00f5es Unidas) para dar ci\u00eancia \u00e0 popula\u00e7\u00e3o sobre a import\u00e2ncia da \u00e1gua doce e da preserva\u00e7\u00e3o dos recursos h\u00eddricos.\u00a0<\/p>\n\n<p>Por meio de publica\u00e7\u00f5es nas redes sociais, volunt\u00e1rios e volunt\u00e1rias ressaltaram a urgente necessidade de comunicar a todos sobre a relev\u00e2ncia de economizar e preservar esse recurso natural essencial para a nossa exist\u00eancia, al\u00e9m de garantir que todos tenham acesso \u00e0 \u00e1gua de qualidade.<\/p>\n\n<p><a href=\"https:\/\/www.instagram.com\/p\/CqJqfzyNBw0\/\"><strong>Bel\u00e9m<\/strong><\/a><strong>, <\/strong><a href=\"https:\/\/www.instagram.com\/p\/CqFrfkBN6JG\/\"><strong>Belo Horizonte<\/strong><\/a><strong>, <\/strong><a href=\"https:\/\/www.instagram.com\/p\/CqHaCSrtSun\/\"><strong>Bertioga<\/strong><\/a><strong>, <\/strong><a href=\"https:\/\/www.instagram.com\/p\/CqGrwHRp6rb\/\"><strong>Jo\u00e3o Pessoa<\/strong><\/a><strong>, <\/strong><a href=\"https:\/\/www.instagram.com\/p\/CqGn6szuf_A\/\"><strong>Litoral Norte<\/strong><\/a><strong>, <\/strong><a href=\"https:\/\/www.instagram.com\/p\/CqGzax5OQ8x\/\"><strong>Porto Alegre<\/strong><\/a><strong>, <\/strong><a href=\"https:\/\/www.instagram.com\/p\/CqG--1ArUmj\/\"><strong>Recife<\/strong><\/a><strong> e <\/strong><a href=\"https:\/\/www.instagram.com\/p\/CqGAxtcOLv_\/\"><strong>S\u00e3o Lu\u00eds<\/strong><\/a><strong>:<br><\/strong><img loading=\"lazy\" decoding=\"async\" width=\"300\" height=\"300\" class=\"wp-image-45641\" style=\"width: 300px;\" src=\"https:\/\/www.greenpeace.org\/static\/planet4-brasil-stateless\/2023\/03\/fae09b6a-unknown_337133071_1149870162373391_4199034467700263900_n.jpg\" alt=\"\" srcset=\"https:\/\/www.greenpeace.org\/static\/planet4-brasil-stateless\/2023\/03\/fae09b6a-unknown_337133071_1149870162373391_4199034467700263900_n.jpg 1080w, https:\/\/www.greenpeace.org\/static\/planet4-brasil-stateless\/2023\/03\/fae09b6a-unknown_337133071_1149870162373391_4199034467700263900_n-300x300.jpg 300w, https:\/\/www.greenpeace.org\/static\/planet4-brasil-stateless\/2023\/03\/fae09b6a-unknown_337133071_1149870162373391_4199034467700263900_n-1024x1024.jpg 1024w, https:\/\/www.greenpeace.org\/static\/planet4-brasil-stateless\/2023\/03\/fae09b6a-unknown_337133071_1149870162373391_4199034467700263900_n-150x150.jpg 150w, https:\/\/www.greenpeace.org\/static\/planet4-brasil-stateless\/2023\/03\/fae09b6a-unknown_337133071_1149870162373391_4199034467700263900_n-768x768.jpg 768w, https:\/\/www.greenpeace.org\/static\/planet4-brasil-stateless\/2023\/03\/fae09b6a-unknown_337133071_1149870162373391_4199034467700263900_n-340x340.jpg 340w\" sizes=\"auto, (max-width: 300px) 100vw, 300px\" \/><img loading=\"lazy\" decoding=\"async\" width=\"300\" height=\"300\" class=\"wp-image-45640\" style=\"width: 300px;\" src=\"https:\/\/www.greenpeace.org\/static\/planet4-brasil-stateless\/2023\/03\/b6d2f316-unknown_336984233_903567244228039_3652503261846089616_n.jpg\" alt=\"\" srcset=\"https:\/\/www.greenpeace.org\/static\/planet4-brasil-stateless\/2023\/03\/b6d2f316-unknown_336984233_903567244228039_3652503261846089616_n.jpg 1080w, https:\/\/www.greenpeace.org\/static\/planet4-brasil-stateless\/2023\/03\/b6d2f316-unknown_336984233_903567244228039_3652503261846089616_n-300x300.jpg 300w, https:\/\/www.greenpeace.org\/static\/planet4-brasil-stateless\/2023\/03\/b6d2f316-unknown_336984233_903567244228039_3652503261846089616_n-1024x1024.jpg 1024w, https:\/\/www.greenpeace.org\/static\/planet4-brasil-stateless\/2023\/03\/b6d2f316-unknown_336984233_903567244228039_3652503261846089616_n-150x150.jpg 150w, https:\/\/www.greenpeace.org\/static\/planet4-brasil-stateless\/2023\/03\/b6d2f316-unknown_336984233_903567244228039_3652503261846089616_n-768x768.jpg 768w, https:\/\/www.greenpeace.org\/static\/planet4-brasil-stateless\/2023\/03\/b6d2f316-unknown_336984233_903567244228039_3652503261846089616_n-340x340.jpg 340w\" sizes=\"auto, (max-width: 300px) 100vw, 300px\" \/><br><img loading=\"lazy\" decoding=\"async\" width=\"300\" height=\"300\" class=\"wp-image-45637\" style=\"width: 300px;\" src=\"https:\/\/www.greenpeace.org\/static\/planet4-brasil-stateless\/2023\/03\/55ce7499-unknown_336823038_616993197108813_3556216575344487804_n.jpg\" alt=\"\" srcset=\"https:\/\/www.greenpeace.org\/static\/planet4-brasil-stateless\/2023\/03\/55ce7499-unknown_336823038_616993197108813_3556216575344487804_n.jpg 1080w, https:\/\/www.greenpeace.org\/static\/planet4-brasil-stateless\/2023\/03\/55ce7499-unknown_336823038_616993197108813_3556216575344487804_n-300x300.jpg 300w, https:\/\/www.greenpeace.org\/static\/planet4-brasil-stateless\/2023\/03\/55ce7499-unknown_336823038_616993197108813_3556216575344487804_n-1024x1024.jpg 1024w, https:\/\/www.greenpeace.org\/static\/planet4-brasil-stateless\/2023\/03\/55ce7499-unknown_336823038_616993197108813_3556216575344487804_n-150x150.jpg 150w, https:\/\/www.greenpeace.org\/static\/planet4-brasil-stateless\/2023\/03\/55ce7499-unknown_336823038_616993197108813_3556216575344487804_n-768x768.jpg 768w, https:\/\/www.greenpeace.org\/static\/planet4-brasil-stateless\/2023\/03\/55ce7499-unknown_336823038_616993197108813_3556216575344487804_n-340x340.jpg 340w\" sizes=\"auto, (max-width: 300px) 100vw, 300px\" \/><img loading=\"lazy\" decoding=\"async\" width=\"300\" height=\"300\" class=\"wp-image-45631\" style=\"width: 300px;\" src=\"https:\/\/www.greenpeace.org\/static\/planet4-brasil-stateless\/2023\/03\/deb43d15-unknown_337159447_1260863104558580_6965682821115900043_n.jpg\" alt=\"\" srcset=\"https:\/\/www.greenpeace.org\/static\/planet4-brasil-stateless\/2023\/03\/deb43d15-unknown_337159447_1260863104558580_6965682821115900043_n.jpg 1080w, https:\/\/www.greenpeace.org\/static\/planet4-brasil-stateless\/2023\/03\/deb43d15-unknown_337159447_1260863104558580_6965682821115900043_n-300x300.jpg 300w, https:\/\/www.greenpeace.org\/static\/planet4-brasil-stateless\/2023\/03\/deb43d15-unknown_337159447_1260863104558580_6965682821115900043_n-1024x1024.jpg 1024w, https:\/\/www.greenpeace.org\/static\/planet4-brasil-stateless\/2023\/03\/deb43d15-unknown_337159447_1260863104558580_6965682821115900043_n-150x150.jpg 150w, https:\/\/www.greenpeace.org\/static\/planet4-brasil-stateless\/2023\/03\/deb43d15-unknown_337159447_1260863104558580_6965682821115900043_n-768x768.jpg 768w, https:\/\/www.greenpeace.org\/static\/planet4-brasil-stateless\/2023\/03\/deb43d15-unknown_337159447_1260863104558580_6965682821115900043_n-340x340.jpg 340w\" sizes=\"auto, (max-width: 300px) 100vw, 300px\" \/><br><img loading=\"lazy\" decoding=\"async\" width=\"300\" height=\"300\" class=\"wp-image-45630\" style=\"width: 300px;\" src=\"https:\/\/www.greenpeace.org\/static\/planet4-brasil-stateless\/2023\/03\/301ef65e-unknown_337383646_1393054908097573_3486112795026852717_n.jpg\" alt=\"\" srcset=\"https:\/\/www.greenpeace.org\/static\/planet4-brasil-stateless\/2023\/03\/301ef65e-unknown_337383646_1393054908097573_3486112795026852717_n.jpg 1080w, https:\/\/www.greenpeace.org\/static\/planet4-brasil-stateless\/2023\/03\/301ef65e-unknown_337383646_1393054908097573_3486112795026852717_n-300x300.jpg 300w, https:\/\/www.greenpeace.org\/static\/planet4-brasil-stateless\/2023\/03\/301ef65e-unknown_337383646_1393054908097573_3486112795026852717_n-1024x1024.jpg 1024w, https:\/\/www.greenpeace.org\/static\/planet4-brasil-stateless\/2023\/03\/301ef65e-unknown_337383646_1393054908097573_3486112795026852717_n-150x150.jpg 150w, https:\/\/www.greenpeace.org\/static\/planet4-brasil-stateless\/2023\/03\/301ef65e-unknown_337383646_1393054908097573_3486112795026852717_n-768x768.jpg 768w, https:\/\/www.greenpeace.org\/static\/planet4-brasil-stateless\/2023\/03\/301ef65e-unknown_337383646_1393054908097573_3486112795026852717_n-340x340.jpg 340w\" sizes=\"auto, (max-width: 300px) 100vw, 300px\" \/><img loading=\"lazy\" decoding=\"async\" width=\"300\" height=\"300\" class=\"wp-image-45627\" style=\"width: 300px;\" src=\"https:\/\/www.greenpeace.org\/static\/planet4-brasil-stateless\/2023\/03\/510d2650-dia-mundial-da-agua-porto-alegre.jpg\" alt=\"\" srcset=\"https:\/\/www.greenpeace.org\/static\/planet4-brasil-stateless\/2023\/03\/510d2650-dia-mundial-da-agua-porto-alegre.jpg 568w, https:\/\/www.greenpeace.org\/static\/planet4-brasil-stateless\/2023\/03\/510d2650-dia-mundial-da-agua-porto-alegre-300x300.jpg 300w, https:\/\/www.greenpeace.org\/static\/planet4-brasil-stateless\/2023\/03\/510d2650-dia-mundial-da-agua-porto-alegre-150x150.jpg 150w, https:\/\/www.greenpeace.org\/static\/planet4-brasil-stateless\/2023\/03\/510d2650-dia-mundial-da-agua-porto-alegre-340x340.jpg 340w\" sizes=\"auto, (max-width: 300px) 100vw, 300px\" \/><br><img loading=\"lazy\" decoding=\"async\" width=\"300\" height=\"300\" class=\"wp-image-45624\" style=\"width: 300px;\" src=\"https:\/\/www.greenpeace.org\/static\/planet4-brasil-stateless\/2023\/03\/bc184997-unknown_337769942_625817682890769_4141961374857971701_n.jpg\" alt=\"\" srcset=\"https:\/\/www.greenpeace.org\/static\/planet4-brasil-stateless\/2023\/03\/bc184997-unknown_337769942_625817682890769_4141961374857971701_n.jpg 1080w, https:\/\/www.greenpeace.org\/static\/planet4-brasil-stateless\/2023\/03\/bc184997-unknown_337769942_625817682890769_4141961374857971701_n-300x300.jpg 300w, https:\/\/www.greenpeace.org\/static\/planet4-brasil-stateless\/2023\/03\/bc184997-unknown_337769942_625817682890769_4141961374857971701_n-1024x1024.jpg 1024w, https:\/\/www.greenpeace.org\/static\/planet4-brasil-stateless\/2023\/03\/bc184997-unknown_337769942_625817682890769_4141961374857971701_n-150x150.jpg 150w, https:\/\/www.greenpeace.org\/static\/planet4-brasil-stateless\/2023\/03\/bc184997-unknown_337769942_625817682890769_4141961374857971701_n-768x768.jpg 768w, https:\/\/www.greenpeace.org\/static\/planet4-brasil-stateless\/2023\/03\/bc184997-unknown_337769942_625817682890769_4141961374857971701_n-340x340.jpg 340w\" sizes=\"auto, (max-width: 300px) 100vw, 300px\" \/><img loading=\"lazy\" decoding=\"async\" width=\"300\" height=\"300\" class=\"wp-image-45622\" style=\"width: 300px;\" src=\"https:\/\/www.greenpeace.org\/static\/planet4-brasil-stateless\/2023\/03\/74e53674-unknown_337187844_1267859990802472_459250132742396798_n.jpg\" alt=\"\" srcset=\"https:\/\/www.greenpeace.org\/static\/planet4-brasil-stateless\/2023\/03\/74e53674-unknown_337187844_1267859990802472_459250132742396798_n.jpg 1080w, https:\/\/www.greenpeace.org\/static\/planet4-brasil-stateless\/2023\/03\/74e53674-unknown_337187844_1267859990802472_459250132742396798_n-300x300.jpg 300w, https:\/\/www.greenpeace.org\/static\/planet4-brasil-stateless\/2023\/03\/74e53674-unknown_337187844_1267859990802472_459250132742396798_n-1024x1024.jpg 1024w, https:\/\/www.greenpeace.org\/static\/planet4-brasil-stateless\/2023\/03\/74e53674-unknown_337187844_1267859990802472_459250132742396798_n-150x150.jpg 150w, https:\/\/www.greenpeace.org\/static\/planet4-brasil-stateless\/2023\/03\/74e53674-unknown_337187844_1267859990802472_459250132742396798_n-768x768.jpg 768w, https:\/\/www.greenpeace.org\/static\/planet4-brasil-stateless\/2023\/03\/74e53674-unknown_337187844_1267859990802472_459250132742396798_n-340x340.jpg 340w\" sizes=\"auto, (max-width: 300px) 100vw, 300px\" \/><\/p>\n\n<figure class=\"wp-block-image\"><img decoding=\"async\" src=\"https:\/\/lh6.googleusercontent.com\/j6wSLtdV86ihDVi72fz-rQX7muU_BSmIg5_Lvr00fNr-q3F3TXLfxZB-XD7GJxaWglqIUVMmYjOSNQgaRk9qfjZUjwFmsRBsaVhJKxtIEP5oqq8-NKZc7NQiHlaI0bxsQNtwxgVg4Tmi7meC52W7rco\" alt=\"\"\/><\/figure>\n\n<p><a href=\"https:\/\/www.instagram.com\/p\/CqTwHYap30S\/\"><strong>Na segunda (27), o grupo de Jo\u00e3o Pessoa denunciou altos \u00edndices de contamina\u00e7\u00e3o de algumas praias do litoral paraibano.<\/strong><\/a> Os volunt\u00e1rios trouxeram a informa\u00e7\u00e3o de que pesquisadores da Universidade Federal da Para\u00edba (UFPB) confirmaram a presen\u00e7a de parasitas intestinais em dez trechos de praias no litoral sul da Para\u00edba, tornando-as impr\u00f3prias para banho:<br><img loading=\"lazy\" decoding=\"async\" width=\"300\" height=\"300\" class=\"wp-image-45633\" style=\"width: 300px;\" src=\"https:\/\/www.greenpeace.org\/static\/planet4-brasil-stateless\/2023\/03\/84ae5de2-unknown_337911861_2163212403879727_9222562037297047966_n.jpg\" alt=\"\" srcset=\"https:\/\/www.greenpeace.org\/static\/planet4-brasil-stateless\/2023\/03\/84ae5de2-unknown_337911861_2163212403879727_9222562037297047966_n.jpg 1080w, https:\/\/www.greenpeace.org\/static\/planet4-brasil-stateless\/2023\/03\/84ae5de2-unknown_337911861_2163212403879727_9222562037297047966_n-300x300.jpg 300w, https:\/\/www.greenpeace.org\/static\/planet4-brasil-stateless\/2023\/03\/84ae5de2-unknown_337911861_2163212403879727_9222562037297047966_n-1024x1024.jpg 1024w, https:\/\/www.greenpeace.org\/static\/planet4-brasil-stateless\/2023\/03\/84ae5de2-unknown_337911861_2163212403879727_9222562037297047966_n-150x150.jpg 150w, https:\/\/www.greenpeace.org\/static\/planet4-brasil-stateless\/2023\/03\/84ae5de2-unknown_337911861_2163212403879727_9222562037297047966_n-768x768.jpg 768w, https:\/\/www.greenpeace.org\/static\/planet4-brasil-stateless\/2023\/03\/84ae5de2-unknown_337911861_2163212403879727_9222562037297047966_n-340x340.jpg 340w\" sizes=\"auto, (max-width: 300px) 100vw, 300px\" \/><\/p>\n\n<figure class=\"wp-block-image\"><img decoding=\"async\" src=\"https:\/\/lh5.googleusercontent.com\/lf5sNM7slC6B68LwhoG8gC8mNzg2h4_G-ap6OpYDpcaZpcd_wHYrEbFm-79MNM75lvSHrpiWVatjIHbIBusLZTYCqT0lA3sSitEUH0BBLUV4ZhosR9KkGx_-XUlrQm-A0vqg0XTUIzr_uc4WDZ-_V5U\" alt=\"\"\/><\/figure>\n\n<p>A Segunda sem Carne \u00e9 uma campanha que incentiva as pessoas a n\u00e3o consumirem carne nas segundas-feiras, visando reduzir os impactos no meio ambiente, na sa\u00fade e no bem-estar animal. <a href=\"https:\/\/www.instagram.com\/p\/CqMcFzCtIch\/\"><strong>Para ajudar a incluir essa iniciativa no seu card\u00e1pio, o grupo de Belo Horizonte separou uma receita de hamb\u00farguer vegano simples e f\u00e1cil de preparar<\/strong><\/a>, que pode ser uma op\u00e7\u00e3o deliciosa e saud\u00e1vel para a pr\u00f3xima segunda-feira:<br><img loading=\"lazy\" decoding=\"async\" width=\"300\" height=\"300\" class=\"wp-image-45639\" style=\"width: 300px;\" src=\"https:\/\/www.greenpeace.org\/static\/planet4-brasil-stateless\/2023\/03\/f3c8ee05-unknown_329612252_234085229098499_1498254590923530708_n.jpg\" alt=\"\" srcset=\"https:\/\/www.greenpeace.org\/static\/planet4-brasil-stateless\/2023\/03\/f3c8ee05-unknown_329612252_234085229098499_1498254590923530708_n.jpg 1080w, https:\/\/www.greenpeace.org\/static\/planet4-brasil-stateless\/2023\/03\/f3c8ee05-unknown_329612252_234085229098499_1498254590923530708_n-300x300.jpg 300w, https:\/\/www.greenpeace.org\/static\/planet4-brasil-stateless\/2023\/03\/f3c8ee05-unknown_329612252_234085229098499_1498254590923530708_n-1024x1024.jpg 1024w, https:\/\/www.greenpeace.org\/static\/planet4-brasil-stateless\/2023\/03\/f3c8ee05-unknown_329612252_234085229098499_1498254590923530708_n-150x150.jpg 150w, https:\/\/www.greenpeace.org\/static\/planet4-brasil-stateless\/2023\/03\/f3c8ee05-unknown_329612252_234085229098499_1498254590923530708_n-768x768.jpg 768w, https:\/\/www.greenpeace.org\/static\/planet4-brasil-stateless\/2023\/03\/f3c8ee05-unknown_329612252_234085229098499_1498254590923530708_n-340x340.jpg 340w\" sizes=\"auto, (max-width: 300px) 100vw, 300px\" \/><\/p>\n\n<figure class=\"wp-block-image\"><img decoding=\"async\" src=\"https:\/\/lh6.googleusercontent.com\/NU7eEexYfDxkzyLqqg36vodeZebxUU0w2tN4hg1U4zWoiK_SeGpbwdYE76AwU7BrDPNFNRw95RR53Z8jXoD3J4gfU-01eSH0QGqM7xCsXuzseAPUeNp1ycHARQCaOlYR4J2FuSxYz22n4-CmDF8sPb0\" alt=\"\"\/><\/figure>\n\n<p><a href=\"https:\/\/www.instagram.com\/p\/CqAkzUhubUy\/\"><strong>\u00c9 com profundo respeito que comunicamos o falecimento de Telma Trememb\u00e9, ocorrido na \u00faltima segunda-feira (20)<\/strong><\/a>. O grupo de volunt\u00e1rios de Fortaleza prestou sua homenagem a essa grande mulher, que era m\u00e3e, esposa, amiga e ativista pelos direitos dos povos origin\u00e1rios, das mulheres e do meio ambiente. Al\u00e9m disso, Telma era escritora e artes\u00e3 talentosa, e coordenava o GT Povos Ind\u00edgenas no grupo. Nossos sinceros sentimentos nesse momento t\u00e3o dif\u00edcil de perda. Que todos que a admiravam possam encontrar conforto e paz nessa hora de luto:<br><img loading=\"lazy\" decoding=\"async\" width=\"300\" height=\"300\" class=\"wp-image-45635\" style=\"width: 300px;\" src=\"https:\/\/www.greenpeace.org\/static\/planet4-brasil-stateless\/2023\/03\/7b9a8c8a-unknown_336336393_230384546162925_7631481094320573298_n.jpg\" alt=\"\" srcset=\"https:\/\/www.greenpeace.org\/static\/planet4-brasil-stateless\/2023\/03\/7b9a8c8a-unknown_336336393_230384546162925_7631481094320573298_n.jpg 1080w, https:\/\/www.greenpeace.org\/static\/planet4-brasil-stateless\/2023\/03\/7b9a8c8a-unknown_336336393_230384546162925_7631481094320573298_n-300x300.jpg 300w, https:\/\/www.greenpeace.org\/static\/planet4-brasil-stateless\/2023\/03\/7b9a8c8a-unknown_336336393_230384546162925_7631481094320573298_n-1024x1024.jpg 1024w, https:\/\/www.greenpeace.org\/static\/planet4-brasil-stateless\/2023\/03\/7b9a8c8a-unknown_336336393_230384546162925_7631481094320573298_n-150x150.jpg 150w, https:\/\/www.greenpeace.org\/static\/planet4-brasil-stateless\/2023\/03\/7b9a8c8a-unknown_336336393_230384546162925_7631481094320573298_n-768x768.jpg 768w, https:\/\/www.greenpeace.org\/static\/planet4-brasil-stateless\/2023\/03\/7b9a8c8a-unknown_336336393_230384546162925_7631481094320573298_n-340x340.jpg 340w\" sizes=\"auto, (max-width: 300px) 100vw, 300px\" \/><\/p>\n","protected":false},"excerpt":{"rendered":"<p>Na \u00faltima semana, volunt\u00e1rios e volunt\u00e1rias realizaram oficina de permacultura, debates, Ponto Verde e divulga\u00e7\u00e3o de conte\u00fados alertando sobre a import\u00e2ncia das florestas e da \u00e1gua.<\/p>\n","protected":false},"author":103,"featured_media":45626,"comment_status":"open","ping_status":"closed","sticky":false,"template":"","format":"standard","meta":{"ep_exclude_from_search":false,"p4_og_title":"","p4_og_description":"","p4_og_image":"","p4_og_image_id":"","p4_seo_canonical_url":"","p4_campaign_name":"","p4_local_project":"","p4_basket_name":"","p4_department":"","footnotes":""},"categories":[5],"tags":[23],"p4-page-type":[16],"class_list":["post-45615","post","type-post","status-publish","format-standard","has-post-thumbnail","hentry","category-greenpeace","tag-mobilizacao","p4-page-type-blog"],"_links":{"self":[{"href":"https:\/\/www.greenpeace.org\/brasil\/wp-json\/wp\/v2\/posts\/45615","targetHints":{"allow":["GET"]}}],"collection":[{"href":"https:\/\/www.greenpeace.org\/brasil\/wp-json\/wp\/v2\/posts"}],"about":[{"href":"https:\/\/www.greenpeace.org\/brasil\/wp-json\/wp\/v2\/types\/post"}],"author":[{"embeddable":true,"href":"https:\/\/www.greenpeace.org\/brasil\/wp-json\/wp\/v2\/users\/103"}],"replies":[{"embeddable":true,"href":"https:\/\/www.greenpeace.org\/brasil\/wp-json\/wp\/v2\/comments?post=45615"}],"version-history":[{"count":1,"href":"https:\/\/www.greenpeace.org\/brasil\/wp-json\/wp\/v2\/posts\/45615\/revisions"}],"predecessor-version":[{"id":45644,"href":"https:\/\/www.greenpeace.org\/brasil\/wp-json\/wp\/v2\/posts\/45615\/revisions\/45644"}],"wp:featuredmedia":[{"embeddable":true,"href":"https:\/\/www.greenpeace.org\/brasil\/wp-json\/wp\/v2\/media\/45626"}],"wp:attachment":[{"href":"https:\/\/www.greenpeace.org\/brasil\/wp-json\/wp\/v2\/media?parent=45615"}],"wp:term":[{"taxonomy":"category","embeddable":true,"href":"https:\/\/www.greenpeace.org\/brasil\/wp-json\/wp\/v2\/categories?post=45615"},{"taxonomy":"post_tag","embeddable":true,"href":"https:\/\/www.greenpeace.org\/brasil\/wp-json\/wp\/v2\/tags?post=45615"},{"taxonomy":"p4-page-type","embeddable":true,"href":"https:\/\/www.greenpeace.org\/brasil\/wp-json\/wp\/v2\/p4-page-type?post=45615"}],"curies":[{"name":"wp","href":"https:\/\/api.w.org\/{rel}","templated":true}]}}