{"id":4566,"date":"2010-05-12T09:03:29","date_gmt":"2010-05-12T12:03:29","guid":{"rendered":"https:\/\/www.greenpeace.org\/brasil\/?p=4566"},"modified":"2019-11-06T05:21:38","modified_gmt":"2019-11-06T08:21:38","slug":"sobre-assombracoes-num-pais-livre-de-latifundios","status":"publish","type":"post","link":"https:\/\/www.greenpeace.org\/brasil\/blog\/sobre-assombracoes-num-pais-livre-de-latifundios\/","title":{"rendered":"Sobre assombra\u00e7\u00f5es num pa\u00eds livre de latif\u00fandios"},"content":{"rendered":"<p><img loading=\"lazy\" decoding=\"async\" class=\"size-full wp-image-4567 alignleft\" src=\"https:\/\/www.greenpeace.org\/static\/planet4-brasil-stateless\/2018\/09\/9957d507-katia-abreu-entrevista.jpg\" alt=\"\" width=\"215\" height=\"300\" \/>Num F\u00f3rum promovido pelo jornal Estado de S. Paulo, a presidente da Confedera\u00e7\u00e3o Nacional da Agricultura (CNA) e senadora, K\u00e1tia Abreu (DEM-TO), aproveitou o microfone para fazer uma das coisas que mais gosta: atacar o C\u00f3digo Florestal brasileiro e enaltecer o agroneg\u00f3cio. Segundo a senadora, h\u00e1 \u201cassombra\u00e7\u00f5es criadas em torno do desmatamento que impedem o desenvolvimento\u201d do pa\u00eds.<\/p>\n<p>Falando assim, parece que tudo anda \u00e0s mil maravilhas pela Amaz\u00f4nia e que o agroneg\u00f3cio est\u00e1 cambaleante. Na pr\u00e1tica, por\u00e9m, o que ocorre \u00e9 justamente o contr\u00e1rio.<\/p>\n<p>Enquanto o Brasil s\u00f3 faz crescer nas exporta\u00e7\u00f5es de produtos agr\u00edcolas \u2013 j\u00e1 \u00e9 o terceiro maior exportador mundial \u2013 a substitui\u00e7\u00e3o de \u00e1rvores por gado e soja, principalmente, n\u00e3o d\u00e3o tr\u00e9gua. Os 17% de matas que o bioma perdeu foram embora nos \u00faltimos 40 anos, justamente quando os tratores do agrobusiness come\u00e7aram a subir para a regi\u00e3o. Dessa \u00e1rea, 80% est\u00e3o sob as patas de bois. E a cada hora, uma \u00e1rea de floresta equivalente a um campo de futebol continua indo para o ch\u00e3o.<\/p>\n<p>Apesar dos rios de lucro que esses n\u00fameros tem gerado ao agroneg\u00f3cio, no entanto, pouco ou nada chegou \u00e0 popula\u00e7\u00e3o local e aos pequenos agricultores. A regi\u00e3o permanece com um dos piores \u00cdndices de Desenvolvimento Humano do pa\u00eds.<\/p>\n<p>Mas isso K\u00e1tia n\u00e3o enxerga do alto de seu trono na CNA. Dali, ali\u00e1s, ela n\u00e3o v\u00ea nem mesmo os latif\u00fandios que se espalham em territ\u00f3rio nacional. \u201cN\u00e3o \u00e9 verdade que haja concentra\u00e7\u00e3o de terras no Brasil. Nos EUA, Canad\u00e1 e Argentina h\u00e1 cerca de 2 milh\u00f5es de propriedades rurais. No Brasil, na mesma \u00e1rea, h\u00e1 cinco milh\u00f5es de propriedades\u201d, garantiu.<\/p>\n<p>Antes de terminar sua fala, ela insistiu que o C\u00f3digo Florestal precisa ser revisto. \u201cS\u00f3 na b\u00edblia n\u00e3o se faz reforma\u201d, argumentou, esquecendo-se de que a lei j\u00e1 foi repaginada em 1965 e sofreu in\u00fameras altera\u00e7\u00f5es depois disso, por meio de Medidas Provis\u00f3rias.<\/p>\n","protected":false},"excerpt":{"rendered":"<p>Num F\u00f3rum promovido pelo jornal Estado de S. Paulo, a presidente da Confedera\u00e7\u00e3o Nacional da Agricultura (CNA) e senadora, K\u00e1tia Abreu (DEM-TO), aproveitou o microfone para fazer uma das coisas&hellip;<\/p>\n","protected":false},"author":28,"featured_media":4567,"comment_status":"open","ping_status":"closed","sticky":false,"template":"","format":"standard","meta":{"ep_exclude_from_search":false,"p4_og_title":"","p4_og_description":"","p4_og_image":"","p4_og_image_id":"","p4_seo_canonical_url":"","p4_campaign_name":"","p4_local_project":"","p4_basket_name":"","p4_department":"","footnotes":""},"categories":[3],"tags":[22],"p4-page-type":[16],"class_list":["post-4566","post","type-post","status-publish","format-standard","has-post-thumbnail","hentry","category-proteja-a-natureza","tag-florestas","p4-page-type-blog"],"_links":{"self":[{"href":"https:\/\/www.greenpeace.org\/brasil\/wp-json\/wp\/v2\/posts\/4566","targetHints":{"allow":["GET"]}}],"collection":[{"href":"https:\/\/www.greenpeace.org\/brasil\/wp-json\/wp\/v2\/posts"}],"about":[{"href":"https:\/\/www.greenpeace.org\/brasil\/wp-json\/wp\/v2\/types\/post"}],"author":[{"embeddable":true,"href":"https:\/\/www.greenpeace.org\/brasil\/wp-json\/wp\/v2\/users\/28"}],"replies":[{"embeddable":true,"href":"https:\/\/www.greenpeace.org\/brasil\/wp-json\/wp\/v2\/comments?post=4566"}],"version-history":[{"count":2,"href":"https:\/\/www.greenpeace.org\/brasil\/wp-json\/wp\/v2\/posts\/4566\/revisions"}],"predecessor-version":[{"id":4569,"href":"https:\/\/www.greenpeace.org\/brasil\/wp-json\/wp\/v2\/posts\/4566\/revisions\/4569"}],"wp:featuredmedia":[{"embeddable":true,"href":"https:\/\/www.greenpeace.org\/brasil\/wp-json\/wp\/v2\/media\/4567"}],"wp:attachment":[{"href":"https:\/\/www.greenpeace.org\/brasil\/wp-json\/wp\/v2\/media?parent=4566"}],"wp:term":[{"taxonomy":"category","embeddable":true,"href":"https:\/\/www.greenpeace.org\/brasil\/wp-json\/wp\/v2\/categories?post=4566"},{"taxonomy":"post_tag","embeddable":true,"href":"https:\/\/www.greenpeace.org\/brasil\/wp-json\/wp\/v2\/tags?post=4566"},{"taxonomy":"p4-page-type","embeddable":true,"href":"https:\/\/www.greenpeace.org\/brasil\/wp-json\/wp\/v2\/p4-page-type?post=4566"}],"curies":[{"name":"wp","href":"https:\/\/api.w.org\/{rel}","templated":true}]}}