{"id":46199,"date":"2023-05-16T10:44:31","date_gmt":"2023-05-16T13:44:31","guid":{"rendered":"https:\/\/www.greenpeace.org\/brasil\/?p=46199"},"modified":"2023-05-16T11:42:51","modified_gmt":"2023-05-16T14:42:51","slug":"voluntarios-e-voluntarias-se-mobilizaram-contra-o-garimpo-ilegal-na-amazonia","status":"publish","type":"post","link":"https:\/\/www.greenpeace.org\/brasil\/blog\/voluntarios-e-voluntarias-se-mobilizaram-contra-o-garimpo-ilegal-na-amazonia\/","title":{"rendered":"Volunt\u00e1rios e volunt\u00e1rias se mobilizaram contra o garimpo ilegal na Amaz\u00f4nia"},"content":{"rendered":"\n<h4 class=\"wp-block-heading\">No m\u00eas de abril, volunt\u00e1rios comprometidos com a causa dos povos origin\u00e1rios dedicaram seus esfor\u00e7os para defender seus direitos ao mesmo tempo em que promoviam a\u00e7\u00f5es de conscientiza\u00e7\u00e3o para proteger e preservar a natureza.<\/h4>\n\n<p>Os grupos locais de volunt\u00e1rios n\u00e3o comemoraram apenas o Dia dos Povos Ind\u00edgenas, mas tamb\u00e9m tornaram o m\u00eas de abril extremamente rico em mobiliza\u00e7\u00f5es a favor dos direitos dos povos origin\u00e1rios. Foram realizadas diversas atividades, incluindo a\u00e7\u00f5es diretas n\u00e3o-violentas (NVDA), participa\u00e7\u00e3o em festivais, envolvimento no acampamento terra livre (ATL), mobiliza\u00e7\u00f5es online e cria\u00e7\u00e3o de artes para informar e chamar a aten\u00e7\u00e3o para a urg\u00eancia de proteger as comunidades ind\u00edgenas e seus territ\u00f3rios.<\/p>\n\n<p>Os ativistas se dedicaram a apoiar a campanha Amaz\u00f4nia Livre de Garimpo, que busca proteger a Floresta Amaz\u00f4nica e seus povos ind\u00edgenas dos impactos socioambientais do garimpo ilegal de ouro. Diversos grupos locais se uniram em prol desse objetivo e pressionaram a empresa Hyundai HCE para que retirasse suas m\u00e1quinas das \u00e1reas de garimpo ilegal. Ap\u00f3s essa press\u00e3o, a empresa concordou em suspender temporariamente a venda de escavadeiras em \u00e1reas pr\u00f3ximas \u00e0s Terras Ind\u00edgenas da Amaz\u00f4nia.<br><br><a href=\"https:\/\/www.instagram.com\/p\/Cq83fP1OWjD\/\"><strong>Bel\u00e9m<\/strong><\/a><strong>, <\/strong><a href=\"https:\/\/www.instagram.com\/p\/Cq-n6DoOZln\/\"><strong>Belo Horizonte<\/strong><\/a><strong>, <\/strong><a href=\"https:\/\/www.instagram.com\/p\/Cq8rAbIuh-3\/\"><strong>Bras\u00edlia<\/strong><\/a><strong>, <\/strong><a href=\"https:\/\/www.instagram.com\/p\/Cq8helIOSeM\/\"><strong>Goi\u00e2nia<\/strong><\/a><strong>, <\/strong><a href=\"https:\/\/www.instagram.com\/p\/Cq_iv4oJPVP\/\"><strong>Jo\u00e3o Pessoa<\/strong><\/a><strong>, <\/strong><a href=\"https:\/\/www.instagram.com\/p\/Cq8pB86uVnk\/\"><strong>Litoral Norte<\/strong><\/a><strong>, <\/strong><a href=\"https:\/\/www.instagram.com\/p\/Cq9RUayryEs\/\"><strong>Manaus<\/strong><\/a><strong>, <\/strong><a href=\"https:\/\/www.instagram.com\/p\/Cq83fh9uwMm\/\"><strong>Porto Alegre<\/strong><\/a><strong>, <\/strong><a href=\"https:\/\/www.instagram.com\/p\/CrlkEIouv2f\/\"><strong>Campina Grande<\/strong><\/a> (em forma\u00e7\u00e3o)<strong>, <\/strong><a href=\"https:\/\/www.instagram.com\/p\/CrljQvVLtya\/\"><strong>Fortaleza<\/strong><\/a><strong>, <\/strong><a href=\"https:\/\/www.instagram.com\/p\/Cq8SxgQLVsm\/\"><strong>Leste Paulista<\/strong><\/a><strong>, <\/strong><a href=\"https:\/\/www.instagram.com\/p\/Cq9Hi6OLeIF\/\"><strong>S\u00e3o Paulo<\/strong><\/a><strong>, <\/strong><a href=\"https:\/\/www.instagram.com\/p\/Cq_uBu8pwQB\/\"><strong>Salvador<\/strong><\/a><strong>, <\/strong><a href=\"https:\/\/www.instagram.com\/p\/Cq8Wr8wr6HF\/\"><strong>Vale do Itaja\u00ed<\/strong><\/a><strong> <\/strong>e<strong> <\/strong><a href=\"https:\/\/www.instagram.com\/p\/CrlMMkKus3F\/\"><strong>Zona da Mata<\/strong><\/a>:<br><img loading=\"lazy\" decoding=\"async\" width=\"300\" height=\"300\" class=\"wp-image-46253\" style=\"width: 300px;\" src=\"https:\/\/www.greenpeace.org\/static\/planet4-brasil-stateless\/2023\/05\/824e5832-greenpeace_garimpo_redes-sociais_v3-10-feed.jpg\" alt=\"\" srcset=\"https:\/\/www.greenpeace.org\/static\/planet4-brasil-stateless\/2023\/05\/824e5832-greenpeace_garimpo_redes-sociais_v3-10-feed.jpg 1080w, https:\/\/www.greenpeace.org\/static\/planet4-brasil-stateless\/2023\/05\/824e5832-greenpeace_garimpo_redes-sociais_v3-10-feed-300x300.jpg 300w, https:\/\/www.greenpeace.org\/static\/planet4-brasil-stateless\/2023\/05\/824e5832-greenpeace_garimpo_redes-sociais_v3-10-feed-1024x1024.jpg 1024w, https:\/\/www.greenpeace.org\/static\/planet4-brasil-stateless\/2023\/05\/824e5832-greenpeace_garimpo_redes-sociais_v3-10-feed-150x150.jpg 150w, https:\/\/www.greenpeace.org\/static\/planet4-brasil-stateless\/2023\/05\/824e5832-greenpeace_garimpo_redes-sociais_v3-10-feed-768x768.jpg 768w, https:\/\/www.greenpeace.org\/static\/planet4-brasil-stateless\/2023\/05\/824e5832-greenpeace_garimpo_redes-sociais_v3-10-feed-340x340.jpg 340w\" sizes=\"auto, (max-width: 300px) 100vw, 300px\" \/><img loading=\"lazy\" decoding=\"async\" width=\"300\" height=\"300\" class=\"wp-image-46244\" style=\"width: 300px;\" src=\"https:\/\/www.greenpeace.org\/static\/planet4-brasil-stateless\/2023\/05\/7af4154c-image.png\" alt=\"\" srcset=\"https:\/\/www.greenpeace.org\/static\/planet4-brasil-stateless\/2023\/05\/7af4154c-image.png 720w, https:\/\/www.greenpeace.org\/static\/planet4-brasil-stateless\/2023\/05\/7af4154c-image-300x300.png 300w, https:\/\/www.greenpeace.org\/static\/planet4-brasil-stateless\/2023\/05\/7af4154c-image-150x150.png 150w, https:\/\/www.greenpeace.org\/static\/planet4-brasil-stateless\/2023\/05\/7af4154c-image-340x340.png 340w\" sizes=\"auto, (max-width: 300px) 100vw, 300px\" \/><br><img loading=\"lazy\" decoding=\"async\" width=\"300\" height=\"300\" class=\"wp-image-46250\" style=\"width: 300px;\" src=\"https:\/\/www.greenpeace.org\/static\/planet4-brasil-stateless\/2023\/05\/182046c6-greenpeace_garimpo_redes-sociais_v3-7-feed.jpg\" alt=\"\" srcset=\"https:\/\/www.greenpeace.org\/static\/planet4-brasil-stateless\/2023\/05\/182046c6-greenpeace_garimpo_redes-sociais_v3-7-feed.jpg 1080w, https:\/\/www.greenpeace.org\/static\/planet4-brasil-stateless\/2023\/05\/182046c6-greenpeace_garimpo_redes-sociais_v3-7-feed-300x300.jpg 300w, https:\/\/www.greenpeace.org\/static\/planet4-brasil-stateless\/2023\/05\/182046c6-greenpeace_garimpo_redes-sociais_v3-7-feed-1024x1024.jpg 1024w, https:\/\/www.greenpeace.org\/static\/planet4-brasil-stateless\/2023\/05\/182046c6-greenpeace_garimpo_redes-sociais_v3-7-feed-150x150.jpg 150w, https:\/\/www.greenpeace.org\/static\/planet4-brasil-stateless\/2023\/05\/182046c6-greenpeace_garimpo_redes-sociais_v3-7-feed-768x768.jpg 768w, https:\/\/www.greenpeace.org\/static\/planet4-brasil-stateless\/2023\/05\/182046c6-greenpeace_garimpo_redes-sociais_v3-7-feed-340x340.jpg 340w\" sizes=\"auto, (max-width: 300px) 100vw, 300px\" \/><img loading=\"lazy\" decoding=\"async\" width=\"300\" height=\"300\" class=\"wp-image-46252\" style=\"width: 300px;\" src=\"https:\/\/www.greenpeace.org\/static\/planet4-brasil-stateless\/2023\/05\/bc6a5d96-greenpeace_garimpo_redes-sociais_v3-9-feed.jpg\" alt=\"\" srcset=\"https:\/\/www.greenpeace.org\/static\/planet4-brasil-stateless\/2023\/05\/bc6a5d96-greenpeace_garimpo_redes-sociais_v3-9-feed.jpg 1080w, https:\/\/www.greenpeace.org\/static\/planet4-brasil-stateless\/2023\/05\/bc6a5d96-greenpeace_garimpo_redes-sociais_v3-9-feed-300x300.jpg 300w, https:\/\/www.greenpeace.org\/static\/planet4-brasil-stateless\/2023\/05\/bc6a5d96-greenpeace_garimpo_redes-sociais_v3-9-feed-1024x1024.jpg 1024w, https:\/\/www.greenpeace.org\/static\/planet4-brasil-stateless\/2023\/05\/bc6a5d96-greenpeace_garimpo_redes-sociais_v3-9-feed-150x150.jpg 150w, https:\/\/www.greenpeace.org\/static\/planet4-brasil-stateless\/2023\/05\/bc6a5d96-greenpeace_garimpo_redes-sociais_v3-9-feed-768x768.jpg 768w, https:\/\/www.greenpeace.org\/static\/planet4-brasil-stateless\/2023\/05\/bc6a5d96-greenpeace_garimpo_redes-sociais_v3-9-feed-340x340.jpg 340w\" sizes=\"auto, (max-width: 300px) 100vw, 300px\" \/><br><img loading=\"lazy\" decoding=\"async\" width=\"300\" height=\"300\" class=\"wp-image-46245\" style=\"width: 300px;\" src=\"https:\/\/www.greenpeace.org\/static\/planet4-brasil-stateless\/2023\/05\/4a6ae15c-image.png\" alt=\"\" srcset=\"https:\/\/www.greenpeace.org\/static\/planet4-brasil-stateless\/2023\/05\/4a6ae15c-image.png 1056w, https:\/\/www.greenpeace.org\/static\/planet4-brasil-stateless\/2023\/05\/4a6ae15c-image-300x300.png 300w, https:\/\/www.greenpeace.org\/static\/planet4-brasil-stateless\/2023\/05\/4a6ae15c-image-1024x1024.png 1024w, https:\/\/www.greenpeace.org\/static\/planet4-brasil-stateless\/2023\/05\/4a6ae15c-image-150x150.png 150w, https:\/\/www.greenpeace.org\/static\/planet4-brasil-stateless\/2023\/05\/4a6ae15c-image-768x768.png 768w, https:\/\/www.greenpeace.org\/static\/planet4-brasil-stateless\/2023\/05\/4a6ae15c-image-340x340.png 340w\" sizes=\"auto, (max-width: 300px) 100vw, 300px\" \/><\/p>\n\n<p><a href=\"https:\/\/conexaoverde.greenpeace.org.br\/group\/grupo-de-voluntarios-de-sao-paulo\/topico\/intervencao-amazonia-livre-de-garimpo\"><strong>Os volunt\u00e1rios e volunt\u00e1rias do grupo de S\u00e3o Paulo protestaram na Avenida Paulista, no dia 07 de maio, com a mensagem #Amaz\u00f4niaLivreDeGarimpo<\/strong><\/a>. Eles e elas alertaram para o garimpo como uma das maiores amea\u00e7as aos povos ind\u00edgenas da Amaz\u00f4nia e \u00e0 biodiversidade da floresta, e exigiram a retirada dos garimpeiros das Terras Ind\u00edgenas Yanomami, Munduruku e Kayap\u00f3:<br><img loading=\"lazy\" decoding=\"async\" width=\"300\" height=\"204\" class=\"wp-image-46222\" style=\"width: 300px;\" src=\"https:\/\/www.greenpeace.org\/static\/planet4-brasil-stateless\/2023\/05\/2e2c2525-whatsapp-image-2023-05-08-at-18.08.41-2.jpeg\" alt=\"\" srcset=\"https:\/\/www.greenpeace.org\/static\/planet4-brasil-stateless\/2023\/05\/2e2c2525-whatsapp-image-2023-05-08-at-18.08.41-2.jpeg 1600w, https:\/\/www.greenpeace.org\/static\/planet4-brasil-stateless\/2023\/05\/2e2c2525-whatsapp-image-2023-05-08-at-18.08.41-2-300x204.jpeg 300w, https:\/\/www.greenpeace.org\/static\/planet4-brasil-stateless\/2023\/05\/2e2c2525-whatsapp-image-2023-05-08-at-18.08.41-2-1024x697.jpeg 1024w, https:\/\/www.greenpeace.org\/static\/planet4-brasil-stateless\/2023\/05\/2e2c2525-whatsapp-image-2023-05-08-at-18.08.41-2-768x523.jpeg 768w, https:\/\/www.greenpeace.org\/static\/planet4-brasil-stateless\/2023\/05\/2e2c2525-whatsapp-image-2023-05-08-at-18.08.41-2-1536x1045.jpeg 1536w, https:\/\/www.greenpeace.org\/static\/planet4-brasil-stateless\/2023\/05\/2e2c2525-whatsapp-image-2023-05-08-at-18.08.41-2-500x340.jpeg 500w\" sizes=\"auto, (max-width: 300px) 100vw, 300px\" \/><img loading=\"lazy\" decoding=\"async\" width=\"300\" height=\"200\" class=\"wp-image-46223\" style=\"width: 300px;\" src=\"https:\/\/www.greenpeace.org\/static\/planet4-brasil-stateless\/2023\/05\/ca9ea1ae-whatsapp-image-2023-05-08-at-18.08.41-4.jpeg\" alt=\"\" srcset=\"https:\/\/www.greenpeace.org\/static\/planet4-brasil-stateless\/2023\/05\/ca9ea1ae-whatsapp-image-2023-05-08-at-18.08.41-4.jpeg 1600w, https:\/\/www.greenpeace.org\/static\/planet4-brasil-stateless\/2023\/05\/ca9ea1ae-whatsapp-image-2023-05-08-at-18.08.41-4-300x200.jpeg 300w, https:\/\/www.greenpeace.org\/static\/planet4-brasil-stateless\/2023\/05\/ca9ea1ae-whatsapp-image-2023-05-08-at-18.08.41-4-1024x682.jpeg 1024w, https:\/\/www.greenpeace.org\/static\/planet4-brasil-stateless\/2023\/05\/ca9ea1ae-whatsapp-image-2023-05-08-at-18.08.41-4-768x512.jpeg 768w, https:\/\/www.greenpeace.org\/static\/planet4-brasil-stateless\/2023\/05\/ca9ea1ae-whatsapp-image-2023-05-08-at-18.08.41-4-1536x1023.jpeg 1536w, https:\/\/www.greenpeace.org\/static\/planet4-brasil-stateless\/2023\/05\/ca9ea1ae-whatsapp-image-2023-05-08-at-18.08.41-4-510x340.jpeg 510w\" sizes=\"auto, (max-width: 300px) 100vw, 300px\" \/><\/p>\n\n<p>No dia 15 de abril,<strong> <\/strong><a href=\"https:\/\/www.instagram.com\/p\/CrW0jekrVbu\/\"><strong>o grupo de Jo\u00e3o Pessoa participou do Primeiro Festival da Cultura Ind\u00edgena da Para\u00edba<\/strong><\/a>, que ocorreu na cidade de Conde, na aldeia Nova Conquista Taquara:<br><img loading=\"lazy\" decoding=\"async\" width=\"300\" height=\"300\" class=\"wp-image-46224\" style=\"width: 300px;\" src=\"https:\/\/www.greenpeace.org\/static\/planet4-brasil-stateless\/2023\/05\/8c5d4a40-unknown_342496184_1285368232061510_3349865078666970324_n.jpg\" alt=\"\" srcset=\"https:\/\/www.greenpeace.org\/static\/planet4-brasil-stateless\/2023\/05\/8c5d4a40-unknown_342496184_1285368232061510_3349865078666970324_n.jpg 1080w, https:\/\/www.greenpeace.org\/static\/planet4-brasil-stateless\/2023\/05\/8c5d4a40-unknown_342496184_1285368232061510_3349865078666970324_n-300x300.jpg 300w, https:\/\/www.greenpeace.org\/static\/planet4-brasil-stateless\/2023\/05\/8c5d4a40-unknown_342496184_1285368232061510_3349865078666970324_n-1024x1024.jpg 1024w, https:\/\/www.greenpeace.org\/static\/planet4-brasil-stateless\/2023\/05\/8c5d4a40-unknown_342496184_1285368232061510_3349865078666970324_n-150x150.jpg 150w, https:\/\/www.greenpeace.org\/static\/planet4-brasil-stateless\/2023\/05\/8c5d4a40-unknown_342496184_1285368232061510_3349865078666970324_n-768x768.jpg 768w, https:\/\/www.greenpeace.org\/static\/planet4-brasil-stateless\/2023\/05\/8c5d4a40-unknown_342496184_1285368232061510_3349865078666970324_n-340x340.jpg 340w\" sizes=\"auto, (max-width: 300px) 100vw, 300px\" \/><img loading=\"lazy\" decoding=\"async\" width=\"300\" height=\"300\" class=\"wp-image-46225\" style=\"width: 300px;\" src=\"https:\/\/www.greenpeace.org\/static\/planet4-brasil-stateless\/2023\/05\/ded6aa6e-unknown_342547700_252142253995814_1842557722183242201_n.jpg\" alt=\"\" srcset=\"https:\/\/www.greenpeace.org\/static\/planet4-brasil-stateless\/2023\/05\/ded6aa6e-unknown_342547700_252142253995814_1842557722183242201_n.jpg 1080w, https:\/\/www.greenpeace.org\/static\/planet4-brasil-stateless\/2023\/05\/ded6aa6e-unknown_342547700_252142253995814_1842557722183242201_n-300x300.jpg 300w, https:\/\/www.greenpeace.org\/static\/planet4-brasil-stateless\/2023\/05\/ded6aa6e-unknown_342547700_252142253995814_1842557722183242201_n-1024x1024.jpg 1024w, https:\/\/www.greenpeace.org\/static\/planet4-brasil-stateless\/2023\/05\/ded6aa6e-unknown_342547700_252142253995814_1842557722183242201_n-150x150.jpg 150w, https:\/\/www.greenpeace.org\/static\/planet4-brasil-stateless\/2023\/05\/ded6aa6e-unknown_342547700_252142253995814_1842557722183242201_n-768x768.jpg 768w, https:\/\/www.greenpeace.org\/static\/planet4-brasil-stateless\/2023\/05\/ded6aa6e-unknown_342547700_252142253995814_1842557722183242201_n-340x340.jpg 340w\" sizes=\"auto, (max-width: 300px) 100vw, 300px\" \/><\/p>\n\n<p>Do dia 24 a 28 de abril aconteceu o Acampamento Terra Livre, em Bras\u00edlia, que \u00e9 um evento anual que re\u00fane lideran\u00e7as ind\u00edgenas de todo o Brasil para discutir pol\u00edticas p\u00fablicas e quest\u00f5es relacionadas aos direitos dos povos ind\u00edgenas, al\u00e9m de promover manifesta\u00e7\u00f5es culturais e mobiliza\u00e7\u00f5es em defesa de seus territ\u00f3rios e da natureza. <a href=\"https:\/\/conexaoverde.greenpeace.org.br\/group\/grupo-de-voluntarios-de-brasilia\/topico\/atl-2023\"><strong>Volunt\u00e1rios e volunt\u00e1rias de Bras\u00edlia estiveram presentes para somar for\u00e7as \u00e0 luta dos povos origin\u00e1rios<\/strong><\/a>:<br><img loading=\"lazy\" decoding=\"async\" width=\"300\" height=\"400\" class=\"wp-image-46216\" style=\"width: 300px;\" src=\"https:\/\/www.greenpeace.org\/static\/planet4-brasil-stateless\/2023\/05\/f94f5697-image.png\" alt=\"\" srcset=\"https:\/\/www.greenpeace.org\/static\/planet4-brasil-stateless\/2023\/05\/f94f5697-image.png 1200w, https:\/\/www.greenpeace.org\/static\/planet4-brasil-stateless\/2023\/05\/f94f5697-image-225x300.png 225w, https:\/\/www.greenpeace.org\/static\/planet4-brasil-stateless\/2023\/05\/f94f5697-image-768x1024.png 768w, https:\/\/www.greenpeace.org\/static\/planet4-brasil-stateless\/2023\/05\/f94f5697-image-1152x1536.png 1152w, https:\/\/www.greenpeace.org\/static\/planet4-brasil-stateless\/2023\/05\/f94f5697-image-1025x1366.png 1025w, https:\/\/www.greenpeace.org\/static\/planet4-brasil-stateless\/2023\/05\/f94f5697-image-255x340.png 255w\" sizes=\"auto, (max-width: 300px) 100vw, 300px\" \/><img loading=\"lazy\" decoding=\"async\" width=\"300\" height=\"400\" class=\"wp-image-46226\" style=\"width: 300px;\" src=\"https:\/\/www.greenpeace.org\/static\/planet4-brasil-stateless\/2023\/05\/f2bb2dd3-atl23_6.jpg\" alt=\"\" srcset=\"https:\/\/www.greenpeace.org\/static\/planet4-brasil-stateless\/2023\/05\/f2bb2dd3-atl23_6.jpg 1200w, https:\/\/www.greenpeace.org\/static\/planet4-brasil-stateless\/2023\/05\/f2bb2dd3-atl23_6-225x300.jpg 225w, https:\/\/www.greenpeace.org\/static\/planet4-brasil-stateless\/2023\/05\/f2bb2dd3-atl23_6-768x1024.jpg 768w, https:\/\/www.greenpeace.org\/static\/planet4-brasil-stateless\/2023\/05\/f2bb2dd3-atl23_6-1152x1536.jpg 1152w, https:\/\/www.greenpeace.org\/static\/planet4-brasil-stateless\/2023\/05\/f2bb2dd3-atl23_6-1025x1366.jpg 1025w, https:\/\/www.greenpeace.org\/static\/planet4-brasil-stateless\/2023\/05\/f2bb2dd3-atl23_6-255x340.jpg 255w\" sizes=\"auto, (max-width: 300px) 100vw, 300px\" \/><\/p>\n\n<p><a href=\"https:\/\/www.instagram.com\/p\/Crri9ruNN0T\/\"><strong>O grupo de Manaus tamb\u00e9m manifestou apoio \u00e0 causa ind\u00edgena<\/strong><\/a>, anunciando no Instagram que o presidente Lula assinou a demarca\u00e7\u00e3o de seis territ\u00f3rios ind\u00edgenas durante o encerramento do Acampamento Terra Livre 2023. Essas s\u00e3o as primeiras terras ind\u00edgenas homologadas desde 2018, e a demarca\u00e7\u00e3o \u00e9 uma luta por respeito, direitos e prote\u00e7\u00e3o da biodiversidade e do meio ambiente. \u00c9 importante respeitar e tratar os povos ind\u00edgenas com dignidade:<br><img loading=\"lazy\" decoding=\"async\" width=\"300\" height=\"375\" class=\"wp-image-46298\" style=\"width: 300px;\" src=\"https:\/\/www.greenpeace.org\/static\/planet4-brasil-stateless\/2023\/05\/ba18da00-unknown_343967686_227248143239674_8641615010820208102_n.jpg\" alt=\"\" srcset=\"https:\/\/www.greenpeace.org\/static\/planet4-brasil-stateless\/2023\/05\/ba18da00-unknown_343967686_227248143239674_8641615010820208102_n.jpg 1080w, https:\/\/www.greenpeace.org\/static\/planet4-brasil-stateless\/2023\/05\/ba18da00-unknown_343967686_227248143239674_8641615010820208102_n-240x300.jpg 240w, https:\/\/www.greenpeace.org\/static\/planet4-brasil-stateless\/2023\/05\/ba18da00-unknown_343967686_227248143239674_8641615010820208102_n-819x1024.jpg 819w, https:\/\/www.greenpeace.org\/static\/planet4-brasil-stateless\/2023\/05\/ba18da00-unknown_343967686_227248143239674_8641615010820208102_n-768x960.jpg 768w, https:\/\/www.greenpeace.org\/static\/planet4-brasil-stateless\/2023\/05\/ba18da00-unknown_343967686_227248143239674_8641615010820208102_n-272x340.jpg 272w\" sizes=\"auto, (max-width: 300px) 100vw, 300px\" \/><br><br>Os grupos locais tamb\u00e9m se mobilizaram nas redes sociais para falar sobre o Dia dos Povos Ind\u00edgenas. Foi uma forma poderosa de conscientizar a popula\u00e7\u00e3o sobre a import\u00e2ncia de proteger as comunidades ind\u00edgenas e seus territ\u00f3rios. Esses posts visaram destacar as hist\u00f3rias e as culturas desses povos, al\u00e9m de ressaltar os desafios que enfrentam em sua luta por justi\u00e7a social e ambiental:<br><br><a href=\"https:\/\/www.instagram.com\/p\/CrOPASjOnPu\/\"><strong>Belo Horizonte<\/strong><\/a><strong>, <\/strong><a href=\"https:\/\/www.instagram.com\/p\/CrPLb_GJxXp\/\"><strong>Bertioga<\/strong><\/a><strong>, <\/strong><a href=\"https:\/\/www.instagram.com\/p\/CrOnZmivrx4\/\"><strong>Fortaleza<\/strong><\/a><strong>, <\/strong><a href=\"https:\/\/www.instagram.com\/p\/CrPCLChOH4H\/\"><strong>Goi\u00e2nia<\/strong><\/a><strong>, <\/strong><a href=\"https:\/\/www.instagram.com\/p\/CrPV34YtGI5\/\"><strong>Jo\u00e3o Pessoa<\/strong><\/a><strong>, <\/strong><a href=\"https:\/\/www.instagram.com\/p\/CrPKqRTO-ln\/\"><strong>Litoral Norte<\/strong><\/a><strong>, <\/strong><a href=\"https:\/\/www.instagram.com\/p\/CrOOr0cOqWA\/\"><strong>S\u00e3o Lu\u00eds<\/strong><\/a><strong>, <\/strong><a href=\"https:\/\/www.instagram.com\/p\/CrOUd9OutSF\/\"><strong>S\u00e3o Paulo<\/strong><\/a><strong>, <\/strong><a href=\"https:\/\/www.instagram.com\/p\/CrOLocwut4T\/\"><strong>Zona da Mata<\/strong><\/a>:<br><img loading=\"lazy\" decoding=\"async\" width=\"200\" height=\"200\" class=\"wp-image-46228\" style=\"width: 200px;\" src=\"https:\/\/www.greenpeace.org\/static\/planet4-brasil-stateless\/2023\/05\/5bb1e2c9-unknown_341811420_781001963415828_2916114104737729613_n.jpg\" alt=\"\" srcset=\"https:\/\/www.greenpeace.org\/static\/planet4-brasil-stateless\/2023\/05\/5bb1e2c9-unknown_341811420_781001963415828_2916114104737729613_n.jpg 1024w, https:\/\/www.greenpeace.org\/static\/planet4-brasil-stateless\/2023\/05\/5bb1e2c9-unknown_341811420_781001963415828_2916114104737729613_n-300x300.jpg 300w, https:\/\/www.greenpeace.org\/static\/planet4-brasil-stateless\/2023\/05\/5bb1e2c9-unknown_341811420_781001963415828_2916114104737729613_n-150x150.jpg 150w, https:\/\/www.greenpeace.org\/static\/planet4-brasil-stateless\/2023\/05\/5bb1e2c9-unknown_341811420_781001963415828_2916114104737729613_n-768x768.jpg 768w, https:\/\/www.greenpeace.org\/static\/planet4-brasil-stateless\/2023\/05\/5bb1e2c9-unknown_341811420_781001963415828_2916114104737729613_n-340x340.jpg 340w\" sizes=\"auto, (max-width: 200px) 100vw, 200px\" \/><img loading=\"lazy\" decoding=\"async\" width=\"200\" height=\"200\" class=\"wp-image-46227\" style=\"width: 200px;\" src=\"https:\/\/www.greenpeace.org\/static\/planet4-brasil-stateless\/2023\/05\/a500791c-dia-dos-povos-indigenas-bertioga.png\" alt=\"\" srcset=\"https:\/\/www.greenpeace.org\/static\/planet4-brasil-stateless\/2023\/05\/a500791c-dia-dos-povos-indigenas-bertioga.png 324w, https:\/\/www.greenpeace.org\/static\/planet4-brasil-stateless\/2023\/05\/a500791c-dia-dos-povos-indigenas-bertioga-300x300.png 300w, https:\/\/www.greenpeace.org\/static\/planet4-brasil-stateless\/2023\/05\/a500791c-dia-dos-povos-indigenas-bertioga-150x150.png 150w\" sizes=\"auto, (max-width: 200px) 100vw, 200px\" \/><br><img loading=\"lazy\" decoding=\"async\" width=\"200\" height=\"200\" class=\"wp-image-46214\" style=\"width: 200px;\" src=\"https:\/\/www.greenpeace.org\/static\/planet4-brasil-stateless\/2023\/05\/96bf4715-image.png\" alt=\"\" srcset=\"https:\/\/www.greenpeace.org\/static\/planet4-brasil-stateless\/2023\/05\/96bf4715-image.png 1080w, https:\/\/www.greenpeace.org\/static\/planet4-brasil-stateless\/2023\/05\/96bf4715-image-300x300.png 300w, https:\/\/www.greenpeace.org\/static\/planet4-brasil-stateless\/2023\/05\/96bf4715-image-1024x1024.png 1024w, https:\/\/www.greenpeace.org\/static\/planet4-brasil-stateless\/2023\/05\/96bf4715-image-150x150.png 150w, https:\/\/www.greenpeace.org\/static\/planet4-brasil-stateless\/2023\/05\/96bf4715-image-768x768.png 768w, https:\/\/www.greenpeace.org\/static\/planet4-brasil-stateless\/2023\/05\/96bf4715-image-340x340.png 340w\" sizes=\"auto, (max-width: 200px) 100vw, 200px\" \/><img loading=\"lazy\" decoding=\"async\" width=\"200\" height=\"200\" class=\"wp-image-46206\" style=\"width: 200px;\" src=\"https:\/\/www.greenpeace.org\/static\/planet4-brasil-stateless\/2023\/05\/aba166e0-image.png\" alt=\"\" srcset=\"https:\/\/www.greenpeace.org\/static\/planet4-brasil-stateless\/2023\/05\/aba166e0-image.png 1080w, https:\/\/www.greenpeace.org\/static\/planet4-brasil-stateless\/2023\/05\/aba166e0-image-300x300.png 300w, https:\/\/www.greenpeace.org\/static\/planet4-brasil-stateless\/2023\/05\/aba166e0-image-1024x1024.png 1024w, https:\/\/www.greenpeace.org\/static\/planet4-brasil-stateless\/2023\/05\/aba166e0-image-150x150.png 150w, https:\/\/www.greenpeace.org\/static\/planet4-brasil-stateless\/2023\/05\/aba166e0-image-768x768.png 768w, https:\/\/www.greenpeace.org\/static\/planet4-brasil-stateless\/2023\/05\/aba166e0-image-340x340.png 340w\" sizes=\"auto, (max-width: 200px) 100vw, 200px\" \/><br><img loading=\"lazy\" decoding=\"async\" width=\"200\" height=\"200\" class=\"wp-image-46210\" style=\"width: 200px;\" src=\"https:\/\/www.greenpeace.org\/static\/planet4-brasil-stateless\/2023\/05\/ffa57d8c-image.png\" alt=\"\" srcset=\"https:\/\/www.greenpeace.org\/static\/planet4-brasil-stateless\/2023\/05\/ffa57d8c-image.png 1080w, https:\/\/www.greenpeace.org\/static\/planet4-brasil-stateless\/2023\/05\/ffa57d8c-image-300x300.png 300w, https:\/\/www.greenpeace.org\/static\/planet4-brasil-stateless\/2023\/05\/ffa57d8c-image-1024x1024.png 1024w, https:\/\/www.greenpeace.org\/static\/planet4-brasil-stateless\/2023\/05\/ffa57d8c-image-150x150.png 150w, https:\/\/www.greenpeace.org\/static\/planet4-brasil-stateless\/2023\/05\/ffa57d8c-image-768x768.png 768w, https:\/\/www.greenpeace.org\/static\/planet4-brasil-stateless\/2023\/05\/ffa57d8c-image-340x340.png 340w\" sizes=\"auto, (max-width: 200px) 100vw, 200px\" \/><img loading=\"lazy\" decoding=\"async\" width=\"200\" height=\"200\" class=\"wp-image-46229\" style=\"width: 200px;\" src=\"https:\/\/www.greenpeace.org\/static\/planet4-brasil-stateless\/2023\/05\/ae2afd2b-unknown_341867849_890320602072758_1273796310588376935_n.jpg\" alt=\"\" srcset=\"https:\/\/www.greenpeace.org\/static\/planet4-brasil-stateless\/2023\/05\/ae2afd2b-unknown_341867849_890320602072758_1273796310588376935_n.jpg 1080w, https:\/\/www.greenpeace.org\/static\/planet4-brasil-stateless\/2023\/05\/ae2afd2b-unknown_341867849_890320602072758_1273796310588376935_n-300x300.jpg 300w, https:\/\/www.greenpeace.org\/static\/planet4-brasil-stateless\/2023\/05\/ae2afd2b-unknown_341867849_890320602072758_1273796310588376935_n-1024x1024.jpg 1024w, https:\/\/www.greenpeace.org\/static\/planet4-brasil-stateless\/2023\/05\/ae2afd2b-unknown_341867849_890320602072758_1273796310588376935_n-150x150.jpg 150w, https:\/\/www.greenpeace.org\/static\/planet4-brasil-stateless\/2023\/05\/ae2afd2b-unknown_341867849_890320602072758_1273796310588376935_n-768x768.jpg 768w, https:\/\/www.greenpeace.org\/static\/planet4-brasil-stateless\/2023\/05\/ae2afd2b-unknown_341867849_890320602072758_1273796310588376935_n-340x340.jpg 340w\" sizes=\"auto, (max-width: 200px) 100vw, 200px\" \/><br><img loading=\"lazy\" decoding=\"async\" width=\"200\" height=\"200\" class=\"wp-image-46230\" style=\"width: 200px;\" src=\"https:\/\/www.greenpeace.org\/static\/planet4-brasil-stateless\/2023\/05\/d4fdd03d-unknown_341847229_597574005640944_6023205891094481966_n.jpg\" alt=\"\" srcset=\"https:\/\/www.greenpeace.org\/static\/planet4-brasil-stateless\/2023\/05\/d4fdd03d-unknown_341847229_597574005640944_6023205891094481966_n.jpg 1080w, https:\/\/www.greenpeace.org\/static\/planet4-brasil-stateless\/2023\/05\/d4fdd03d-unknown_341847229_597574005640944_6023205891094481966_n-300x300.jpg 300w, https:\/\/www.greenpeace.org\/static\/planet4-brasil-stateless\/2023\/05\/d4fdd03d-unknown_341847229_597574005640944_6023205891094481966_n-1024x1024.jpg 1024w, https:\/\/www.greenpeace.org\/static\/planet4-brasil-stateless\/2023\/05\/d4fdd03d-unknown_341847229_597574005640944_6023205891094481966_n-150x150.jpg 150w, https:\/\/www.greenpeace.org\/static\/planet4-brasil-stateless\/2023\/05\/d4fdd03d-unknown_341847229_597574005640944_6023205891094481966_n-768x768.jpg 768w, https:\/\/www.greenpeace.org\/static\/planet4-brasil-stateless\/2023\/05\/d4fdd03d-unknown_341847229_597574005640944_6023205891094481966_n-340x340.jpg 340w\" sizes=\"auto, (max-width: 200px) 100vw, 200px\" \/><img loading=\"lazy\" decoding=\"async\" width=\"200\" height=\"200\" class=\"wp-image-46203\" style=\"width: 200px;\" src=\"https:\/\/www.greenpeace.org\/static\/planet4-brasil-stateless\/2023\/05\/f3fce41d-image.png\" alt=\"\" srcset=\"https:\/\/www.greenpeace.org\/static\/planet4-brasil-stateless\/2023\/05\/f3fce41d-image.png 309w, https:\/\/www.greenpeace.org\/static\/planet4-brasil-stateless\/2023\/05\/f3fce41d-image-300x300.png 300w, https:\/\/www.greenpeace.org\/static\/planet4-brasil-stateless\/2023\/05\/f3fce41d-image-150x150.png 150w\" sizes=\"auto, (max-width: 200px) 100vw, 200px\" \/><br><img loading=\"lazy\" decoding=\"async\" width=\"200\" height=\"202\" class=\"wp-image-46205\" style=\"width: 200px;\" src=\"https:\/\/www.greenpeace.org\/static\/planet4-brasil-stateless\/2023\/05\/af8d11c4-image.png\" alt=\"\" srcset=\"https:\/\/www.greenpeace.org\/static\/planet4-brasil-stateless\/2023\/05\/af8d11c4-image.png 692w, https:\/\/www.greenpeace.org\/static\/planet4-brasil-stateless\/2023\/05\/af8d11c4-image-297x300.png 297w, https:\/\/www.greenpeace.org\/static\/planet4-brasil-stateless\/2023\/05\/af8d11c4-image-337x340.png 337w\" sizes=\"auto, (max-width: 200px) 100vw, 200px\" \/><br><br><img loading=\"lazy\" decoding=\"async\" width=\"700\" height=\"229\" class=\"wp-image-46312\" style=\"width: 700px;\" src=\"https:\/\/www.greenpeace.org\/static\/planet4-brasil-stateless\/2023\/05\/b8e3df82-atividades.png\" alt=\"\" srcset=\"https:\/\/www.greenpeace.org\/static\/planet4-brasil-stateless\/2023\/05\/b8e3df82-atividades.png 628w, https:\/\/www.greenpeace.org\/static\/planet4-brasil-stateless\/2023\/05\/b8e3df82-atividades-300x98.png 300w, https:\/\/www.greenpeace.org\/static\/planet4-brasil-stateless\/2023\/05\/b8e3df82-atividades-510x166.png 510w\" sizes=\"auto, (max-width: 700px) 100vw, 700px\" \/><\/p>\n\n<p>E voc\u00ea acha que a a\u00e7\u00e3o parou por aqui? Com certeza, n\u00e3o! Al\u00e9m da luta pelos direitos dos povos origin\u00e1rios, o time de volunt\u00e1rios e volunt\u00e1rias realizou ainda outras a\u00e7\u00f5es importantes, como conscientiza\u00e7\u00e3o sobre a crise e justi\u00e7a clim\u00e1tica, atividades de reflorestamento, entre outras iniciativas incr\u00edveis. Venha ver!<\/p>\n\n<p>No dia 08 de abril,<a href=\"https:\/\/www.instagram.com\/p\/Cq322JfJAy8\/\"><strong> o grupo de Jo\u00e3o Pessoa apoiou uma a\u00e7\u00e3o de reflorestamento promovida pela comunidade ind\u00edgena da aldeia Vit\u00f3ria, no territ\u00f3rio do povo Tabajara da Para\u00edba.<\/strong><\/a> Foram plantadas mais de 350 mudas de 9 esp\u00e9cies de \u00e1rvores nativas da Mata Atl\u00e2ntica para recuperar uma \u00e1rea onde antes havia uma monocultura de bambu cultivada por uma empresa:<br><img loading=\"lazy\" decoding=\"async\" width=\"300\" height=\"300\" class=\"wp-image-46273\" style=\"width: 300px;\" src=\"https:\/\/www.greenpeace.org\/static\/planet4-brasil-stateless\/2023\/05\/e2f2074b-unknown_340479104_550981463771428_8075386216680807301_n.jpg\" alt=\"\" srcset=\"https:\/\/www.greenpeace.org\/static\/planet4-brasil-stateless\/2023\/05\/e2f2074b-unknown_340479104_550981463771428_8075386216680807301_n.jpg 1080w, https:\/\/www.greenpeace.org\/static\/planet4-brasil-stateless\/2023\/05\/e2f2074b-unknown_340479104_550981463771428_8075386216680807301_n-300x300.jpg 300w, https:\/\/www.greenpeace.org\/static\/planet4-brasil-stateless\/2023\/05\/e2f2074b-unknown_340479104_550981463771428_8075386216680807301_n-1024x1024.jpg 1024w, https:\/\/www.greenpeace.org\/static\/planet4-brasil-stateless\/2023\/05\/e2f2074b-unknown_340479104_550981463771428_8075386216680807301_n-150x150.jpg 150w, https:\/\/www.greenpeace.org\/static\/planet4-brasil-stateless\/2023\/05\/e2f2074b-unknown_340479104_550981463771428_8075386216680807301_n-768x768.jpg 768w, https:\/\/www.greenpeace.org\/static\/planet4-brasil-stateless\/2023\/05\/e2f2074b-unknown_340479104_550981463771428_8075386216680807301_n-340x340.jpg 340w\" sizes=\"auto, (max-width: 300px) 100vw, 300px\" \/><img loading=\"lazy\" decoding=\"async\" width=\"300\" height=\"300\" class=\"wp-image-46272\" style=\"width: 300px;\" src=\"https:\/\/www.greenpeace.org\/static\/planet4-brasil-stateless\/2023\/05\/81522bf4-unknown_340180379_1296133197912507_2961786786274408497_n.jpg\" alt=\"\" srcset=\"https:\/\/www.greenpeace.org\/static\/planet4-brasil-stateless\/2023\/05\/81522bf4-unknown_340180379_1296133197912507_2961786786274408497_n.jpg 1080w, https:\/\/www.greenpeace.org\/static\/planet4-brasil-stateless\/2023\/05\/81522bf4-unknown_340180379_1296133197912507_2961786786274408497_n-300x300.jpg 300w, https:\/\/www.greenpeace.org\/static\/planet4-brasil-stateless\/2023\/05\/81522bf4-unknown_340180379_1296133197912507_2961786786274408497_n-1024x1024.jpg 1024w, https:\/\/www.greenpeace.org\/static\/planet4-brasil-stateless\/2023\/05\/81522bf4-unknown_340180379_1296133197912507_2961786786274408497_n-150x150.jpg 150w, https:\/\/www.greenpeace.org\/static\/planet4-brasil-stateless\/2023\/05\/81522bf4-unknown_340180379_1296133197912507_2961786786274408497_n-768x768.jpg 768w, https:\/\/www.greenpeace.org\/static\/planet4-brasil-stateless\/2023\/05\/81522bf4-unknown_340180379_1296133197912507_2961786786274408497_n-340x340.jpg 340w\" sizes=\"auto, (max-width: 300px) 100vw, 300px\" \/><\/p>\n\n<p>No dia 15 de abril, <a href=\"https:\/\/www.instagram.com\/p\/CrGByzzuAT2\/\"><strong>o grupo de Recife realizou uma oficina sobre Racismo Ambiental e Territ\u00f3rios no Ibura<\/strong><\/a>, a convite da organiza\u00e7\u00e3o Etapas. O objetivo da oficina foi ensinar aos jovens participantes do projeto os conceitos de racismo ambiental, Objetivos de Desenvolvimento Sustent\u00e1vel (ODS) e justi\u00e7a clim\u00e1tica, relacionando-os com a realidade da Regi\u00e3o Metropolitana do Recife:<br><img loading=\"lazy\" decoding=\"async\" width=\"400\" height=\"300\" class=\"wp-image-46311\" style=\"width: 400px;\" src=\"https:\/\/www.greenpeace.org\/static\/planet4-brasil-stateless\/2023\/05\/cfc31369-unknown_341530847_1929226034110492_8939044712454251197_n.jpg\" alt=\"\" srcset=\"https:\/\/www.greenpeace.org\/static\/planet4-brasil-stateless\/2023\/05\/cfc31369-unknown_341530847_1929226034110492_8939044712454251197_n.jpg 768w, https:\/\/www.greenpeace.org\/static\/planet4-brasil-stateless\/2023\/05\/cfc31369-unknown_341530847_1929226034110492_8939044712454251197_n-300x225.jpg 300w, https:\/\/www.greenpeace.org\/static\/planet4-brasil-stateless\/2023\/05\/cfc31369-unknown_341530847_1929226034110492_8939044712454251197_n-453x340.jpg 453w\" sizes=\"auto, (max-width: 400px) 100vw, 400px\" \/><img loading=\"lazy\" decoding=\"async\" width=\"300\" height=\"300\" class=\"wp-image-46288\" style=\"width: 300px;\" src=\"https:\/\/www.greenpeace.org\/static\/planet4-brasil-stateless\/2023\/05\/6b5454b0-unknown_342077947_609164304418364_1325317886940849768_n.jpg\" alt=\"\" srcset=\"https:\/\/www.greenpeace.org\/static\/planet4-brasil-stateless\/2023\/05\/6b5454b0-unknown_342077947_609164304418364_1325317886940849768_n.jpg 715w, https:\/\/www.greenpeace.org\/static\/planet4-brasil-stateless\/2023\/05\/6b5454b0-unknown_342077947_609164304418364_1325317886940849768_n-300x300.jpg 300w, https:\/\/www.greenpeace.org\/static\/planet4-brasil-stateless\/2023\/05\/6b5454b0-unknown_342077947_609164304418364_1325317886940849768_n-150x150.jpg 150w, https:\/\/www.greenpeace.org\/static\/planet4-brasil-stateless\/2023\/05\/6b5454b0-unknown_342077947_609164304418364_1325317886940849768_n-340x340.jpg 340w\" sizes=\"auto, (max-width: 300px) 100vw, 300px\" \/><\/p>\n\n<p>No dia seguinte, em 16 de abril, <a href=\"https:\/\/www.instagram.com\/p\/CrJuWE5rhT5\/\"><strong>os ativistas organizaram um encontro para receber novos volunt\u00e1rios e volunt\u00e1rias do grupo<\/strong><\/a>. Durante o encontro, eles falaram sobre a hist\u00f3ria do Greenpeace, apresentaram os grupos de trabalho (GTs) e dedicaram-se a conhecer melhor cada pessoa presente:<br><img loading=\"lazy\" decoding=\"async\" width=\"300\" height=\"300\" class=\"wp-image-46283\" style=\"width: 300px;\" src=\"https:\/\/www.greenpeace.org\/static\/planet4-brasil-stateless\/2023\/05\/7bf12d7a-unknown_341808274_2545272455632640_1993729917830025751_n.jpg\" alt=\"\" srcset=\"https:\/\/www.greenpeace.org\/static\/planet4-brasil-stateless\/2023\/05\/7bf12d7a-unknown_341808274_2545272455632640_1993729917830025751_n.jpg 1440w, https:\/\/www.greenpeace.org\/static\/planet4-brasil-stateless\/2023\/05\/7bf12d7a-unknown_341808274_2545272455632640_1993729917830025751_n-300x300.jpg 300w, https:\/\/www.greenpeace.org\/static\/planet4-brasil-stateless\/2023\/05\/7bf12d7a-unknown_341808274_2545272455632640_1993729917830025751_n-1024x1024.jpg 1024w, https:\/\/www.greenpeace.org\/static\/planet4-brasil-stateless\/2023\/05\/7bf12d7a-unknown_341808274_2545272455632640_1993729917830025751_n-150x150.jpg 150w, https:\/\/www.greenpeace.org\/static\/planet4-brasil-stateless\/2023\/05\/7bf12d7a-unknown_341808274_2545272455632640_1993729917830025751_n-768x768.jpg 768w, https:\/\/www.greenpeace.org\/static\/planet4-brasil-stateless\/2023\/05\/7bf12d7a-unknown_341808274_2545272455632640_1993729917830025751_n-1366x1366.jpg 1366w, https:\/\/www.greenpeace.org\/static\/planet4-brasil-stateless\/2023\/05\/7bf12d7a-unknown_341808274_2545272455632640_1993729917830025751_n-340x340.jpg 340w\" sizes=\"auto, (max-width: 300px) 100vw, 300px\" \/><img loading=\"lazy\" decoding=\"async\" width=\"300\" height=\"300\" class=\"wp-image-46280\" style=\"width: 300px;\" src=\"https:\/\/www.greenpeace.org\/static\/planet4-brasil-stateless\/2023\/05\/b328fe59-unknown_341562999_607526828071484_2998920612796908839_n.jpg\" alt=\"\" srcset=\"https:\/\/www.greenpeace.org\/static\/planet4-brasil-stateless\/2023\/05\/b328fe59-unknown_341562999_607526828071484_2998920612796908839_n.jpg 1440w, https:\/\/www.greenpeace.org\/static\/planet4-brasil-stateless\/2023\/05\/b328fe59-unknown_341562999_607526828071484_2998920612796908839_n-300x300.jpg 300w, https:\/\/www.greenpeace.org\/static\/planet4-brasil-stateless\/2023\/05\/b328fe59-unknown_341562999_607526828071484_2998920612796908839_n-1024x1024.jpg 1024w, https:\/\/www.greenpeace.org\/static\/planet4-brasil-stateless\/2023\/05\/b328fe59-unknown_341562999_607526828071484_2998920612796908839_n-150x150.jpg 150w, https:\/\/www.greenpeace.org\/static\/planet4-brasil-stateless\/2023\/05\/b328fe59-unknown_341562999_607526828071484_2998920612796908839_n-768x768.jpg 768w, https:\/\/www.greenpeace.org\/static\/planet4-brasil-stateless\/2023\/05\/b328fe59-unknown_341562999_607526828071484_2998920612796908839_n-1366x1366.jpg 1366w, https:\/\/www.greenpeace.org\/static\/planet4-brasil-stateless\/2023\/05\/b328fe59-unknown_341562999_607526828071484_2998920612796908839_n-340x340.jpg 340w\" sizes=\"auto, (max-width: 300px) 100vw, 300px\" \/><\/p>\n\n<p>Na mesma data, ap\u00f3s o encontro de novos volunt\u00e1rios e volunt\u00e1rias, <a href=\"https:\/\/conexaoverde.greenpeace.org.br\/post\/208278\"><strong>o grupo esteve presente no primeiro Ponto Verde do ano no evento Viva Guararapes, que ocorre uma vez por m\u00eas na regi\u00e3o central da capital pernambucana<\/strong><\/a>. Eles e elas conscientizaram as pessoas sobre o descarte correto do lixo e distribu\u00edram sacolas sustent\u00e1veis e adesivos:<br><img loading=\"lazy\" decoding=\"async\" width=\"300\" height=\"400\" class=\"wp-image-46231\" style=\"width: 300px;\" src=\"https:\/\/www.greenpeace.org\/static\/planet4-brasil-stateless\/2023\/05\/ba0bfb82-img-20230418-wa0004.jpg\" alt=\"\" srcset=\"https:\/\/www.greenpeace.org\/static\/planet4-brasil-stateless\/2023\/05\/ba0bfb82-img-20230418-wa0004.jpg 768w, https:\/\/www.greenpeace.org\/static\/planet4-brasil-stateless\/2023\/05\/ba0bfb82-img-20230418-wa0004-225x300.jpg 225w, https:\/\/www.greenpeace.org\/static\/planet4-brasil-stateless\/2023\/05\/ba0bfb82-img-20230418-wa0004-255x340.jpg 255w\" sizes=\"auto, (max-width: 300px) 100vw, 300px\" \/><\/p>\n\n<p>E as a\u00e7\u00f5es n\u00e3o pararam por a\u00ed! <a href=\"https:\/\/www.instagram.com\/p\/CrVzPYiLENR\/\"><strong>No dia 21 de abril, o grupo de Recife promoveu o Encontro Verde no Parque Estadual Dois Irm\u00e3os<\/strong><\/a>, com a participa\u00e7\u00e3o de representantes dos povos Pankaraku-Entre Serras e Fulni-\u00f4. Durante o evento, foram realizadas atividades para crian\u00e7as sobre a import\u00e2ncia do planeta Terra e houve uma apresenta\u00e7\u00e3o do grupo Fulni-\u00f4. O professor e historiador Rog\u00e9rio Onofre tamb\u00e9m falou sobre o papel fundamental dos povos ind\u00edgenas na preserva\u00e7\u00e3o da biodiversidade:<br><img loading=\"lazy\" decoding=\"async\" width=\"300\" height=\"300\" class=\"wp-image-46267\" style=\"width: 300px;\" src=\"https:\/\/www.greenpeace.org\/static\/planet4-brasil-stateless\/2023\/05\/9233806c-img-20230504-wa0000.jpg\" alt=\"\" srcset=\"https:\/\/www.greenpeace.org\/static\/planet4-brasil-stateless\/2023\/05\/9233806c-img-20230504-wa0000.jpg 698w, https:\/\/www.greenpeace.org\/static\/planet4-brasil-stateless\/2023\/05\/9233806c-img-20230504-wa0000-300x300.jpg 300w, https:\/\/www.greenpeace.org\/static\/planet4-brasil-stateless\/2023\/05\/9233806c-img-20230504-wa0000-150x150.jpg 150w, https:\/\/www.greenpeace.org\/static\/planet4-brasil-stateless\/2023\/05\/9233806c-img-20230504-wa0000-340x340.jpg 340w\" sizes=\"auto, (max-width: 300px) 100vw, 300px\" \/><img loading=\"lazy\" decoding=\"async\" width=\"300\" height=\"300\" class=\"wp-image-46268\" style=\"width: 300px;\" src=\"https:\/\/www.greenpeace.org\/static\/planet4-brasil-stateless\/2023\/05\/2a22862a-img-20230504-wa0029.jpg\" alt=\"\" srcset=\"https:\/\/www.greenpeace.org\/static\/planet4-brasil-stateless\/2023\/05\/2a22862a-img-20230504-wa0029.jpg 454w, https:\/\/www.greenpeace.org\/static\/planet4-brasil-stateless\/2023\/05\/2a22862a-img-20230504-wa0029-300x300.jpg 300w, https:\/\/www.greenpeace.org\/static\/planet4-brasil-stateless\/2023\/05\/2a22862a-img-20230504-wa0029-150x150.jpg 150w, https:\/\/www.greenpeace.org\/static\/planet4-brasil-stateless\/2023\/05\/2a22862a-img-20230504-wa0029-340x340.jpg 340w\" sizes=\"auto, (max-width: 300px) 100vw, 300px\" \/><br><br>E para fechar essas s\u00e9ries de a\u00e7\u00f5es incr\u00edveis do grupo de Recife, no dia 02 de maio, os<a href=\"https:\/\/conexaoverde.greenpeace.org.br\/post\/208323\"><strong> ativistas participaram de uma reuni\u00e3o com a defesa civil da cidade e outras organiza\u00e7\u00f5es e comunidades parceiras.<\/strong><\/a> Eles e elas aprenderam mais sobre a atua\u00e7\u00e3o da defesa civil em situa\u00e7\u00f5es de emerg\u00eancia e como podem ajudar a mitigar problemas:<br><img loading=\"lazy\" decoding=\"async\" width=\"300\" height=\"300\" class=\"wp-image-46269\" style=\"width: 300px;\" src=\"https:\/\/www.greenpeace.org\/static\/planet4-brasil-stateless\/2023\/05\/eeedc37f-img-20230504-wa0030.jpg\" alt=\"\" srcset=\"https:\/\/www.greenpeace.org\/static\/planet4-brasil-stateless\/2023\/05\/eeedc37f-img-20230504-wa0030.jpg 698w, https:\/\/www.greenpeace.org\/static\/planet4-brasil-stateless\/2023\/05\/eeedc37f-img-20230504-wa0030-300x300.jpg 300w, https:\/\/www.greenpeace.org\/static\/planet4-brasil-stateless\/2023\/05\/eeedc37f-img-20230504-wa0030-150x150.jpg 150w, https:\/\/www.greenpeace.org\/static\/planet4-brasil-stateless\/2023\/05\/eeedc37f-img-20230504-wa0030-340x340.jpg 340w\" sizes=\"auto, (max-width: 300px) 100vw, 300px\" \/><img loading=\"lazy\" decoding=\"async\" width=\"300\" height=\"300\" class=\"wp-image-46270\" style=\"width: 300px;\" src=\"https:\/\/www.greenpeace.org\/static\/planet4-brasil-stateless\/2023\/05\/9f43eaa8-img-20230504-wa0046.jpg\" alt=\"\" srcset=\"https:\/\/www.greenpeace.org\/static\/planet4-brasil-stateless\/2023\/05\/9f43eaa8-img-20230504-wa0046.jpg 735w, https:\/\/www.greenpeace.org\/static\/planet4-brasil-stateless\/2023\/05\/9f43eaa8-img-20230504-wa0046-300x300.jpg 300w, https:\/\/www.greenpeace.org\/static\/planet4-brasil-stateless\/2023\/05\/9f43eaa8-img-20230504-wa0046-150x150.jpg 150w, https:\/\/www.greenpeace.org\/static\/planet4-brasil-stateless\/2023\/05\/9f43eaa8-img-20230504-wa0046-340x340.jpg 340w\" sizes=\"auto, (max-width: 300px) 100vw, 300px\" \/><\/p>\n\n<p>No dia 21 de abril, durante as comemora\u00e7\u00f5es do anivers\u00e1rio de Bras\u00edlia,<strong> <\/strong><a href=\"https:\/\/www.instagram.com\/p\/CrWr47pO6w4\/\"><strong>ativistas da regi\u00e3o estiveram presentes para representar a n\u00e3o viol\u00eancia, apoiar a alimenta\u00e7\u00e3o sustent\u00e1vel e o cuidado com o meio ambiente<\/strong><\/a>. O grupo foi apoiar a volunt\u00e1ria Angelita, na meia maratona e aproveitou para conscientizar a popula\u00e7\u00e3o e os corredores com uma representa\u00e7\u00e3o l\u00fadica do planeta terra triste, fazendo men\u00e7\u00e3o ao dia da Terra, e trazendo a import\u00e2ncia de preserva\u00e7\u00e3o e a\u00e7\u00f5es para erradicar os problemas ambientais e clim\u00e1ticos:<br><img loading=\"lazy\" decoding=\"async\" width=\"300\" height=\"300\" class=\"wp-image-46291\" style=\"width: 300px;\" src=\"https:\/\/www.greenpeace.org\/static\/planet4-brasil-stateless\/2023\/05\/c4150dcc-unknown_342509389_181118901483083_8453908424148168094_n.jpg\" alt=\"\" srcset=\"https:\/\/www.greenpeace.org\/static\/planet4-brasil-stateless\/2023\/05\/c4150dcc-unknown_342509389_181118901483083_8453908424148168094_n.jpg 1080w, https:\/\/www.greenpeace.org\/static\/planet4-brasil-stateless\/2023\/05\/c4150dcc-unknown_342509389_181118901483083_8453908424148168094_n-300x300.jpg 300w, https:\/\/www.greenpeace.org\/static\/planet4-brasil-stateless\/2023\/05\/c4150dcc-unknown_342509389_181118901483083_8453908424148168094_n-1024x1024.jpg 1024w, https:\/\/www.greenpeace.org\/static\/planet4-brasil-stateless\/2023\/05\/c4150dcc-unknown_342509389_181118901483083_8453908424148168094_n-150x150.jpg 150w, https:\/\/www.greenpeace.org\/static\/planet4-brasil-stateless\/2023\/05\/c4150dcc-unknown_342509389_181118901483083_8453908424148168094_n-768x768.jpg 768w, https:\/\/www.greenpeace.org\/static\/planet4-brasil-stateless\/2023\/05\/c4150dcc-unknown_342509389_181118901483083_8453908424148168094_n-340x340.jpg 340w\" sizes=\"auto, (max-width: 300px) 100vw, 300px\" \/><img loading=\"lazy\" decoding=\"async\" width=\"300\" height=\"300\" class=\"wp-image-46293\" style=\"width: 300px;\" src=\"https:\/\/www.greenpeace.org\/static\/planet4-brasil-stateless\/2023\/05\/09bfee80-unknown_342951491_618168296845454_8996321793803492417_n.jpg\" alt=\"\" srcset=\"https:\/\/www.greenpeace.org\/static\/planet4-brasil-stateless\/2023\/05\/09bfee80-unknown_342951491_618168296845454_8996321793803492417_n.jpg 1066w, https:\/\/www.greenpeace.org\/static\/planet4-brasil-stateless\/2023\/05\/09bfee80-unknown_342951491_618168296845454_8996321793803492417_n-300x300.jpg 300w, https:\/\/www.greenpeace.org\/static\/planet4-brasil-stateless\/2023\/05\/09bfee80-unknown_342951491_618168296845454_8996321793803492417_n-1024x1024.jpg 1024w, https:\/\/www.greenpeace.org\/static\/planet4-brasil-stateless\/2023\/05\/09bfee80-unknown_342951491_618168296845454_8996321793803492417_n-150x150.jpg 150w, https:\/\/www.greenpeace.org\/static\/planet4-brasil-stateless\/2023\/05\/09bfee80-unknown_342951491_618168296845454_8996321793803492417_n-768x768.jpg 768w, https:\/\/www.greenpeace.org\/static\/planet4-brasil-stateless\/2023\/05\/09bfee80-unknown_342951491_618168296845454_8996321793803492417_n-340x340.jpg 340w\" sizes=\"auto, (max-width: 300px) 100vw, 300px\" \/><\/p>\n\n<p><a href=\"https:\/\/www.instagram.com\/p\/Cry0mH5Ju-k\/\"><strong>Os volunt\u00e1rios e volunt\u00e1rias de Jo\u00e3o Pessoa realizaram um encontro, no dia 29 de abril, no Jardim Bot\u00e2nico Benjamin Maranh\u00e3o<\/strong><\/a>. Durante o encontro, eles fizeram uma trilha ecol\u00f3gica, e puderam contemplar as esp\u00e9cies nativas que comp\u00f5em essa importante Unidade de Conserva\u00e7\u00e3o, refletiram sobre a import\u00e2ncia da conserva\u00e7\u00e3o das \u00e1reas verdes urbanas e debateram medidas para o grupo proteg\u00ea-las e combater o desmatamento em Jo\u00e3o Pessoa:<br><img loading=\"lazy\" decoding=\"async\" width=\"300\" height=\"300\" class=\"wp-image-46301\" style=\"width: 300px;\" src=\"https:\/\/www.greenpeace.org\/static\/planet4-brasil-stateless\/2023\/05\/414a5eda-unknown_344503133_1311692449443183_5990323881946327312_n.jpg\" alt=\"\" srcset=\"https:\/\/www.greenpeace.org\/static\/planet4-brasil-stateless\/2023\/05\/414a5eda-unknown_344503133_1311692449443183_5990323881946327312_n.jpg 1080w, https:\/\/www.greenpeace.org\/static\/planet4-brasil-stateless\/2023\/05\/414a5eda-unknown_344503133_1311692449443183_5990323881946327312_n-300x300.jpg 300w, https:\/\/www.greenpeace.org\/static\/planet4-brasil-stateless\/2023\/05\/414a5eda-unknown_344503133_1311692449443183_5990323881946327312_n-1024x1024.jpg 1024w, https:\/\/www.greenpeace.org\/static\/planet4-brasil-stateless\/2023\/05\/414a5eda-unknown_344503133_1311692449443183_5990323881946327312_n-150x150.jpg 150w, https:\/\/www.greenpeace.org\/static\/planet4-brasil-stateless\/2023\/05\/414a5eda-unknown_344503133_1311692449443183_5990323881946327312_n-768x768.jpg 768w, https:\/\/www.greenpeace.org\/static\/planet4-brasil-stateless\/2023\/05\/414a5eda-unknown_344503133_1311692449443183_5990323881946327312_n-340x340.jpg 340w\" sizes=\"auto, (max-width: 300px) 100vw, 300px\" \/><img loading=\"lazy\" decoding=\"async\" width=\"300\" height=\"300\" class=\"wp-image-46302\" style=\"width: 300px;\" src=\"https:\/\/www.greenpeace.org\/static\/planet4-brasil-stateless\/2023\/05\/945439e7-unknown_344796183_178167854787045_9112263257252744249_n.jpg\" alt=\"\" srcset=\"https:\/\/www.greenpeace.org\/static\/planet4-brasil-stateless\/2023\/05\/945439e7-unknown_344796183_178167854787045_9112263257252744249_n.jpg 1080w, https:\/\/www.greenpeace.org\/static\/planet4-brasil-stateless\/2023\/05\/945439e7-unknown_344796183_178167854787045_9112263257252744249_n-300x300.jpg 300w, https:\/\/www.greenpeace.org\/static\/planet4-brasil-stateless\/2023\/05\/945439e7-unknown_344796183_178167854787045_9112263257252744249_n-1024x1024.jpg 1024w, https:\/\/www.greenpeace.org\/static\/planet4-brasil-stateless\/2023\/05\/945439e7-unknown_344796183_178167854787045_9112263257252744249_n-150x150.jpg 150w, https:\/\/www.greenpeace.org\/static\/planet4-brasil-stateless\/2023\/05\/945439e7-unknown_344796183_178167854787045_9112263257252744249_n-768x768.jpg 768w, https:\/\/www.greenpeace.org\/static\/planet4-brasil-stateless\/2023\/05\/945439e7-unknown_344796183_178167854787045_9112263257252744249_n-340x340.jpg 340w\" sizes=\"auto, (max-width: 300px) 100vw, 300px\" \/><\/p>\n\n<p><a href=\"https:\/\/www.instagram.com\/p\/Cq5_oGAJcVq\/\"><strong>O grupo tamb\u00e9m realizou uma mobiliza\u00e7\u00e3o online<\/strong><\/a> contra a Medida Provis\u00f3ria n\u00b0 1.150\/21 que, segundo os volunt\u00e1rios, pode abrir caminho para mais desmatamento e impunidade ambiental. O grupo alertou que a Mata Atl\u00e2ntica poder\u00e1 ficar desprotegida e o C\u00f3digo Florestal poder\u00e1 ser atacado:<br><img loading=\"lazy\" decoding=\"async\" width=\"300\" height=\"300\" class=\"wp-image-46232\" style=\"width: 300px;\" src=\"https:\/\/www.greenpeace.org\/static\/planet4-brasil-stateless\/2023\/05\/5bd35d19-unknown_340682668_1287267302188763_3300985781152524159_n.jpg\" alt=\"\" srcset=\"https:\/\/www.greenpeace.org\/static\/planet4-brasil-stateless\/2023\/05\/5bd35d19-unknown_340682668_1287267302188763_3300985781152524159_n.jpg 1080w, https:\/\/www.greenpeace.org\/static\/planet4-brasil-stateless\/2023\/05\/5bd35d19-unknown_340682668_1287267302188763_3300985781152524159_n-300x300.jpg 300w, https:\/\/www.greenpeace.org\/static\/planet4-brasil-stateless\/2023\/05\/5bd35d19-unknown_340682668_1287267302188763_3300985781152524159_n-1024x1024.jpg 1024w, https:\/\/www.greenpeace.org\/static\/planet4-brasil-stateless\/2023\/05\/5bd35d19-unknown_340682668_1287267302188763_3300985781152524159_n-150x150.jpg 150w, https:\/\/www.greenpeace.org\/static\/planet4-brasil-stateless\/2023\/05\/5bd35d19-unknown_340682668_1287267302188763_3300985781152524159_n-768x768.jpg 768w, https:\/\/www.greenpeace.org\/static\/planet4-brasil-stateless\/2023\/05\/5bd35d19-unknown_340682668_1287267302188763_3300985781152524159_n-340x340.jpg 340w\" sizes=\"auto, (max-width: 300px) 100vw, 300px\" \/><\/p>\n\n<p>No dia 26 de abril, <a href=\"https:\/\/www.instagram.com\/p\/Crg93UKPsNo\/\"><strong>ativistas do Extinction Rebellion Brasil e volunt\u00e1rios de Fortaleza protestaram em frente ao Pal\u00e1cio da Aboli\u00e7\u00e3o contra a reabertura da mina de ur\u00e2nio de Itataia em Santa Quit\u00e9ria<\/strong><\/a>, Cear\u00e1, devido aos riscos de contamina\u00e7\u00e3o. A a\u00e7\u00e3o foi interrompida pela pol\u00edcia, mas o grupo promete continuar lutando contra a explora\u00e7\u00e3o de ur\u00e2nio:<br><img loading=\"lazy\" decoding=\"async\" width=\"300\" height=\"300\" class=\"wp-image-46308\" style=\"width: 300px;\" src=\"https:\/\/www.greenpeace.org\/static\/planet4-brasil-stateless\/2023\/05\/dfefef2c-img_5518-edit.png\" alt=\"\" srcset=\"https:\/\/www.greenpeace.org\/static\/planet4-brasil-stateless\/2023\/05\/dfefef2c-img_5518-edit.png 659w, https:\/\/www.greenpeace.org\/static\/planet4-brasil-stateless\/2023\/05\/dfefef2c-img_5518-edit-300x300.png 300w, https:\/\/www.greenpeace.org\/static\/planet4-brasil-stateless\/2023\/05\/dfefef2c-img_5518-edit-150x150.png 150w, https:\/\/www.greenpeace.org\/static\/planet4-brasil-stateless\/2023\/05\/dfefef2c-img_5518-edit-340x340.png 340w\" sizes=\"auto, (max-width: 300px) 100vw, 300px\" \/><img loading=\"lazy\" decoding=\"async\" width=\"300\" height=\"300\" class=\"wp-image-46307\" style=\"width: 300px;\" src=\"https:\/\/www.greenpeace.org\/static\/planet4-brasil-stateless\/2023\/05\/4ad3780c-img_5624.png\" alt=\"\" srcset=\"https:\/\/www.greenpeace.org\/static\/planet4-brasil-stateless\/2023\/05\/4ad3780c-img_5624.png 664w, https:\/\/www.greenpeace.org\/static\/planet4-brasil-stateless\/2023\/05\/4ad3780c-img_5624-300x300.png 300w, https:\/\/www.greenpeace.org\/static\/planet4-brasil-stateless\/2023\/05\/4ad3780c-img_5624-150x150.png 150w, https:\/\/www.greenpeace.org\/static\/planet4-brasil-stateless\/2023\/05\/4ad3780c-img_5624-340x340.png 340w\" sizes=\"auto, (max-width: 300px) 100vw, 300px\" \/><\/p>\n\n<p>No dia 29 de abril, <a href=\"https:\/\/www.instagram.com\/p\/CryPx0JOyp9\/\"><strong>o grupo do Vale do Itaja\u00ed realizou um Ponto Verde no Parque Ramiro Ruediger, em Blumenau<\/strong><\/a>, onde volunt\u00e1rios e volunt\u00e1rias compartilharam informa\u00e7\u00f5es sobre o Greenpeace, ativismo, voluntariado, biodiversidade e pr\u00e1ticas sustent\u00e1veis. Tamb\u00e9m houve uma aula de yoga gratuita e os ativistas deixaram um agradecimento especial ao projeto Fauna e Flora Furb e ao Curso de Engenharia Florestal da Furb pela doa\u00e7\u00e3o de mudas e uso de inset\u00e1rio e animais taxidermizados para educa\u00e7\u00e3o ambiental:<br><img loading=\"lazy\" decoding=\"async\" width=\"300\" height=\"300\" class=\"wp-image-46299\" style=\"width: 300px;\" src=\"https:\/\/www.greenpeace.org\/static\/planet4-brasil-stateless\/2023\/05\/7ec870fc-unknown_344268929_953970605802326_8779214242228359837_n.jpg\" alt=\"\" srcset=\"https:\/\/www.greenpeace.org\/static\/planet4-brasil-stateless\/2023\/05\/7ec870fc-unknown_344268929_953970605802326_8779214242228359837_n.jpg 1080w, https:\/\/www.greenpeace.org\/static\/planet4-brasil-stateless\/2023\/05\/7ec870fc-unknown_344268929_953970605802326_8779214242228359837_n-300x300.jpg 300w, https:\/\/www.greenpeace.org\/static\/planet4-brasil-stateless\/2023\/05\/7ec870fc-unknown_344268929_953970605802326_8779214242228359837_n-1024x1024.jpg 1024w, https:\/\/www.greenpeace.org\/static\/planet4-brasil-stateless\/2023\/05\/7ec870fc-unknown_344268929_953970605802326_8779214242228359837_n-150x150.jpg 150w, https:\/\/www.greenpeace.org\/static\/planet4-brasil-stateless\/2023\/05\/7ec870fc-unknown_344268929_953970605802326_8779214242228359837_n-768x768.jpg 768w, https:\/\/www.greenpeace.org\/static\/planet4-brasil-stateless\/2023\/05\/7ec870fc-unknown_344268929_953970605802326_8779214242228359837_n-340x340.jpg 340w\" sizes=\"auto, (max-width: 300px) 100vw, 300px\" \/><img loading=\"lazy\" decoding=\"async\" width=\"300\" height=\"300\" class=\"wp-image-46300\" style=\"width: 300px;\" src=\"https:\/\/www.greenpeace.org\/static\/planet4-brasil-stateless\/2023\/05\/7d0f16a8-unknown_344347192_576878391204671_7662788618818908083_n.jpg\" alt=\"\" srcset=\"https:\/\/www.greenpeace.org\/static\/planet4-brasil-stateless\/2023\/05\/7d0f16a8-unknown_344347192_576878391204671_7662788618818908083_n.jpg 1080w, https:\/\/www.greenpeace.org\/static\/planet4-brasil-stateless\/2023\/05\/7d0f16a8-unknown_344347192_576878391204671_7662788618818908083_n-300x300.jpg 300w, https:\/\/www.greenpeace.org\/static\/planet4-brasil-stateless\/2023\/05\/7d0f16a8-unknown_344347192_576878391204671_7662788618818908083_n-1024x1024.jpg 1024w, https:\/\/www.greenpeace.org\/static\/planet4-brasil-stateless\/2023\/05\/7d0f16a8-unknown_344347192_576878391204671_7662788618818908083_n-150x150.jpg 150w, https:\/\/www.greenpeace.org\/static\/planet4-brasil-stateless\/2023\/05\/7d0f16a8-unknown_344347192_576878391204671_7662788618818908083_n-768x767.jpg 768w, https:\/\/www.greenpeace.org\/static\/planet4-brasil-stateless\/2023\/05\/7d0f16a8-unknown_344347192_576878391204671_7662788618818908083_n-340x340.jpg 340w\" sizes=\"auto, (max-width: 300px) 100vw, 300px\" \/><br><br>Os grupos de <a href=\"https:\/\/www.instagram.com\/p\/CreHSxZJxhB\/\"><strong>Macap\u00e1<\/strong><\/a> e <a href=\"https:\/\/www.instagram.com\/p\/Crow8PgODCm\/\"><strong>Bel\u00e9m<\/strong><\/a> repostaram uma a\u00e7\u00e3o realizada pelo Instituto Mapinguari contra a explora\u00e7\u00e3o de petr\u00f3leo na foz do Amazonas. Ativistas realizaram proje\u00e7\u00f5es em cart\u00f5es postais de Bel\u00e9m durante o Encontro do Parlamento Amaz\u00f4nico, buscando alertar sobre os riscos da explora\u00e7\u00e3o de petr\u00f3leo na foz do rio Amazonas. As a\u00e7\u00f5es foram idealizadas por diversas organiza\u00e7\u00f5es da sociedade civil e movimentos sociais:<br><img loading=\"lazy\" decoding=\"async\" width=\"300\" height=\"300\" class=\"wp-image-46294\" style=\"width: 300px;\" src=\"https:\/\/www.greenpeace.org\/static\/planet4-brasil-stateless\/2023\/05\/85b62893-unknown_343266688_286684877365590_1911606261511156600_n.jpg\" alt=\"\" srcset=\"https:\/\/www.greenpeace.org\/static\/planet4-brasil-stateless\/2023\/05\/85b62893-unknown_343266688_286684877365590_1911606261511156600_n.jpg 1080w, https:\/\/www.greenpeace.org\/static\/planet4-brasil-stateless\/2023\/05\/85b62893-unknown_343266688_286684877365590_1911606261511156600_n-300x300.jpg 300w, https:\/\/www.greenpeace.org\/static\/planet4-brasil-stateless\/2023\/05\/85b62893-unknown_343266688_286684877365590_1911606261511156600_n-1024x1024.jpg 1024w, https:\/\/www.greenpeace.org\/static\/planet4-brasil-stateless\/2023\/05\/85b62893-unknown_343266688_286684877365590_1911606261511156600_n-150x150.jpg 150w, https:\/\/www.greenpeace.org\/static\/planet4-brasil-stateless\/2023\/05\/85b62893-unknown_343266688_286684877365590_1911606261511156600_n-768x768.jpg 768w, https:\/\/www.greenpeace.org\/static\/planet4-brasil-stateless\/2023\/05\/85b62893-unknown_343266688_286684877365590_1911606261511156600_n-340x340.jpg 340w\" sizes=\"auto, (max-width: 300px) 100vw, 300px\" \/><img loading=\"lazy\" decoding=\"async\" width=\"300\" height=\"300\" class=\"wp-image-46295\" style=\"width: 300px;\" src=\"https:\/\/www.greenpeace.org\/static\/planet4-brasil-stateless\/2023\/05\/7547f9ac-unknown_343313156_6133235200046001_8143596930511394580_n.jpg\" alt=\"\"><\/p>\n\n<p class=\"has-text-align-left\"><a href=\"https:\/\/conexaoverde.greenpeace.org.br\/post\/208335\"><strong>O grupo de Bel\u00e9m se reuniu no dia 06 de maio para trocar ideias sobre o Encontro de Facilitadores, compartilhar as campanhas nacionais e planejar o Projeto Escola<\/strong><\/a>. Tamb\u00e9m dividiram experi\u00eancias e come\u00e7aram a construir o calend\u00e1rio local de a\u00e7\u00f5es. Vem muita coisa boa por a\u00ed no m\u00eas do meio ambiente!<br><img loading=\"lazy\" decoding=\"async\" width=\"300\" height=\"300\" class=\"wp-image-46220\" style=\"width: 300px;\" src=\"https:\/\/www.greenpeace.org\/static\/planet4-brasil-stateless\/2023\/05\/048bd0c6-image.png\" alt=\"\" srcset=\"https:\/\/www.greenpeace.org\/static\/planet4-brasil-stateless\/2023\/05\/048bd0c6-image.png 1600w, https:\/\/www.greenpeace.org\/static\/planet4-brasil-stateless\/2023\/05\/048bd0c6-image-300x300.png 300w, https:\/\/www.greenpeace.org\/static\/planet4-brasil-stateless\/2023\/05\/048bd0c6-image-1024x1024.png 1024w, https:\/\/www.greenpeace.org\/static\/planet4-brasil-stateless\/2023\/05\/048bd0c6-image-150x150.png 150w, https:\/\/www.greenpeace.org\/static\/planet4-brasil-stateless\/2023\/05\/048bd0c6-image-768x768.png 768w, https:\/\/www.greenpeace.org\/static\/planet4-brasil-stateless\/2023\/05\/048bd0c6-image-1536x1536.png 1536w, https:\/\/www.greenpeace.org\/static\/planet4-brasil-stateless\/2023\/05\/048bd0c6-image-1366x1366.png 1366w, https:\/\/www.greenpeace.org\/static\/planet4-brasil-stateless\/2023\/05\/048bd0c6-image-340x340.png 340w\" sizes=\"auto, (max-width: 300px) 100vw, 300px\" \/><img loading=\"lazy\" decoding=\"async\" width=\"300\" height=\"300\" class=\"wp-image-46218\" style=\"width: 300px;\" src=\"https:\/\/www.greenpeace.org\/static\/planet4-brasil-stateless\/2023\/05\/1d2fe25c-image.png\" alt=\"\" srcset=\"https:\/\/www.greenpeace.org\/static\/planet4-brasil-stateless\/2023\/05\/1d2fe25c-image.png 1600w, https:\/\/www.greenpeace.org\/static\/planet4-brasil-stateless\/2023\/05\/1d2fe25c-image-300x300.png 300w, https:\/\/www.greenpeace.org\/static\/planet4-brasil-stateless\/2023\/05\/1d2fe25c-image-1024x1024.png 1024w, https:\/\/www.greenpeace.org\/static\/planet4-brasil-stateless\/2023\/05\/1d2fe25c-image-150x150.png 150w, https:\/\/www.greenpeace.org\/static\/planet4-brasil-stateless\/2023\/05\/1d2fe25c-image-768x768.png 768w, https:\/\/www.greenpeace.org\/static\/planet4-brasil-stateless\/2023\/05\/1d2fe25c-image-1536x1536.png 1536w, https:\/\/www.greenpeace.org\/static\/planet4-brasil-stateless\/2023\/05\/1d2fe25c-image-1366x1366.png 1366w, https:\/\/www.greenpeace.org\/static\/planet4-brasil-stateless\/2023\/05\/1d2fe25c-image-340x340.png 340w\" sizes=\"auto, (max-width: 300px) 100vw, 300px\" \/><br><br><img decoding=\"async\" class=\"wp-image-46309\" style=\"width: 700px;\" src=\"https:\/\/www.greenpeace.org\/static\/planet4-brasil-stateless\/2023\/05\/34c18b12-girao-projeto-escola.png\" alt=\"\"><\/p>\n\n<p>O projeto Escola do Greenpeace Brasil \u00e9 uma iniciativa educacional cujo objetivo \u00e9 disseminar conhecimento sobre temas relacionados ao meio ambiente e incentivar a a\u00e7\u00e3o em prol de um planeta mais sustent\u00e1vel. Confira as atividades do Projeto Escola do \u00faltimo m\u00eas:<br><br>No dia 20 de abril,<a href=\"https:\/\/conexaoverde.greenpeace.org.br\/post\/208294\"><strong> o grupo de Bel\u00e9m, representado pelo volunt\u00e1rio Rui Gemaque, realizou uma palestra com o tema &#8220;Educa\u00e7\u00e3o Ambiental Contra a Perda de Fauna e Crise Clim\u00e1tica&#8221;<\/strong><\/a> na Universidade Federal Rural da Amaz\u00f4nia (UFRA) sob convite do Centro Acad\u00eamico de Ci\u00eancias Biol\u00f3gicas:<br><img loading=\"lazy\" decoding=\"async\" width=\"300\" height=\"300\" class=\"wp-image-46266\" style=\"width: 300px;\" src=\"https:\/\/www.greenpeace.org\/static\/planet4-brasil-stateless\/2023\/05\/ac310334-img-20230420-wa0056.jpg\" alt=\"\" srcset=\"https:\/\/www.greenpeace.org\/static\/planet4-brasil-stateless\/2023\/05\/ac310334-img-20230420-wa0056.jpg 1174w, https:\/\/www.greenpeace.org\/static\/planet4-brasil-stateless\/2023\/05\/ac310334-img-20230420-wa0056-300x300.jpg 300w, https:\/\/www.greenpeace.org\/static\/planet4-brasil-stateless\/2023\/05\/ac310334-img-20230420-wa0056-1024x1024.jpg 1024w, https:\/\/www.greenpeace.org\/static\/planet4-brasil-stateless\/2023\/05\/ac310334-img-20230420-wa0056-150x150.jpg 150w, https:\/\/www.greenpeace.org\/static\/planet4-brasil-stateless\/2023\/05\/ac310334-img-20230420-wa0056-768x768.jpg 768w, https:\/\/www.greenpeace.org\/static\/planet4-brasil-stateless\/2023\/05\/ac310334-img-20230420-wa0056-340x340.jpg 340w\" sizes=\"auto, (max-width: 300px) 100vw, 300px\" \/><img loading=\"lazy\" decoding=\"async\" width=\"300\" height=\"300\" class=\"wp-image-46265\" style=\"width: 300px;\" src=\"https:\/\/www.greenpeace.org\/static\/planet4-brasil-stateless\/2023\/05\/2434a7da-img-20230420-wa0053.jpg\" alt=\"\" srcset=\"https:\/\/www.greenpeace.org\/static\/planet4-brasil-stateless\/2023\/05\/2434a7da-img-20230420-wa0053.jpg 1186w, https:\/\/www.greenpeace.org\/static\/planet4-brasil-stateless\/2023\/05\/2434a7da-img-20230420-wa0053-300x300.jpg 300w, https:\/\/www.greenpeace.org\/static\/planet4-brasil-stateless\/2023\/05\/2434a7da-img-20230420-wa0053-1024x1024.jpg 1024w, https:\/\/www.greenpeace.org\/static\/planet4-brasil-stateless\/2023\/05\/2434a7da-img-20230420-wa0053-150x150.jpg 150w, https:\/\/www.greenpeace.org\/static\/planet4-brasil-stateless\/2023\/05\/2434a7da-img-20230420-wa0053-768x768.jpg 768w, https:\/\/www.greenpeace.org\/static\/planet4-brasil-stateless\/2023\/05\/2434a7da-img-20230420-wa0053-340x340.jpg 340w\" sizes=\"auto, (max-width: 300px) 100vw, 300px\" \/><br><br>O grupo de Porto Alegre, representado pelo volunt\u00e1rio Valdeci C. de Souza, ministrou diversas palestras no decorrer do m\u00eas, se liga s\u00f3:<\/p>\n\n<p>No dia 28 de mar\u00e7o aconteceu a palestra<strong> <\/strong><a href=\"https:\/\/conexaoverde.greenpeace.org.br\/group\/grupo-de-voluntarios-de-porto-alegre\/topico\/duas-palestras-no-cesi-santa-isabel\"><strong>&#8220;Pratique o Lixo Zero, o Planeta Agradece&#8221; em dois encontros na institui\u00e7\u00e3o Centro de Ensino Santa Isabel<\/strong><\/a>, com a participa\u00e7\u00e3o de mais de 600 alunos e professores:<br><img loading=\"lazy\" decoding=\"async\" width=\"400\" height=\"282\" class=\"wp-image-46233\" style=\"width: 400px;\" src=\"https:\/\/www.greenpeace.org\/static\/planet4-brasil-stateless\/2023\/05\/0ef91e26-20230328_134947.jpg\" alt=\"\" srcset=\"https:\/\/www.greenpeace.org\/static\/planet4-brasil-stateless\/2023\/05\/0ef91e26-20230328_134947.jpg 452w, https:\/\/www.greenpeace.org\/static\/planet4-brasil-stateless\/2023\/05\/0ef91e26-20230328_134947-300x212.jpg 300w\" sizes=\"auto, (max-width: 400px) 100vw, 400px\" \/><\/p>\n\n<p>No dia 30 de mar\u00e7o, <a href=\"https:\/\/conexaoverde.greenpeace.org.br\/group\/grupo-de-voluntarios-de-porto-alegre\/topico\/duas-palestras-na-eeem-dr-ruy-coelho-goncalves\"><strong>o ativista esteve presente na Escola Estadual de Ensino M\u00e9dio Ruy Coelho Gon\u00e7alves<\/strong><\/a>, a convite da Supervisora Escolar, Luciana Azevedo, para ministrar a palestra &#8220;Os Desafios das Mudan\u00e7as Clim\u00e1ticas&#8221;:<br><img loading=\"lazy\" decoding=\"async\" width=\"400\" height=\"300\" class=\"wp-image-46256\" style=\"width: 400px;\" src=\"https:\/\/www.greenpeace.org\/static\/planet4-brasil-stateless\/2023\/05\/6a091394-20230330_144643-scaled.jpg\" alt=\"\" srcset=\"https:\/\/www.greenpeace.org\/static\/planet4-brasil-stateless\/2023\/05\/6a091394-20230330_144643-scaled.jpg 2560w, https:\/\/www.greenpeace.org\/static\/planet4-brasil-stateless\/2023\/05\/6a091394-20230330_144643-300x225.jpg 300w, https:\/\/www.greenpeace.org\/static\/planet4-brasil-stateless\/2023\/05\/6a091394-20230330_144643-1024x768.jpg 1024w, https:\/\/www.greenpeace.org\/static\/planet4-brasil-stateless\/2023\/05\/6a091394-20230330_144643-768x576.jpg 768w, https:\/\/www.greenpeace.org\/static\/planet4-brasil-stateless\/2023\/05\/6a091394-20230330_144643-1536x1152.jpg 1536w, https:\/\/www.greenpeace.org\/static\/planet4-brasil-stateless\/2023\/05\/6a091394-20230330_144643-2048x1536.jpg 2048w, https:\/\/www.greenpeace.org\/static\/planet4-brasil-stateless\/2023\/05\/6a091394-20230330_144643-1821x1366.jpg 1821w, https:\/\/www.greenpeace.org\/static\/planet4-brasil-stateless\/2023\/05\/6a091394-20230330_144643-453x340.jpg 453w\" sizes=\"auto, (max-width: 400px) 100vw, 400px\" \/><\/p>\n\n<p>O grupo tamb\u00e9m estabeleceu parcerias para realizar ciclos de palestras socioambientais em <a href=\"https:\/\/conexaoverde.greenpeace.org.br\/group\/grupo-de-voluntarios-de-porto-alegre\/topico\/parceria-do-projeto-escola-para-ciclo-de\"><strong>Cachoeirinha<\/strong><\/a> e <a href=\"https:\/\/conexaoverde.greenpeace.org.br\/group\/grupo-de-voluntarios-de-porto-alegre\/topico\/parceria-projeto-escola-dea-e-sme-para-ciclo-de\"><strong>Canoas<\/strong><\/a>, no Rio Grande do Sul. O volunt\u00e1rio Valdeci C. de Souza se reuniu com representantes da Secretaria Municipal de Sustentabilidade, Trabalho e Desenvolvimento Econ\u00f4mico de Cachoeirinha, e tamb\u00e9m com a Diretoria de Educa\u00e7\u00e3o Ambiental da Secretaria Municipal do Meio Ambiente e com a Secretaria Municipal de Educa\u00e7\u00e3o de Canoas para a realiza\u00e7\u00e3o do Projeto Escola:<br><img loading=\"lazy\" decoding=\"async\" width=\"300\" height=\"200\" class=\"wp-image-46234\" style=\"width: 300px;\" src=\"https:\/\/www.greenpeace.org\/static\/planet4-brasil-stateless\/2023\/05\/3d300a57-cachoeirinha-scaled.jpg\" alt=\"\" srcset=\"https:\/\/www.greenpeace.org\/static\/planet4-brasil-stateless\/2023\/05\/3d300a57-cachoeirinha-scaled.jpg 2560w, https:\/\/www.greenpeace.org\/static\/planet4-brasil-stateless\/2023\/05\/3d300a57-cachoeirinha-300x200.jpg 300w, https:\/\/www.greenpeace.org\/static\/planet4-brasil-stateless\/2023\/05\/3d300a57-cachoeirinha-1024x683.jpg 1024w, https:\/\/www.greenpeace.org\/static\/planet4-brasil-stateless\/2023\/05\/3d300a57-cachoeirinha-768x512.jpg 768w, https:\/\/www.greenpeace.org\/static\/planet4-brasil-stateless\/2023\/05\/3d300a57-cachoeirinha-1536x1024.jpg 1536w, https:\/\/www.greenpeace.org\/static\/planet4-brasil-stateless\/2023\/05\/3d300a57-cachoeirinha-2048x1366.jpg 2048w, https:\/\/www.greenpeace.org\/static\/planet4-brasil-stateless\/2023\/05\/3d300a57-cachoeirinha-510x340.jpg 510w\" sizes=\"auto, (max-width: 300px) 100vw, 300px\" \/><img loading=\"lazy\" decoding=\"async\" width=\"300\" height=\"200\" class=\"wp-image-46235\" style=\"width: 300px;\" src=\"https:\/\/www.greenpeace.org\/static\/planet4-brasil-stateless\/2023\/05\/19ac445a-1.jpg\" alt=\"\" srcset=\"https:\/\/www.greenpeace.org\/static\/planet4-brasil-stateless\/2023\/05\/19ac445a-1.jpg 981w, https:\/\/www.greenpeace.org\/static\/planet4-brasil-stateless\/2023\/05\/19ac445a-1-300x200.jpg 300w, https:\/\/www.greenpeace.org\/static\/planet4-brasil-stateless\/2023\/05\/19ac445a-1-768x512.jpg 768w, https:\/\/www.greenpeace.org\/static\/planet4-brasil-stateless\/2023\/05\/19ac445a-1-510x340.jpg 510w\" sizes=\"auto, (max-width: 300px) 100vw, 300px\" \/><\/p>\n\n<p>No dia 20 de abril, <a href=\"https:\/\/www.instagram.com\/p\/CrioSgGul0q\/\"><strong>o grupo de Goi\u00e2nia esteve presente na SIC -2023, uma recep\u00e7\u00e3o para os novos ingressantes de Ecologia da Universidade Federal de Goi\u00e1s<\/strong><\/a>. Foi realizada uma palestra apresentando a ONG e incentivando mais jovens a fazerem parte do voluntariado, convidando-os a somar com o Greenpeace:<br><img loading=\"lazy\" decoding=\"async\" width=\"300\" height=\"300\" class=\"wp-image-46296\" style=\"width: 300px;\" src=\"https:\/\/www.greenpeace.org\/static\/planet4-brasil-stateless\/2023\/05\/f4fa4c0a-unknown_343396783_1404387676987929_2484250525057085919_n.jpg\" alt=\"\" srcset=\"https:\/\/www.greenpeace.org\/static\/planet4-brasil-stateless\/2023\/05\/f4fa4c0a-unknown_343396783_1404387676987929_2484250525057085919_n.jpg 1080w, https:\/\/www.greenpeace.org\/static\/planet4-brasil-stateless\/2023\/05\/f4fa4c0a-unknown_343396783_1404387676987929_2484250525057085919_n-300x300.jpg 300w, https:\/\/www.greenpeace.org\/static\/planet4-brasil-stateless\/2023\/05\/f4fa4c0a-unknown_343396783_1404387676987929_2484250525057085919_n-1024x1024.jpg 1024w, https:\/\/www.greenpeace.org\/static\/planet4-brasil-stateless\/2023\/05\/f4fa4c0a-unknown_343396783_1404387676987929_2484250525057085919_n-150x150.jpg 150w, https:\/\/www.greenpeace.org\/static\/planet4-brasil-stateless\/2023\/05\/f4fa4c0a-unknown_343396783_1404387676987929_2484250525057085919_n-768x768.jpg 768w, https:\/\/www.greenpeace.org\/static\/planet4-brasil-stateless\/2023\/05\/f4fa4c0a-unknown_343396783_1404387676987929_2484250525057085919_n-340x340.jpg 340w\" sizes=\"auto, (max-width: 300px) 100vw, 300px\" \/><br><img decoding=\"async\" class=\"wp-image-46310\" style=\"width: 700px;\" src=\"https:\/\/www.greenpeace.org\/static\/planet4-brasil-stateless\/2023\/05\/72dd9916-girao-segunda-sem-carne.png\" alt=\"\"><\/p>\n\n<p>Foram tantas atividades que at\u00e9 deu fome, n\u00e3o \u00e9 mesmo? <a href=\"https:\/\/www.instagram.com\/p\/CrbEHGytVdZ\/\"><strong>Ent\u00e3o confira s\u00f3 essa receita deliciosa para a Segunda sem Carne de biscoito de ora-pro-n\u00f3bis<\/strong><\/a> que o grupo de Bras\u00edlia ensinou:<br><img loading=\"lazy\" decoding=\"async\" width=\"300\" height=\"300\" class=\"wp-image-46271\" style=\"width: 300px;\" src=\"https:\/\/www.greenpeace.org\/static\/planet4-brasil-stateless\/2023\/05\/1a4d3a04-segunda-sem-carne-brasilia.png\" alt=\"\" srcset=\"https:\/\/www.greenpeace.org\/static\/planet4-brasil-stateless\/2023\/05\/1a4d3a04-segunda-sem-carne-brasilia.png 321w, https:\/\/www.greenpeace.org\/static\/planet4-brasil-stateless\/2023\/05\/1a4d3a04-segunda-sem-carne-brasilia-300x300.png 300w, https:\/\/www.greenpeace.org\/static\/planet4-brasil-stateless\/2023\/05\/1a4d3a04-segunda-sem-carne-brasilia-150x150.png 150w\" sizes=\"auto, (max-width: 300px) 100vw, 300px\" \/><\/p>\n\n<p>Ficamos por aqui! N\u00e3o se esque\u00e7a de apoiar os grupos locais sempre que poss\u00edvel, por meio das redes sociais ou da nossa plataforma oficial de voluntariado do Greenpeace Brasil, o Conex\u00e3o Verde. Juntos podemos fazer a diferen\u00e7a por um mundo mais verde e pac\u00edfico.<\/p>\n","protected":false},"excerpt":{"rendered":"<p>No m\u00eas de abril, volunt\u00e1rios comprometidos com a causa dos povos origin\u00e1rios dedicaram seus esfor\u00e7os para defender seus direitos ao mesmo tempo em que promoviam a\u00e7\u00f5es de conscientiza\u00e7\u00e3o para proteger e preservar a natureza.<\/p>\n","protected":false},"author":103,"featured_media":46223,"comment_status":"open","ping_status":"closed","sticky":false,"template":"","format":"standard","meta":{"ep_exclude_from_search":false,"p4_og_title":"","p4_og_description":"","p4_og_image":"","p4_og_image_id":"","p4_seo_canonical_url":"","p4_campaign_name":"","p4_local_project":"","p4_basket_name":"","p4_department":"","footnotes":""},"categories":[5],"tags":[40,23],"p4-page-type":[16],"class_list":["post-46199","post","type-post","status-publish","format-standard","has-post-thumbnail","hentry","category-greenpeace","tag-projeto-escola","tag-mobilizacao","p4-page-type-blog"],"_links":{"self":[{"href":"https:\/\/www.greenpeace.org\/brasil\/wp-json\/wp\/v2\/posts\/46199","targetHints":{"allow":["GET"]}}],"collection":[{"href":"https:\/\/www.greenpeace.org\/brasil\/wp-json\/wp\/v2\/posts"}],"about":[{"href":"https:\/\/www.greenpeace.org\/brasil\/wp-json\/wp\/v2\/types\/post"}],"author":[{"embeddable":true,"href":"https:\/\/www.greenpeace.org\/brasil\/wp-json\/wp\/v2\/users\/103"}],"replies":[{"embeddable":true,"href":"https:\/\/www.greenpeace.org\/brasil\/wp-json\/wp\/v2\/comments?post=46199"}],"version-history":[{"count":5,"href":"https:\/\/www.greenpeace.org\/brasil\/wp-json\/wp\/v2\/posts\/46199\/revisions"}],"predecessor-version":[{"id":46313,"href":"https:\/\/www.greenpeace.org\/brasil\/wp-json\/wp\/v2\/posts\/46199\/revisions\/46313"}],"wp:featuredmedia":[{"embeddable":true,"href":"https:\/\/www.greenpeace.org\/brasil\/wp-json\/wp\/v2\/media\/46223"}],"wp:attachment":[{"href":"https:\/\/www.greenpeace.org\/brasil\/wp-json\/wp\/v2\/media?parent=46199"}],"wp:term":[{"taxonomy":"category","embeddable":true,"href":"https:\/\/www.greenpeace.org\/brasil\/wp-json\/wp\/v2\/categories?post=46199"},{"taxonomy":"post_tag","embeddable":true,"href":"https:\/\/www.greenpeace.org\/brasil\/wp-json\/wp\/v2\/tags?post=46199"},{"taxonomy":"p4-page-type","embeddable":true,"href":"https:\/\/www.greenpeace.org\/brasil\/wp-json\/wp\/v2\/p4-page-type?post=46199"}],"curies":[{"name":"wp","href":"https:\/\/api.w.org\/{rel}","templated":true}]}}