{"id":46335,"date":"2023-05-20T06:00:00","date_gmt":"2023-05-20T09:00:00","guid":{"rendered":"https:\/\/www.greenpeace.org\/brasil\/?p=46335"},"modified":"2023-08-14T18:48:19","modified_gmt":"2023-08-14T21:48:19","slug":"a-importancia-de-salvar-as-abelhas","status":"publish","type":"post","link":"https:\/\/www.greenpeace.org\/brasil\/blog\/a-importancia-de-salvar-as-abelhas\/","title":{"rendered":"Sem poliniza\u00e7\u00e3o, sem futuro: a import\u00e2ncia de salvar as abelhas"},"content":{"rendered":"\n<h4 class=\"wp-block-heading\">Apesar de serem essenciais para a agricultura e manuten\u00e7\u00e3o da biodiversidade, milh\u00f5es de abelhas est\u00e3o morrendo no Brasil por causa dos agrot\u00f3xicos<\/h4>\n\n<p><\/p>\n\n<figure class=\"wp-block-image size-large\"><img loading=\"lazy\" decoding=\"async\" width=\"1024\" height=\"683\" src=\"https:\/\/www.greenpeace.org\/static\/planet4-brasil-stateless\/2023\/05\/786994b4-gp0stozq2-1024x683.jpg\" title=\"Bees on Blossoms in Germany. \u00a9 Axel Kirchhof \/ Greenpeace\" alt=\"Bees on Blossoms in Germany. \u00a9 Axel Kirchhof \/ Greenpeace\" class=\"wp-image-46339\" srcset=\"https:\/\/www.greenpeace.org\/static\/planet4-brasil-stateless\/2023\/05\/786994b4-gp0stozq2-1024x683.jpg 1024w, https:\/\/www.greenpeace.org\/static\/planet4-brasil-stateless\/2023\/05\/786994b4-gp0stozq2-300x200.jpg 300w, https:\/\/www.greenpeace.org\/static\/planet4-brasil-stateless\/2023\/05\/786994b4-gp0stozq2-768x512.jpg 768w, https:\/\/www.greenpeace.org\/static\/planet4-brasil-stateless\/2023\/05\/786994b4-gp0stozq2-510x340.jpg 510w, https:\/\/www.greenpeace.org\/static\/planet4-brasil-stateless\/2023\/05\/786994b4-gp0stozq2.jpg 1200w\" sizes=\"auto, (max-width: 1024px) 100vw, 1024px\" \/><figcaption><div class=\"credit icon-left\"> \u00a9 Axel Kirchhof \/ Greenpeace<\/div><\/figcaption><\/figure>\n\n<p><\/p>\n\n<p>T\u00e3o pequenas e t\u00e3o potentes! As abelhas s\u00e3o fundamentais para a seguran\u00e7a alimentar em todo mundo, sendo respons\u00e1veis por polinizar a maioria das plantas e dos vegetais que nutrem todas as esp\u00e9cies. Mas, infelizmente, a import\u00e2ncia dessas polinizadoras para a produ\u00e7\u00e3o global de alimentos n\u00e3o est\u00e1 impedindo seu risco de extin\u00e7\u00e3o.&nbsp;<\/p>\n\n<p>Nos \u00faltimos cinco anos, <a href=\"https:\/\/revistagalileu.globo.com\/Ciencia\/Meio-Ambiente\/noticia\/2019\/05\/apicultores-brasileiros-encontram-meio-bilhao-de-abelhas-mortas-em-tres-meses.html\" target=\"_blank\" rel=\"noreferrer noopener\">mais de 500 milh\u00f5es de abelhas morreram s\u00f3 no Brasil<\/a> e o principal motivo \u00e9 a utiliza\u00e7\u00e3o abusiva de veneno. Ou seja,<strong> o primeiro passo para evitar a morte massiva das abelhas \u00e9 combater e reduzir o uso de agrot\u00f3xicos<\/strong>, conforme as diretrizes da Plataforma Intergovernamental para Biodiversidade (IPBES) da ONU.&nbsp;<\/p>\n\n<p><em>&#8220;Quase metade dos agrot\u00f3xicos matadores de abelha que j\u00e1 vem sendo proibidos mundo afora est\u00e3o vindo parar no Brasil&#8221;<\/em>, destaca Marina Lacorte, porta-voz de Agricultura do Greenpeace Brasil<em>. \u201cEsses insetos oferecem um servi\u00e7o de valor inestim\u00e1vel para o planeta: a poliniza\u00e7\u00e3o. Al\u00e9m da contribui\u00e7\u00e3o para a manuten\u00e7\u00e3o das florestas, a amea\u00e7a a esses animais \u00e9 um tiro no p\u00e9 na produ\u00e7\u00e3o de alimentos e da sobreviv\u00eancia humana\u201d<\/em>.<br><\/p>\n\n<p><\/p>\n\n<p><strong>Brasil \u00e9 maior importador de agrot\u00f3xicos letais \u00e0s abelhas<\/strong><\/p>\n\n<p>Os neonicotin\u00f3ides, ou ne\u00f4nicos, s\u00e3o agrot\u00f3xicos altamente nocivos aos insetos polinizadores e j\u00e1 foram banidos pela Uni\u00e3o Europeia, que possui uma legisla\u00e7\u00e3o r\u00edgida contra agrot\u00f3xicos e pro\u00edbe o uso de v\u00e1rios. Por\u00e9m, empresas do bloco europeu seguem fabricando e vendendo esses venenos ao Brasil, onde a lei \u00e9 muito permissiva.&nbsp;<\/p>\n\n<p>Investiga\u00e7\u00e3o do Greenpeace e da Public Eye revelou, pela primeira vez, a escala das <a href=\"https:\/\/unearthed.greenpeace.org\/2023\/05\/16\/eu-bee-killing-pesticides\/\" target=\"_blank\" rel=\"noreferrer noopener\">exporta\u00e7\u00f5es de agrot\u00f3xicos ne\u00f4nicos planejadas pela Uni\u00e3o Europeia<\/a>:<strong> seis mil toneladas de venenos que matam as abelhas foram destinadas ao Brasil <\/strong>s\u00f3 em 2021.&nbsp;<\/p>\n\n<figure class=\"wp-block-image size-full\"><img loading=\"lazy\" decoding=\"async\" width=\"800\" height=\"588\" src=\"https:\/\/www.greenpeace.org\/static\/planet4-brasil-stateless\/2019\/10\/c41a9d90-gp0stqlb3_web_size.jpg\" title=\"ativista segura v\u00e1rias abelhas mortas na m\u00e3o\" alt=\"ativista segura v\u00e1rias abelhas mortas na m\u00e3o\" class=\"wp-image-11867\" srcset=\"https:\/\/www.greenpeace.org\/static\/planet4-brasil-stateless\/2019\/10\/c41a9d90-gp0stqlb3_web_size.jpg 800w, https:\/\/www.greenpeace.org\/static\/planet4-brasil-stateless\/2019\/10\/c41a9d90-gp0stqlb3_web_size-300x221.jpg 300w, https:\/\/www.greenpeace.org\/static\/planet4-brasil-stateless\/2019\/10\/c41a9d90-gp0stqlb3_web_size-768x564.jpg 768w, https:\/\/www.greenpeace.org\/static\/planet4-brasil-stateless\/2019\/10\/c41a9d90-gp0stqlb3_web_size-463x340.jpg 463w\" sizes=\"auto, (max-width: 800px) 100vw, 800px\" \/><figcaption class=\"wp-element-caption\">Os agrot\u00f3xicos s\u00e3o uma das principais causas da mortandade de abelhas. Sem elas, a seguran\u00e7a alimentar estar\u00e1 seriamente amea\u00e7ada. <div class=\"credit icon-left\"> \u00a9 Mitja Kobal \/ Greenpeace<\/div><\/figcaption><\/figure>\n\n<p>Se aprovado, o <a href=\"https:\/\/www.greenpeace.org.br\/hubfs\/Resumo_Descobertas_Acordo_Mercosul_Port.pdf?_ga=2.200037486.1118838287.1684259124-1944017027.1671458426\" target=\"_blank\" rel=\"noreferrer noopener\">acordo UE-Mercosul<\/a> vai agravar essa desigualdade global no uso de venenos, j\u00e1 que a resolu\u00e7\u00e3o <a href=\"https:\/\/www.greenpeace.org\/brasil\/blog\/greenpeace-publica-resumo-de-suas-descobertas-sobre-o-acordo-entre-uniao-europeia-e-mercosul\/\" target=\"_blank\" rel=\"noreferrer noopener\">isenta os impostos sobre quase 90% dos agrot\u00f3xicos feitos pela Uni\u00e3o Europeia,<\/a> incluindo os j\u00e1 banidos pelos pa\u00edses europeus, mas que ainda s\u00e3o liberados nos pa\u00edses da Am\u00e9rica do Sul.&nbsp;&nbsp;<br><\/p>\n\n<p><\/p>\n\n<p><strong>Agricultura sem veneno \u00e9 solu\u00e7\u00e3o<\/strong><\/p>\n\n<p>A ci\u00eancia e a sociedade est\u00e3o unidas dizendo: chega de agrot\u00f3xicos! <strong>\u00c9 poss\u00edvel alimentar todas as fam\u00edlias sem veneno e com sa\u00fade atrav\u00e9s da <\/strong><a href=\"https:\/\/www.greenpeace.org\/brasil\/informe-se\/amazonia\/agroecologia\/\" target=\"_blank\" rel=\"noreferrer noopener\"><strong>agroecologia<\/strong><\/a>, basta melhorar e aumentar os investimentos e pol\u00edticas para o setor.&nbsp;<\/p>\n\n<p>A produ\u00e7\u00e3o agroecol\u00f3gica de alimentos \u00e9 feita em harmonia com a natureza e seus animais, al\u00e9m de zelar pela sa\u00fade dos agricultores e consumidores, \u00e9 crucial tamb\u00e9m no enfrentamento e na adapta\u00e7\u00e3o \u00e0s mudan\u00e7as clim\u00e1ticas.&nbsp;<\/p>\n\n<figure class=\"wp-block-image size-large\"><img loading=\"lazy\" decoding=\"async\" width=\"1024\" height=\"683\" src=\"https:\/\/www.greenpeace.org\/static\/planet4-brasil-stateless\/2023\/05\/b0f8c1fc-gp04meu-1024x683.jpg\" title=\"Honeycomb Frames in Germany. \u00a9 Fred Dott \/ Greenpeace\" alt=\"Honeycomb Frames in Germany. \u00a9 Fred Dott \/ Greenpeace\" class=\"wp-image-46340\" srcset=\"https:\/\/www.greenpeace.org\/static\/planet4-brasil-stateless\/2023\/05\/b0f8c1fc-gp04meu-1024x683.jpg 1024w, https:\/\/www.greenpeace.org\/static\/planet4-brasil-stateless\/2023\/05\/b0f8c1fc-gp04meu-300x200.jpg 300w, https:\/\/www.greenpeace.org\/static\/planet4-brasil-stateless\/2023\/05\/b0f8c1fc-gp04meu-768x512.jpg 768w, https:\/\/www.greenpeace.org\/static\/planet4-brasil-stateless\/2023\/05\/b0f8c1fc-gp04meu-510x340.jpg 510w, https:\/\/www.greenpeace.org\/static\/planet4-brasil-stateless\/2023\/05\/b0f8c1fc-gp04meu.jpg 1200w\" sizes=\"auto, (max-width: 1024px) 100vw, 1024px\" \/><figcaption class=\"wp-element-caption\">Api\u00e1rio cheio de abelhas e favos de mel.<div class=\"credit icon-left\"> \u00a9 Fred Dott \/ Greenpeace<\/div><\/figcaption><\/figure>\n\n<p><em>&nbsp;\u201cO que temos hoje \u00e9 uma agricultura suicida, que esgota as riquezas naturais e coloca a popula\u00e7\u00e3o em risco. N\u00e3o podemos mais adiar a redu\u00e7\u00e3o no uso de agrot\u00f3xicos e uma transforma\u00e7\u00e3o agroecol\u00f3gica\u201d<\/em>, ressalta Lacorte.&nbsp;<br><\/p>\n\n<p><\/p>\n\n<p><strong>Manifesto pelas Abelhas<\/strong><\/p>\n\n<p>Para frisar a import\u00e2ncia dessas polinizadoras, o Greenpeace lan\u00e7ou no dia mundial das abelhas (20\/05) o manifesto \u201cSalve as Abelhas\u201d. O objetivo \u00e9 alertar para os impactos dos agrot\u00f3xicos sobre essa esp\u00e9cie t\u00e3o importante para todos n\u00f3s. \u00c9 poss\u00edvel reverter essa realidade se a gente continuar se mobilizando!&nbsp;<\/p>\n\n<div class=\"wp-block-buttons is-content-justification-center is-layout-flex wp-container-core-buttons-is-layout-16018d1d wp-block-buttons-is-layout-flex\">\n<div class=\"wp-block-button\"><a class=\"wp-block-button__link has-grey-900-color has-yellow-background-color has-text-color has-background has-text-align-center wp-element-button\" href=\"https:\/\/www.greenpeace.org\/brasil\/apoie\/salve-as-abelhas\/\" target=\"_blank\" rel=\"noreferrer noopener\"><strong>Participe e divulgue o manifesto \u201cSalve as Abelhas\u201d<\/strong><\/a><\/div>\n<\/div>\n\n<figure class=\"wp-block-image size-large\"><a href=\"https:\/\/www.greenpeace.org\/brasil\/apoie\/salve-as-abelhas\/\"><img loading=\"lazy\" decoding=\"async\" width=\"1024\" height=\"1024\" src=\"https:\/\/www.greenpeace.org\/static\/planet4-brasil-stateless\/2023\/05\/c53ce594-post_salve_as_abelhas_w5107799-2-1024x1024.png\" alt=\"\" class=\"wp-image-46380\" srcset=\"https:\/\/www.greenpeace.org\/static\/planet4-brasil-stateless\/2023\/05\/c53ce594-post_salve_as_abelhas_w5107799-2-1024x1024.png 1024w, https:\/\/www.greenpeace.org\/static\/planet4-brasil-stateless\/2023\/05\/c53ce594-post_salve_as_abelhas_w5107799-2-300x300.png 300w, https:\/\/www.greenpeace.org\/static\/planet4-brasil-stateless\/2023\/05\/c53ce594-post_salve_as_abelhas_w5107799-2-150x150.png 150w, https:\/\/www.greenpeace.org\/static\/planet4-brasil-stateless\/2023\/05\/c53ce594-post_salve_as_abelhas_w5107799-2-768x768.png 768w, https:\/\/www.greenpeace.org\/static\/planet4-brasil-stateless\/2023\/05\/c53ce594-post_salve_as_abelhas_w5107799-2-340x340.png 340w, https:\/\/www.greenpeace.org\/static\/planet4-brasil-stateless\/2023\/05\/c53ce594-post_salve_as_abelhas_w5107799-2.png 1200w\" sizes=\"auto, (max-width: 1024px) 100vw, 1024px\" \/><\/a><\/figure>\n","protected":false},"excerpt":{"rendered":"<p>Apesar de serem essenciais para a agricultura e manuten\u00e7\u00e3o da biodiversidade, milh\u00f5es de abelhas est\u00e3o morrendo no Brasil por causa dos agrot\u00f3xicos<\/p>\n","protected":false},"author":107,"featured_media":46998,"comment_status":"open","ping_status":"closed","sticky":false,"template":"","format":"standard","meta":{"ep_exclude_from_search":false,"p4_og_title":"","p4_og_description":"","p4_og_image":"","p4_og_image_id":"","p4_seo_canonical_url":"","p4_campaign_name":"","p4_local_project":"","p4_basket_name":"","p4_department":"","footnotes":""},"categories":[5],"tags":[18],"p4-page-type":[16],"class_list":["post-46335","post","type-post","status-publish","format-standard","has-post-thumbnail","hentry","category-greenpeace","tag-agroecologia","p4-page-type-blog"],"_links":{"self":[{"href":"https:\/\/www.greenpeace.org\/brasil\/wp-json\/wp\/v2\/posts\/46335","targetHints":{"allow":["GET"]}}],"collection":[{"href":"https:\/\/www.greenpeace.org\/brasil\/wp-json\/wp\/v2\/posts"}],"about":[{"href":"https:\/\/www.greenpeace.org\/brasil\/wp-json\/wp\/v2\/types\/post"}],"author":[{"embeddable":true,"href":"https:\/\/www.greenpeace.org\/brasil\/wp-json\/wp\/v2\/users\/107"}],"replies":[{"embeddable":true,"href":"https:\/\/www.greenpeace.org\/brasil\/wp-json\/wp\/v2\/comments?post=46335"}],"version-history":[{"count":8,"href":"https:\/\/www.greenpeace.org\/brasil\/wp-json\/wp\/v2\/posts\/46335\/revisions"}],"predecessor-version":[{"id":46388,"href":"https:\/\/www.greenpeace.org\/brasil\/wp-json\/wp\/v2\/posts\/46335\/revisions\/46388"}],"wp:featuredmedia":[{"embeddable":true,"href":"https:\/\/www.greenpeace.org\/brasil\/wp-json\/wp\/v2\/media\/46998"}],"wp:attachment":[{"href":"https:\/\/www.greenpeace.org\/brasil\/wp-json\/wp\/v2\/media?parent=46335"}],"wp:term":[{"taxonomy":"category","embeddable":true,"href":"https:\/\/www.greenpeace.org\/brasil\/wp-json\/wp\/v2\/categories?post=46335"},{"taxonomy":"post_tag","embeddable":true,"href":"https:\/\/www.greenpeace.org\/brasil\/wp-json\/wp\/v2\/tags?post=46335"},{"taxonomy":"p4-page-type","embeddable":true,"href":"https:\/\/www.greenpeace.org\/brasil\/wp-json\/wp\/v2\/p4-page-type?post=46335"}],"curies":[{"name":"wp","href":"https:\/\/api.w.org\/{rel}","templated":true}]}}