{"id":4636,"date":"2018-09-11T16:43:33","date_gmt":"2018-09-11T19:43:33","guid":{"rendered":"https:\/\/www.greenpeace.org\/brasil\/?p=4636"},"modified":"2024-04-01T12:46:22","modified_gmt":"2024-04-01T15:46:22","slug":"o-futuro-das-baleias-esta-em-jogo","status":"publish","type":"post","link":"https:\/\/www.greenpeace.org\/brasil\/blog\/o-futuro-das-baleias-esta-em-jogo\/","title":{"rendered":"O futuro das baleias est\u00e1 em jogo"},"content":{"rendered":"<h4>A Comiss\u00e3o Internacional da Baleia, reunida no Brasil, al\u00e9m de negar mais uma vez a cria\u00e7\u00e3o do Santu\u00e1rio de Baleias do Atl\u00e2ntico Sul, pode liberar a ca\u00e7a comercial desses animais incr\u00edveis<\/h4>\n<div id=\"attachment_4633\" style=\"width: 1034px\" class=\"wp-caption alignnone\"><img loading=\"lazy\" decoding=\"async\" aria-describedby=\"caption-attachment-4633\" class=\"size-large wp-image-4633\" src=\"https:\/\/www.greenpeace.org\/static\/planet4-brasil-stateless\/2018\/09\/f6ae0d26-gp0khc-1024x683.jpg\" alt=\"casal de baleias-jubarte \u00a9 Scott Portelli\" width=\"1024\" height=\"683\" srcset=\"https:\/\/www.greenpeace.org\/static\/planet4-brasil-stateless\/2018\/09\/f6ae0d26-gp0khc-1024x683.jpg 1024w, https:\/\/www.greenpeace.org\/static\/planet4-brasil-stateless\/2018\/09\/f6ae0d26-gp0khc-300x200.jpg 300w, https:\/\/www.greenpeace.org\/static\/planet4-brasil-stateless\/2018\/09\/f6ae0d26-gp0khc-768x512.jpg 768w, https:\/\/www.greenpeace.org\/static\/planet4-brasil-stateless\/2018\/09\/f6ae0d26-gp0khc-510x340.jpg 510w, https:\/\/www.greenpeace.org\/static\/planet4-brasil-stateless\/2018\/09\/f6ae0d26-gp0khc.jpg 1200w\" sizes=\"auto, (max-width: 1024px) 100vw, 1024px\" \/><p id=\"caption-attachment-4633\" class=\"wp-caption-text\">As baleias s\u00e3o fundamentais para a sa\u00fade dos oceanos e um dos animais mais incr\u00edveis deste planeta<\/p><\/div>\n<p>O fato n\u00e3o \u00e9 totalmente inesperado, mas ainda sim, \u00e9 muito triste: <strong>a cria\u00e7\u00e3o de um amplo santu\u00e1rio para proteger 51 esp\u00e9cies de baleias e golfinhos no Atl\u00e2ntico Sul<\/strong> n\u00e3o obteve a maioria necess\u00e1ria para a sua aprova\u00e7\u00e3o na Comiss\u00e3o Internacional da Baleia (CIB), que est\u00e1 reunida este ano em Florian\u00f3polis (SC). Dos atuais 69 membros votantes, 39 foram a favor, 25 contra, 3 absten\u00e7\u00f5es, e 2 membros n\u00e3o participaram.<\/p>\n<p>Apesar de a maioria, incluindo o Brasil, se manifestar pela cria\u00e7\u00e3o do santu\u00e1rio, o \u00edndice m\u00ednimo de 75% para a aprova\u00e7\u00e3o n\u00e3o foi alcan\u00e7ado. A CIB tem 89 governos membros, mas nem todos eles t\u00eam direito a voto ou simplesmente n\u00e3o est\u00e3o representados na reuni\u00e3o deste ano. Por mais decepcionante que seja esta decis\u00e3o, estamos certos agora de que o lado da prote\u00e7\u00e3o \u00e9 maioria. E h\u00e1 mais por vir deste movimento.<\/p>\n<div id=\"attachment_4622\" style=\"width: 1034px\" class=\"wp-caption alignnone\"><img loading=\"lazy\" decoding=\"async\" aria-describedby=\"caption-attachment-4622\" class=\"wp-image-4622 size-large\" src=\"https:\/\/www.greenpeace.org\/static\/planet4-brasil-stateless\/2018\/09\/21563489-gp0stq8j5-1024x683.jpg\" alt=\"Entrega de 800 mil assinaturas ao ministro do meio ambiente \u00a9 Eduardo Zappia\" width=\"1024\" height=\"683\" srcset=\"https:\/\/www.greenpeace.org\/static\/planet4-brasil-stateless\/2018\/09\/21563489-gp0stq8j5-1024x683.jpg 1024w, https:\/\/www.greenpeace.org\/static\/planet4-brasil-stateless\/2018\/09\/21563489-gp0stq8j5-300x200.jpg 300w, https:\/\/www.greenpeace.org\/static\/planet4-brasil-stateless\/2018\/09\/21563489-gp0stq8j5-768x512.jpg 768w, https:\/\/www.greenpeace.org\/static\/planet4-brasil-stateless\/2018\/09\/21563489-gp0stq8j5-510x340.jpg 510w, https:\/\/www.greenpeace.org\/static\/planet4-brasil-stateless\/2018\/09\/21563489-gp0stq8j5.jpg 1200w\" sizes=\"auto, (max-width: 1024px) 100vw, 1024px\" \/><p id=\"caption-attachment-4622\" class=\"wp-caption-text\">Em 2016 fizemos uma intensa mobiliza\u00e7\u00e3o e nossos ativistas entregaram 800 mil assinaturas pela cria\u00e7\u00e3o do Santu\u00e1rio de Baleias do Atl\u00e2ntico Sul ao ministro do Meio Ambiente na \u00e9poca, Jos\u00e9 Sarney Filho<\/p><\/div>\n<p>Desde 2014, <a href=\"https:\/\/www.santuariodasbaleias.org.br\/?utm_source=referal&amp;utm_medium=p4&amp;utm_campaign=baleias&amp;utm_content=blog_20180911\"><strong>lan\u00e7amos uma peti\u00e7\u00e3o<\/strong><\/a>\u00a0para fortalecer o movimento em busca da aprova\u00e7\u00e3o\u00a0do Santu\u00e1rio de Baleias do Atl\u00e2ntico Sul. Mesmo com a rejei\u00e7\u00e3o deste ano, tentaremos novamente na pr\u00f3xima reuni\u00e3o da CIB, em 2020.<\/p>\n<h3><strong>Libera\u00e7\u00e3o da ca\u00e7a comercial &#8220;sustent\u00e1vel&#8221;?<\/strong><\/h3>\n<p>Esta \u00e9 uma reuni\u00e3o especial que s\u00f3 acontece a cada dois anos e, desta vez, logo ap\u00f3s uma enorme controv\u00e9rsia envolvendo imagens de <a href=\"https:\/\/revistagalileu.globo.com\/Sociedade\/noticia\/2018\/09\/baleia-rara-e-morta-por-cacadores-na-islandia.html\">baleias-azuis h\u00edbridas mortas na Isl\u00e2ndia<\/a>. Cerca de 400 delegados de v\u00e1rios pa\u00edses membros da Comiss\u00e3o Internacional da Baleia e representantes de v\u00e1rias ONGs, como o Greenpeace, est\u00e3o reunidos em Florian\u00f3polis (SC) at\u00e9 o dia 14\/9. Para al\u00e9m do santu\u00e1rio, o que est\u00e1 em jogo \u00e9 o futuro das baleias, amea\u00e7ado por um debate polarizado em torno da ca\u00e7a comercial.<\/p>\n<p>De um lado, os governos &#8220;pr\u00f3-ca\u00e7a&#8221;, como o japon\u00eas, desejosos de minar a proibi\u00e7\u00e3o da ca\u00e7a comercial que existe desde 1986, apresentaram a indecente proposta \u201cWay Foward\u201d de legitimar a atividade baleeira \u201cde forma sustent\u00e1vel\u201d, reduzindo as prote\u00e7\u00f5es existentes. Do outro lado, os governos &#8220;pr\u00f3-baleias&#8221; est\u00e3o dispostos a defend\u00ea-las. \u00c9 deste grupo a &#8220;Declara\u00e7\u00e3o de Florian\u00f3polis&#8221;, promovida pelo Brasil, o pa\u00eds anfitri\u00e3o, que quer comprometer a CIB a avan\u00e7ar como uma organiza\u00e7\u00e3o focada na conserva\u00e7\u00e3o, a partir de tr\u00eas reconhecimentos: que a atividade baleeira n\u00e3o \u00e9 mais uma atividade econ\u00f4mica necess\u00e1ria; de que as baleias s\u00e3o cruciais para manter os oceanos saud\u00e1veis; e das muitas amea\u00e7as que esses animais ainda enfrentam.<\/p>\n<div id=\"attachment_4626\" style=\"width: 1034px\" class=\"wp-caption alignnone\"><img loading=\"lazy\" decoding=\"async\" aria-describedby=\"caption-attachment-4626\" class=\"size-large wp-image-4626\" src=\"https:\/\/www.greenpeace.org\/static\/planet4-brasil-stateless\/2018\/09\/c330cd99-votacao-santuario-1024x768.jpeg\" alt=\"Vota\u00e7\u00e3o pela cria\u00e7\u00e3o do santu\u00e1rio de baleias do atl\u00e2ntico sul\" width=\"1024\" height=\"768\" srcset=\"https:\/\/www.greenpeace.org\/static\/planet4-brasil-stateless\/2018\/09\/c330cd99-votacao-santuario-1024x768.jpeg 1024w, https:\/\/www.greenpeace.org\/static\/planet4-brasil-stateless\/2018\/09\/c330cd99-votacao-santuario-300x225.jpeg 300w, https:\/\/www.greenpeace.org\/static\/planet4-brasil-stateless\/2018\/09\/c330cd99-votacao-santuario-768x576.jpeg 768w, https:\/\/www.greenpeace.org\/static\/planet4-brasil-stateless\/2018\/09\/c330cd99-votacao-santuario-453x340.jpeg 453w, https:\/\/www.greenpeace.org\/static\/planet4-brasil-stateless\/2018\/09\/c330cd99-votacao-santuario.jpeg 1280w\" sizes=\"auto, (max-width: 1024px) 100vw, 1024px\" \/><p id=\"caption-attachment-4626\" class=\"wp-caption-text\">Embora a maioria dos pa\u00edses membros tenha votado pela cria\u00e7\u00e3o do santu\u00e1rio de baleias, o \u00edndice de 75% n\u00e3o foi alcan\u00e7ado<\/p><\/div>\n<p>N\u00f3s do Greenpeace estamos acompanhando a reuni\u00e3o e continuaremos a defender a proibi\u00e7\u00e3o da ca\u00e7a comercial de baleias e a atuar para transformar a CBI no \u00f3rg\u00e3o focado na conserva\u00e7\u00e3o de que as popula\u00e7\u00f5es de baleias que ainda restam no mundo precisam t\u00e3o desesperadamente. Apoiamos a prote\u00e7\u00e3o marinha em grande escala, seja pela cria\u00e7\u00e3o de santu\u00e1rios, como a do Oceano Ant\u00e1rtico, seja pela aprova\u00e7\u00e3o de um <a href=\"https:\/\/www.greenpeace.org\/brasil\/blog\/uma-tartaruga-marinha-voa-para-proteger-os-oceanos\/\">Tratado Internacional dos Oceanos<\/a>.<\/p>\n<p><strong>Voc\u00ea pode ser parte deste grande movimento pelo planeta. Torne-se um volunt\u00e1rio ou doador e ajude-nos a defender os nossos mares!<\/strong><\/p>\n<div class=\"EmptyMessage\">Block content is empty. Check the block&#8217;s settings or remove it.<\/div>","protected":false},"excerpt":{"rendered":"<p>A Comiss\u00e3o Internacional da Baleia, reunida no Brasil, al\u00e9m de negar mais uma vez a cria\u00e7\u00e3o do Santu\u00e1rio de Baleias do Atl\u00e2ntico Sul, pode liberar a ca\u00e7a comercial desses animais&hellip;<\/p>\n","protected":false},"author":28,"featured_media":4633,"comment_status":"open","ping_status":"closed","sticky":false,"template":"","format":"standard","meta":{"ep_exclude_from_search":false,"p4_og_title":"","p4_og_description":"","p4_og_image":"","p4_og_image_id":"","p4_seo_canonical_url":"","p4_campaign_name":"","p4_local_project":"","p4_basket_name":"","p4_department":"","footnotes":""},"categories":[64,3],"tags":[26,27],"p4-page-type":[16],"class_list":["post-4636","post","type-post","status-publish","format-standard","has-post-thumbnail","hentry","category-oceanos","category-proteja-a-natureza","tag-biodiversidade","tag-oceanos","p4-page-type-blog"],"_links":{"self":[{"href":"https:\/\/www.greenpeace.org\/brasil\/wp-json\/wp\/v2\/posts\/4636","targetHints":{"allow":["GET"]}}],"collection":[{"href":"https:\/\/www.greenpeace.org\/brasil\/wp-json\/wp\/v2\/posts"}],"about":[{"href":"https:\/\/www.greenpeace.org\/brasil\/wp-json\/wp\/v2\/types\/post"}],"author":[{"embeddable":true,"href":"https:\/\/www.greenpeace.org\/brasil\/wp-json\/wp\/v2\/users\/28"}],"replies":[{"embeddable":true,"href":"https:\/\/www.greenpeace.org\/brasil\/wp-json\/wp\/v2\/comments?post=4636"}],"version-history":[{"count":6,"href":"https:\/\/www.greenpeace.org\/brasil\/wp-json\/wp\/v2\/posts\/4636\/revisions"}],"predecessor-version":[{"id":51893,"href":"https:\/\/www.greenpeace.org\/brasil\/wp-json\/wp\/v2\/posts\/4636\/revisions\/51893"}],"wp:featuredmedia":[{"embeddable":true,"href":"https:\/\/www.greenpeace.org\/brasil\/wp-json\/wp\/v2\/media\/4633"}],"wp:attachment":[{"href":"https:\/\/www.greenpeace.org\/brasil\/wp-json\/wp\/v2\/media?parent=4636"}],"wp:term":[{"taxonomy":"category","embeddable":true,"href":"https:\/\/www.greenpeace.org\/brasil\/wp-json\/wp\/v2\/categories?post=4636"},{"taxonomy":"post_tag","embeddable":true,"href":"https:\/\/www.greenpeace.org\/brasil\/wp-json\/wp\/v2\/tags?post=4636"},{"taxonomy":"p4-page-type","embeddable":true,"href":"https:\/\/www.greenpeace.org\/brasil\/wp-json\/wp\/v2\/p4-page-type?post=4636"}],"curies":[{"name":"wp","href":"https:\/\/api.w.org\/{rel}","templated":true}]}}