{"id":46736,"date":"2023-05-22T13:20:00","date_gmt":"2023-05-22T16:20:00","guid":{"rendered":"https:\/\/www.greenpeace.org\/brasil\/?p=46736"},"modified":"2023-08-14T18:47:59","modified_gmt":"2023-08-14T21:47:59","slug":"milhares-de-abelhas-morrem-no-brasil-pelo-uso-de-agrotoxico","status":"publish","type":"post","link":"https:\/\/www.greenpeace.org\/brasil\/imprensa\/milhares-de-abelhas-morrem-no-brasil-pelo-uso-de-agrotoxico\/","title":{"rendered":"Milhares de abelhas morrem no Brasil pelo uso de agrot\u00f3xico"},"content":{"rendered":"\n<p class=\"has-text-align-center\"><em>Mais de seis mil toneladas de agrot\u00f3xicos letais \u00e0s polinizadoras foram destinados ao pa\u00eds, aponta a investiga\u00e7\u00e3o revelada pelo Greenpeace. Para mobilizar tema, a ONG lan\u00e7ou o abaixo-assinado &#8220;salve as abelhas&#8221;<\/em><\/p>\n\n<figure class=\"wp-block-image size-large\"><img loading=\"lazy\" decoding=\"async\" width=\"1024\" height=\"683\" src=\"https:\/\/www.greenpeace.org\/static\/planet4-brasil-stateless\/2023\/06\/786994b4-gp0stozq2-1024x683.png\" alt=\"\" class=\"wp-image-46737\" srcset=\"https:\/\/www.greenpeace.org\/static\/planet4-brasil-stateless\/2023\/06\/786994b4-gp0stozq2-1024x683.png 1024w, https:\/\/www.greenpeace.org\/static\/planet4-brasil-stateless\/2023\/06\/786994b4-gp0stozq2-300x200.png 300w, https:\/\/www.greenpeace.org\/static\/planet4-brasil-stateless\/2023\/06\/786994b4-gp0stozq2-768x512.png 768w, https:\/\/www.greenpeace.org\/static\/planet4-brasil-stateless\/2023\/06\/786994b4-gp0stozq2-510x340.png 510w, https:\/\/www.greenpeace.org\/static\/planet4-brasil-stateless\/2023\/06\/786994b4-gp0stozq2.png 1200w\" sizes=\"auto, (max-width: 1024px) 100vw, 1024px\" \/><figcaption class=\"wp-element-caption\">Foto: Axel Kirchhof \/ Greenpeace<\/figcaption><\/figure>\n\n<p><strong>S\u00e3o Paulo, 22 de maio de 2023 &#8211; <\/strong>Divulgada na \u00faltima semana (16), uma investiga\u00e7\u00e3o realizada pelo Greenpeace em parceria com a organiza\u00e7\u00e3o Public Eye, revelou que o Brasil foi o principal destino de agrot\u00f3xicos neonicotin\u00f3ides exportados pela Uni\u00e3o Europ\u00e9ia (UE): 6.272 toneladas s\u00f3 em 2021, o que equivale quase metade do total das exporta\u00e7\u00f5es planejadas para aquele ano. Essa categoria de agrot\u00f3xicos \u00e9 altamente nociva para insetos polinizadores, motivo pelo qual \u00e9 proibida em pa\u00edses da UE. Entretanto, empresas do bloco europeu seguem fabricando e vendendo esse tipo de veneno para o Brasil, onde a lei \u00e9 mais permissiva, colocando em risco a vida das abelhas. Considerando esses fatores, e reconhecendo a import\u00e2ncia dos insetos polinizadores para o meio ambiente e a produ\u00e7\u00e3o de alimentos, o Greenpeace Brasil lan\u00e7a o manifesto <a href=\"https:\/\/www.greenpeace.org\/brasil\/apoie\/salve-as-abelhas\/\">Salve as Abelhas<\/a>.<\/p>\n\n<p class=\"has-text-align-center has-yellow-background-color has-background\"><strong><a href=\"https:\/\/www.greenpeace.org\/brasil\/apoie\/salve-as-abelhas\/\" data-type=\"URL\" data-id=\"https:\/\/www.greenpeace.org\/brasil\/apoie\/salve-as-abelhas\/\" target=\"_blank\" rel=\"noreferrer noopener\">Participe e divulgue o manifesto \u201cSalve as Abelhas\u201d<\/a><\/strong><\/p>\n\n<p>Nos \u00faltimos cinco anos, segundo estimativas de associa\u00e7\u00f5es de apicultura, secretarias de Agricultura e pesquisas realizadas por universidades, mais de 500 milh\u00f5es de abelhas morreram no pa\u00eds e o principal motivo \u00e9 o uso alarmante de veneno. \u00c9 importante ressaltar que as abelhas s\u00e3o cruciais para os ecossistemas e para a seguran\u00e7a alimentar em todo mundo, sendo respons\u00e1veis por polinizar a maioria das plantas e dos vegetais que nutrem todas as esp\u00e9cies: \u201cAs abelhas prestam um servi\u00e7o fundamental para a humanidade, s\u00e3o elas e outros insetos polinizadores que garantem a produ\u00e7\u00e3o de alimentos e contribuem para a manuten\u00e7\u00e3o das florestas. Coloc\u00e1-las sob amea\u00e7a \u00e9 um tiro no p\u00e9 da produ\u00e7\u00e3o da nossa pr\u00f3pria sobreviv\u00eancia\u201d, afirma Marina Lac\u00f4rte, porta-voz do Greenpeace Brasil.&nbsp;<\/p>\n\n<p>Defender a vida das abelhas, e reconhecer o qu\u00e3o importante \u00e9 a sua a\u00e7\u00e3o para o planeta, \u00e9 pedir diretamente por uma agricultura sem veneno, para o bem de toda a popula\u00e7\u00e3o: \u201cO que temos hoje \u00e9 uma agricultura suicida, que esgota as riquezas naturais e coloca todas as esp\u00e9cies em risco, incluindo a nossa. N\u00e3o podemos mais adiar a redu\u00e7\u00e3o do uso de agrot\u00f3xicos e uma transforma\u00e7\u00e3o agroecol\u00f3gica.\u201d, frisa Marina.<\/p>\n\n<p><strong>Manifesto pelas Abelhas<\/strong><\/p>\n\n<p>O primeiro passo para proteger essas polinizadoras da extin\u00e7\u00e3o \u00e9 combater e reduzir a utiliza\u00e7\u00e3o de agrot\u00f3xicos. Para alertar e mobilizar sobre o assunto, o Greenpeace Brasil lan\u00e7ou no Dia Internacional das Abelhas (20) o manifesto \u201cSalve as Abelhas\u201d: \u201cMais de 90% das esp\u00e9cies de vegeta\u00e7\u00e3o tropical com flores, al\u00e9m de cerca de 78% das esp\u00e9cies de zonas temperadas, dependem da poliniza\u00e7\u00e3o desses insetos. \u00c9 preciso parar de fazer do Brasil um dep\u00f3sito de veneno proibido em outros pa\u00edses e zelar pela vida das abelhas e pela nossa\u201d, finaliza Marina.<br><br>Saiba mais e apoie: <a href=\"https:\/\/www.greenpeace.org\/brasil\/apoie\/salve-as-abelhas\/\" target=\"_blank\" rel=\"noreferrer noopener\">Salve as Abelhas<\/a>.<\/p>\n","protected":false},"excerpt":{"rendered":"<p>Mais de seis mil toneladas de agrot\u00f3xicos letais \u00e0s polinizadoras foram destinados ao pa\u00eds, aponta a investiga\u00e7\u00e3o revelada pelo Greenpeace. Para mobilizar tema, a ONG lan\u00e7ou o abaixo-assinado &#8220;salve as&hellip;<\/p>\n","protected":false},"author":116,"featured_media":46737,"comment_status":"closed","ping_status":"closed","sticky":false,"template":"","format":"standard","meta":{"ep_exclude_from_search":false,"p4_og_title":"","p4_og_description":"","p4_og_image":"","p4_og_image_id":"","p4_seo_canonical_url":"","p4_campaign_name":"","p4_local_project":"","p4_basket_name":"","p4_department":"","footnotes":""},"categories":[5,3],"tags":[55,22,26,18],"p4-page-type":[14],"class_list":["post-46736","post","type-post","status-publish","format-standard","has-post-thumbnail","hentry","category-greenpeace","category-proteja-a-natureza","tag-imprensa","tag-florestas","tag-biodiversidade","tag-agroecologia","p4-page-type-imprensa"],"_links":{"self":[{"href":"https:\/\/www.greenpeace.org\/brasil\/wp-json\/wp\/v2\/posts\/46736","targetHints":{"allow":["GET"]}}],"collection":[{"href":"https:\/\/www.greenpeace.org\/brasil\/wp-json\/wp\/v2\/posts"}],"about":[{"href":"https:\/\/www.greenpeace.org\/brasil\/wp-json\/wp\/v2\/types\/post"}],"author":[{"embeddable":true,"href":"https:\/\/www.greenpeace.org\/brasil\/wp-json\/wp\/v2\/users\/116"}],"replies":[{"embeddable":true,"href":"https:\/\/www.greenpeace.org\/brasil\/wp-json\/wp\/v2\/comments?post=46736"}],"version-history":[{"count":5,"href":"https:\/\/www.greenpeace.org\/brasil\/wp-json\/wp\/v2\/posts\/46736\/revisions"}],"predecessor-version":[{"id":47861,"href":"https:\/\/www.greenpeace.org\/brasil\/wp-json\/wp\/v2\/posts\/46736\/revisions\/47861"}],"wp:featuredmedia":[{"embeddable":true,"href":"https:\/\/www.greenpeace.org\/brasil\/wp-json\/wp\/v2\/media\/46737"}],"wp:attachment":[{"href":"https:\/\/www.greenpeace.org\/brasil\/wp-json\/wp\/v2\/media?parent=46736"}],"wp:term":[{"taxonomy":"category","embeddable":true,"href":"https:\/\/www.greenpeace.org\/brasil\/wp-json\/wp\/v2\/categories?post=46736"},{"taxonomy":"post_tag","embeddable":true,"href":"https:\/\/www.greenpeace.org\/brasil\/wp-json\/wp\/v2\/tags?post=46736"},{"taxonomy":"p4-page-type","embeddable":true,"href":"https:\/\/www.greenpeace.org\/brasil\/wp-json\/wp\/v2\/p4-page-type?post=46736"}],"curies":[{"name":"wp","href":"https:\/\/api.w.org\/{rel}","templated":true}]}}